{"id":58670,"date":"2025-06-12T15:10:29","date_gmt":"2025-06-12T18:10:29","guid":{"rendered":"https:\/\/www.em.com.br\/emfoco\/?p=58670"},"modified":"2025-06-11T17:50:40","modified_gmt":"2025-06-11T20:50:40","slug":"seu-rosto-pode-estar-sendo-escaneado-agora-sem-que-voce-saiba","status":"publish","type":"post","link":"https:\/\/www.em.com.br\/emfoco\/2025\/06\/12\/seu-rosto-pode-estar-sendo-escaneado-agora-sem-que-voce-saiba\/","title":{"rendered":"Seu rosto pode estar sendo escaneado agora sem que voc\u00ea saiba"},"content":{"rendered":"\n<p>O uso de tecnologias de <a href=\"https:\/\/www.em.com.br\/emfoco\/2025\/06\/08\/febraban-alerta-para-o-golpe-mais-perigoso-com-reconhecimento-facial\/\" target=\"_blank\" rel=\"noreferrer noopener\">reconhecimento facial<\/a> em ambientes p\u00fablicos tem ganhado destaque em <strong>2025<\/strong>, impulsionando debates sobre seguran\u00e7a, privacidade e inova\u00e7\u00e3o. Recentemente, um novo sistema de identifica\u00e7\u00e3o facial come\u00e7ou a ser testado em locais de grande circula\u00e7\u00e3o, como esta\u00e7\u00f5es de metr\u00f4, aeroportos e centros comerciais. A iniciativa busca aprimorar a identifica\u00e7\u00e3o de pessoas em tempo real, utilizando c\u00e2meras inteligentes e algoritmos avan\u00e7ados.<\/p>\n\n\n\n<p>O projeto, implementado inicialmente em grandes cidades brasileiras, pretende oferecer maior agilidade na identifica\u00e7\u00e3o de suspeitos e desaparecidos, al\u00e9m de contribuir para a preven\u00e7\u00e3o de crimes. A tecnologia empregada promete alta precis\u00e3o, mesmo em ambientes com grande fluxo de pessoas, e j\u00e1 desperta interesse de \u00f3rg\u00e3os p\u00fablicos e empresas privadas.<\/p>\n\n\n\n<h2 class=\"wp-block-heading\">Como funciona o novo sistema de reconhecimento facial em espa\u00e7os p\u00fablicos?<\/h2>\n\n\n\n<p>O sistema de <a href=\"https:\/\/www.gov.br\/governodigital\/pt-br\/acessibilidade-e-usuario\/atendimento-gov.br\/duvidas-no-aplicativo-gov.br\/duvidas-no-reconhecimento-facial\" target=\"_blank\" rel=\"noreferrer noopener\">reconhecimento facial<\/a> utiliza c\u00e2meras de alta defini\u00e7\u00e3o instaladas em pontos estrat\u00e9gicos para capturar imagens dos rostos das pessoas que circulam pelo local. Essas imagens s\u00e3o processadas por softwares que analisam caracter\u00edsticas faciais, como dist\u00e2ncia entre olhos, formato do nariz e contorno do rosto, criando um perfil biom\u00e9trico \u00fanico para cada indiv\u00edduo.<\/p>\n\n\n\n<p>Em seguida, o perfil biom\u00e9trico \u00e9 comparado com bancos de dados previamente cadastrados, que podem incluir informa\u00e7\u00f5es de pessoas procuradas, desaparecidas ou autorizadas a acessar determinados espa\u00e7os. O processo ocorre em tempo real, permitindo que as autoridades sejam alertadas imediatamente em caso de identifica\u00e7\u00e3o positiva. Algumas cidades j\u00e1 est\u00e3o investindo em integra\u00e7\u00e3o com m\u00faltiplos sistemas, como o <strong>SINESP<\/strong> (Sistema Nacional de Informa\u00e7\u00f5es de Seguran\u00e7a P\u00fablica), ampliando ainda mais o alcance dos bancos de dados utilizados.<\/p>\n\n\n\n<h2 class=\"wp-block-heading\">Quais s\u00e3o os objetivos da implementa\u00e7\u00e3o dessa tecnologia?<\/h2>\n\n\n\n<p>Entre os principais objetivos do reconhecimento facial em espa\u00e7os p\u00fablicos est\u00e1 o aumento da seguran\u00e7a. A identifica\u00e7\u00e3o r\u00e1pida de suspeitos ou pessoas desaparecidas pode agilizar investiga\u00e7\u00f5es e evitar situa\u00e7\u00f5es de risco. Al\u00e9m disso, a tecnologia pode ser utilizada para controlar o acesso a \u00e1reas restritas e monitorar eventos de grande porte.<\/p>\n\n\n\n<p>Outro objetivo relevante \u00e9 a moderniza\u00e7\u00e3o dos sistemas de vigil\u00e2ncia, tornando-os mais eficientes e menos dependentes da atua\u00e7\u00e3o humana. Com a automa\u00e7\u00e3o do processo de identifica\u00e7\u00e3o, espera-se reduzir erros e aumentar a capacidade de resposta das equipes de seguran\u00e7a. Empresas do setor, como a <strong>NEC Brasil<\/strong>, j\u00e1 t\u00eam investido no aprimoramento dos algoritmos para reduzir taxas de erros e aprimorar a seguran\u00e7a da informa\u00e7\u00e3o.<\/p>\n\n\n\n<figure class=\"wp-block-image size-large\"><img loading=\"lazy\" decoding=\"async\" width=\"1024\" height=\"576\" src=\"https:\/\/www.em.com.br\/emfoco\/wp-content\/uploads\/2025\/06\/Reconhecimento-facial_1749647608168-1024x576.jpg\" alt=\"Voc\u00ea pode estar sendo identificado em tempo real e n\u00e3o sabe\" class=\"wp-image-58833\" srcset=\"https:\/\/www.em.com.br\/emfoco\/wp-content\/uploads\/2025\/06\/Reconhecimento-facial_1749647608168-1024x576.jpg 1024w, https:\/\/www.em.com.br\/emfoco\/wp-content\/uploads\/2025\/06\/Reconhecimento-facial_1749647608168-300x169.jpg 300w, https:\/\/www.em.com.br\/emfoco\/wp-content\/uploads\/2025\/06\/Reconhecimento-facial_1749647608168-768x432.jpg 768w, https:\/\/www.em.com.br\/emfoco\/wp-content\/uploads\/2025\/06\/Reconhecimento-facial_1749647608168-750x422.jpg 750w, https:\/\/www.em.com.br\/emfoco\/wp-content\/uploads\/2025\/06\/Reconhecimento-facial_1749647608168-1140x641.jpg 1140w, https:\/\/www.em.com.br\/emfoco\/wp-content\/uploads\/2025\/06\/Reconhecimento-facial_1749647608168.jpg 1280w\" sizes=\"auto, (max-width: 1024px) 100vw, 1024px\" \/><figcaption class=\"wp-element-caption\">Reconhecimento facial &#8211; Cr\u00e9ditos: depositphotos.com \/ AndreyPopov<\/figcaption><\/figure>\n\n\n\n<h2 class=\"wp-block-heading\">Quais preocupa\u00e7\u00f5es de privacidade surgem com o reconhecimento facial?<\/h2>\n\n\n\n<p>A introdu\u00e7\u00e3o do reconhecimento facial em locais p\u00fablicos levanta questionamentos sobre a prote\u00e7\u00e3o de dados pessoais e o direito \u00e0 privacidade. Organiza\u00e7\u00f5es de defesa dos direitos civis alertam para o risco de uso indevido das informa\u00e7\u00f5es coletadas, como o monitoramento excessivo ou o compartilhamento n\u00e3o autorizado de dados sens\u00edveis.<\/p>\n\n\n\n<p>Para mitigar esses riscos, especialistas recomendam a ado\u00e7\u00e3o de pol\u00edticas claras de transpar\u00eancia, limites no armazenamento de dados e mecanismos de auditoria independente. A legisla\u00e7\u00e3o brasileira, por meio da <strong>Lei Geral de Prote\u00e7\u00e3o de Dados<\/strong> (LGPD), estabelece diretrizes para o tratamento dessas informa\u00e7\u00f5es, exigindo consentimento e justificativa para a coleta e uso dos dados biom\u00e9tricos. Outra recomenda\u00e7\u00e3o vigente \u00e9 a publica\u00e7\u00e3o de relat\u00f3rios de impacto de privacidade, algo que est\u00e1 se tornando pr\u00e1tica em cidades onde testes est\u00e3o sendo conduzidos.<\/p>\n\n\n\n<h2 class=\"wp-block-heading\">Quais cidades brasileiras est\u00e3o participando dos testes?<\/h2>\n\n\n\n<p>O novo sistema de reconhecimento facial come\u00e7ou a ser testado em cidades como <strong>S\u00e3o Paulo<\/strong>, <strong>Rio de Janeiro<\/strong> e <strong>Belo Horizonte<\/strong>, onde h\u00e1 grande circula\u00e7\u00e3o de pessoas e demanda por solu\u00e7\u00f5es inovadoras de seguran\u00e7a. Nessas localidades, o projeto foi implementado em parceria com \u00f3rg\u00e3os de seguran\u00e7a p\u00fablica e empresas de tecnologia.<\/p>\n\n\n\n<p>Os testes envolvem a instala\u00e7\u00e3o de equipamentos em pontos de grande movimenta\u00e7\u00e3o, como terminais de transporte, est\u00e1dios e shoppings. A expectativa \u00e9 que, ap\u00f3s a fase experimental, o sistema seja expandido para outras regi\u00f5es do pa\u00eds, conforme os resultados e a aceita\u00e7\u00e3o da popula\u00e7\u00e3o.<\/p>\n\n\n\n<h2 class=\"wp-block-heading\">Quais s\u00e3o os desafios e limita\u00e7\u00f5es do reconhecimento facial em 2025?<\/h2>\n\n\n\n<p>Apesar dos avan\u00e7os tecnol\u00f3gicos, o reconhecimento facial ainda enfrenta desafios, como a precis\u00e3o em diferentes condi\u00e7\u00f5es de ilumina\u00e7\u00e3o, \u00e2ngulos e uso de acess\u00f3rios que possam dificultar a identifica\u00e7\u00e3o. Outro ponto de aten\u00e7\u00e3o \u00e9 a possibilidade de falsos positivos ou negativos, que podem comprometer a efic\u00e1cia do sistema.<\/p>\n\n\n\n<p>Al\u00e9m disso, a integra\u00e7\u00e3o com bancos de dados atualizados e a garantia de seguran\u00e7a cibern\u00e9tica s\u00e3o essenciais para evitar vazamentos e fraudes. O desenvolvimento cont\u00ednuo de algoritmos e a capacita\u00e7\u00e3o das equipes envolvidas s\u00e3o considerados fundamentais para superar essas limita\u00e7\u00f5es. Um desafio adicional \u00e9 garantir que todas as solu\u00e7\u00f5es sigam as diretrizes t\u00e9cnicas estipuladas pelo <strong>Instituto Nacional de Identifica\u00e7\u00e3o<\/strong>, conferindo confiabilidade \u00e0 tecnologia adotada.<\/p>\n\n\n\n<h2 class=\"wp-block-heading\">Perguntas e respostas<\/h2>\n\n\n\n<ol class=\"wp-block-list\">\n<li><strong>O reconhecimento facial pode ser usado em eventos esportivos?<\/strong> <br>Sim, a tecnologia j\u00e1 est\u00e1 sendo testada em est\u00e1dios para identificar torcedores e refor\u00e7ar a seguran\u00e7a.<\/li>\n\n\n\n<li><strong>\u00c9 poss\u00edvel recusar o uso dos dados faciais?<\/strong> <br>Em muitos casos, a legisla\u00e7\u00e3o exige consentimento, mas em espa\u00e7os p\u00fablicos a recusa pode ser limitada.<\/li>\n\n\n\n<li><strong>O sistema reconhece pessoas usando m\u00e1scaras?<\/strong> <br>Os algoritmos atuais conseguem identificar parcialmente, mas a precis\u00e3o pode ser reduzida.<\/li>\n\n\n\n<li><strong>Como s\u00e3o protegidos os dados coletados?<\/strong> <br>A <strong>Lei Geral de Prote\u00e7\u00e3o de Dados<\/strong> imp\u00f5e regras para armazenamento e uso, exigindo medidas de seguran\u00e7a e transpar\u00eancia.<\/li>\n\n\n\n<li><strong>O reconhecimento facial substitui totalmente a vigil\u00e2ncia humana?<\/strong> <br>N\u00e3o, a tecnologia atua como apoio, mas a supervis\u00e3o de profissionais ainda \u00e9 necess\u00e1ria para validar alertas e tomar decis\u00f5es.<\/li>\n<\/ol>\n","protected":false},"excerpt":{"rendered":"<p>O uso de tecnologias de reconhecimento facial em ambientes p\u00fablicos tem ganhado destaque em 2025, impulsionando debates sobre seguran\u00e7a, privacidade e inova\u00e7\u00e3o. Recentemente, um novo sistema de identifica\u00e7\u00e3o facial come\u00e7ou a ser testado em locais de grande circula\u00e7\u00e3o, como esta\u00e7\u00f5es de metr\u00f4, aeroportos e centros comerciais. A iniciativa busca aprimorar a identifica\u00e7\u00e3o de pessoas em [&hellip;]<\/p>\n","protected":false},"author":18,"featured_media":58836,"comment_status":"open","ping_status":"open","sticky":false,"template":"","format":"standard","meta":{"jnews-multi-image_gallery":[],"jnews_single_post":{"format":"standard"},"jnews_primary_category":[],"jnews_social_meta":[],"jnews_override_counter":[],"footnotes":""},"categories":[1],"tags":[5844,182,161],"class_list":["post-58670","post","type-post","status-publish","format-standard","has-post-thumbnail","hentry","category-noticias","tag-reconhecimento-facial","tag-seguranca","tag-tecnologia"],"yoast_head":"<!-- This site is optimized with the Yoast SEO plugin v23.8 - https:\/\/yoast.com\/wordpress\/plugins\/seo\/ -->\n<title>Seu rosto pode estar sendo escaneado agora sem que voc\u00ea saiba - Estado de Minas - Em foco<\/title>\n<meta name=\"description\" content=\"Seu rosto pode estar sendo escaneado enquanto voc\u00ea caminha. Veja como a nova tecnologia est\u00e1 sendo usada em espa\u00e7os p\u00fablicos no Brasil.\" \/>\n<meta name=\"robots\" content=\"index, follow, max-snippet:-1, max-image-preview:large, max-video-preview:-1\" \/>\n<link rel=\"canonical\" href=\"https:\/\/www.em.com.br\/emfoco\/2025\/06\/12\/seu-rosto-pode-estar-sendo-escaneado-agora-sem-que-voce-saiba\/\" \/>\n<meta property=\"og:locale\" content=\"pt_BR\" \/>\n<meta property=\"og:type\" content=\"article\" \/>\n<meta property=\"og:title\" content=\"Seu rosto pode estar sendo escaneado agora sem que voc\u00ea saiba - Estado de Minas - Em foco\" \/>\n<meta property=\"og:description\" content=\"Seu rosto pode estar sendo escaneado enquanto voc\u00ea caminha. Veja como a nova tecnologia est\u00e1 sendo usada em espa\u00e7os p\u00fablicos no Brasil.\" \/>\n<meta property=\"og:url\" content=\"https:\/\/www.em.com.br\/emfoco\/2025\/06\/12\/seu-rosto-pode-estar-sendo-escaneado-agora-sem-que-voce-saiba\/\" \/>\n<meta property=\"og:site_name\" content=\"Estado de Minas - Em foco\" \/>\n<meta property=\"article:published_time\" content=\"2025-06-12T18:10:29+00:00\" \/>\n<meta property=\"article:modified_time\" content=\"2025-06-11T20:50:40+00:00\" \/>\n<meta property=\"og:image\" content=\"https:\/\/www.em.com.br\/emfoco\/wp-content\/uploads\/2025\/06\/Reconhecimento-facial_1749647644169.jpg\" \/>\n\t<meta property=\"og:image:width\" content=\"1280\" \/>\n\t<meta property=\"og:image:height\" content=\"720\" \/>\n\t<meta property=\"og:image:type\" content=\"image\/jpeg\" \/>\n<meta name=\"author\" content=\"Julio Cesar\" \/>\n<meta name=\"twitter:card\" content=\"summary_large_image\" \/>\n<meta name=\"twitter:label1\" content=\"Escrito por\" \/>\n\t<meta name=\"twitter:data1\" content=\"Julio Cesar\" \/>\n\t<meta name=\"twitter:label2\" content=\"Est. tempo de leitura\" \/>\n\t<meta name=\"twitter:data2\" content=\"6 minutos\" \/>\n<!-- \/ Yoast SEO plugin. -->","yoast_head_json":{"title":"Seu rosto pode estar sendo escaneado agora sem que voc\u00ea saiba - Estado de Minas - Em foco","description":"Seu rosto pode estar sendo escaneado enquanto voc\u00ea caminha. Veja como a nova tecnologia est\u00e1 sendo usada em espa\u00e7os p\u00fablicos no Brasil.","robots":{"index":"index","follow":"follow","max-snippet":"max-snippet:-1","max-image-preview":"max-image-preview:large","max-video-preview":"max-video-preview:-1"},"canonical":"https:\/\/www.em.com.br\/emfoco\/2025\/06\/12\/seu-rosto-pode-estar-sendo-escaneado-agora-sem-que-voce-saiba\/","og_locale":"pt_BR","og_type":"article","og_title":"Seu rosto pode estar sendo escaneado agora sem que voc\u00ea saiba - Estado de Minas - Em foco","og_description":"Seu rosto pode estar sendo escaneado enquanto voc\u00ea caminha. Veja como a nova tecnologia est\u00e1 sendo usada em espa\u00e7os p\u00fablicos no Brasil.","og_url":"https:\/\/www.em.com.br\/emfoco\/2025\/06\/12\/seu-rosto-pode-estar-sendo-escaneado-agora-sem-que-voce-saiba\/","og_site_name":"Estado de Minas - Em foco","article_published_time":"2025-06-12T18:10:29+00:00","article_modified_time":"2025-06-11T20:50:40+00:00","og_image":[{"width":1280,"height":720,"url":"https:\/\/www.em.com.br\/emfoco\/wp-content\/uploads\/2025\/06\/Reconhecimento-facial_1749647644169.jpg","type":"image\/jpeg"}],"author":"Julio Cesar","twitter_card":"summary_large_image","twitter_misc":{"Escrito por":"Julio Cesar","Est. tempo de leitura":"6 minutos"},"schema":{"@context":"https:\/\/schema.org","@graph":[{"@type":"WebPage","@id":"https:\/\/www.em.com.br\/emfoco\/2025\/06\/12\/seu-rosto-pode-estar-sendo-escaneado-agora-sem-que-voce-saiba\/","url":"https:\/\/www.em.com.br\/emfoco\/2025\/06\/12\/seu-rosto-pode-estar-sendo-escaneado-agora-sem-que-voce-saiba\/","name":"Seu rosto pode estar sendo escaneado agora sem que voc\u00ea saiba - Estado de Minas - Em foco","isPartOf":{"@id":"https:\/\/www.em.com.br\/emfoco\/#website"},"primaryImageOfPage":{"@id":"https:\/\/www.em.com.br\/emfoco\/2025\/06\/12\/seu-rosto-pode-estar-sendo-escaneado-agora-sem-que-voce-saiba\/#primaryimage"},"image":{"@id":"https:\/\/www.em.com.br\/emfoco\/2025\/06\/12\/seu-rosto-pode-estar-sendo-escaneado-agora-sem-que-voce-saiba\/#primaryimage"},"thumbnailUrl":"https:\/\/www.em.com.br\/emfoco\/wp-content\/uploads\/2025\/06\/Reconhecimento-facial_1749647644169.jpg","datePublished":"2025-06-12T18:10:29+00:00","dateModified":"2025-06-11T20:50:40+00:00","author":{"@id":"https:\/\/www.em.com.br\/emfoco\/#\/schema\/person\/08c4a03e38018bbab9038d5f788321fc"},"description":"Seu rosto pode estar sendo escaneado enquanto voc\u00ea caminha. Veja como a nova tecnologia est\u00e1 sendo usada em espa\u00e7os p\u00fablicos no Brasil.","breadcrumb":{"@id":"https:\/\/www.em.com.br\/emfoco\/2025\/06\/12\/seu-rosto-pode-estar-sendo-escaneado-agora-sem-que-voce-saiba\/#breadcrumb"},"inLanguage":"pt-BR","potentialAction":[{"@type":"ReadAction","target":["https:\/\/www.em.com.br\/emfoco\/2025\/06\/12\/seu-rosto-pode-estar-sendo-escaneado-agora-sem-que-voce-saiba\/"]}]},{"@type":"ImageObject","inLanguage":"pt-BR","@id":"https:\/\/www.em.com.br\/emfoco\/2025\/06\/12\/seu-rosto-pode-estar-sendo-escaneado-agora-sem-que-voce-saiba\/#primaryimage","url":"https:\/\/www.em.com.br\/emfoco\/wp-content\/uploads\/2025\/06\/Reconhecimento-facial_1749647644169.jpg","contentUrl":"https:\/\/www.em.com.br\/emfoco\/wp-content\/uploads\/2025\/06\/Reconhecimento-facial_1749647644169.jpg","width":1280,"height":720,"caption":"Reconhecimento facial - Cr\u00e9ditos: depositphotos.com \/ BiancoBlue"},{"@type":"BreadcrumbList","@id":"https:\/\/www.em.com.br\/emfoco\/2025\/06\/12\/seu-rosto-pode-estar-sendo-escaneado-agora-sem-que-voce-saiba\/#breadcrumb","itemListElement":[{"@type":"ListItem","position":1,"name":"In\u00edcio","item":"https:\/\/www.em.com.br\/emfoco\/"},{"@type":"ListItem","position":2,"name":"Seu rosto pode estar sendo escaneado agora sem que voc\u00ea saiba"}]},{"@type":"WebSite","@id":"https:\/\/www.em.com.br\/emfoco\/#website","url":"https:\/\/www.em.com.br\/emfoco\/","name":"Estado de Minas - Em foco","description":"Acompanhe as \u00faltimas not\u00edcias e fique bem informado sobre tudo o que acontece em Minas Gerais, Brasil e no mundo.","potentialAction":[{"@type":"SearchAction","target":{"@type":"EntryPoint","urlTemplate":"https:\/\/www.em.com.br\/emfoco\/?s={search_term_string}"},"query-input":{"@type":"PropertyValueSpecification","valueRequired":true,"valueName":"search_term_string"}}],"inLanguage":"pt-BR"},{"@type":"Person","@id":"https:\/\/www.em.com.br\/emfoco\/#\/schema\/person\/08c4a03e38018bbab9038d5f788321fc","name":"Julio Cesar","image":{"@type":"ImageObject","inLanguage":"pt-BR","@id":"https:\/\/www.em.com.br\/emfoco\/#\/schema\/person\/image\/","url":"https:\/\/secure.gravatar.com\/avatar\/ab1ea64f0d4f4c1385f8ef10d5a6e758?s=96&d=mm&r=g","contentUrl":"https:\/\/secure.gravatar.com\/avatar\/ab1ea64f0d4f4c1385f8ef10d5a6e758?s=96&d=mm&r=g","caption":"Julio Cesar"},"url":"https:\/\/www.em.com.br\/emfoco\/author\/juliomyth\/"}]}},"_links":{"self":[{"href":"https:\/\/www.em.com.br\/emfoco\/wp-json\/wp\/v2\/posts\/58670","targetHints":{"allow":["GET"]}}],"collection":[{"href":"https:\/\/www.em.com.br\/emfoco\/wp-json\/wp\/v2\/posts"}],"about":[{"href":"https:\/\/www.em.com.br\/emfoco\/wp-json\/wp\/v2\/types\/post"}],"author":[{"embeddable":true,"href":"https:\/\/www.em.com.br\/emfoco\/wp-json\/wp\/v2\/users\/18"}],"replies":[{"embeddable":true,"href":"https:\/\/www.em.com.br\/emfoco\/wp-json\/wp\/v2\/comments?post=58670"}],"version-history":[{"count":4,"href":"https:\/\/www.em.com.br\/emfoco\/wp-json\/wp\/v2\/posts\/58670\/revisions"}],"predecessor-version":[{"id":59164,"href":"https:\/\/www.em.com.br\/emfoco\/wp-json\/wp\/v2\/posts\/58670\/revisions\/59164"}],"wp:featuredmedia":[{"embeddable":true,"href":"https:\/\/www.em.com.br\/emfoco\/wp-json\/wp\/v2\/media\/58836"}],"wp:attachment":[{"href":"https:\/\/www.em.com.br\/emfoco\/wp-json\/wp\/v2\/media?parent=58670"}],"wp:term":[{"taxonomy":"category","embeddable":true,"href":"https:\/\/www.em.com.br\/emfoco\/wp-json\/wp\/v2\/categories?post=58670"},{"taxonomy":"post_tag","embeddable":true,"href":"https:\/\/www.em.com.br\/emfoco\/wp-json\/wp\/v2\/tags?post=58670"}],"curies":[{"name":"wp","href":"https:\/\/api.w.org\/{rel}","templated":true}]}}