{"id":58663,"date":"2025-06-12T10:10:16","date_gmt":"2025-06-12T13:10:16","guid":{"rendered":"https:\/\/www.em.com.br\/emfoco\/?p=58663"},"modified":"2025-06-11T17:49:08","modified_gmt":"2025-06-11T20:49:08","slug":"apps-estao-cobrando-diferente-para-cada-passageiro","status":"publish","type":"post","link":"https:\/\/www.em.com.br\/emfoco\/2025\/06\/12\/apps-estao-cobrando-diferente-para-cada-passageiro\/","title":{"rendered":"Aplicativos de transporte est\u00e3o cobrando diferente para cada passageiro"},"content":{"rendered":"\n<p>Nos \u00faltimos anos, o uso de aplicativos de <a href=\"https:\/\/www.em.com.br\/emfoco\/2025\/03\/07\/o-fim-da-era-do-carro-a-revolucao-verde-que-vai-transformar-o-transporte-urbano\/\" target=\"_blank\" rel=\"noreferrer noopener\">transporte <\/a>se tornou parte do cotidiano em diversas cidades do <strong>Brasil<\/strong> e do mundo. Essas plataformas, conhecidas por facilitar o deslocamento urbano, passaram a adotar estrat\u00e9gias tecnol\u00f3gicas avan\u00e7adas para definir o valor das corridas. Entre essas estrat\u00e9gias, destaca-se a varia\u00e7\u00e3o de tarifas baseada no comportamento do usu\u00e1rio, tema que tem chamado a aten\u00e7\u00e3o de passageiros e especialistas em mobilidade.<\/p>\n\n\n\n<p>O ajuste din\u00e2mico de pre\u00e7os, tamb\u00e9m chamado de tarifa flex\u00edvel, n\u00e3o se limita apenas \u00e0 demanda do momento ou \u00e0 oferta de motoristas dispon\u00edveis. Recentemente, relatos e estudos apontam que o hist\u00f3rico de uso e as prefer\u00eancias individuais dos passageiros podem influenciar diretamente no valor apresentado para cada corrida. Essa pr\u00e1tica levanta quest\u00f5es sobre transpar\u00eancia e crit\u00e9rios utilizados pelas empresas de <a href=\"https:\/\/www.gov.br\/secom\/pt-br\/assuntos\/noticias\/2024\/03\/previdencia-transparencia-e-liberdade-entenda-os-conceitos-do-projeto-de-lei-que-regulamenta-o-transporte-de-aplicativos\" target=\"_blank\" rel=\"noreferrer noopener\">transporte por aplicativo<\/a>.<\/p>\n\n\n\n<h2 class=\"wp-block-heading\">Como os aplicativos de transporte determinam as tarifas?<\/h2>\n\n\n\n<p>Os aplicativos de transporte utilizam algoritmos sofisticados para calcular o pre\u00e7o de cada viagem. Inicialmente, fatores como dist\u00e2ncia, tempo estimado, tr\u00e2nsito e demanda local eram os principais elementos considerados. No entanto, a evolu\u00e7\u00e3o tecnol\u00f3gica permitiu a inclus\u00e3o de dados comportamentais dos usu\u00e1rios, como frequ\u00eancia de uso, hor\u00e1rios preferidos e at\u00e9 mesmo padr\u00f5es de pagamento.<\/p>\n\n\n\n<p>Esses algoritmos podem identificar, por exemplo, se um passageiro costuma solicitar corridas em hor\u00e1rios de pico ou se raramente utiliza a plataforma. A partir dessas informa\u00e7\u00f5es, o sistema pode ajustar o valor cobrado, buscando maximizar a receita e a efici\u00eancia operacional. Esse modelo de precifica\u00e7\u00e3o \u00e9 conhecido como precifica\u00e7\u00e3o personalizada ou individualizada.<\/p>\n\n\n\n<h2 class=\"wp-block-heading\">O comportamento do usu\u00e1rio realmente influencia o pre\u00e7o?<\/h2>\n\n\n\n<p>Estudos recentes indicam que o comportamento do usu\u00e1rio pode, sim, impactar o valor das corridas em aplicativos de transporte. Usu\u00e1rios que demonstram alta depend\u00eancia do servi\u00e7o, como aqueles que utilizam a plataforma diariamente ou em situa\u00e7\u00f5es espec\u00edficas, podem receber tarifas diferentes em compara\u00e7\u00e3o a quem faz uso espor\u00e1dico.<\/p>\n\n\n\n<p>Al\u00e9m disso, testes realizados em diferentes dispositivos e contas sugerem que o hist\u00f3rico de buscas e o tempo de espera para aceitar uma corrida tamb\u00e9m podem ser considerados. Essa personaliza\u00e7\u00e3o, embora seja uma estrat\u00e9gia de mercado, levanta discuss\u00f5es sobre a equidade e a transpar\u00eancia dos pre\u00e7os praticados.<\/p>\n\n\n\n<figure class=\"wp-block-image size-large\"><img loading=\"lazy\" decoding=\"async\" width=\"1024\" height=\"576\" src=\"https:\/\/www.em.com.br\/emfoco\/wp-content\/uploads\/2025\/06\/uber_1749647362219-1024x576.jpg\" alt=\"Apps est\u00e3o cobrando diferente para cada passageiro\" class=\"wp-image-58823\" srcset=\"https:\/\/www.em.com.br\/emfoco\/wp-content\/uploads\/2025\/06\/uber_1749647362219-1024x576.jpg 1024w, https:\/\/www.em.com.br\/emfoco\/wp-content\/uploads\/2025\/06\/uber_1749647362219-300x169.jpg 300w, https:\/\/www.em.com.br\/emfoco\/wp-content\/uploads\/2025\/06\/uber_1749647362219-768x432.jpg 768w, https:\/\/www.em.com.br\/emfoco\/wp-content\/uploads\/2025\/06\/uber_1749647362219-750x422.jpg 750w, https:\/\/www.em.com.br\/emfoco\/wp-content\/uploads\/2025\/06\/uber_1749647362219-1140x642.jpg 1140w, https:\/\/www.em.com.br\/emfoco\/wp-content\/uploads\/2025\/06\/uber_1749647362219.jpg 1279w\" sizes=\"auto, (max-width: 1024px) 100vw, 1024px\" \/><figcaption class=\"wp-element-caption\">Passageiro &#8211; Cr\u00e9ditos: depositphotos.com \/ vladteodor95<\/figcaption><\/figure>\n\n\n\n<h2 class=\"wp-block-heading\">Quais s\u00e3o os principais aplicativos que utilizam precifica\u00e7\u00e3o din\u00e2mica?<\/h2>\n\n\n\n<p>Entre as empresas mais conhecidas que adotam a precifica\u00e7\u00e3o din\u00e2mica est\u00e3o <strong>Uber Technologies Inc.<\/strong>, <strong>99 Tecnologia Ltda.<\/strong> e <strong>Lyft Inc.<\/strong>. Essas plataformas utilizam sistemas de intelig\u00eancia artificial para analisar dados em tempo real e ajustar os valores das corridas conforme a demanda e o perfil do usu\u00e1rio.<\/p>\n\n\n\n<p>Apesar de cada empresa possuir suas pr\u00f3prias pol\u00edticas, o princ\u00edpio b\u00e1sico \u00e9 semelhante: utilizar o m\u00e1ximo de informa\u00e7\u00f5es dispon\u00edveis para otimizar o pre\u00e7o e garantir competitividade no mercado. Em grandes cidades como <strong>S\u00e3o Paulo<\/strong> e <strong>Rio de Janeiro<\/strong>, essa pr\u00e1tica se tornou ainda mais evidente devido ao volume de usu\u00e1rios e \u00e0 complexidade do tr\u00e2nsito urbano.<\/p>\n\n\n\n<h2 class=\"wp-block-heading\">Quais s\u00e3o os impactos dessa estrat\u00e9gia para os passageiros?<\/h2>\n\n\n\n<p>A varia\u00e7\u00e3o de tarifas baseada no comportamento do usu\u00e1rio pode trazer consequ\u00eancias diretas para quem depende do transporte por aplicativo. Passageiros podem perceber diferen\u00e7as de pre\u00e7o em situa\u00e7\u00f5es semelhantes, o que pode gerar d\u00favidas sobre a justi\u00e7a da cobran\u00e7a. Al\u00e9m disso, a falta de clareza nos crit\u00e9rios utilizados dificulta o entendimento do consumidor sobre como o valor final \u00e9 definido.<\/p>\n\n\n\n<p>Outro ponto relevante \u00e9 a possibilidade de exclus\u00e3o de determinados perfis de usu\u00e1rios, que podem acabar pagando mais por utilizarem o servi\u00e7o com maior frequ\u00eancia ou em hor\u00e1rios considerados estrat\u00e9gicos pelas plataformas. Essa situa\u00e7\u00e3o tem motivado debates sobre a necessidade de regulamenta\u00e7\u00e3o e maior transpar\u00eancia no setor. Em alguns casos, consumidores recorrem aos \u00f3rg\u00e3os de defesa para entender se existem pr\u00e1ticas abusivas, principalmente nas grandes cidades brasileiras onde o uso \u00e9 mais intenso.<\/p>\n\n\n\n<h2 class=\"wp-block-heading\">Existe regulamenta\u00e7\u00e3o para a precifica\u00e7\u00e3o nos aplicativos de transporte?<\/h2>\n\n\n\n<p>No <strong>Brasil<\/strong>, ainda n\u00e3o h\u00e1 uma legisla\u00e7\u00e3o espec\u00edfica que trate da precifica\u00e7\u00e3o personalizada em aplicativos de transporte. As regras atuais focam principalmente em quest\u00f5es de seguran\u00e7a, direitos dos motoristas e tributos municipais. No entanto, \u00f3rg\u00e3os de defesa do consumidor, como o <strong>Procon<\/strong>, t\u00eam recebido reclama\u00e7\u00f5es sobre poss\u00edveis pr\u00e1ticas abusivas relacionadas \u00e0 varia\u00e7\u00e3o de tarifas.<\/p>\n\n\n\n<p>Em outros pa\u00edses, discuss\u00f5es sobre o tema j\u00e1 avan\u00e7aram, com propostas de leis que exigem maior transpar\u00eancia e explica\u00e7\u00e3o clara sobre como os pre\u00e7os s\u00e3o definidos. O debate sobre a regulamenta\u00e7\u00e3o segue em andamento, acompanhando a evolu\u00e7\u00e3o das tecnologias e das pr\u00e1ticas de mercado no setor de mobilidade urbana.<\/p>\n\n\n\n<h2 class=\"wp-block-heading\">Perguntas e respostas<\/h2>\n\n\n\n<ol class=\"wp-block-list\">\n<li><strong>Como posso saber se estou pagando mais por uma corrida?<\/strong> <br>N\u00e3o h\u00e1 uma ferramenta oficial, mas comparar valores em diferentes contas ou dispositivos pode indicar varia\u00e7\u00f5es.<\/li>\n\n\n\n<li><strong>Os aplicativos informam quando h\u00e1 tarifa din\u00e2mica?<\/strong> <br>Sim, normalmente as plataformas avisam quando a tarifa est\u00e1 acima do normal devido \u00e0 alta demanda, mas n\u00e3o detalham outros fatores de personaliza\u00e7\u00e3o.<\/li>\n\n\n\n<li><strong>\u00c9 poss\u00edvel contestar o valor cobrado?<\/strong> <br>Os aplicativos oferecem canais de atendimento para reclama\u00e7\u00f5es, mas nem sempre h\u00e1 revis\u00e3o do pre\u00e7o.<\/li>\n\n\n\n<li><strong>Qual a diferen\u00e7a entre tarifa din\u00e2mica e precifica\u00e7\u00e3o personalizada?<\/strong> <br>A tarifa din\u00e2mica considera fatores externos, como demanda e tr\u00e2nsito, enquanto a precifica\u00e7\u00e3o personalizada leva em conta o perfil e o comportamento do usu\u00e1rio.<\/li>\n\n\n\n<li><strong>Outros setores utilizam precifica\u00e7\u00e3o baseada em comportamento?<\/strong> <br>Sim, setores como com\u00e9rcio eletr\u00f4nico e companhias a\u00e9reas tamb\u00e9m adotam estrat\u00e9gias semelhantes para ajustar pre\u00e7os conforme o perfil do consumidor.<\/li>\n<\/ol>\n","protected":false},"excerpt":{"rendered":"<p>Nos \u00faltimos anos, o uso de aplicativos de transporte se tornou parte do cotidiano em diversas cidades do Brasil e do mundo. Essas plataformas, conhecidas por facilitar o deslocamento urbano, passaram a adotar estrat\u00e9gias tecnol\u00f3gicas avan\u00e7adas para definir o valor das corridas. Entre essas estrat\u00e9gias, destaca-se a varia\u00e7\u00e3o de tarifas baseada no comportamento do usu\u00e1rio, [&hellip;]<\/p>\n","protected":false},"author":18,"featured_media":58820,"comment_status":"open","ping_status":"open","sticky":false,"template":"","format":"standard","meta":{"jnews-multi-image_gallery":[],"jnews_single_post":{"format":"standard"},"jnews_primary_category":[],"jnews_social_meta":[],"jnews_override_counter":[],"footnotes":""},"categories":[1],"tags":[1663,7168,2278,10143],"class_list":["post-58663","post","type-post","status-publish","format-standard","has-post-thumbnail","hentry","category-noticias","tag-aplicativos","tag-aumento-de-precos","tag-preco","tag-transporte-por-aplicativo"],"yoast_head":"<!-- This site is optimized with the Yoast SEO plugin v23.8 - https:\/\/yoast.com\/wordpress\/plugins\/seo\/ -->\n<title>Aplicativos de transporte est\u00e3o cobrando diferente para cada passageiro - Estado de Minas - Em foco<\/title>\n<meta name=\"description\" content=\"Passageiros diferentes, pre\u00e7os diferentes. Entenda por que o mesmo trajeto pode custar mais para voc\u00ea e o que isso revela sobre os apps.\" \/>\n<meta name=\"robots\" content=\"index, follow, max-snippet:-1, max-image-preview:large, max-video-preview:-1\" \/>\n<link rel=\"canonical\" href=\"https:\/\/www.em.com.br\/emfoco\/2025\/06\/12\/apps-estao-cobrando-diferente-para-cada-passageiro\/\" \/>\n<meta property=\"og:locale\" content=\"pt_BR\" \/>\n<meta property=\"og:type\" content=\"article\" \/>\n<meta property=\"og:title\" content=\"Aplicativos de transporte est\u00e3o cobrando diferente para cada passageiro - Estado de Minas - Em foco\" \/>\n<meta property=\"og:description\" content=\"Passageiros diferentes, pre\u00e7os diferentes. Entenda por que o mesmo trajeto pode custar mais para voc\u00ea e o que isso revela sobre os apps.\" \/>\n<meta property=\"og:url\" content=\"https:\/\/www.em.com.br\/emfoco\/2025\/06\/12\/apps-estao-cobrando-diferente-para-cada-passageiro\/\" \/>\n<meta property=\"og:site_name\" content=\"Estado de Minas - Em foco\" \/>\n<meta property=\"article:published_time\" content=\"2025-06-12T13:10:16+00:00\" \/>\n<meta property=\"article:modified_time\" content=\"2025-06-11T20:49:08+00:00\" \/>\n<meta property=\"og:image\" content=\"https:\/\/www.em.com.br\/emfoco\/wp-content\/uploads\/2025\/06\/uber_1749647301310.jpg\" \/>\n\t<meta property=\"og:image:width\" content=\"1280\" \/>\n\t<meta property=\"og:image:height\" content=\"720\" \/>\n\t<meta property=\"og:image:type\" content=\"image\/jpeg\" \/>\n<meta name=\"author\" content=\"Julio Cesar\" \/>\n<meta name=\"twitter:card\" content=\"summary_large_image\" \/>\n<meta name=\"twitter:label1\" content=\"Escrito por\" \/>\n\t<meta name=\"twitter:data1\" content=\"Julio Cesar\" \/>\n\t<meta name=\"twitter:label2\" content=\"Est. tempo de leitura\" \/>\n\t<meta name=\"twitter:data2\" content=\"6 minutos\" \/>\n<!-- \/ Yoast SEO plugin. -->","yoast_head_json":{"title":"Aplicativos de transporte est\u00e3o cobrando diferente para cada passageiro - Estado de Minas - Em foco","description":"Passageiros diferentes, pre\u00e7os diferentes. Entenda por que o mesmo trajeto pode custar mais para voc\u00ea e o que isso revela sobre os apps.","robots":{"index":"index","follow":"follow","max-snippet":"max-snippet:-1","max-image-preview":"max-image-preview:large","max-video-preview":"max-video-preview:-1"},"canonical":"https:\/\/www.em.com.br\/emfoco\/2025\/06\/12\/apps-estao-cobrando-diferente-para-cada-passageiro\/","og_locale":"pt_BR","og_type":"article","og_title":"Aplicativos de transporte est\u00e3o cobrando diferente para cada passageiro - Estado de Minas - Em foco","og_description":"Passageiros diferentes, pre\u00e7os diferentes. Entenda por que o mesmo trajeto pode custar mais para voc\u00ea e o que isso revela sobre os apps.","og_url":"https:\/\/www.em.com.br\/emfoco\/2025\/06\/12\/apps-estao-cobrando-diferente-para-cada-passageiro\/","og_site_name":"Estado de Minas - Em foco","article_published_time":"2025-06-12T13:10:16+00:00","article_modified_time":"2025-06-11T20:49:08+00:00","og_image":[{"width":1280,"height":720,"url":"https:\/\/www.em.com.br\/emfoco\/wp-content\/uploads\/2025\/06\/uber_1749647301310.jpg","type":"image\/jpeg"}],"author":"Julio Cesar","twitter_card":"summary_large_image","twitter_misc":{"Escrito por":"Julio Cesar","Est. tempo de leitura":"6 minutos"},"schema":{"@context":"https:\/\/schema.org","@graph":[{"@type":"WebPage","@id":"https:\/\/www.em.com.br\/emfoco\/2025\/06\/12\/apps-estao-cobrando-diferente-para-cada-passageiro\/","url":"https:\/\/www.em.com.br\/emfoco\/2025\/06\/12\/apps-estao-cobrando-diferente-para-cada-passageiro\/","name":"Aplicativos de transporte est\u00e3o cobrando diferente para cada passageiro - Estado de Minas - Em foco","isPartOf":{"@id":"https:\/\/www.em.com.br\/emfoco\/#website"},"primaryImageOfPage":{"@id":"https:\/\/www.em.com.br\/emfoco\/2025\/06\/12\/apps-estao-cobrando-diferente-para-cada-passageiro\/#primaryimage"},"image":{"@id":"https:\/\/www.em.com.br\/emfoco\/2025\/06\/12\/apps-estao-cobrando-diferente-para-cada-passageiro\/#primaryimage"},"thumbnailUrl":"https:\/\/www.em.com.br\/emfoco\/wp-content\/uploads\/2025\/06\/uber_1749647301310.jpg","datePublished":"2025-06-12T13:10:16+00:00","dateModified":"2025-06-11T20:49:08+00:00","author":{"@id":"https:\/\/www.em.com.br\/emfoco\/#\/schema\/person\/08c4a03e38018bbab9038d5f788321fc"},"description":"Passageiros diferentes, pre\u00e7os diferentes. Entenda por que o mesmo trajeto pode custar mais para voc\u00ea e o que isso revela sobre os apps.","breadcrumb":{"@id":"https:\/\/www.em.com.br\/emfoco\/2025\/06\/12\/apps-estao-cobrando-diferente-para-cada-passageiro\/#breadcrumb"},"inLanguage":"pt-BR","potentialAction":[{"@type":"ReadAction","target":["https:\/\/www.em.com.br\/emfoco\/2025\/06\/12\/apps-estao-cobrando-diferente-para-cada-passageiro\/"]}]},{"@type":"ImageObject","inLanguage":"pt-BR","@id":"https:\/\/www.em.com.br\/emfoco\/2025\/06\/12\/apps-estao-cobrando-diferente-para-cada-passageiro\/#primaryimage","url":"https:\/\/www.em.com.br\/emfoco\/wp-content\/uploads\/2025\/06\/uber_1749647301310.jpg","contentUrl":"https:\/\/www.em.com.br\/emfoco\/wp-content\/uploads\/2025\/06\/uber_1749647301310.jpg","width":1280,"height":720,"caption":"App de transporte - Cr\u00e9ditos: depositphotos.com \/ gguy"},{"@type":"BreadcrumbList","@id":"https:\/\/www.em.com.br\/emfoco\/2025\/06\/12\/apps-estao-cobrando-diferente-para-cada-passageiro\/#breadcrumb","itemListElement":[{"@type":"ListItem","position":1,"name":"In\u00edcio","item":"https:\/\/www.em.com.br\/emfoco\/"},{"@type":"ListItem","position":2,"name":"Aplicativos de transporte est\u00e3o cobrando diferente para cada passageiro"}]},{"@type":"WebSite","@id":"https:\/\/www.em.com.br\/emfoco\/#website","url":"https:\/\/www.em.com.br\/emfoco\/","name":"Estado de Minas - Em foco","description":"Acompanhe as \u00faltimas not\u00edcias e fique bem informado sobre tudo o que acontece em Minas Gerais, Brasil e no mundo.","potentialAction":[{"@type":"SearchAction","target":{"@type":"EntryPoint","urlTemplate":"https:\/\/www.em.com.br\/emfoco\/?s={search_term_string}"},"query-input":{"@type":"PropertyValueSpecification","valueRequired":true,"valueName":"search_term_string"}}],"inLanguage":"pt-BR"},{"@type":"Person","@id":"https:\/\/www.em.com.br\/emfoco\/#\/schema\/person\/08c4a03e38018bbab9038d5f788321fc","name":"Julio Cesar","image":{"@type":"ImageObject","inLanguage":"pt-BR","@id":"https:\/\/www.em.com.br\/emfoco\/#\/schema\/person\/image\/","url":"https:\/\/secure.gravatar.com\/avatar\/ab1ea64f0d4f4c1385f8ef10d5a6e758?s=96&d=mm&r=g","contentUrl":"https:\/\/secure.gravatar.com\/avatar\/ab1ea64f0d4f4c1385f8ef10d5a6e758?s=96&d=mm&r=g","caption":"Julio Cesar"},"url":"https:\/\/www.em.com.br\/emfoco\/author\/juliomyth\/"}]}},"_links":{"self":[{"href":"https:\/\/www.em.com.br\/emfoco\/wp-json\/wp\/v2\/posts\/58663","targetHints":{"allow":["GET"]}}],"collection":[{"href":"https:\/\/www.em.com.br\/emfoco\/wp-json\/wp\/v2\/posts"}],"about":[{"href":"https:\/\/www.em.com.br\/emfoco\/wp-json\/wp\/v2\/types\/post"}],"author":[{"embeddable":true,"href":"https:\/\/www.em.com.br\/emfoco\/wp-json\/wp\/v2\/users\/18"}],"replies":[{"embeddable":true,"href":"https:\/\/www.em.com.br\/emfoco\/wp-json\/wp\/v2\/comments?post=58663"}],"version-history":[{"count":4,"href":"https:\/\/www.em.com.br\/emfoco\/wp-json\/wp\/v2\/posts\/58663\/revisions"}],"predecessor-version":[{"id":59163,"href":"https:\/\/www.em.com.br\/emfoco\/wp-json\/wp\/v2\/posts\/58663\/revisions\/59163"}],"wp:featuredmedia":[{"embeddable":true,"href":"https:\/\/www.em.com.br\/emfoco\/wp-json\/wp\/v2\/media\/58820"}],"wp:attachment":[{"href":"https:\/\/www.em.com.br\/emfoco\/wp-json\/wp\/v2\/media?parent=58663"}],"wp:term":[{"taxonomy":"category","embeddable":true,"href":"https:\/\/www.em.com.br\/emfoco\/wp-json\/wp\/v2\/categories?post=58663"},{"taxonomy":"post_tag","embeddable":true,"href":"https:\/\/www.em.com.br\/emfoco\/wp-json\/wp\/v2\/tags?post=58663"}],"curies":[{"name":"wp","href":"https:\/\/api.w.org\/{rel}","templated":true}]}}