{"id":5861,"date":"2024-12-28T13:40:00","date_gmt":"2024-12-28T16:40:00","guid":{"rendered":"https:\/\/www.em.com.br\/emfoco\/?p=5861"},"modified":"2024-12-19T20:43:55","modified_gmt":"2024-12-19T23:43:55","slug":"um-tesouro-escondido-as-aguas-termais-que-transformam-vidas","status":"publish","type":"post","link":"https:\/\/www.em.com.br\/emfoco\/2024\/12\/28\/um-tesouro-escondido-as-aguas-termais-que-transformam-vidas\/","title":{"rendered":"Um Tesouro Escondido: As \u00c1guas Termais que Transformam Vidas"},"content":{"rendered":"\n<p>Po\u00e7os de Caldas, uma cidade conhecida por suas <strong>\u00e1guas termais<\/strong>, destaca-se como um destino tur\u00edstico atraente em raz\u00e3o de suas fontes de origem vulc\u00e2nica. O recurso natural \u00e9 famoso n\u00e3o apenas pelo seu aroma caracter\u00edstico e propriedades terap\u00eauticas, mas tamb\u00e9m pela temperatura elevada das \u00e1guas, que chegam \u00e0 superf\u00edcie a 42\u00b0C. H\u00e1 mais de um s\u00e9culo, esses recursos t\u00eam sido valorizados e utilizados em tratamentos de sa\u00fade, atraindo visitantes de todo o mundo.<\/p>\n\n\n\n<p>A trajet\u00f3ria das \u00e1guas sulfurosas de <strong><a href=\"https:\/\/www.em.com.br\/emfoco\/2024\/12\/15\/descubra-o-equilibrio-perfeito-entre-cultura-e-modernidade-no-sul-de-minas\/\" target=\"_blank\" rel=\"noreferrer noopener\">Po\u00e7os de Caldas<\/a><\/strong> est\u00e1 estreitamente ligada ao desenvolvimento da cidade. Descobertas por antigos garimpeiros, essas \u00e1guas t\u00eam benef\u00edcios terap\u00eauticos reconhecidos, como a melhora em condi\u00e7\u00f5es de sa\u00fade como a hansen\u00edase. Ao longo dos anos, Po\u00e7os de Caldas aprimorou sua infraestrutura para se tornar um centro tur\u00edstico importante, explorando o potencial curativo de suas \u00e1guas.<\/p>\n\n\n\n<h2 class=\"wp-block-heading\">Qual \u00e9 a Hist\u00f3ria das \u00c1guas Termais de Po\u00e7os de Caldas?<\/h2>\n\n\n\n<p>A hist\u00f3ria de Po\u00e7os de Caldas e suas \u00e1guas termais remontam ao fim do s\u00e9culo XVIII, quando os poderes curativos dessas \u00e1guas foram primeiramente observados. Localizadas em uma caldeira vulc\u00e2nica, suas caracter\u00edsticas \u00fanicas rapidamente se tornaram o ponto de interesse tanto para a popula\u00e7\u00e3o local quanto para visitantes. No final do s\u00e9culo XIX, o primeiro balne\u00e1rio da cidade foi inaugurado, marcando o in\u00edcio de uma nova era para o turismo na regi\u00e3o.<\/p>\n\n\n\n<p>Com a inaugura\u00e7\u00e3o de balne\u00e1rios como o Balne\u00e1rio Pedro Botelho em 1886 e posteriormente as Thermas em 1919, Po\u00e7os de Caldas investiu na adapta\u00e7\u00e3o urbana para receber turistas. O apoio financeiro do ent\u00e3o governador de Minas Gerais em 1927 foi crucial para a remodela\u00e7\u00e3o da cidade, objetivando transform\u00e1-la em um destino de luxo na Am\u00e9rica Latina. Estruturas ic\u00f4nicas como o Palace Casino e o Palace Hotel foram erguidas, consolidando a cidade como um destino balne\u00e1rio de padr\u00e3o internacional.<\/p>\n\n\n\n<figure class=\"wp-block-image size-full\"><img loading=\"lazy\" decoding=\"async\" width=\"640\" height=\"361\" src=\"https:\/\/www.em.com.br\/emfoco\/wp-content\/uploads\/2024\/11\/image-58-e1732798666358.png\" alt=\"Por Que Po\u00e7os de Caldas \u00c9 o Destino Ideal para Bem-Estar?\" class=\"wp-image-1887\" srcset=\"https:\/\/www.em.com.br\/emfoco\/wp-content\/uploads\/2024\/11\/image-58-e1732798666358.png 640w, https:\/\/www.em.com.br\/emfoco\/wp-content\/uploads\/2024\/11\/image-58-e1732798666358-300x169.png 300w\" sizes=\"auto, (max-width: 640px) 100vw, 640px\" \/><figcaption class=\"wp-element-caption\">Fonte dos Desejos &#8211; Po\u00e7os de Caldas &#8211; Cr\u00e9ditos: Flickr<\/figcaption><\/figure>\n\n\n\n<h2 class=\"wp-block-heading\">O que Oferecem os Centros de Banho em Po\u00e7os de Caldas?<\/h2>\n\n\n\n<p>Os principais centros de banho, como o Balne\u00e1rio Dr. M\u00e1rio Mour\u00e3o e as <strong><a href=\"https:\/\/www.instagram.com\/thermasantoniocarlos\/\" target=\"_blank\" rel=\"noreferrer noopener\">Thermas Ant\u00f4nio Carlos<\/a><\/strong>, oferecem uma vasta gama de servi\u00e7os relacionados ao uso de \u00e1guas sulfurosas. Desde banhos de imers\u00e3o at\u00e9 tratamentos de pele e massagens relaxantes, essas instala\u00e7\u00f5es proporcionam experi\u00eancias \u00fanicas para seus visitantes. Os banhos, recomendados por seus efeitos relaxantes e terap\u00eauticos, s\u00e3o indicados para condi\u00e7\u00f5es como estresse, ansiedade, artrite e artrose.<\/p>\n\n\n\n<p>No Balne\u00e1rio Dr. M\u00e1rio Mour\u00e3o, os visitantes podem desfrutar de banhos de imers\u00e3o a um custo acess\u00edvel, enquanto nas Thermas Ant\u00f4nio Carlos, a oferta inclui banhos com hidromassagem, banhos arom\u00e1ticos e tratamentos faciais, que variam em pre\u00e7o e exigem agendamento pr\u00e9vio. Al\u00e9m disso, diferentes servi\u00e7os s\u00e3o oferecidos para melhorar o bem-estar f\u00edsico, como drenagem linf\u00e1tica e escalda-p\u00e9s.<\/p>\n\n\n\n<h2 class=\"wp-block-heading\">Curiosidades sobre Po\u00e7os de Caldas e Seus Produtos Derivados<\/h2>\n\n\n\n<p>A presen\u00e7a das \u00e1guas termais na cidade tamb\u00e9m impulsiona a produ\u00e7\u00e3o de diversos produtos derivados, especialmente <strong>sabonetes de \u00e1gua sulfurosa<\/strong>, que s\u00e3o amplamente dispon\u00edveis nas lojas locais. Esses produtos s\u00e3o procurados por suas propriedades \u00fanicas e benef\u00edcios para a pele, atraindo tanto moradores quanto turistas que desejam levar um pouco dos benef\u00edcios terap\u00eauticos dessas \u00e1guas para casa.<\/p>\n\n\n\n<p>As Thermas Ant\u00f4nio Carlos e o Balne\u00e1rio Dr. M\u00e1rio Mour\u00e3o s\u00e3o acess\u00edveis a visitantes interessados, com hor\u00e1rios de funcionamento variando entre o in\u00edcio da manh\u00e3 at\u00e9 o fim da tarde em dias de semana. Algumas restri\u00e7\u00f5es aplicam-se aos banhistas, especialmente para certos grupos, como crian\u00e7as pequenas e gr\u00e1vidas, enfatizando a import\u00e2ncia de uma avalia\u00e7\u00e3o m\u00e9dica antes do uso das instala\u00e7\u00f5es.<\/p>\n","protected":false},"excerpt":{"rendered":"<p>Po\u00e7os de Caldas, uma cidade conhecida por suas \u00e1guas termais, destaca-se como um destino tur\u00edstico atraente em raz\u00e3o de suas fontes de origem vulc\u00e2nica. O recurso natural \u00e9 famoso n\u00e3o apenas pelo seu aroma caracter\u00edstico e propriedades terap\u00eauticas, mas tamb\u00e9m pela temperatura elevada das \u00e1guas, que chegam \u00e0 superf\u00edcie a 42\u00b0C. H\u00e1 mais de um [&hellip;]<\/p>\n","protected":false},"author":5,"featured_media":1752,"comment_status":"open","ping_status":"open","sticky":false,"template":"","format":"standard","meta":{"jnews-multi-image_gallery":[],"jnews_single_post":{"format":"standard"},"jnews_primary_category":[],"jnews_social_meta":[],"jnews_override_counter":[],"footnotes":""},"categories":[26,1],"tags":[158,207,1061,1192,157],"class_list":["post-5861","post","type-post","status-publish","format-standard","has-post-thumbnail","hentry","category-cidades","category-noticias","tag-brasil","tag-minas-gerais","tag-pocos-de-caldas","tag-sudeste","tag-turismo"],"yoast_head":"<!-- This site is optimized with the Yoast SEO plugin v23.8 - https:\/\/yoast.com\/wordpress\/plugins\/seo\/ -->\n<title>Um Tesouro Escondido: As \u00c1guas Termais que Transformam Vidas - Estado de Minas - Em foco<\/title>\n<meta name=\"description\" content=\"Uma viagem no tempo atrav\u00e9s das \u00e1guas termais. Descubra a hist\u00f3ria e os benef\u00edcios dessas \u00e1guas milagrosas.\" \/>\n<meta name=\"robots\" content=\"index, follow, max-snippet:-1, max-image-preview:large, max-video-preview:-1\" \/>\n<link rel=\"canonical\" href=\"https:\/\/www.em.com.br\/emfoco\/2024\/12\/28\/um-tesouro-escondido-as-aguas-termais-que-transformam-vidas\/\" \/>\n<meta property=\"og:locale\" content=\"pt_BR\" \/>\n<meta property=\"og:type\" content=\"article\" \/>\n<meta property=\"og:title\" content=\"Um Tesouro Escondido: As \u00c1guas Termais que Transformam Vidas - Estado de Minas - Em foco\" \/>\n<meta property=\"og:description\" content=\"Uma viagem no tempo atrav\u00e9s das \u00e1guas termais. Descubra a hist\u00f3ria e os benef\u00edcios dessas \u00e1guas milagrosas.\" \/>\n<meta property=\"og:url\" content=\"https:\/\/www.em.com.br\/emfoco\/2024\/12\/28\/um-tesouro-escondido-as-aguas-termais-que-transformam-vidas\/\" \/>\n<meta property=\"og:site_name\" content=\"Estado de Minas - Em foco\" \/>\n<meta property=\"article:published_time\" content=\"2024-12-28T16:40:00+00:00\" \/>\n<meta property=\"article:modified_time\" content=\"2024-12-19T23:43:55+00:00\" \/>\n<meta property=\"og:image\" content=\"https:\/\/www.em.com.br\/emfoco\/wp-content\/uploads\/2024\/11\/image-38-e1732723320847.png\" \/>\n\t<meta property=\"og:image:width\" content=\"1023\" \/>\n\t<meta property=\"og:image:height\" content=\"576\" \/>\n\t<meta property=\"og:image:type\" content=\"image\/png\" \/>\n<meta name=\"author\" content=\"N\u00fabia Rangel\" \/>\n<meta name=\"twitter:card\" content=\"summary_large_image\" \/>\n<meta name=\"twitter:label1\" content=\"Escrito por\" \/>\n\t<meta name=\"twitter:data1\" content=\"N\u00fabia Rangel\" \/>\n\t<meta name=\"twitter:label2\" content=\"Est. tempo de leitura\" \/>\n\t<meta name=\"twitter:data2\" content=\"4 minutos\" \/>\n<!-- \/ Yoast SEO plugin. -->","yoast_head_json":{"title":"Um Tesouro Escondido: As \u00c1guas Termais que Transformam Vidas - Estado de Minas - Em foco","description":"Uma viagem no tempo atrav\u00e9s das \u00e1guas termais. Descubra a hist\u00f3ria e os benef\u00edcios dessas \u00e1guas milagrosas.","robots":{"index":"index","follow":"follow","max-snippet":"max-snippet:-1","max-image-preview":"max-image-preview:large","max-video-preview":"max-video-preview:-1"},"canonical":"https:\/\/www.em.com.br\/emfoco\/2024\/12\/28\/um-tesouro-escondido-as-aguas-termais-que-transformam-vidas\/","og_locale":"pt_BR","og_type":"article","og_title":"Um Tesouro Escondido: As \u00c1guas Termais que Transformam Vidas - Estado de Minas - Em foco","og_description":"Uma viagem no tempo atrav\u00e9s das \u00e1guas termais. Descubra a hist\u00f3ria e os benef\u00edcios dessas \u00e1guas milagrosas.","og_url":"https:\/\/www.em.com.br\/emfoco\/2024\/12\/28\/um-tesouro-escondido-as-aguas-termais-que-transformam-vidas\/","og_site_name":"Estado de Minas - Em foco","article_published_time":"2024-12-28T16:40:00+00:00","article_modified_time":"2024-12-19T23:43:55+00:00","og_image":[{"width":1023,"height":576,"url":"https:\/\/www.em.com.br\/emfoco\/wp-content\/uploads\/2024\/11\/image-38-e1732723320847.png","type":"image\/png"}],"author":"N\u00fabia Rangel","twitter_card":"summary_large_image","twitter_misc":{"Escrito por":"N\u00fabia Rangel","Est. tempo de leitura":"4 minutos"},"schema":{"@context":"https:\/\/schema.org","@graph":[{"@type":"WebPage","@id":"https:\/\/www.em.com.br\/emfoco\/2024\/12\/28\/um-tesouro-escondido-as-aguas-termais-que-transformam-vidas\/","url":"https:\/\/www.em.com.br\/emfoco\/2024\/12\/28\/um-tesouro-escondido-as-aguas-termais-que-transformam-vidas\/","name":"Um Tesouro Escondido: As \u00c1guas Termais que Transformam Vidas - Estado de Minas - Em foco","isPartOf":{"@id":"https:\/\/www.em.com.br\/emfoco\/#website"},"primaryImageOfPage":{"@id":"https:\/\/www.em.com.br\/emfoco\/2024\/12\/28\/um-tesouro-escondido-as-aguas-termais-que-transformam-vidas\/#primaryimage"},"image":{"@id":"https:\/\/www.em.com.br\/emfoco\/2024\/12\/28\/um-tesouro-escondido-as-aguas-termais-que-transformam-vidas\/#primaryimage"},"thumbnailUrl":"https:\/\/www.em.com.br\/emfoco\/wp-content\/uploads\/2024\/11\/image-38-e1732723320847.png","datePublished":"2024-12-28T16:40:00+00:00","dateModified":"2024-12-19T23:43:55+00:00","author":{"@id":"https:\/\/www.em.com.br\/emfoco\/#\/schema\/person\/524437ef54f8a5d32591b143307f2e20"},"description":"Uma viagem no tempo atrav\u00e9s das \u00e1guas termais. Descubra a hist\u00f3ria e os benef\u00edcios dessas \u00e1guas milagrosas.","breadcrumb":{"@id":"https:\/\/www.em.com.br\/emfoco\/2024\/12\/28\/um-tesouro-escondido-as-aguas-termais-que-transformam-vidas\/#breadcrumb"},"inLanguage":"pt-BR","potentialAction":[{"@type":"ReadAction","target":["https:\/\/www.em.com.br\/emfoco\/2024\/12\/28\/um-tesouro-escondido-as-aguas-termais-que-transformam-vidas\/"]}]},{"@type":"ImageObject","inLanguage":"pt-BR","@id":"https:\/\/www.em.com.br\/emfoco\/2024\/12\/28\/um-tesouro-escondido-as-aguas-termais-que-transformam-vidas\/#primaryimage","url":"https:\/\/www.em.com.br\/emfoco\/wp-content\/uploads\/2024\/11\/image-38-e1732723320847.png","contentUrl":"https:\/\/www.em.com.br\/emfoco\/wp-content\/uploads\/2024\/11\/image-38-e1732723320847.png","width":1023,"height":576,"caption":"Po\u00e7os de Caldas - Cr\u00e9ditos: Flickr"},{"@type":"BreadcrumbList","@id":"https:\/\/www.em.com.br\/emfoco\/2024\/12\/28\/um-tesouro-escondido-as-aguas-termais-que-transformam-vidas\/#breadcrumb","itemListElement":[{"@type":"ListItem","position":1,"name":"In\u00edcio","item":"https:\/\/www.em.com.br\/emfoco\/"},{"@type":"ListItem","position":2,"name":"Um Tesouro Escondido: As \u00c1guas Termais que Transformam Vidas"}]},{"@type":"WebSite","@id":"https:\/\/www.em.com.br\/emfoco\/#website","url":"https:\/\/www.em.com.br\/emfoco\/","name":"Estado de Minas - Em foco","description":"Acompanhe as \u00faltimas not\u00edcias e fique bem informado sobre tudo o que acontece em Minas Gerais, Brasil e no mundo.","potentialAction":[{"@type":"SearchAction","target":{"@type":"EntryPoint","urlTemplate":"https:\/\/www.em.com.br\/emfoco\/?s={search_term_string}"},"query-input":{"@type":"PropertyValueSpecification","valueRequired":true,"valueName":"search_term_string"}}],"inLanguage":"pt-BR"},{"@type":"Person","@id":"https:\/\/www.em.com.br\/emfoco\/#\/schema\/person\/524437ef54f8a5d32591b143307f2e20","name":"N\u00fabia Rangel","image":{"@type":"ImageObject","inLanguage":"pt-BR","@id":"https:\/\/www.em.com.br\/emfoco\/#\/schema\/person\/image\/","url":"https:\/\/secure.gravatar.com\/avatar\/47cff2827a5ba23c37e8068c86817ea4?s=96&d=mm&r=g","contentUrl":"https:\/\/secure.gravatar.com\/avatar\/47cff2827a5ba23c37e8068c86817ea4?s=96&d=mm&r=g","caption":"N\u00fabia Rangel"},"sameAs":["https:\/\/www.em.com.br\/emfoco\/"],"url":"https:\/\/www.em.com.br\/emfoco\/author\/nubiamyth\/"}]}},"_links":{"self":[{"href":"https:\/\/www.em.com.br\/emfoco\/wp-json\/wp\/v2\/posts\/5861","targetHints":{"allow":["GET"]}}],"collection":[{"href":"https:\/\/www.em.com.br\/emfoco\/wp-json\/wp\/v2\/posts"}],"about":[{"href":"https:\/\/www.em.com.br\/emfoco\/wp-json\/wp\/v2\/types\/post"}],"author":[{"embeddable":true,"href":"https:\/\/www.em.com.br\/emfoco\/wp-json\/wp\/v2\/users\/5"}],"replies":[{"embeddable":true,"href":"https:\/\/www.em.com.br\/emfoco\/wp-json\/wp\/v2\/comments?post=5861"}],"version-history":[{"count":2,"href":"https:\/\/www.em.com.br\/emfoco\/wp-json\/wp\/v2\/posts\/5861\/revisions"}],"predecessor-version":[{"id":5863,"href":"https:\/\/www.em.com.br\/emfoco\/wp-json\/wp\/v2\/posts\/5861\/revisions\/5863"}],"wp:featuredmedia":[{"embeddable":true,"href":"https:\/\/www.em.com.br\/emfoco\/wp-json\/wp\/v2\/media\/1752"}],"wp:attachment":[{"href":"https:\/\/www.em.com.br\/emfoco\/wp-json\/wp\/v2\/media?parent=5861"}],"wp:term":[{"taxonomy":"category","embeddable":true,"href":"https:\/\/www.em.com.br\/emfoco\/wp-json\/wp\/v2\/categories?post=5861"},{"taxonomy":"post_tag","embeddable":true,"href":"https:\/\/www.em.com.br\/emfoco\/wp-json\/wp\/v2\/tags?post=5861"}],"curies":[{"name":"wp","href":"https:\/\/api.w.org\/{rel}","templated":true}]}}