{"id":58529,"date":"2025-06-11T22:30:00","date_gmt":"2025-06-12T01:30:00","guid":{"rendered":"https:\/\/www.em.com.br\/emfoco\/?p=58529"},"modified":"2025-06-10T20:06:24","modified_gmt":"2025-06-10T23:06:24","slug":"como-solicitar-o-bpc-loas-e-receber-um-salario-minimo-todo-mes","status":"publish","type":"post","link":"https:\/\/www.em.com.br\/emfoco\/2025\/06\/11\/como-solicitar-o-bpc-loas-e-receber-um-salario-minimo-todo-mes\/","title":{"rendered":"Como solicitar o BPC\/LOAS e receber um sal\u00e1rio m\u00ednimo todo m\u00eas"},"content":{"rendered":"\n<p>O <strong>Benef\u00edcio de Presta\u00e7\u00e3o Continuada<\/strong>, conhecido como <strong><a href=\"https:\/\/www.gov.br\/mds\/pt-br\/acoes-e-programas\/suas\/beneficios-assistenciais\/beneficio-assistencial-ao-idoso-e-a-pessoa-com-deficiencia-bpc\" target=\"_blank\" rel=\"noreferrer noopener\">BPC\/LOAS<\/a><\/strong>, \u00e9 um direito garantido pela legisla\u00e7\u00e3o brasileira para pessoas em situa\u00e7\u00e3o de vulnerabilidade social. Destinado a idosos com 65 anos ou mais e pessoas com defici\u00eancia de qualquer idade, o benef\u00edcio tem como objetivo assegurar uma renda m\u00ednima mensal para quem n\u00e3o possui meios de se sustentar, nem de ser sustentado por sua fam\u00edlia.<\/p>\n\n\n\n<p>O <strong>BPC\/LOAS<\/strong> n\u00e3o exige contribui\u00e7\u00e3o pr\u00e9via ao <strong>INSS<\/strong>, sendo um benef\u00edcio assistencial e n\u00e3o previdenci\u00e1rio. Para ter acesso, \u00e9 necess\u00e1rio comprovar baixa renda familiar, al\u00e9m de atender aos crit\u00e9rios espec\u00edficos de idade ou defici\u00eancia. O valor mensal corresponde a um sal\u00e1rio m\u00ednimo vigente, pago diretamente ao benefici\u00e1rio.<\/p>\n\n\n\n<h2 class=\"wp-block-heading\">Quais s\u00e3o os principais requisitos para receber o BPC\/LOAS?<\/h2>\n\n\n<div class=\"wp-block-image\">\n<figure class=\"aligncenter size-large\"><img loading=\"lazy\" decoding=\"async\" width=\"1024\" height=\"576\" src=\"https:\/\/www.em.com.br\/emfoco\/wp-content\/uploads\/2025\/06\/idoso-tecnologia_1745341129302-1024x576.jpg\" alt=\"O jeito mais r\u00e1pido e seguro de consultar o FGTS sem sair de casa\" class=\"wp-image-54994\" srcset=\"https:\/\/www.em.com.br\/emfoco\/wp-content\/uploads\/2025\/06\/idoso-tecnologia_1745341129302-1024x576.jpg 1024w, https:\/\/www.em.com.br\/emfoco\/wp-content\/uploads\/2025\/06\/idoso-tecnologia_1745341129302-300x169.jpg 300w, https:\/\/www.em.com.br\/emfoco\/wp-content\/uploads\/2025\/06\/idoso-tecnologia_1745341129302-768x432.jpg 768w, https:\/\/www.em.com.br\/emfoco\/wp-content\/uploads\/2025\/06\/idoso-tecnologia_1745341129302-750x422.jpg 750w, https:\/\/www.em.com.br\/emfoco\/wp-content\/uploads\/2025\/06\/idoso-tecnologia_1745341129302-1140x641.jpg 1140w, https:\/\/www.em.com.br\/emfoco\/wp-content\/uploads\/2025\/06\/idoso-tecnologia_1745341129302.jpg 1280w\" sizes=\"auto, (max-width: 1024px) 100vw, 1024px\" \/><figcaption class=\"wp-element-caption\">Idoso usando o tablet &#8211; Cr\u00e9ditos: depositphotos.com \/ HayDmitriy<\/figcaption><\/figure><\/div>\n\n\n<p>Para solicitar o <strong>BPC\/LOAS<\/strong>, \u00e9 fundamental atender a alguns requisitos b\u00e1sicos. O primeiro deles \u00e9 a renda familiar per capita, que deve ser igual ou inferior a 1\/4 do sal\u00e1rio m\u00ednimo. Esse c\u00e1lculo considera o total da renda de todos os membros do grupo familiar dividido pelo n\u00famero de pessoas que comp\u00f5em a fam\u00edlia.<\/p>\n\n\n\n<p>Al\u00e9m do crit\u00e9rio de renda, o idoso precisa ter 65 anos ou mais, enquanto a pessoa com defici\u00eancia deve comprovar impedimentos de longo prazo, de natureza f\u00edsica, mental, intelectual ou sensorial, que dificultem sua participa\u00e7\u00e3o plena na sociedade. A inscri\u00e7\u00e3o no <strong>Cadastro \u00danico para Programas Sociais do Governo Federal<\/strong> (<a href=\"https:\/\/www.em.com.br\/emfoco\/2025\/06\/06\/cnh-social-libera-habilitacao-gratuita-para-quem-esta-no-cadunico\/\" target=\"_blank\" rel=\"noreferrer noopener\">Cad\u00danico<\/a>) tamb\u00e9m \u00e9 obrigat\u00f3ria para an\u00e1lise do pedido.<\/p>\n\n\n\n<h2 class=\"wp-block-heading\">Como funciona o processo de solicita\u00e7\u00e3o do BPC\/LOAS?<\/h2>\n\n\n\n<p>O processo para solicitar o <strong>BPC\/LOAS<\/strong> come\u00e7a com a inscri\u00e7\u00e3o no <strong>Cad\u00danico<\/strong>, realizada em um <strong>Centro de Refer\u00eancia de Assist\u00eancia Social<\/strong> (CRAS) do munic\u00edpio. Ap\u00f3s esse cadastro, o interessado deve agendar o atendimento no <strong>INSS<\/strong>, que pode ser feito pelo site, aplicativo ou telefone 135.<\/p>\n\n\n\n<p>Durante o atendimento, \u00e9 necess\u00e1rio apresentar documentos pessoais, comprovantes de renda e laudos m\u00e9dicos, no caso de pessoas com defici\u00eancia. \u00c9 importante apresentar tamb\u00e9m a <strong>Carteira de Trabalho e Previd\u00eancia Social<\/strong> (CTPS) atualizada, pois este documento \u00e9 utilizado para verificar a exist\u00eancia de v\u00ednculos empregat\u00edcios e contribui\u00e7\u00f5es previdenci\u00e1rias, sendo relevante na an\u00e1lise do benef\u00edcio. O <strong>INSS <\/strong>avalia a documenta\u00e7\u00e3o e, se necess\u00e1rio, agenda uma per\u00edcia m\u00e9dica e social para verificar as condi\u00e7\u00f5es do requerente. O acompanhamento do pedido pode ser feito online ou presencialmente.<\/p>\n\n\n\n<h2 class=\"wp-block-heading\">Quais documentos s\u00e3o exigidos para solicitar o BPC\/LOAS?<\/h2>\n\n\n\n<p>Para dar entrada no <strong>BPC\/LOAS<\/strong>, \u00e9 preciso reunir alguns documentos essenciais. Entre eles est\u00e3o o RG, CPF, comprovante de resid\u00eancia, documentos de todos os membros da fam\u00edlia e comprovantes de renda. Tamb\u00e9m \u00e9 obrigat\u00f3rio apresentar a <strong>Carteira de Trabalho e Previd\u00eancia Social<\/strong> (CTPS) atualizada do solicitante, para comprova\u00e7\u00e3o de v\u00ednculos de trabalho ou aus\u00eancia deles. No caso de pessoas com defici\u00eancia, laudos m\u00e9dicos detalhados s\u00e3o indispens\u00e1veis para comprova\u00e7\u00e3o do impedimento.<\/p>\n\n\n\n<p>Al\u00e9m disso, para pessoas com defici\u00eancia, al\u00e9m dos laudos m\u00e9dicos, podem ser necess\u00e1rios exames complementares que corroborem o diagn\u00f3stico. Estes exames s\u00e3o importantes para fornecer evid\u00eancias adicionais sobre a condi\u00e7\u00e3o de sa\u00fade do requerente e podem facilitar a an\u00e1lise do benef\u00edcio pelo <strong>INSS<\/strong>.<\/p>\n\n\n\n<p>Al\u00e9m disso, \u00e9 importante apresentar o <strong>N\u00famero de Identifica\u00e7\u00e3o Social<\/strong> (NIS), obtido ap\u00f3s a inscri\u00e7\u00e3o no <strong>Cad\u00danico<\/strong>. A documenta\u00e7\u00e3o completa agiliza a an\u00e1lise do pedido e reduz a possibilidade de exig\u00eancias adicionais por parte do <strong>INSS <\/strong>durante o processo.<\/p>\n\n\n\n<h2 class=\"wp-block-heading\">O BPC\/LOAS pode ser acumulado com outros benef\u00edcios?<\/h2>\n\n\n\n<p>O <strong>BPC\/LOAS<\/strong> possui regras espec\u00edficas quanto \u00e0 acumula\u00e7\u00e3o com outros benef\u00edcios. Por ser um benef\u00edcio assistencial, ele n\u00e3o pode ser recebido juntamente com outro benef\u00edcio do <strong>INSS<\/strong>, como aposentadoria, pens\u00e3o por morte ou aux\u00edlio-doen\u00e7a, exceto em casos de benef\u00edcios de natureza indenizat\u00f3ria.<\/p>\n\n\n\n<p>Entretanto, o benefici\u00e1rio pode participar de outros programas sociais, como o <strong>Bolsa Fam\u00edlia<\/strong>, desde que atenda aos crit\u00e9rios de cada programa. Caso o benefici\u00e1rio venha a receber outro benef\u00edcio previdenci\u00e1rio, o pagamento do <strong>BPC\/LOAS<\/strong> ser\u00e1 suspenso automaticamente.<\/p>\n\n\n\n<h2 class=\"wp-block-heading\">Como \u00e9 feita a revis\u00e3o e manuten\u00e7\u00e3o do BPC\/LOAS?<\/h2>\n\n\n\n<p>A manuten\u00e7\u00e3o do <strong>BPC\/LOAS<\/strong> exige que o benefici\u00e1rio mantenha seus dados atualizados no <strong>Cad\u00danico<\/strong>, realizando a atualiza\u00e7\u00e3o cadastral a cada dois anos ou sempre que houver altera\u00e7\u00e3o na composi\u00e7\u00e3o familiar, ou na renda. O <strong>INSS <\/strong>pode realizar revis\u00f5es peri\u00f3dicas para verificar se os crit\u00e9rios continuam sendo atendidos.<\/p>\n\n\n\n<p>Em caso de irregularidades ou mudan\u00e7as que descaracterizem a situa\u00e7\u00e3o de vulnerabilidade, o benef\u00edcio pode ser suspenso ou cancelado. Para evitar problemas, \u00e9 fundamental que o benefici\u00e1rio esteja atento \u00e0s exig\u00eancias e cumpra as obriga\u00e7\u00f5es estabelecidas pela legisla\u00e7\u00e3o vigente.<\/p>\n","protected":false},"excerpt":{"rendered":"<p>O Benef\u00edcio de Presta\u00e7\u00e3o Continuada, conhecido como BPC\/LOAS, \u00e9 um direito garantido pela legisla\u00e7\u00e3o brasileira para pessoas em situa\u00e7\u00e3o de vulnerabilidade social. Destinado a idosos com 65 anos ou mais e pessoas com defici\u00eancia de qualquer idade, o benef\u00edcio tem como objetivo assegurar uma renda m\u00ednima mensal para quem n\u00e3o possui meios de se sustentar, [&hellip;]<\/p>\n","protected":false},"author":20,"featured_media":55004,"comment_status":"open","ping_status":"open","sticky":false,"template":"","format":"standard","meta":{"jnews-multi-image_gallery":[],"jnews_single_post":{"format":"standard"},"jnews_primary_category":[],"jnews_social_meta":[],"jnews_override_counter":[],"footnotes":""},"categories":[28,1],"tags":[257,258,717],"class_list":["post-58529","post","type-post","status-publish","format-standard","has-post-thumbnail","hentry","category-economia","category-noticias","tag-bpc","tag-loas","tag-salario-minimo"],"yoast_head":"<!-- This site is optimized with the Yoast SEO plugin v23.8 - https:\/\/yoast.com\/wordpress\/plugins\/seo\/ -->\n<title>Como solicitar o BPC\/LOAS e receber um sal\u00e1rio m\u00ednimo todo m\u00eas - Estado de Minas - Em foco<\/title>\n<meta name=\"description\" content=\"Comprova\u00e7\u00e3o de baixa renda e inscri\u00e7\u00e3o no Cad\u00danico s\u00e3o essenciais para acessar o BPC\/LOAS. Entenda como garantir seu direito.\" \/>\n<meta name=\"robots\" content=\"index, follow, max-snippet:-1, max-image-preview:large, max-video-preview:-1\" \/>\n<link rel=\"canonical\" href=\"https:\/\/www.em.com.br\/emfoco\/2025\/06\/11\/como-solicitar-o-bpc-loas-e-receber-um-salario-minimo-todo-mes\/\" \/>\n<meta property=\"og:locale\" content=\"pt_BR\" \/>\n<meta property=\"og:type\" content=\"article\" \/>\n<meta property=\"og:title\" content=\"Como solicitar o BPC\/LOAS e receber um sal\u00e1rio m\u00ednimo todo m\u00eas - Estado de Minas - Em foco\" \/>\n<meta property=\"og:description\" content=\"Comprova\u00e7\u00e3o de baixa renda e inscri\u00e7\u00e3o no Cad\u00danico s\u00e3o essenciais para acessar o BPC\/LOAS. Entenda como garantir seu direito.\" \/>\n<meta property=\"og:url\" content=\"https:\/\/www.em.com.br\/emfoco\/2025\/06\/11\/como-solicitar-o-bpc-loas-e-receber-um-salario-minimo-todo-mes\/\" \/>\n<meta property=\"og:site_name\" content=\"Estado de Minas - Em foco\" \/>\n<meta property=\"article:published_time\" content=\"2025-06-12T01:30:00+00:00\" \/>\n<meta property=\"article:modified_time\" content=\"2025-06-10T23:06:24+00:00\" \/>\n<meta property=\"og:image\" content=\"https:\/\/www.em.com.br\/emfoco\/wp-content\/uploads\/2025\/06\/dinheiro-reais_1748976565269.jpg\" \/>\n\t<meta property=\"og:image:width\" content=\"1280\" \/>\n\t<meta property=\"og:image:height\" content=\"720\" \/>\n\t<meta property=\"og:image:type\" content=\"image\/jpeg\" \/>\n<meta name=\"author\" content=\"Ingrid Diniz\" \/>\n<meta name=\"twitter:card\" content=\"summary_large_image\" \/>\n<meta name=\"twitter:label1\" content=\"Escrito por\" \/>\n\t<meta name=\"twitter:data1\" content=\"Ingrid Diniz\" \/>\n\t<meta name=\"twitter:label2\" content=\"Est. tempo de leitura\" \/>\n\t<meta name=\"twitter:data2\" content=\"5 minutos\" \/>\n<!-- \/ Yoast SEO plugin. -->","yoast_head_json":{"title":"Como solicitar o BPC\/LOAS e receber um sal\u00e1rio m\u00ednimo todo m\u00eas - Estado de Minas - Em foco","description":"Comprova\u00e7\u00e3o de baixa renda e inscri\u00e7\u00e3o no Cad\u00danico s\u00e3o essenciais para acessar o BPC\/LOAS. Entenda como garantir seu direito.","robots":{"index":"index","follow":"follow","max-snippet":"max-snippet:-1","max-image-preview":"max-image-preview:large","max-video-preview":"max-video-preview:-1"},"canonical":"https:\/\/www.em.com.br\/emfoco\/2025\/06\/11\/como-solicitar-o-bpc-loas-e-receber-um-salario-minimo-todo-mes\/","og_locale":"pt_BR","og_type":"article","og_title":"Como solicitar o BPC\/LOAS e receber um sal\u00e1rio m\u00ednimo todo m\u00eas - Estado de Minas - Em foco","og_description":"Comprova\u00e7\u00e3o de baixa renda e inscri\u00e7\u00e3o no Cad\u00danico s\u00e3o essenciais para acessar o BPC\/LOAS. Entenda como garantir seu direito.","og_url":"https:\/\/www.em.com.br\/emfoco\/2025\/06\/11\/como-solicitar-o-bpc-loas-e-receber-um-salario-minimo-todo-mes\/","og_site_name":"Estado de Minas - Em foco","article_published_time":"2025-06-12T01:30:00+00:00","article_modified_time":"2025-06-10T23:06:24+00:00","og_image":[{"width":1280,"height":720,"url":"https:\/\/www.em.com.br\/emfoco\/wp-content\/uploads\/2025\/06\/dinheiro-reais_1748976565269.jpg","type":"image\/jpeg"}],"author":"Ingrid Diniz","twitter_card":"summary_large_image","twitter_misc":{"Escrito por":"Ingrid Diniz","Est. tempo de leitura":"5 minutos"},"schema":{"@context":"https:\/\/schema.org","@graph":[{"@type":"WebPage","@id":"https:\/\/www.em.com.br\/emfoco\/2025\/06\/11\/como-solicitar-o-bpc-loas-e-receber-um-salario-minimo-todo-mes\/","url":"https:\/\/www.em.com.br\/emfoco\/2025\/06\/11\/como-solicitar-o-bpc-loas-e-receber-um-salario-minimo-todo-mes\/","name":"Como solicitar o BPC\/LOAS e receber um sal\u00e1rio m\u00ednimo todo m\u00eas - Estado de Minas - Em foco","isPartOf":{"@id":"https:\/\/www.em.com.br\/emfoco\/#website"},"primaryImageOfPage":{"@id":"https:\/\/www.em.com.br\/emfoco\/2025\/06\/11\/como-solicitar-o-bpc-loas-e-receber-um-salario-minimo-todo-mes\/#primaryimage"},"image":{"@id":"https:\/\/www.em.com.br\/emfoco\/2025\/06\/11\/como-solicitar-o-bpc-loas-e-receber-um-salario-minimo-todo-mes\/#primaryimage"},"thumbnailUrl":"https:\/\/www.em.com.br\/emfoco\/wp-content\/uploads\/2025\/06\/dinheiro-reais_1748976565269.jpg","datePublished":"2025-06-12T01:30:00+00:00","dateModified":"2025-06-10T23:06:24+00:00","author":{"@id":"https:\/\/www.em.com.br\/emfoco\/#\/schema\/person\/649e610b4eb8fff87ff394e54fe17b2b"},"description":"Comprova\u00e7\u00e3o de baixa renda e inscri\u00e7\u00e3o no Cad\u00danico s\u00e3o essenciais para acessar o BPC\/LOAS. Entenda como garantir seu direito.","breadcrumb":{"@id":"https:\/\/www.em.com.br\/emfoco\/2025\/06\/11\/como-solicitar-o-bpc-loas-e-receber-um-salario-minimo-todo-mes\/#breadcrumb"},"inLanguage":"pt-BR","potentialAction":[{"@type":"ReadAction","target":["https:\/\/www.em.com.br\/emfoco\/2025\/06\/11\/como-solicitar-o-bpc-loas-e-receber-um-salario-minimo-todo-mes\/"]}]},{"@type":"ImageObject","inLanguage":"pt-BR","@id":"https:\/\/www.em.com.br\/emfoco\/2025\/06\/11\/como-solicitar-o-bpc-loas-e-receber-um-salario-minimo-todo-mes\/#primaryimage","url":"https:\/\/www.em.com.br\/emfoco\/wp-content\/uploads\/2025\/06\/dinheiro-reais_1748976565269.jpg","contentUrl":"https:\/\/www.em.com.br\/emfoco\/wp-content\/uploads\/2025\/06\/dinheiro-reais_1748976565269.jpg","width":1280,"height":720,"caption":"Aumento do INSS para idosos - Cr\u00e9ditos: depositphotos.com \/ verganifotografia"},{"@type":"BreadcrumbList","@id":"https:\/\/www.em.com.br\/emfoco\/2025\/06\/11\/como-solicitar-o-bpc-loas-e-receber-um-salario-minimo-todo-mes\/#breadcrumb","itemListElement":[{"@type":"ListItem","position":1,"name":"In\u00edcio","item":"https:\/\/www.em.com.br\/emfoco\/"},{"@type":"ListItem","position":2,"name":"Como solicitar o BPC\/LOAS e receber um sal\u00e1rio m\u00ednimo todo m\u00eas"}]},{"@type":"WebSite","@id":"https:\/\/www.em.com.br\/emfoco\/#website","url":"https:\/\/www.em.com.br\/emfoco\/","name":"Estado de Minas - Em foco","description":"Acompanhe as \u00faltimas not\u00edcias e fique bem informado sobre tudo o que acontece em Minas Gerais, Brasil e no mundo.","potentialAction":[{"@type":"SearchAction","target":{"@type":"EntryPoint","urlTemplate":"https:\/\/www.em.com.br\/emfoco\/?s={search_term_string}"},"query-input":{"@type":"PropertyValueSpecification","valueRequired":true,"valueName":"search_term_string"}}],"inLanguage":"pt-BR"},{"@type":"Person","@id":"https:\/\/www.em.com.br\/emfoco\/#\/schema\/person\/649e610b4eb8fff87ff394e54fe17b2b","name":"Ingrid Diniz","image":{"@type":"ImageObject","inLanguage":"pt-BR","@id":"https:\/\/www.em.com.br\/emfoco\/#\/schema\/person\/image\/","url":"https:\/\/secure.gravatar.com\/avatar\/a3baa1449ec5c39b4c42babc9d4f3951?s=96&d=mm&r=g","contentUrl":"https:\/\/secure.gravatar.com\/avatar\/a3baa1449ec5c39b4c42babc9d4f3951?s=96&d=mm&r=g","caption":"Ingrid Diniz"},"sameAs":["https:\/\/www.em.com.br\/"],"url":"https:\/\/www.em.com.br\/emfoco\/author\/ingridmyth\/"}]}},"_links":{"self":[{"href":"https:\/\/www.em.com.br\/emfoco\/wp-json\/wp\/v2\/posts\/58529","targetHints":{"allow":["GET"]}}],"collection":[{"href":"https:\/\/www.em.com.br\/emfoco\/wp-json\/wp\/v2\/posts"}],"about":[{"href":"https:\/\/www.em.com.br\/emfoco\/wp-json\/wp\/v2\/types\/post"}],"author":[{"embeddable":true,"href":"https:\/\/www.em.com.br\/emfoco\/wp-json\/wp\/v2\/users\/20"}],"replies":[{"embeddable":true,"href":"https:\/\/www.em.com.br\/emfoco\/wp-json\/wp\/v2\/comments?post=58529"}],"version-history":[{"count":2,"href":"https:\/\/www.em.com.br\/emfoco\/wp-json\/wp\/v2\/posts\/58529\/revisions"}],"predecessor-version":[{"id":58633,"href":"https:\/\/www.em.com.br\/emfoco\/wp-json\/wp\/v2\/posts\/58529\/revisions\/58633"}],"wp:featuredmedia":[{"embeddable":true,"href":"https:\/\/www.em.com.br\/emfoco\/wp-json\/wp\/v2\/media\/55004"}],"wp:attachment":[{"href":"https:\/\/www.em.com.br\/emfoco\/wp-json\/wp\/v2\/media?parent=58529"}],"wp:term":[{"taxonomy":"category","embeddable":true,"href":"https:\/\/www.em.com.br\/emfoco\/wp-json\/wp\/v2\/categories?post=58529"},{"taxonomy":"post_tag","embeddable":true,"href":"https:\/\/www.em.com.br\/emfoco\/wp-json\/wp\/v2\/tags?post=58529"}],"curies":[{"name":"wp","href":"https:\/\/api.w.org\/{rel}","templated":true}]}}