{"id":58528,"date":"2025-06-11T20:30:00","date_gmt":"2025-06-11T23:30:00","guid":{"rendered":"https:\/\/www.em.com.br\/emfoco\/?p=58528"},"modified":"2025-06-10T20:05:14","modified_gmt":"2025-06-10T23:05:14","slug":"demissao-pode-ser-considerada-ilegal-em-casos-como-esses","status":"publish","type":"post","link":"https:\/\/www.em.com.br\/emfoco\/2025\/06\/11\/demissao-pode-ser-considerada-ilegal-em-casos-como-esses\/","title":{"rendered":"Demiss\u00e3o pode ser considerada ilegal em casos como esses"},"content":{"rendered":"\n<p>A estabilidade no emprego \u00e9 um direito garantido a determinados trabalhadores, protegendo-os contra demiss\u00f5es arbitr\u00e1rias ou sem justa causa em situa\u00e7\u00f5es espec\u00edficas. Esse mecanismo busca assegurar que o colaborador n\u00e3o seja dispensado enquanto estiver em condi\u00e7\u00f5es que demandam prote\u00e7\u00e3o especial, como durante a gravidez, ap\u00f3s um acidente de trabalho ou quando eleito para a <strong>Comiss\u00e3o Interna de Preven\u00e7\u00e3o de Acidentes<\/strong> (<a href=\"https:\/\/www.gov.br\/trabalho-e-emprego\/pt-br\/acesso-a-informacao\/participacao-social\/conselhos-e-orgaos-colegiados\/comissao-tripartite-partitaria-permanente\/normas-regulamentadora\/normas-regulamentadoras-vigentes\/NR05atualizada2023.pdf\" target=\"_blank\" rel=\"noreferrer noopener\">CIPA<\/a>).<\/p>\n\n\n\n<p>Esse direito \u00e9 fundamental para promover seguran\u00e7a jur\u00eddica e social, permitindo que o trabalhador desempenhe suas fun\u00e7\u00f5es sem receio de perder o emprego de forma injustificada. Al\u00e9m disso, a estabilidade contribui para a manuten\u00e7\u00e3o da renda familiar e para a continuidade do tratamento ou da prote\u00e7\u00e3o \u00e0 sa\u00fade e \u00e0 vida do empregado em situa\u00e7\u00f5es delicadas.<\/p>\n\n\n\n<h2 class=\"wp-block-heading\">Como funciona a estabilidade no emprego para gestantes?<\/h2>\n\n\n<div class=\"wp-block-image\">\n<figure class=\"aligncenter size-large\"><img loading=\"lazy\" decoding=\"async\" width=\"1024\" height=\"576\" src=\"https:\/\/www.em.com.br\/emfoco\/wp-content\/uploads\/2025\/06\/b_1749545941768-1024x576.jpg\" alt=\"\" class=\"wp-image-58539\" srcset=\"https:\/\/www.em.com.br\/emfoco\/wp-content\/uploads\/2025\/06\/b_1749545941768-1024x576.jpg 1024w, https:\/\/www.em.com.br\/emfoco\/wp-content\/uploads\/2025\/06\/b_1749545941768-300x169.jpg 300w, https:\/\/www.em.com.br\/emfoco\/wp-content\/uploads\/2025\/06\/b_1749545941768-768x432.jpg 768w, https:\/\/www.em.com.br\/emfoco\/wp-content\/uploads\/2025\/06\/b_1749545941768-750x422.jpg 750w, https:\/\/www.em.com.br\/emfoco\/wp-content\/uploads\/2025\/06\/b_1749545941768-1140x641.jpg 1140w, https:\/\/www.em.com.br\/emfoco\/wp-content\/uploads\/2025\/06\/b_1749545941768.jpg 1280w\" sizes=\"auto, (max-width: 1024px) 100vw, 1024px\" \/><figcaption class=\"wp-element-caption\">Mulher gestante usando o notebook &#8211; Cr\u00e9ditos: depositphotos.com \/ VitalikRadko<\/figcaption><\/figure><\/div>\n\n\n<p>A estabilidade no emprego para gestantes \u00e9 um direito previsto na legisla\u00e7\u00e3o trabalhista brasileira, especificamente no artigo 10, inciso II, al\u00ednea &#8216;b&#8217; do Ato das <strong>Disposi\u00e7\u00f5es Constitucionais Transit\u00f3rias<\/strong> (<a href=\"https:\/\/www.planalto.gov.br\/ccivil_03\/constituicao\/constituicao.htm\" target=\"_blank\" rel=\"noreferrer noopener\">ADCT<\/a>). A partir da confirma\u00e7\u00e3o da gravidez at\u00e9 cinco meses ap\u00f3s o parto, a empregada n\u00e3o pode ser dispensada sem justa causa. Esse per\u00edodo de prote\u00e7\u00e3o visa garantir que a gestante tenha tranquilidade durante a gesta\u00e7\u00e3o e nos primeiros meses de vida do beb\u00ea.<\/p>\n\n\n\n<p>Caso a demiss\u00e3o ocorra durante esse intervalo, a empresa deve reintegrar a funcion\u00e1ria ao quadro de colaboradores ou indeniz\u00e1-la pelo per\u00edodo de estabilidade n\u00e3o cumprido. Essa medida busca evitar que a gravidez seja motivo de discrimina\u00e7\u00e3o e assegura condi\u00e7\u00f5es m\u00ednimas para a sa\u00fade da m\u00e3e e da crian\u00e7a.<\/p>\n\n\n\n<h2 class=\"wp-block-heading\">Quais s\u00e3o os direitos de estabilidade ap\u00f3s um acidente de trabalho?<\/h2>\n\n\n\n<p>Quando um trabalhador sofre um acidente de trabalho, ele passa a ter direito \u00e0 estabilidade provis\u00f3ria no emprego. Essa prote\u00e7\u00e3o come\u00e7a a valer a partir do retorno ao trabalho ap\u00f3s o afastamento pelo <strong>Instituto Nacional do Seguro Social<\/strong> (INSS) e se estende por 12 meses. Durante esse per\u00edodo, o empregado n\u00e3o pode ser dispensado sem justa causa.<\/p>\n\n\n\n<p>A estabilidade ap\u00f3s acidente de trabalho tem como objetivo garantir que o trabalhador tenha tempo suficiente para se recuperar e readaptar \u00e0s suas fun\u00e7\u00f5es, sem o risco de perder o emprego. Caso a empresa descumpra essa regra, o colaborador pode buscar a reintegra\u00e7\u00e3o ou o pagamento de indeniza\u00e7\u00e3o correspondente ao tempo de estabilidade.<\/p>\n\n\n\n<h2 class=\"wp-block-heading\">Quem participa da CIPA tem direito \u00e0 estabilidade no emprego?<\/h2>\n\n\n\n<p>Os membros eleitos da <strong>Comiss\u00e3o Interna de Preven\u00e7\u00e3o de Acidentes<\/strong> (CIPA) possuem estabilidade no emprego desde o registro da candidatura at\u00e9 um ano ap\u00f3s o t\u00e9rmino do mandato. Essa prote\u00e7\u00e3o abrange tanto titulares quanto suplentes, independentemente do tempo de servi\u00e7o na empresa.<\/p>\n\n\n\n<p>O objetivo dessa estabilidade \u00e9 evitar retalia\u00e7\u00f5es e garantir que os representantes dos trabalhadores possam exercer suas fun\u00e7\u00f5es de fiscaliza\u00e7\u00e3o e preven\u00e7\u00e3o de acidentes sem sofrer press\u00f5es ou amea\u00e7as de demiss\u00e3o. Se houver dispensa irregular, o empregado pode solicitar a reintegra\u00e7\u00e3o ou indeniza\u00e7\u00e3o referente ao per\u00edodo de estabilidade.<\/p>\n\n\n\n<h2 class=\"wp-block-heading\">Quais situa\u00e7\u00f5es podem impedir a estabilidade no emprego?<\/h2>\n\n\n\n<p>Apesar das garantias previstas em lei, existem situa\u00e7\u00f5es em que a estabilidade no emprego pode ser afastada. A principal delas \u00e9 a demiss\u00e3o por justa causa, que ocorre quando o empregado comete falta grave, como ato de improbidade, insubordina\u00e7\u00e3o ou abandono de emprego. Nesses casos, a empresa pode rescindir o contrato mesmo durante o per\u00edodo de estabilidade. A demiss\u00e3o por justa causa est\u00e1 prevista no <strong>artigo 482 da<\/strong> <strong>Consolida\u00e7\u00e3o das Leis do Trabalho<\/strong> (<a href=\"https:\/\/www.em.com.br\/emfoco\/2025\/06\/07\/horas-extras-na-clt-exigem-atencao-maxima-do-rh\/\" target=\"_blank\" rel=\"noreferrer noopener\">CLT<\/a>), onde s\u00e3o descritas as hip\u00f3teses e fundamentos legais para esse tipo de desligamento.<\/p>\n\n\n\n<p>Al\u00e9m disso, a estabilidade n\u00e3o impede o t\u00e9rmino do contrato por prazo determinado, caso esse seja o tipo de v\u00ednculo estabelecido. Tamb\u00e9m n\u00e3o se aplica em situa\u00e7\u00f5es de fechamento definitivo da empresa ou extin\u00e7\u00e3o do estabelecimento onde o trabalhador atua. \u00c9 importante que empregadores e empregados conhe\u00e7am essas exce\u00e7\u00f5es para evitar conflitos e garantir o cumprimento da legisla\u00e7\u00e3o trabalhista.<\/p>\n","protected":false},"excerpt":{"rendered":"<p>A estabilidade no emprego \u00e9 um direito garantido a determinados trabalhadores, protegendo-os contra demiss\u00f5es arbitr\u00e1rias ou sem justa causa em situa\u00e7\u00f5es espec\u00edficas. Esse mecanismo busca assegurar que o colaborador n\u00e3o seja dispensado enquanto estiver em condi\u00e7\u00f5es que demandam prote\u00e7\u00e3o especial, como durante a gravidez, ap\u00f3s um acidente de trabalho ou quando eleito para a Comiss\u00e3o [&hellip;]<\/p>\n","protected":false},"author":20,"featured_media":58540,"comment_status":"open","ping_status":"open","sticky":false,"template":"","format":"standard","meta":{"jnews-multi-image_gallery":[],"jnews_single_post":{"format":"standard"},"jnews_primary_category":[],"jnews_social_meta":[],"jnews_override_counter":[],"footnotes":""},"categories":[28,1],"tags":[10140,2287,10139],"class_list":["post-58528","post","type-post","status-publish","format-standard","has-post-thumbnail","hentry","category-economia","category-noticias","tag-cipa","tag-demissao","tag-gestante"],"yoast_head":"<!-- This site is optimized with the Yoast SEO plugin v23.8 - https:\/\/yoast.com\/wordpress\/plugins\/seo\/ -->\n<title>Demiss\u00e3o pode ser considerada ilegal em casos como esses - Estado de Minas - Em foco<\/title>\n<meta name=\"description\" content=\"Voc\u00ea pode ter estabilidade no trabalho e nem saber. Entenda os direitos garantidos a gestantes, acidentados e representantes da CIPA.\" \/>\n<meta name=\"robots\" content=\"index, follow, max-snippet:-1, max-image-preview:large, max-video-preview:-1\" \/>\n<link rel=\"canonical\" href=\"https:\/\/www.em.com.br\/emfoco\/2025\/06\/11\/demissao-pode-ser-considerada-ilegal-em-casos-como-esses\/\" \/>\n<meta property=\"og:locale\" content=\"pt_BR\" \/>\n<meta property=\"og:type\" content=\"article\" \/>\n<meta property=\"og:title\" content=\"Demiss\u00e3o pode ser considerada ilegal em casos como esses - Estado de Minas - Em foco\" \/>\n<meta property=\"og:description\" content=\"Voc\u00ea pode ter estabilidade no trabalho e nem saber. Entenda os direitos garantidos a gestantes, acidentados e representantes da CIPA.\" \/>\n<meta property=\"og:url\" content=\"https:\/\/www.em.com.br\/emfoco\/2025\/06\/11\/demissao-pode-ser-considerada-ilegal-em-casos-como-esses\/\" \/>\n<meta property=\"og:site_name\" content=\"Estado de Minas - Em foco\" \/>\n<meta property=\"article:published_time\" content=\"2025-06-11T23:30:00+00:00\" \/>\n<meta property=\"article:modified_time\" content=\"2025-06-10T23:05:14+00:00\" \/>\n<meta property=\"og:image\" content=\"https:\/\/www.em.com.br\/emfoco\/wp-content\/uploads\/2025\/06\/gravida-trabalhando_1749545919753.jpg\" \/>\n\t<meta property=\"og:image:width\" content=\"1280\" \/>\n\t<meta property=\"og:image:height\" content=\"720\" \/>\n\t<meta property=\"og:image:type\" content=\"image\/jpeg\" \/>\n<meta name=\"author\" content=\"Ingrid Diniz\" \/>\n<meta name=\"twitter:card\" content=\"summary_large_image\" \/>\n<meta name=\"twitter:label1\" content=\"Escrito por\" \/>\n\t<meta name=\"twitter:data1\" content=\"Ingrid Diniz\" \/>\n\t<meta name=\"twitter:label2\" content=\"Est. tempo de leitura\" \/>\n\t<meta name=\"twitter:data2\" content=\"4 minutos\" \/>\n<!-- \/ Yoast SEO plugin. -->","yoast_head_json":{"title":"Demiss\u00e3o pode ser considerada ilegal em casos como esses - Estado de Minas - Em foco","description":"Voc\u00ea pode ter estabilidade no trabalho e nem saber. Entenda os direitos garantidos a gestantes, acidentados e representantes da CIPA.","robots":{"index":"index","follow":"follow","max-snippet":"max-snippet:-1","max-image-preview":"max-image-preview:large","max-video-preview":"max-video-preview:-1"},"canonical":"https:\/\/www.em.com.br\/emfoco\/2025\/06\/11\/demissao-pode-ser-considerada-ilegal-em-casos-como-esses\/","og_locale":"pt_BR","og_type":"article","og_title":"Demiss\u00e3o pode ser considerada ilegal em casos como esses - Estado de Minas - Em foco","og_description":"Voc\u00ea pode ter estabilidade no trabalho e nem saber. Entenda os direitos garantidos a gestantes, acidentados e representantes da CIPA.","og_url":"https:\/\/www.em.com.br\/emfoco\/2025\/06\/11\/demissao-pode-ser-considerada-ilegal-em-casos-como-esses\/","og_site_name":"Estado de Minas - Em foco","article_published_time":"2025-06-11T23:30:00+00:00","article_modified_time":"2025-06-10T23:05:14+00:00","og_image":[{"width":1280,"height":720,"url":"https:\/\/www.em.com.br\/emfoco\/wp-content\/uploads\/2025\/06\/gravida-trabalhando_1749545919753.jpg","type":"image\/jpeg"}],"author":"Ingrid Diniz","twitter_card":"summary_large_image","twitter_misc":{"Escrito por":"Ingrid Diniz","Est. tempo de leitura":"4 minutos"},"schema":{"@context":"https:\/\/schema.org","@graph":[{"@type":"WebPage","@id":"https:\/\/www.em.com.br\/emfoco\/2025\/06\/11\/demissao-pode-ser-considerada-ilegal-em-casos-como-esses\/","url":"https:\/\/www.em.com.br\/emfoco\/2025\/06\/11\/demissao-pode-ser-considerada-ilegal-em-casos-como-esses\/","name":"Demiss\u00e3o pode ser considerada ilegal em casos como esses - Estado de Minas - Em foco","isPartOf":{"@id":"https:\/\/www.em.com.br\/emfoco\/#website"},"primaryImageOfPage":{"@id":"https:\/\/www.em.com.br\/emfoco\/2025\/06\/11\/demissao-pode-ser-considerada-ilegal-em-casos-como-esses\/#primaryimage"},"image":{"@id":"https:\/\/www.em.com.br\/emfoco\/2025\/06\/11\/demissao-pode-ser-considerada-ilegal-em-casos-como-esses\/#primaryimage"},"thumbnailUrl":"https:\/\/www.em.com.br\/emfoco\/wp-content\/uploads\/2025\/06\/gravida-trabalhando_1749545919753.jpg","datePublished":"2025-06-11T23:30:00+00:00","dateModified":"2025-06-10T23:05:14+00:00","author":{"@id":"https:\/\/www.em.com.br\/emfoco\/#\/schema\/person\/649e610b4eb8fff87ff394e54fe17b2b"},"description":"Voc\u00ea pode ter estabilidade no trabalho e nem saber. Entenda os direitos garantidos a gestantes, acidentados e representantes da CIPA.","breadcrumb":{"@id":"https:\/\/www.em.com.br\/emfoco\/2025\/06\/11\/demissao-pode-ser-considerada-ilegal-em-casos-como-esses\/#breadcrumb"},"inLanguage":"pt-BR","potentialAction":[{"@type":"ReadAction","target":["https:\/\/www.em.com.br\/emfoco\/2025\/06\/11\/demissao-pode-ser-considerada-ilegal-em-casos-como-esses\/"]}]},{"@type":"ImageObject","inLanguage":"pt-BR","@id":"https:\/\/www.em.com.br\/emfoco\/2025\/06\/11\/demissao-pode-ser-considerada-ilegal-em-casos-como-esses\/#primaryimage","url":"https:\/\/www.em.com.br\/emfoco\/wp-content\/uploads\/2025\/06\/gravida-trabalhando_1749545919753.jpg","contentUrl":"https:\/\/www.em.com.br\/emfoco\/wp-content\/uploads\/2025\/06\/gravida-trabalhando_1749545919753.jpg","width":1280,"height":720,"caption":"Regras atualizadas do INSS e crit\u00e9rios essenciais da Previd\u00eancia - Cr\u00e9ditos: depositphotos.com \/ konstantynov"},{"@type":"BreadcrumbList","@id":"https:\/\/www.em.com.br\/emfoco\/2025\/06\/11\/demissao-pode-ser-considerada-ilegal-em-casos-como-esses\/#breadcrumb","itemListElement":[{"@type":"ListItem","position":1,"name":"In\u00edcio","item":"https:\/\/www.em.com.br\/emfoco\/"},{"@type":"ListItem","position":2,"name":"Demiss\u00e3o pode ser considerada ilegal em casos como esses"}]},{"@type":"WebSite","@id":"https:\/\/www.em.com.br\/emfoco\/#website","url":"https:\/\/www.em.com.br\/emfoco\/","name":"Estado de Minas - Em foco","description":"Acompanhe as \u00faltimas not\u00edcias e fique bem informado sobre tudo o que acontece em Minas Gerais, Brasil e no mundo.","potentialAction":[{"@type":"SearchAction","target":{"@type":"EntryPoint","urlTemplate":"https:\/\/www.em.com.br\/emfoco\/?s={search_term_string}"},"query-input":{"@type":"PropertyValueSpecification","valueRequired":true,"valueName":"search_term_string"}}],"inLanguage":"pt-BR"},{"@type":"Person","@id":"https:\/\/www.em.com.br\/emfoco\/#\/schema\/person\/649e610b4eb8fff87ff394e54fe17b2b","name":"Ingrid Diniz","image":{"@type":"ImageObject","inLanguage":"pt-BR","@id":"https:\/\/www.em.com.br\/emfoco\/#\/schema\/person\/image\/","url":"https:\/\/secure.gravatar.com\/avatar\/a3baa1449ec5c39b4c42babc9d4f3951?s=96&d=mm&r=g","contentUrl":"https:\/\/secure.gravatar.com\/avatar\/a3baa1449ec5c39b4c42babc9d4f3951?s=96&d=mm&r=g","caption":"Ingrid Diniz"},"sameAs":["https:\/\/www.em.com.br\/"],"url":"https:\/\/www.em.com.br\/emfoco\/author\/ingridmyth\/"}]}},"_links":{"self":[{"href":"https:\/\/www.em.com.br\/emfoco\/wp-json\/wp\/v2\/posts\/58528","targetHints":{"allow":["GET"]}}],"collection":[{"href":"https:\/\/www.em.com.br\/emfoco\/wp-json\/wp\/v2\/posts"}],"about":[{"href":"https:\/\/www.em.com.br\/emfoco\/wp-json\/wp\/v2\/types\/post"}],"author":[{"embeddable":true,"href":"https:\/\/www.em.com.br\/emfoco\/wp-json\/wp\/v2\/users\/20"}],"replies":[{"embeddable":true,"href":"https:\/\/www.em.com.br\/emfoco\/wp-json\/wp\/v2\/comments?post=58528"}],"version-history":[{"count":1,"href":"https:\/\/www.em.com.br\/emfoco\/wp-json\/wp\/v2\/posts\/58528\/revisions"}],"predecessor-version":[{"id":58545,"href":"https:\/\/www.em.com.br\/emfoco\/wp-json\/wp\/v2\/posts\/58528\/revisions\/58545"}],"wp:featuredmedia":[{"embeddable":true,"href":"https:\/\/www.em.com.br\/emfoco\/wp-json\/wp\/v2\/media\/58540"}],"wp:attachment":[{"href":"https:\/\/www.em.com.br\/emfoco\/wp-json\/wp\/v2\/media?parent=58528"}],"wp:term":[{"taxonomy":"category","embeddable":true,"href":"https:\/\/www.em.com.br\/emfoco\/wp-json\/wp\/v2\/categories?post=58528"},{"taxonomy":"post_tag","embeddable":true,"href":"https:\/\/www.em.com.br\/emfoco\/wp-json\/wp\/v2\/tags?post=58528"}],"curies":[{"name":"wp","href":"https:\/\/api.w.org\/{rel}","templated":true}]}}