{"id":58515,"date":"2025-06-11T22:00:00","date_gmt":"2025-06-12T01:00:00","guid":{"rendered":"https:\/\/www.em.com.br\/emfoco\/?p=58515"},"modified":"2025-06-11T09:02:51","modified_gmt":"2025-06-11T12:02:51","slug":"apple-tv-divulga-trailer-com-estreias-bombasticas-para-o-segundo-semestre","status":"publish","type":"post","link":"https:\/\/www.em.com.br\/emfoco\/2025\/06\/11\/apple-tv-divulga-trailer-com-estreias-bombasticas-para-o-segundo-semestre\/","title":{"rendered":"Apple TV divulga trailer com estreias bomb\u00e1sticas para o segundo semestre"},"content":{"rendered":"\n<p>O mais recente trailer divulgado pela&nbsp;<strong><a href=\"https:\/\/www.em.com.br\/emfoco\/2025\/06\/02\/apple-tv-aposta-alto-em-spinoffs-de-ruptura-e-fas-ja-criam-teorias-sobre-o-futuro\/\" target=\"_blank\" rel=\"noreferrer noopener\">Apple TV<\/a><\/strong>&nbsp;apresenta uma sele\u00e7\u00e3o de s\u00e9ries in\u00e9ditas e temporadas aguardadas que estrear\u00e3o ainda em&nbsp;<strong>2025<\/strong>.&nbsp;<strong>O v\u00eddeo destaca cenas impactantes, personagens conhecidos do p\u00fablico e novidades que prometem movimentar o cat\u00e1logo da plataforma no segundo semestre do ano.<\/strong>&nbsp;Com imagens din\u00e2micas e trilha sonora envolvente, o trailer antecipa o que os assinantes podem esperar nos pr\u00f3ximos meses. Entre os principais destaques, a aguardada 3\u00aa temporada de&nbsp;<strong>Funda\u00e7\u00e3o<\/strong>, j\u00e1 com estreia marcada para o dia 11 de julho, abre o calend\u00e1rio de grandes lan\u00e7amentos da Apple TV em 2025.<\/p>\n\n\n\n<h2 class=\"wp-block-heading\">Quais s\u00e3o as principais estreias confirmadas para o segundo semestre de 2025?<\/h2>\n\n\n\n<p>Entre as produ\u00e7\u00f5es que ganham destaque no trailer, est\u00e3o s\u00e9ries originais que j\u00e1 conquistaram f\u00e3s e novas apostas da&nbsp;<strong>Apple TV<\/strong>.&nbsp;<strong>A plataforma confirmou o lan\u00e7amento de t\u00edtulos in\u00e9ditos, al\u00e9m do retorno de produ\u00e7\u00f5es consagradas.<\/strong>&nbsp;O objetivo \u00e9 diversificar o portf\u00f3lio, oferecendo op\u00e7\u00f5es para diferentes p\u00fablicos e gostos, desde dramas intensos at\u00e9 com\u00e9dias e thrillers. Algumas datas j\u00e1 confirmadas animam ainda mais os assinantes:&nbsp;<strong>Platonic<\/strong>&nbsp;chega em 6 de agosto,&nbsp;<strong>Chief of War<\/strong>&nbsp;ser\u00e1 lan\u00e7ada em 1\u00ba de agosto, enquanto o aguardado filme&nbsp;<strong>The Lost Bus<\/strong>&nbsp;\u2014 dirigido por Paul Greengrass e estrelado por Matthew McConaughey e America Ferrera \u2014 amplia a oferta de conte\u00fados de alto n\u00edvel.<\/p>\n\n\n\n<figure class=\"wp-block-embed is-type-video is-provider-youtube wp-block-embed-youtube wp-embed-aspect-16-9 wp-has-aspect-ratio\"><div class=\"wp-block-embed__wrapper\">\n<div class=\"jeg_video_container jeg_video_content\"><iframe loading=\"lazy\" title=\"What&#039;s Coming | Foundation, Chief of War &amp; More | Apple TV+\" width=\"500\" height=\"281\" src=\"https:\/\/www.youtube.com\/embed\/YoD2oUxfnVA?feature=oembed\" frameborder=\"0\" allow=\"accelerometer; autoplay; clipboard-write; encrypted-media; gyroscope; picture-in-picture; web-share\" referrerpolicy=\"strict-origin-when-cross-origin\" allowfullscreen><\/iframe><\/div>\n<\/div><\/figure>\n\n\n\n<h2 class=\"wp-block-heading\">Quais s\u00e9ries retornam com novas temporadas na Apple TV em 2025?<\/h2>\n\n\n\n<p><strong>Apple TV<\/strong>&nbsp;aposta no retorno de s\u00e9ries que marcaram presen\u00e7a em anos anteriores, trazendo novos epis\u00f3dios e desenvolvimentos para tramas j\u00e1 conhecidas.&nbsp;<strong>Entre os destaques, figuram produ\u00e7\u00f5es que receberam indica\u00e7\u00f5es a pr\u00eamios e conquistaram cr\u00edticas positivas.<\/strong>&nbsp;O trailer evidencia cenas in\u00e9ditas dessas continua\u00e7\u00f5es, aumentando a expectativa dos espectadores para os desdobramentos das hist\u00f3rias. Em 2025, os f\u00e3s tamb\u00e9m poder\u00e3o celebrar o retorno de&nbsp;<a href=\"https:\/\/www.cnnbrasil.com.br\/entretenimento\/the-morning-show-apple-tv-anuncia-data-de-estreia-de-4a-temporada\/\" target=\"_blank\" rel=\"noreferrer noopener\"><strong>The Morning Show<\/strong>&nbsp;<\/a>com sua 4\u00aa temporada agendada para 17 de setembro, al\u00e9m da quinta temporada de uma querida s\u00e9rie da plataforma, cuja estreia est\u00e1 prevista para o dia 24 de setembro.<\/p>\n\n\n\n<h2 class=\"wp-block-heading\">Como a Apple TV tem investido em produ\u00e7\u00f5es originais para atrair assinantes?<\/h2>\n\n\n\n<p><strong>Nos \u00faltimos anos, a Apple TV intensificou o investimento em conte\u00fado pr\u00f3prio, buscando se consolidar como refer\u00eancia no segmento de streaming.<\/strong>&nbsp;A estrat\u00e9gia inclui parcerias com diretores renomados, elencos de peso e roteiros inovadores. O trailer de&nbsp;<strong>2025<\/strong>&nbsp;reflete esse compromisso, apresentando s\u00e9ries com tem\u00e1ticas variadas e produ\u00e7\u00f5es de alto padr\u00e3o t\u00e9cnico. Um exemplo \u00e9&nbsp;<strong>Highest 2 Lowest<\/strong>, produ\u00e7\u00e3o comandada por&nbsp;<strong>Spike Lee<\/strong>&nbsp;com&nbsp;<strong>Denzel Washington<\/strong>, cuja estreia est\u00e1 marcada para 5 de setembro, prometendo movimentar ainda mais a agenda da plataforma no ano.<\/p>\n\n\n\n<figure class=\"wp-block-image\"><img decoding=\"async\" src=\"https:\/\/www.em.com.br\/emfoco\/wp-content\/uploads\/2025\/05\/Apple-tv_1748455106368-1024x576.jpg\" alt=\"\"\/><figcaption class=\"wp-element-caption\">Apple TV &#8211; Cr\u00e9ditos: depositphotos.com \/ AlexShadyuk<\/figcaption><\/figure>\n\n\n\n<h2 class=\"wp-block-heading\">Quais g\u00eaneros ganham espa\u00e7o entre as novidades do cat\u00e1logo da Apple TV?<\/h2>\n\n\n\n<p><strong>O trailer revela que a plataforma ampliou a oferta de g\u00eaneros, contemplando desde suspense e fic\u00e7\u00e3o cient\u00edfica at\u00e9 dramas familiares e com\u00e9dias.<\/strong>\u00a0Essa diversidade atende a uma demanda crescente por conte\u00fados diferenciados, permitindo que o p\u00fablico encontre op\u00e7\u00f5es alinhadas a seus interesses. Entre as novidades, destacam-se s\u00e9ries de investiga\u00e7\u00e3o, narrativas dist\u00f3picas como a 3\u00aa temporada de\u00a0<strong>Funda\u00e7\u00e3o<\/strong>, hist\u00f3rias baseadas em fatos, grandes filmes in\u00e9ditos como\u00a0<strong>The Lost Bus<\/strong>\u00a0e thrillers de a\u00e7\u00e3o comandados por diretores prestigiados.<\/p>\n\n\n\n<h2 class=\"wp-block-heading\">O que esperar das produ\u00e7\u00f5es in\u00e9ditas anunciadas para 2025?<\/h2>\n\n\n\n<p><strong>As s\u00e9ries in\u00e9ditas prometem trazer enredos envolventes, personagens complexos e abordagens criativas.<\/strong>&nbsp;A&nbsp;<strong>Apple TV<\/strong>&nbsp;aposta em roteiros originais e em adapta\u00e7\u00f5es de obras liter\u00e1rias e hist\u00f3rias reais, buscando surpreender e engajar a audi\u00eancia. O trailer antecipa momentos de tens\u00e3o, reviravoltas e temas atuais, sinalizando que o segundo semestre de&nbsp;<strong>2025<\/strong>&nbsp;ser\u00e1 marcado por lan\u00e7amentos de grande repercuss\u00e3o na plataforma, como&nbsp;<strong>Platonic<\/strong>&nbsp;em agosto,&nbsp;<strong>The Morning Show<\/strong>&nbsp;em setembro e produ\u00e7\u00f5es in\u00e9ditas de cineastas premiados.<\/p>\n\n\n\n<ul class=\"wp-block-list\">\n<li><strong>Novas temporadas:<\/strong>&nbsp;S\u00e9ries j\u00e1 conhecidas retornam com epis\u00f3dios in\u00e9ditos, como&nbsp;<strong>Funda\u00e7\u00e3o<\/strong>&nbsp;(3\u00aa temporada, 11 de julho),&nbsp;<strong>The Morning Show<\/strong>&nbsp;(4\u00aa temporada, 17 de setembro) e 5\u00aa temporada em 24 de setembro.<\/li>\n\n\n\n<li><strong>Estreias aguardadas:<\/strong>&nbsp;Produ\u00e7\u00f5es originais como&nbsp;<strong>Chief of War<\/strong>&nbsp;(1\u00ba de agosto),&nbsp;<strong>Platonic<\/strong>&nbsp;(6 de agosto), o filme&nbsp;<strong>The Lost Bus<\/strong>&nbsp;e a s\u00e9rie&nbsp;<strong>Highest 2 Lowest<\/strong>&nbsp;(5 de setembro).<\/li>\n\n\n\n<li><strong>Diversidade de g\u00eaneros:<\/strong>&nbsp;Suspense, drama, com\u00e9dia e fic\u00e7\u00e3o cient\u00edfica entre as op\u00e7\u00f5es, garantindo entretenimento para todos os gostos.<\/li>\n\n\n\n<li><strong>Investimento em qualidade:<\/strong>&nbsp;Parcerias com profissionais renomados e roteiros inovadores, com envolvimento de diretores como Paul Greengrass e Spike Lee e astros como Matthew McConaughey, America Ferrera e Denzel Washington.<\/li>\n<\/ul>\n\n\n\n<p>Com o lan\u00e7amento do trailer, a&nbsp;<strong>Apple TV<\/strong>&nbsp;refor\u00e7a sua inten\u00e7\u00e3o de manter o p\u00fablico engajado e ampliar sua base de assinantes, apostando em hist\u00f3rias envolventes e produ\u00e7\u00f5es de alto n\u00edvel para o restante de&nbsp;<strong>2025<\/strong>.<\/p>\n","protected":false},"excerpt":{"rendered":"<p>O mais recente trailer divulgado pela&nbsp;Apple TV&nbsp;apresenta uma sele\u00e7\u00e3o de s\u00e9ries in\u00e9ditas e temporadas aguardadas que estrear\u00e3o ainda em&nbsp;2025.&nbsp;O v\u00eddeo destaca cenas impactantes, personagens conhecidos do p\u00fablico e novidades que prometem movimentar o cat\u00e1logo da plataforma no segundo semestre do ano.&nbsp;Com imagens din\u00e2micas e trilha sonora envolvente, o trailer antecipa o que os assinantes podem [&hellip;]<\/p>\n","protected":false},"author":11,"featured_media":48688,"comment_status":"open","ping_status":"open","sticky":false,"template":"","format":"standard","meta":{"jnews-multi-image_gallery":[],"jnews_single_post":{"format":"standard"},"jnews_primary_category":[],"jnews_social_meta":[],"jnews_override_counter":[],"footnotes":""},"categories":[137,1,136],"tags":[3662,3475,7809,1117],"class_list":["post-58515","post","type-post","status-publish","format-standard","has-post-thumbnail","hentry","category-filmes","category-noticias","category-series","tag-apple","tag-apple-tv","tag-estreias","tag-lancamentos"],"yoast_head":"<!-- This site is optimized with the Yoast SEO plugin v23.8 - https:\/\/yoast.com\/wordpress\/plugins\/seo\/ -->\n<title>Apple TV divulga trailer com estreias bomb\u00e1sticas para o segundo semestre - Estado de Minas - Em foco<\/title>\n<meta name=\"description\" content=\"Apple TV libera trailer com os principais lan\u00e7amentos para 2025. Veja as datas de estreia e o que esperar das novas temporadas.\" \/>\n<meta name=\"robots\" content=\"index, follow, max-snippet:-1, max-image-preview:large, max-video-preview:-1\" \/>\n<link rel=\"canonical\" href=\"https:\/\/www.em.com.br\/emfoco\/2025\/06\/11\/apple-tv-divulga-trailer-com-estreias-bombasticas-para-o-segundo-semestre\/\" \/>\n<meta property=\"og:locale\" content=\"pt_BR\" \/>\n<meta property=\"og:type\" content=\"article\" \/>\n<meta property=\"og:title\" content=\"Apple TV divulga trailer com estreias bomb\u00e1sticas para o segundo semestre - Estado de Minas - Em foco\" \/>\n<meta property=\"og:description\" content=\"Apple TV libera trailer com os principais lan\u00e7amentos para 2025. Veja as datas de estreia e o que esperar das novas temporadas.\" \/>\n<meta property=\"og:url\" content=\"https:\/\/www.em.com.br\/emfoco\/2025\/06\/11\/apple-tv-divulga-trailer-com-estreias-bombasticas-para-o-segundo-semestre\/\" \/>\n<meta property=\"og:site_name\" content=\"Estado de Minas - Em foco\" \/>\n<meta property=\"article:published_time\" content=\"2025-06-12T01:00:00+00:00\" \/>\n<meta property=\"article:modified_time\" content=\"2025-06-11T12:02:51+00:00\" \/>\n<meta property=\"og:image\" content=\"https:\/\/www.em.com.br\/emfoco\/wp-content\/uploads\/2025\/05\/Apple-TV-serie_1747688156497.jpg\" \/>\n\t<meta property=\"og:image:width\" content=\"1280\" \/>\n\t<meta property=\"og:image:height\" content=\"720\" \/>\n\t<meta property=\"og:image:type\" content=\"image\/jpeg\" \/>\n<meta name=\"author\" content=\"Andre\u0301 Rangel\u00a0\" \/>\n<meta name=\"twitter:card\" content=\"summary_large_image\" \/>\n<meta name=\"twitter:label1\" content=\"Escrito por\" \/>\n\t<meta name=\"twitter:data1\" content=\"Andre\u0301 Rangel\u00a0\" \/>\n\t<meta name=\"twitter:label2\" content=\"Est. tempo de leitura\" \/>\n\t<meta name=\"twitter:data2\" content=\"5 minutos\" \/>\n<!-- \/ Yoast SEO plugin. -->","yoast_head_json":{"title":"Apple TV divulga trailer com estreias bomb\u00e1sticas para o segundo semestre - Estado de Minas - Em foco","description":"Apple TV libera trailer com os principais lan\u00e7amentos para 2025. Veja as datas de estreia e o que esperar das novas temporadas.","robots":{"index":"index","follow":"follow","max-snippet":"max-snippet:-1","max-image-preview":"max-image-preview:large","max-video-preview":"max-video-preview:-1"},"canonical":"https:\/\/www.em.com.br\/emfoco\/2025\/06\/11\/apple-tv-divulga-trailer-com-estreias-bombasticas-para-o-segundo-semestre\/","og_locale":"pt_BR","og_type":"article","og_title":"Apple TV divulga trailer com estreias bomb\u00e1sticas para o segundo semestre - Estado de Minas - Em foco","og_description":"Apple TV libera trailer com os principais lan\u00e7amentos para 2025. Veja as datas de estreia e o que esperar das novas temporadas.","og_url":"https:\/\/www.em.com.br\/emfoco\/2025\/06\/11\/apple-tv-divulga-trailer-com-estreias-bombasticas-para-o-segundo-semestre\/","og_site_name":"Estado de Minas - Em foco","article_published_time":"2025-06-12T01:00:00+00:00","article_modified_time":"2025-06-11T12:02:51+00:00","og_image":[{"width":1280,"height":720,"url":"https:\/\/www.em.com.br\/emfoco\/wp-content\/uploads\/2025\/05\/Apple-TV-serie_1747688156497.jpg","type":"image\/jpeg"}],"author":"Andre\u0301 Rangel\u00a0","twitter_card":"summary_large_image","twitter_misc":{"Escrito por":"Andre\u0301 Rangel\u00a0","Est. tempo de leitura":"5 minutos"},"schema":{"@context":"https:\/\/schema.org","@graph":[{"@type":"WebPage","@id":"https:\/\/www.em.com.br\/emfoco\/2025\/06\/11\/apple-tv-divulga-trailer-com-estreias-bombasticas-para-o-segundo-semestre\/","url":"https:\/\/www.em.com.br\/emfoco\/2025\/06\/11\/apple-tv-divulga-trailer-com-estreias-bombasticas-para-o-segundo-semestre\/","name":"Apple TV divulga trailer com estreias bomb\u00e1sticas para o segundo semestre - Estado de Minas - Em foco","isPartOf":{"@id":"https:\/\/www.em.com.br\/emfoco\/#website"},"primaryImageOfPage":{"@id":"https:\/\/www.em.com.br\/emfoco\/2025\/06\/11\/apple-tv-divulga-trailer-com-estreias-bombasticas-para-o-segundo-semestre\/#primaryimage"},"image":{"@id":"https:\/\/www.em.com.br\/emfoco\/2025\/06\/11\/apple-tv-divulga-trailer-com-estreias-bombasticas-para-o-segundo-semestre\/#primaryimage"},"thumbnailUrl":"https:\/\/www.em.com.br\/emfoco\/wp-content\/uploads\/2025\/05\/Apple-TV-serie_1747688156497.jpg","datePublished":"2025-06-12T01:00:00+00:00","dateModified":"2025-06-11T12:02:51+00:00","author":{"@id":"https:\/\/www.em.com.br\/emfoco\/#\/schema\/person\/60eda09c1fedf0d6891f4cef4b60b8b8"},"description":"Apple TV libera trailer com os principais lan\u00e7amentos para 2025. Veja as datas de estreia e o que esperar das novas temporadas.","breadcrumb":{"@id":"https:\/\/www.em.com.br\/emfoco\/2025\/06\/11\/apple-tv-divulga-trailer-com-estreias-bombasticas-para-o-segundo-semestre\/#breadcrumb"},"inLanguage":"pt-BR","potentialAction":[{"@type":"ReadAction","target":["https:\/\/www.em.com.br\/emfoco\/2025\/06\/11\/apple-tv-divulga-trailer-com-estreias-bombasticas-para-o-segundo-semestre\/"]}]},{"@type":"ImageObject","inLanguage":"pt-BR","@id":"https:\/\/www.em.com.br\/emfoco\/2025\/06\/11\/apple-tv-divulga-trailer-com-estreias-bombasticas-para-o-segundo-semestre\/#primaryimage","url":"https:\/\/www.em.com.br\/emfoco\/wp-content\/uploads\/2025\/05\/Apple-TV-serie_1747688156497.jpg","contentUrl":"https:\/\/www.em.com.br\/emfoco\/wp-content\/uploads\/2025\/05\/Apple-TV-serie_1747688156497.jpg","width":1280,"height":720,"caption":"Apple TV s\u00e9rie - Cr\u00e9ditos: depositphotos.com \/ tbtb"},{"@type":"BreadcrumbList","@id":"https:\/\/www.em.com.br\/emfoco\/2025\/06\/11\/apple-tv-divulga-trailer-com-estreias-bombasticas-para-o-segundo-semestre\/#breadcrumb","itemListElement":[{"@type":"ListItem","position":1,"name":"In\u00edcio","item":"https:\/\/www.em.com.br\/emfoco\/"},{"@type":"ListItem","position":2,"name":"Apple TV divulga trailer com estreias bomb\u00e1sticas para o segundo semestre"}]},{"@type":"WebSite","@id":"https:\/\/www.em.com.br\/emfoco\/#website","url":"https:\/\/www.em.com.br\/emfoco\/","name":"Estado de Minas - Em foco","description":"Acompanhe as \u00faltimas not\u00edcias e fique bem informado sobre tudo o que acontece em Minas Gerais, Brasil e no mundo.","potentialAction":[{"@type":"SearchAction","target":{"@type":"EntryPoint","urlTemplate":"https:\/\/www.em.com.br\/emfoco\/?s={search_term_string}"},"query-input":{"@type":"PropertyValueSpecification","valueRequired":true,"valueName":"search_term_string"}}],"inLanguage":"pt-BR"},{"@type":"Person","@id":"https:\/\/www.em.com.br\/emfoco\/#\/schema\/person\/60eda09c1fedf0d6891f4cef4b60b8b8","name":"Andre\u0301 Rangel\u00a0","image":{"@type":"ImageObject","inLanguage":"pt-BR","@id":"https:\/\/www.em.com.br\/emfoco\/#\/schema\/person\/image\/","url":"https:\/\/secure.gravatar.com\/avatar\/6234dc814c77c8ef6d8bba622c787efc?s=96&d=mm&r=g","contentUrl":"https:\/\/secure.gravatar.com\/avatar\/6234dc814c77c8ef6d8bba622c787efc?s=96&d=mm&r=g","caption":"Andre\u0301 Rangel\u00a0"},"url":"https:\/\/www.em.com.br\/emfoco\/author\/luizmyth\/"}]}},"_links":{"self":[{"href":"https:\/\/www.em.com.br\/emfoco\/wp-json\/wp\/v2\/posts\/58515","targetHints":{"allow":["GET"]}}],"collection":[{"href":"https:\/\/www.em.com.br\/emfoco\/wp-json\/wp\/v2\/posts"}],"about":[{"href":"https:\/\/www.em.com.br\/emfoco\/wp-json\/wp\/v2\/types\/post"}],"author":[{"embeddable":true,"href":"https:\/\/www.em.com.br\/emfoco\/wp-json\/wp\/v2\/users\/11"}],"replies":[{"embeddable":true,"href":"https:\/\/www.em.com.br\/emfoco\/wp-json\/wp\/v2\/comments?post=58515"}],"version-history":[{"count":5,"href":"https:\/\/www.em.com.br\/emfoco\/wp-json\/wp\/v2\/posts\/58515\/revisions"}],"predecessor-version":[{"id":58647,"href":"https:\/\/www.em.com.br\/emfoco\/wp-json\/wp\/v2\/posts\/58515\/revisions\/58647"}],"wp:featuredmedia":[{"embeddable":true,"href":"https:\/\/www.em.com.br\/emfoco\/wp-json\/wp\/v2\/media\/48688"}],"wp:attachment":[{"href":"https:\/\/www.em.com.br\/emfoco\/wp-json\/wp\/v2\/media?parent=58515"}],"wp:term":[{"taxonomy":"category","embeddable":true,"href":"https:\/\/www.em.com.br\/emfoco\/wp-json\/wp\/v2\/categories?post=58515"},{"taxonomy":"post_tag","embeddable":true,"href":"https:\/\/www.em.com.br\/emfoco\/wp-json\/wp\/v2\/tags?post=58515"}],"curies":[{"name":"wp","href":"https:\/\/api.w.org\/{rel}","templated":true}]}}