{"id":58510,"date":"2025-06-11T19:20:00","date_gmt":"2025-06-11T22:20:00","guid":{"rendered":"https:\/\/www.em.com.br\/emfoco\/?p=58510"},"modified":"2025-06-11T09:00:42","modified_gmt":"2025-06-11T12:00:42","slug":"o-novo-ios-esta-mudando-tudo-e-ja-causa-alvoroco-entre-usuarios","status":"publish","type":"post","link":"https:\/\/www.em.com.br\/emfoco\/2025\/06\/11\/o-novo-ios-esta-mudando-tudo-e-ja-causa-alvoroco-entre-usuarios\/","title":{"rendered":"O novo iOS est\u00e1 mudando tudo e j\u00e1 causa alvoro\u00e7o entre usu\u00e1rios"},"content":{"rendered":"\n<p>A decis\u00e3o da\u00a0<a href=\"https:\/\/www.em.com.br\/emfoco\/2025\/05\/30\/apple-promete-mudar-para-sempre-o-conceito-de-casa-inteligente\/\" target=\"_blank\" rel=\"noreferrer noopener\"><strong>Apple<\/strong>\u00a0<\/a>de renomear seu sistema operacional para\u00a0<strong><a href=\"https:\/\/www.apple.com\/br\/newsroom\/2025\/06\/apple-elevates-the-iphone-experience-with-ios-26\/\" target=\"_blank\" rel=\"noreferrer noopener\">iOS 26<\/a><\/strong>\u00a0representa um marco estrat\u00e9gico na trajet\u00f3ria da empresa.\u00a0<strong>O novo nome acompanha uma s\u00e9rie de mudan\u00e7as visuais e funcionais, sinalizando ao mercado uma nova era para o ecossistema da marca.<\/strong>\u00a0Segundo fontes do setor, a altera\u00e7\u00e3o busca alinhar o sistema \u00e0s tend\u00eancias globais de tecnologia e refor\u00e7ar a identidade da plataforma, que h\u00e1 anos \u00e9 refer\u00eancia em inova\u00e7\u00e3o e seguran\u00e7a.<\/p>\n\n\n\n<p><strong>A mudan\u00e7a tamb\u00e9m reflete o compromisso da Apple em manter sua base de usu\u00e1rios atualizada e engajada.<\/strong>&nbsp;Ao adotar uma nova nomenclatura, a empresa pretende destacar as novidades do sistema e diferenciar esta vers\u00e3o das anteriores, marcando um ponto de virada na experi\u00eancia dos usu\u00e1rios de iPhone e iPad.<\/p>\n\n\n\n<h2 class=\"wp-block-heading\">Quais s\u00e3o as principais novidades visuais do iOS 26?<\/h2>\n\n\n\n<p><strong>O iOS 26 apresenta uma transforma\u00e7\u00e3o visual significativa, com uma interface mais limpa e moderna.<\/strong>&nbsp;Os \u00edcones foram redesenhados, adotando um estilo mais minimalista e cores suaves, proporcionando maior conforto visual.&nbsp;<strong>Al\u00e9m disso, a tela inicial ganhou novos widgets interativos, permitindo personaliza\u00e7\u00e3o avan\u00e7ada e acesso r\u00e1pido a informa\u00e7\u00f5es relevantes.<\/strong><\/p>\n\n\n\n<p><strong>Outro destaque \u00e9 o novo modo escuro aprimorado, que agora se adapta automaticamente ao ambiente e \u00e0s prefer\u00eancias do usu\u00e1rio.<\/strong>&nbsp;As anima\u00e7\u00f5es de transi\u00e7\u00e3o tamb\u00e9m foram otimizadas, tornando a navega\u00e7\u00e3o mais fluida e intuitiva.&nbsp;<strong>Essas mudan\u00e7as visuais buscam oferecer uma experi\u00eancia mais agrad\u00e1vel e eficiente no dia a dia.<\/strong><\/p>\n\n\n\n<h2 class=\"wp-block-heading\">Como o iOS 26 impacta a integra\u00e7\u00e3o entre dispositivos Apple?<\/h2>\n\n\n\n<p>A integra\u00e7\u00e3o entre dispositivos sempre foi um dos pilares do ecossistema&nbsp;<strong>Apple<\/strong>, e o&nbsp;<strong>iOS 26<\/strong>&nbsp;amplia ainda mais essa conectividade.&nbsp;<strong>Com a nova vers\u00e3o, recursos como Handoff, AirDrop e Universal Control foram aprimorados, permitindo uma transi\u00e7\u00e3o mais suave de tarefas entre iPhone, iPad, Mac e Apple Watch.<\/strong><\/p>\n\n\n\n<p><strong>O sistema agora oferece sincroniza\u00e7\u00e3o em tempo real de aplicativos e documentos, facilitando o trabalho colaborativo e o acesso a informa\u00e7\u00f5es em diferentes dispositivos.<\/strong>&nbsp;Al\u00e9m disso, a&nbsp;<strong>Apple<\/strong>&nbsp;introduziu uma central de notifica\u00e7\u00f5es unificada, que agrupa alertas de todos os aparelhos conectados \u00e0 mesma conta, otimizando a gest\u00e3o de informa\u00e7\u00f5es.<\/p>\n\n\n\n<figure class=\"wp-block-image\"><img decoding=\"async\" src=\"https:\/\/www.em.com.br\/emfoco\/wp-content\/uploads\/2025\/06\/Everything-We-Expect-Apple-to-Announce-at-WWDC-2025-1024x576.jpg\" alt=\"\"\/><figcaption class=\"wp-element-caption\">WWDC 2025 &#8211; Cr\u00e9ditos: Divulga\u00e7\u00e3o\/Apple<\/figcaption><\/figure>\n\n\n\n<h2 class=\"wp-block-heading\">Quais s\u00e3o as fun\u00e7\u00f5es in\u00e9ditas do iOS 26?<\/h2>\n\n\n\n<p><strong>Entre as novidades do iOS 26, destacam-se fun\u00e7\u00f5es in\u00e9ditas que visam aumentar a produtividade e a seguran\u00e7a dos usu\u00e1rios.<\/strong>&nbsp;Uma das principais \u00e9 o \u201cAssistente Contextual\u201d, que utiliza intelig\u00eancia artificial para sugerir a\u00e7\u00f5es com base no uso do aparelho e no contexto do usu\u00e1rio. Essa ferramenta pode, por exemplo, recomendar respostas r\u00e1pidas em mensagens ou sugerir aplicativos \u00fateis durante viagens.<\/p>\n\n\n\n<p><strong>Outra fun\u00e7\u00e3o inovadora \u00e9 o \u201cModo Foco Avan\u00e7ado\u201d, que permite criar perfis personalizados para diferentes momentos do dia, bloqueando notifica\u00e7\u00f5es indesejadas e priorizando contatos e aplicativos essenciais.<\/strong>&nbsp;O sistema tamb\u00e9m ganhou melhorias no gerenciamento de privacidade, com novos controles para rastreamento de dados e permiss\u00f5es de aplicativos.<\/p>\n\n\n\n<h2 class=\"wp-block-heading\">Como a atualiza\u00e7\u00e3o para o iOS 26 pode ser realizada?<\/h2>\n\n\n\n<p><strong>A atualiza\u00e7\u00e3o para o iOS 26 est\u00e1 dispon\u00edvel para uma ampla gama de dispositivos Apple lan\u00e7ados a partir de 2019.<\/strong>&nbsp;Para realizar o upgrade, basta acessar as configura\u00e7\u00f5es do aparelho, selecionar a op\u00e7\u00e3o \u201cAtualiza\u00e7\u00e3o de Software\u201d e seguir as instru\u00e7\u00f5es exibidas na tela. \u00c9 recomendado que o dispositivo esteja conectado a uma rede Wi-Fi est\u00e1vel e com bateria suficiente antes de iniciar o processo.<\/p>\n\n\n\n<p><strong>A Apple tamb\u00e9m disponibilizou um guia passo a passo para auxiliar usu\u00e1rios que enfrentarem dificuldades durante a atualiza\u00e7\u00e3o.<\/strong>&nbsp;Em caso de d\u00favidas, \u00e9 poss\u00edvel recorrer ao suporte oficial da empresa ou consultar a comunidade de usu\u00e1rios, que costuma compartilhar dicas e solu\u00e7\u00f5es para eventuais problemas.<\/p>\n\n\n\n<ul class=\"wp-block-list\">\n<li>Verifique a compatibilidade do dispositivo<\/li>\n\n\n\n<li>Fa\u00e7a backup dos dados importantes<\/li>\n\n\n\n<li>Conecte o aparelho \u00e0 internet e \u00e0 energia<\/li>\n\n\n\n<li>Acesse as configura\u00e7\u00f5es e inicie a atualiza\u00e7\u00e3o<\/li>\n\n\n\n<li>Aguarde a conclus\u00e3o do processo<\/li>\n<\/ul>\n\n\n\n<h2 class=\"wp-block-heading\">Quais s\u00e3o as expectativas para o futuro do sistema ap\u00f3s o lan\u00e7amento do iOS 26?<\/h2>\n\n\n\n<p><strong>Com o lan\u00e7amento do iOS 26, especialistas do setor apontam para uma tend\u00eancia de maior integra\u00e7\u00e3o entre hardware e software no universo Apple.<\/strong>&nbsp;A empresa deve continuar investindo em intelig\u00eancia artificial, automa\u00e7\u00e3o e personaliza\u00e7\u00e3o, buscando antecipar as necessidades dos usu\u00e1rios e fortalecer sua posi\u00e7\u00e3o no mercado global de tecnologia.<\/p>\n\n\n\n<p><strong>A expectativa \u00e9 que futuras atualiza\u00e7\u00f5es tragam ainda mais recursos voltados \u00e0 conectividade, seguran\u00e7a e acessibilidade.<\/strong>&nbsp;O novo sistema operacional representa n\u00e3o apenas uma mudan\u00e7a de nome, mas um passo importante na evolu\u00e7\u00e3o do ecossistema&nbsp;<strong>Apple<\/strong>, que segue em constante transforma\u00e7\u00e3o para atender \u00e0s demandas de um p\u00fablico cada vez mais exigente e conectado.<\/p>\n","protected":false},"excerpt":{"rendered":"<p>A decis\u00e3o da\u00a0Apple\u00a0de renomear seu sistema operacional para\u00a0iOS 26\u00a0representa um marco estrat\u00e9gico na trajet\u00f3ria da empresa.\u00a0O novo nome acompanha uma s\u00e9rie de mudan\u00e7as visuais e funcionais, sinalizando ao mercado uma nova era para o ecossistema da marca.\u00a0Segundo fontes do setor, a altera\u00e7\u00e3o busca alinhar o sistema \u00e0s tend\u00eancias globais de tecnologia e refor\u00e7ar a identidade [&hellip;]<\/p>\n","protected":false},"author":11,"featured_media":56926,"comment_status":"open","ping_status":"open","sticky":false,"template":"","format":"standard","meta":{"jnews-multi-image_gallery":[],"jnews_single_post":{"format":"standard"},"jnews_primary_category":[],"jnews_social_meta":[],"jnews_override_counter":[],"footnotes":""},"categories":[1,4204],"tags":[3662,3857,3608],"class_list":["post-58510","post","type-post","status-publish","format-standard","has-post-thumbnail","hentry","category-noticias","category-tecnologia","tag-apple","tag-ios","tag-iphone"],"yoast_head":"<!-- This site is optimized with the Yoast SEO plugin v23.8 - https:\/\/yoast.com\/wordpress\/plugins\/seo\/ -->\n<title>O novo iOS est\u00e1 mudando tudo e j\u00e1 causa alvoro\u00e7o entre usu\u00e1rios - Estado de Minas - Em foco<\/title>\n<meta name=\"description\" content=\"Com novo visual, integra\u00e7\u00e3o aprimorada e foco em privacidade, o iOS 26 marca uma nova era para usu\u00e1rios Apple.\" \/>\n<meta name=\"robots\" content=\"index, follow, max-snippet:-1, max-image-preview:large, max-video-preview:-1\" \/>\n<link rel=\"canonical\" href=\"https:\/\/www.em.com.br\/emfoco\/2025\/06\/11\/o-novo-ios-esta-mudando-tudo-e-ja-causa-alvoroco-entre-usuarios\/\" \/>\n<meta property=\"og:locale\" content=\"pt_BR\" \/>\n<meta property=\"og:type\" content=\"article\" \/>\n<meta property=\"og:title\" content=\"O novo iOS est\u00e1 mudando tudo e j\u00e1 causa alvoro\u00e7o entre usu\u00e1rios - Estado de Minas - Em foco\" \/>\n<meta property=\"og:description\" content=\"Com novo visual, integra\u00e7\u00e3o aprimorada e foco em privacidade, o iOS 26 marca uma nova era para usu\u00e1rios Apple.\" \/>\n<meta property=\"og:url\" content=\"https:\/\/www.em.com.br\/emfoco\/2025\/06\/11\/o-novo-ios-esta-mudando-tudo-e-ja-causa-alvoroco-entre-usuarios\/\" \/>\n<meta property=\"og:site_name\" content=\"Estado de Minas - Em foco\" \/>\n<meta property=\"article:published_time\" content=\"2025-06-11T22:20:00+00:00\" \/>\n<meta property=\"article:modified_time\" content=\"2025-06-11T12:00:42+00:00\" \/>\n<meta property=\"og:image\" content=\"https:\/\/www.em.com.br\/emfoco\/wp-content\/uploads\/2025\/06\/wwdc-_1749246010078.jpg\" \/>\n\t<meta property=\"og:image:width\" content=\"1280\" \/>\n\t<meta property=\"og:image:height\" content=\"720\" \/>\n\t<meta property=\"og:image:type\" content=\"image\/jpeg\" \/>\n<meta name=\"author\" content=\"Andre\u0301 Rangel\u00a0\" \/>\n<meta name=\"twitter:card\" content=\"summary_large_image\" \/>\n<meta name=\"twitter:label1\" content=\"Escrito por\" \/>\n\t<meta name=\"twitter:data1\" content=\"Andre\u0301 Rangel\u00a0\" \/>\n\t<meta name=\"twitter:label2\" content=\"Est. tempo de leitura\" \/>\n\t<meta name=\"twitter:data2\" content=\"5 minutos\" \/>\n<!-- \/ Yoast SEO plugin. -->","yoast_head_json":{"title":"O novo iOS est\u00e1 mudando tudo e j\u00e1 causa alvoro\u00e7o entre usu\u00e1rios - Estado de Minas - Em foco","description":"Com novo visual, integra\u00e7\u00e3o aprimorada e foco em privacidade, o iOS 26 marca uma nova era para usu\u00e1rios Apple.","robots":{"index":"index","follow":"follow","max-snippet":"max-snippet:-1","max-image-preview":"max-image-preview:large","max-video-preview":"max-video-preview:-1"},"canonical":"https:\/\/www.em.com.br\/emfoco\/2025\/06\/11\/o-novo-ios-esta-mudando-tudo-e-ja-causa-alvoroco-entre-usuarios\/","og_locale":"pt_BR","og_type":"article","og_title":"O novo iOS est\u00e1 mudando tudo e j\u00e1 causa alvoro\u00e7o entre usu\u00e1rios - Estado de Minas - Em foco","og_description":"Com novo visual, integra\u00e7\u00e3o aprimorada e foco em privacidade, o iOS 26 marca uma nova era para usu\u00e1rios Apple.","og_url":"https:\/\/www.em.com.br\/emfoco\/2025\/06\/11\/o-novo-ios-esta-mudando-tudo-e-ja-causa-alvoroco-entre-usuarios\/","og_site_name":"Estado de Minas - Em foco","article_published_time":"2025-06-11T22:20:00+00:00","article_modified_time":"2025-06-11T12:00:42+00:00","og_image":[{"width":1280,"height":720,"url":"https:\/\/www.em.com.br\/emfoco\/wp-content\/uploads\/2025\/06\/wwdc-_1749246010078.jpg","type":"image\/jpeg"}],"author":"Andre\u0301 Rangel\u00a0","twitter_card":"summary_large_image","twitter_misc":{"Escrito por":"Andre\u0301 Rangel\u00a0","Est. tempo de leitura":"5 minutos"},"schema":{"@context":"https:\/\/schema.org","@graph":[{"@type":"WebPage","@id":"https:\/\/www.em.com.br\/emfoco\/2025\/06\/11\/o-novo-ios-esta-mudando-tudo-e-ja-causa-alvoroco-entre-usuarios\/","url":"https:\/\/www.em.com.br\/emfoco\/2025\/06\/11\/o-novo-ios-esta-mudando-tudo-e-ja-causa-alvoroco-entre-usuarios\/","name":"O novo iOS est\u00e1 mudando tudo e j\u00e1 causa alvoro\u00e7o entre usu\u00e1rios - Estado de Minas - Em foco","isPartOf":{"@id":"https:\/\/www.em.com.br\/emfoco\/#website"},"primaryImageOfPage":{"@id":"https:\/\/www.em.com.br\/emfoco\/2025\/06\/11\/o-novo-ios-esta-mudando-tudo-e-ja-causa-alvoroco-entre-usuarios\/#primaryimage"},"image":{"@id":"https:\/\/www.em.com.br\/emfoco\/2025\/06\/11\/o-novo-ios-esta-mudando-tudo-e-ja-causa-alvoroco-entre-usuarios\/#primaryimage"},"thumbnailUrl":"https:\/\/www.em.com.br\/emfoco\/wp-content\/uploads\/2025\/06\/wwdc-_1749246010078.jpg","datePublished":"2025-06-11T22:20:00+00:00","dateModified":"2025-06-11T12:00:42+00:00","author":{"@id":"https:\/\/www.em.com.br\/emfoco\/#\/schema\/person\/60eda09c1fedf0d6891f4cef4b60b8b8"},"description":"Com novo visual, integra\u00e7\u00e3o aprimorada e foco em privacidade, o iOS 26 marca uma nova era para usu\u00e1rios Apple.","breadcrumb":{"@id":"https:\/\/www.em.com.br\/emfoco\/2025\/06\/11\/o-novo-ios-esta-mudando-tudo-e-ja-causa-alvoroco-entre-usuarios\/#breadcrumb"},"inLanguage":"pt-BR","potentialAction":[{"@type":"ReadAction","target":["https:\/\/www.em.com.br\/emfoco\/2025\/06\/11\/o-novo-ios-esta-mudando-tudo-e-ja-causa-alvoroco-entre-usuarios\/"]}]},{"@type":"ImageObject","inLanguage":"pt-BR","@id":"https:\/\/www.em.com.br\/emfoco\/2025\/06\/11\/o-novo-ios-esta-mudando-tudo-e-ja-causa-alvoroco-entre-usuarios\/#primaryimage","url":"https:\/\/www.em.com.br\/emfoco\/wp-content\/uploads\/2025\/06\/wwdc-_1749246010078.jpg","contentUrl":"https:\/\/www.em.com.br\/emfoco\/wp-content\/uploads\/2025\/06\/wwdc-_1749246010078.jpg","width":1280,"height":720,"caption":"Apple - Cr\u00e9ditos: depositphotos.com \/ dnewman8"},{"@type":"BreadcrumbList","@id":"https:\/\/www.em.com.br\/emfoco\/2025\/06\/11\/o-novo-ios-esta-mudando-tudo-e-ja-causa-alvoroco-entre-usuarios\/#breadcrumb","itemListElement":[{"@type":"ListItem","position":1,"name":"In\u00edcio","item":"https:\/\/www.em.com.br\/emfoco\/"},{"@type":"ListItem","position":2,"name":"O novo iOS est\u00e1 mudando tudo e j\u00e1 causa alvoro\u00e7o entre usu\u00e1rios"}]},{"@type":"WebSite","@id":"https:\/\/www.em.com.br\/emfoco\/#website","url":"https:\/\/www.em.com.br\/emfoco\/","name":"Estado de Minas - Em foco","description":"Acompanhe as \u00faltimas not\u00edcias e fique bem informado sobre tudo o que acontece em Minas Gerais, Brasil e no mundo.","potentialAction":[{"@type":"SearchAction","target":{"@type":"EntryPoint","urlTemplate":"https:\/\/www.em.com.br\/emfoco\/?s={search_term_string}"},"query-input":{"@type":"PropertyValueSpecification","valueRequired":true,"valueName":"search_term_string"}}],"inLanguage":"pt-BR"},{"@type":"Person","@id":"https:\/\/www.em.com.br\/emfoco\/#\/schema\/person\/60eda09c1fedf0d6891f4cef4b60b8b8","name":"Andre\u0301 Rangel\u00a0","image":{"@type":"ImageObject","inLanguage":"pt-BR","@id":"https:\/\/www.em.com.br\/emfoco\/#\/schema\/person\/image\/","url":"https:\/\/secure.gravatar.com\/avatar\/6234dc814c77c8ef6d8bba622c787efc?s=96&d=mm&r=g","contentUrl":"https:\/\/secure.gravatar.com\/avatar\/6234dc814c77c8ef6d8bba622c787efc?s=96&d=mm&r=g","caption":"Andre\u0301 Rangel\u00a0"},"url":"https:\/\/www.em.com.br\/emfoco\/author\/luizmyth\/"}]}},"_links":{"self":[{"href":"https:\/\/www.em.com.br\/emfoco\/wp-json\/wp\/v2\/posts\/58510","targetHints":{"allow":["GET"]}}],"collection":[{"href":"https:\/\/www.em.com.br\/emfoco\/wp-json\/wp\/v2\/posts"}],"about":[{"href":"https:\/\/www.em.com.br\/emfoco\/wp-json\/wp\/v2\/types\/post"}],"author":[{"embeddable":true,"href":"https:\/\/www.em.com.br\/emfoco\/wp-json\/wp\/v2\/users\/11"}],"replies":[{"embeddable":true,"href":"https:\/\/www.em.com.br\/emfoco\/wp-json\/wp\/v2\/comments?post=58510"}],"version-history":[{"count":4,"href":"https:\/\/www.em.com.br\/emfoco\/wp-json\/wp\/v2\/posts\/58510\/revisions"}],"predecessor-version":[{"id":58557,"href":"https:\/\/www.em.com.br\/emfoco\/wp-json\/wp\/v2\/posts\/58510\/revisions\/58557"}],"wp:featuredmedia":[{"embeddable":true,"href":"https:\/\/www.em.com.br\/emfoco\/wp-json\/wp\/v2\/media\/56926"}],"wp:attachment":[{"href":"https:\/\/www.em.com.br\/emfoco\/wp-json\/wp\/v2\/media?parent=58510"}],"wp:term":[{"taxonomy":"category","embeddable":true,"href":"https:\/\/www.em.com.br\/emfoco\/wp-json\/wp\/v2\/categories?post=58510"},{"taxonomy":"post_tag","embeddable":true,"href":"https:\/\/www.em.com.br\/emfoco\/wp-json\/wp\/v2\/tags?post=58510"}],"curies":[{"name":"wp","href":"https:\/\/api.w.org\/{rel}","templated":true}]}}