{"id":58478,"date":"2025-06-11T16:30:00","date_gmt":"2025-06-11T19:30:00","guid":{"rendered":"https:\/\/www.em.com.br\/emfoco\/?p=58478"},"modified":"2025-06-10T20:03:38","modified_gmt":"2025-06-10T23:03:38","slug":"brasileiros-comemoram-nova-chance-de-sacar-o-fgts-ainda-este-ano","status":"publish","type":"post","link":"https:\/\/www.em.com.br\/emfoco\/2025\/06\/11\/brasileiros-comemoram-nova-chance-de-sacar-o-fgts-ainda-este-ano\/","title":{"rendered":"Brasileiros comemoram nova chance de sacar o FGTS ainda este ano"},"content":{"rendered":"\n<p>Em 2025, os trabalhadores brasileiros que possuem saldo no <strong>Fundo de Garantia do Tempo de Servi\u00e7o<\/strong> (<a href=\"https:\/\/www.em.com.br\/emfoco\/2025\/06\/10\/trabalhador-pode-sacar-fgts-anualmente-com-este-passo-a-passo-facil\/\" target=\"_blank\" rel=\"noreferrer noopener\">FGTS<\/a>) poder\u00e3o, mais uma vez, contar com a modalidade do saque-anivers\u00e1rio. Esta alternativa foi criada para proporcionar flexibilidade ao trabalhador, permitindo retiradas anuais de parte do fundo no m\u00eas de anivers\u00e1rio, conforme calend\u00e1rio divulgado pela <strong><a href=\"https:\/\/www.caixa.gov.br\/\" target=\"_blank\" rel=\"noreferrer noopener\">Caixa Econ\u00f4mica Federal<\/a><\/strong>. O saque-anivers\u00e1rio est\u00e1 dispon\u00edvel tanto para contas ativas quanto inativas do <strong>FGTS<\/strong>, mas exige ades\u00e3o volunt\u00e1ria por parte do titular.<\/p>\n\n\n\n<p>Com a previs\u00e3o de manter as regras j\u00e1 conhecidas, o saque-anivers\u00e1rio serve como op\u00e7\u00e3o para quem deseja aproveitar o saldo do <strong>FGTS <\/strong>sem depender de uma eventual rescis\u00e3o do contrato. \u00c9 importante, no entanto, analisar bem as condi\u00e7\u00f5es e as consequ\u00eancias antes de optar por essa modalidade, j\u00e1 que h\u00e1 restri\u00e7\u00f5es em caso de desligamento sem justa causa. A seguir, veja como aderir, os valores, o cronograma oficial de 2025, implica\u00e7\u00f5es em caso de demiss\u00e3o e dicas de uso respons\u00e1vel.<\/p>\n\n\n\n<h2 class=\"wp-block-heading\">Como funciona a ades\u00e3o ao saque-anivers\u00e1rio?<\/h2>\n\n\n<div class=\"wp-block-image\">\n<figure class=\"aligncenter size-large\"><img loading=\"lazy\" decoding=\"async\" width=\"1024\" height=\"576\" src=\"https:\/\/www.em.com.br\/emfoco\/wp-content\/uploads\/2025\/06\/Caixa-Economica-Federal_1745980702675-1024x576.jpg\" alt=\"\" class=\"wp-image-54983\" srcset=\"https:\/\/www.em.com.br\/emfoco\/wp-content\/uploads\/2025\/06\/Caixa-Economica-Federal_1745980702675-1024x576.jpg 1024w, https:\/\/www.em.com.br\/emfoco\/wp-content\/uploads\/2025\/06\/Caixa-Economica-Federal_1745980702675-300x169.jpg 300w, https:\/\/www.em.com.br\/emfoco\/wp-content\/uploads\/2025\/06\/Caixa-Economica-Federal_1745980702675-768x432.jpg 768w, https:\/\/www.em.com.br\/emfoco\/wp-content\/uploads\/2025\/06\/Caixa-Economica-Federal_1745980702675-750x422.jpg 750w, https:\/\/www.em.com.br\/emfoco\/wp-content\/uploads\/2025\/06\/Caixa-Economica-Federal_1745980702675-1140x641.jpg 1140w, https:\/\/www.em.com.br\/emfoco\/wp-content\/uploads\/2025\/06\/Caixa-Economica-Federal_1745980702675.jpg 1280w\" sizes=\"auto, (max-width: 1024px) 100vw, 1024px\" \/><figcaption class=\"wp-element-caption\">Pr\u00e9dio da CAIXA &#8211; Cr\u00e9ditos: depositphotos.com \/ diegograndi<\/figcaption><\/figure><\/div>\n\n\n<p>Para aderir ao saque-anivers\u00e1rio do <strong>FGTS<\/strong>, o trabalhador deve manifestar interesse diretamente nos canais oficiais da <strong>Caixa Econ\u00f4mica Federal<\/strong>. Esse procedimento pode ser feito de forma f\u00e1cil e r\u00e1pida pelo aplicativo do <strong>FGTS<\/strong>, pelo site da <strong>Caixa<\/strong>, ou presencialmente em qualquer ag\u00eancia da institui\u00e7\u00e3o. A escolha \u00e9 totalmente opcional e o benef\u00edcio come\u00e7a a valer no mesmo ano caso a solicita\u00e7\u00e3o seja realizada at\u00e9 o fim do m\u00eas de anivers\u00e1rio.<\/p>\n\n\n\n<p>A op\u00e7\u00e3o pelo saque-anivers\u00e1rio exige aten\u00e7\u00e3o, pois, ao aderir, o trabalhador automaticamente ren\u00fancia ao direito de saque integral do <strong>FGTS <\/strong>em caso de demiss\u00e3o sem justa causa. Apenas a multa rescis\u00f3ria, normalmente equivalente a 40% do valor depositado pelo empregador, permanece dispon\u00edvel para saque imediato. Por esses motivos, analise seu perfil financeiro antes da ades\u00e3o, levando em considera\u00e7\u00e3o sua estabilidade no emprego e necessidades de m\u00e9dio prazo.<\/p>\n\n\n\n<h2 class=\"wp-block-heading\">Qual \u00e9 o calend\u00e1rio do saque-anivers\u00e1rio 2025?<\/h2>\n\n\n\n<p>O calend\u00e1rio do saque-anivers\u00e1rio do <strong>FGTS para 2025<\/strong> j\u00e1 foi disponibilizado pela <strong>Caixa Econ\u00f4mica Federal<\/strong>. O trabalhador possui um prazo de tr\u00eas meses, a partir de seu m\u00eas de nascimento, para efetuar o saque. Essa flexibilidade permite que cada benefici\u00e1rio programe a retirada de acordo com seu planejamento financeiro e necessidades pessoais ao longo do ano.<\/p>\n\n\n\n<ul class=\"wp-block-list\">\n<li><strong>Nascidos em janeiro:<\/strong> 2 de janeiro a 31 de mar\u00e7o<\/li>\n\n\n\n<li><strong>Nascidos em fevereiro:<\/strong> 3 de fevereiro a 30 de abril<\/li>\n\n\n\n<li><strong>Nascidos em mar\u00e7o:<\/strong> 3 de mar\u00e7o a 30 de maio<\/li>\n\n\n\n<li><strong>Nascidos em abril:<\/strong> 1\u00ba de abril a 30 de junho<\/li>\n\n\n\n<li><strong>Nascidos em maio:<\/strong> 2 de maio a 31 de julho<\/li>\n\n\n\n<li><strong>Nascidos em junho:<\/strong> 2 de junho a 29 de agosto<\/li>\n\n\n\n<li><strong>Nascidos em julho:<\/strong> 1\u00ba de julho a 30 de setembro<\/li>\n\n\n\n<li><strong>Nascidos em agosto:<\/strong> 1\u00ba de agosto a 31 de outubro<\/li>\n\n\n\n<li><strong>Nascidos em setembro:<\/strong> 2 de setembro a 30 de novembro<\/li>\n\n\n\n<li><strong>Nascidos em outubro:<\/strong> 1\u00ba de outubro a 31 de dezembro<\/li>\n\n\n\n<li><strong>Nascidos em novembro:<\/strong> 1\u00ba de novembro de 2025 a 31 de janeiro de 2026<\/li>\n\n\n\n<li><strong>Nascidos em dezembro:<\/strong> 2 de dezembro de 2025 a 28 de fevereiro de 2026<\/li>\n<\/ul>\n\n\n\n<p>Respeitar o per\u00edodo destinado \u00e0 retirada \u00e9 essencial para n\u00e3o perder o benef\u00edcio do ano. Caso o trabalhador n\u00e3o saque o valor dentro do prazo, o montante retorna ao saldo total do <strong>FGTS<\/strong>, podendo ser retirado apenas na pr\u00f3xima janela correspondente ao seu anivers\u00e1rio ou em outras situa\u00e7\u00f5es previstas em lei.<\/p>\n\n\n\n<h2 class=\"wp-block-heading\">Como s\u00e3o calculados os valores do saque-anivers\u00e1rio?<\/h2>\n\n\n\n<p>O valor dispon\u00edvel para saque a cada ano depende do saldo existente na conta do <strong>FGTS <\/strong>do trabalhador. Existe uma tabela progressiva estabelecida pela <strong>Caixa<\/strong>, onde o percentual de saque reduz \u00e0 medida que o saldo aumenta. Para facilitar o entendimento, a tabela \u00e9 distribu\u00edda em faixas de valores, acompanhadas por uma parcela adicional fixa para cada faixa. Assim, quanto menor o saldo no <strong>FGTS<\/strong>, maior o percentual liberado, valorizando quem possui menos recursos dispon\u00edveis.<\/p>\n\n\n\n<ul class=\"wp-block-list\">\n<li>At\u00e9 R$ 500: 50% do saldo<\/li>\n\n\n\n<li>De R$ 500,01 a R$ 1.000: 40% + R$ 50<\/li>\n\n\n\n<li>De R$ 1.000,01 a R$ 5.000: 30% + R$ 150<\/li>\n\n\n\n<li>De R$ 5.000,01 a R$ 10.000: 20% + R$ 650<\/li>\n\n\n\n<li>De R$ 10.000,01 a R$ 15.000: 15% + R$ 1.150<\/li>\n\n\n\n<li>De R$ 15.000,01 a R$ 20.000: 10% + R$ 1.900<\/li>\n\n\n\n<li>Acima de R$ 20.000: 5% + R$ 2.900<\/li>\n<\/ul>\n\n\n\n<p>Al\u00e9m dessas regras, \u00e9 importante lembrar que o valor exato a ser sacado aparece na consulta do saldo, dispon\u00edvel pelo aplicativo, site ou caixas eletr\u00f4nicos da <strong>Caixa<\/strong>. O c\u00e1lculo autom\u00e1tico garante mais praticidade e transpar\u00eancia para o trabalhador, que pode planejar melhor o uso de seu dinheiro anualmente.<\/p>\n\n\n\n<h2 class=\"wp-block-heading\">O que muda em caso de demiss\u00e3o?<\/h2>\n\n\n\n<p>Ao optar pelo saque-anivers\u00e1rio, o trabalhador perde o direito ao saque integral do saldo do <strong>FGTS <\/strong>caso seja desligado sem justa causa. Neste cen\u00e1rio, apenas a multa rescis\u00f3ria de <strong>40% <\/strong>sobre o valor depositado pelo empregador \u00e9 liberada para saque imediato. O saldo remanescente permanece na conta e s\u00f3 poder\u00e1 ser sacado nas datas de saque-anivers\u00e1rio subsequentes, respeitando as regras e o calend\u00e1rio oficial.<\/p>\n\n\n\n<p>Quem desejar retornar ao modelo tradicional do saque-rescis\u00e3o precisar\u00e1 aguardar um per\u00edodo de car\u00eancia. O prazo \u00e9 de 25 meses contados a partir da solicita\u00e7\u00e3o de revers\u00e3o. Durante esse per\u00edodo, os saques seguem o calend\u00e1rio do saque-anivers\u00e1rio, e o saldo integral n\u00e3o poder\u00e1 ser acessado em caso de desligamento, exceto em situa\u00e7\u00f5es especiais previstas na legisla\u00e7\u00e3o, como doen\u00e7as graves ou aposentadoria.<\/p>\n\n\n\n<h2 class=\"wp-block-heading\">Dicas para consultar o saldo e usar o benef\u00edcio de modo consciente<\/h2>\n\n\n\n<p>O acompanhamento regular do saldo do <strong>FGTS <\/strong>\u00e9 essencial para um bom planejamento financeiro. A consulta pode ser feita de forma digital, pelo aplicativo oficial do <strong>FGTS<\/strong>, site da <strong>Caixa <\/strong>ou mesmo em terminais de autoatendimento. Dessa forma, o trabalhador garante acesso r\u00e1pido e seguro a todas as informa\u00e7\u00f5es necess\u00e1rias para decidir se vale a pena aderir ao saque-anivers\u00e1rio, al\u00e9m de acompanhar o hist\u00f3rico e previs\u00f5es de dep\u00f3sitos futuros.<\/p>\n\n\n\n<p>Especialistas em finan\u00e7as pessoais recomendam que os recursos do saque-anivers\u00e1rio sejam utilizados de forma estrat\u00e9gica, priorizando o pagamento de d\u00edvidas, a cria\u00e7\u00e3o de uma reserva de emerg\u00eancia ou investimentos em educa\u00e7\u00e3o e qualifica\u00e7\u00e3o profissional. Evite utilizar o valor para gastos sup\u00e9rfluos, optando por decis\u00f5es alinhadas aos seus objetivos financeiros a longo prazo para aproveitar melhor o benef\u00edcio.<\/p>\n\n\n\n<p><\/p>\n","protected":false},"excerpt":{"rendered":"<p>Em 2025, os trabalhadores brasileiros que possuem saldo no Fundo de Garantia do Tempo de Servi\u00e7o (FGTS) poder\u00e3o, mais uma vez, contar com a modalidade do saque-anivers\u00e1rio. Esta alternativa foi criada para proporcionar flexibilidade ao trabalhador, permitindo retiradas anuais de parte do fundo no m\u00eas de anivers\u00e1rio, conforme calend\u00e1rio divulgado pela Caixa Econ\u00f4mica Federal. O [&hellip;]<\/p>\n","protected":false},"author":20,"featured_media":54989,"comment_status":"open","ping_status":"open","sticky":false,"template":"","format":"standard","meta":{"jnews-multi-image_gallery":[],"jnews_single_post":{"format":"standard"},"jnews_primary_category":[],"jnews_social_meta":[],"jnews_override_counter":[],"footnotes":""},"categories":[28,1],"tags":[1036,9787],"class_list":["post-58478","post","type-post","status-publish","format-standard","has-post-thumbnail","hentry","category-economia","category-noticias","tag-fgts","tag-saque-aniversario-2"],"yoast_head":"<!-- This site is optimized with the Yoast SEO plugin v23.8 - https:\/\/yoast.com\/wordpress\/plugins\/seo\/ -->\n<title>Brasileiros comemoram nova chance de sacar o FGTS ainda este ano - Estado de Minas - Em foco<\/title>\n<meta name=\"description\" content=\"O saque-anivers\u00e1rio do FGTS est\u00e1 liberado em 2025 e muitos trabalhadores j\u00e1 est\u00e3o resgatando seu valor. Veja como aderir.\" \/>\n<meta name=\"robots\" content=\"index, follow, max-snippet:-1, max-image-preview:large, max-video-preview:-1\" \/>\n<link rel=\"canonical\" href=\"https:\/\/www.em.com.br\/emfoco\/2025\/06\/11\/brasileiros-comemoram-nova-chance-de-sacar-o-fgts-ainda-este-ano\/\" \/>\n<meta property=\"og:locale\" content=\"pt_BR\" \/>\n<meta property=\"og:type\" content=\"article\" \/>\n<meta property=\"og:title\" content=\"Brasileiros comemoram nova chance de sacar o FGTS ainda este ano - Estado de Minas - Em foco\" \/>\n<meta property=\"og:description\" content=\"O saque-anivers\u00e1rio do FGTS est\u00e1 liberado em 2025 e muitos trabalhadores j\u00e1 est\u00e3o resgatando seu valor. Veja como aderir.\" \/>\n<meta property=\"og:url\" content=\"https:\/\/www.em.com.br\/emfoco\/2025\/06\/11\/brasileiros-comemoram-nova-chance-de-sacar-o-fgts-ainda-este-ano\/\" \/>\n<meta property=\"og:site_name\" content=\"Estado de Minas - Em foco\" \/>\n<meta property=\"article:published_time\" content=\"2025-06-11T19:30:00+00:00\" \/>\n<meta property=\"article:modified_time\" content=\"2025-06-10T23:03:38+00:00\" \/>\n<meta property=\"og:image\" content=\"https:\/\/www.em.com.br\/emfoco\/wp-content\/uploads\/2025\/06\/aposentado-dinheiro-reais_1743473149469.jpg\" \/>\n\t<meta property=\"og:image:width\" content=\"1280\" \/>\n\t<meta property=\"og:image:height\" content=\"720\" \/>\n\t<meta property=\"og:image:type\" content=\"image\/jpeg\" \/>\n<meta name=\"author\" content=\"Ingrid Diniz\" \/>\n<meta name=\"twitter:card\" content=\"summary_large_image\" \/>\n<meta name=\"twitter:label1\" content=\"Escrito por\" \/>\n\t<meta name=\"twitter:data1\" content=\"Ingrid Diniz\" \/>\n\t<meta name=\"twitter:label2\" content=\"Est. tempo de leitura\" \/>\n\t<meta name=\"twitter:data2\" content=\"6 minutos\" \/>\n<!-- \/ Yoast SEO plugin. -->","yoast_head_json":{"title":"Brasileiros comemoram nova chance de sacar o FGTS ainda este ano - Estado de Minas - Em foco","description":"O saque-anivers\u00e1rio do FGTS est\u00e1 liberado em 2025 e muitos trabalhadores j\u00e1 est\u00e3o resgatando seu valor. Veja como aderir.","robots":{"index":"index","follow":"follow","max-snippet":"max-snippet:-1","max-image-preview":"max-image-preview:large","max-video-preview":"max-video-preview:-1"},"canonical":"https:\/\/www.em.com.br\/emfoco\/2025\/06\/11\/brasileiros-comemoram-nova-chance-de-sacar-o-fgts-ainda-este-ano\/","og_locale":"pt_BR","og_type":"article","og_title":"Brasileiros comemoram nova chance de sacar o FGTS ainda este ano - Estado de Minas - Em foco","og_description":"O saque-anivers\u00e1rio do FGTS est\u00e1 liberado em 2025 e muitos trabalhadores j\u00e1 est\u00e3o resgatando seu valor. Veja como aderir.","og_url":"https:\/\/www.em.com.br\/emfoco\/2025\/06\/11\/brasileiros-comemoram-nova-chance-de-sacar-o-fgts-ainda-este-ano\/","og_site_name":"Estado de Minas - Em foco","article_published_time":"2025-06-11T19:30:00+00:00","article_modified_time":"2025-06-10T23:03:38+00:00","og_image":[{"width":1280,"height":720,"url":"https:\/\/www.em.com.br\/emfoco\/wp-content\/uploads\/2025\/06\/aposentado-dinheiro-reais_1743473149469.jpg","type":"image\/jpeg"}],"author":"Ingrid Diniz","twitter_card":"summary_large_image","twitter_misc":{"Escrito por":"Ingrid Diniz","Est. tempo de leitura":"6 minutos"},"schema":{"@context":"https:\/\/schema.org","@graph":[{"@type":"WebPage","@id":"https:\/\/www.em.com.br\/emfoco\/2025\/06\/11\/brasileiros-comemoram-nova-chance-de-sacar-o-fgts-ainda-este-ano\/","url":"https:\/\/www.em.com.br\/emfoco\/2025\/06\/11\/brasileiros-comemoram-nova-chance-de-sacar-o-fgts-ainda-este-ano\/","name":"Brasileiros comemoram nova chance de sacar o FGTS ainda este ano - Estado de Minas - Em foco","isPartOf":{"@id":"https:\/\/www.em.com.br\/emfoco\/#website"},"primaryImageOfPage":{"@id":"https:\/\/www.em.com.br\/emfoco\/2025\/06\/11\/brasileiros-comemoram-nova-chance-de-sacar-o-fgts-ainda-este-ano\/#primaryimage"},"image":{"@id":"https:\/\/www.em.com.br\/emfoco\/2025\/06\/11\/brasileiros-comemoram-nova-chance-de-sacar-o-fgts-ainda-este-ano\/#primaryimage"},"thumbnailUrl":"https:\/\/www.em.com.br\/emfoco\/wp-content\/uploads\/2025\/06\/aposentado-dinheiro-reais_1743473149469.jpg","datePublished":"2025-06-11T19:30:00+00:00","dateModified":"2025-06-10T23:03:38+00:00","author":{"@id":"https:\/\/www.em.com.br\/emfoco\/#\/schema\/person\/649e610b4eb8fff87ff394e54fe17b2b"},"description":"O saque-anivers\u00e1rio do FGTS est\u00e1 liberado em 2025 e muitos trabalhadores j\u00e1 est\u00e3o resgatando seu valor. Veja como aderir.","breadcrumb":{"@id":"https:\/\/www.em.com.br\/emfoco\/2025\/06\/11\/brasileiros-comemoram-nova-chance-de-sacar-o-fgts-ainda-este-ano\/#breadcrumb"},"inLanguage":"pt-BR","potentialAction":[{"@type":"ReadAction","target":["https:\/\/www.em.com.br\/emfoco\/2025\/06\/11\/brasileiros-comemoram-nova-chance-de-sacar-o-fgts-ainda-este-ano\/"]}]},{"@type":"ImageObject","inLanguage":"pt-BR","@id":"https:\/\/www.em.com.br\/emfoco\/2025\/06\/11\/brasileiros-comemoram-nova-chance-de-sacar-o-fgts-ainda-este-ano\/#primaryimage","url":"https:\/\/www.em.com.br\/emfoco\/wp-content\/uploads\/2025\/06\/aposentado-dinheiro-reais_1743473149469.jpg","contentUrl":"https:\/\/www.em.com.br\/emfoco\/wp-content\/uploads\/2025\/06\/aposentado-dinheiro-reais_1743473149469.jpg","width":1280,"height":720,"caption":"Mudan\u00e7as do MEI 2026 que alteram pre\u00e7os e emiss\u00e3o de notas - Cr\u00e9ditos: depositphotos.com \/ verganifotografia"},{"@type":"BreadcrumbList","@id":"https:\/\/www.em.com.br\/emfoco\/2025\/06\/11\/brasileiros-comemoram-nova-chance-de-sacar-o-fgts-ainda-este-ano\/#breadcrumb","itemListElement":[{"@type":"ListItem","position":1,"name":"In\u00edcio","item":"https:\/\/www.em.com.br\/emfoco\/"},{"@type":"ListItem","position":2,"name":"Brasileiros comemoram nova chance de sacar o FGTS ainda este ano"}]},{"@type":"WebSite","@id":"https:\/\/www.em.com.br\/emfoco\/#website","url":"https:\/\/www.em.com.br\/emfoco\/","name":"Estado de Minas - Em foco","description":"Acompanhe as \u00faltimas not\u00edcias e fique bem informado sobre tudo o que acontece em Minas Gerais, Brasil e no mundo.","potentialAction":[{"@type":"SearchAction","target":{"@type":"EntryPoint","urlTemplate":"https:\/\/www.em.com.br\/emfoco\/?s={search_term_string}"},"query-input":{"@type":"PropertyValueSpecification","valueRequired":true,"valueName":"search_term_string"}}],"inLanguage":"pt-BR"},{"@type":"Person","@id":"https:\/\/www.em.com.br\/emfoco\/#\/schema\/person\/649e610b4eb8fff87ff394e54fe17b2b","name":"Ingrid Diniz","image":{"@type":"ImageObject","inLanguage":"pt-BR","@id":"https:\/\/www.em.com.br\/emfoco\/#\/schema\/person\/image\/","url":"https:\/\/secure.gravatar.com\/avatar\/a3baa1449ec5c39b4c42babc9d4f3951?s=96&d=mm&r=g","contentUrl":"https:\/\/secure.gravatar.com\/avatar\/a3baa1449ec5c39b4c42babc9d4f3951?s=96&d=mm&r=g","caption":"Ingrid Diniz"},"sameAs":["https:\/\/www.em.com.br\/"],"url":"https:\/\/www.em.com.br\/emfoco\/author\/ingridmyth\/"}]}},"_links":{"self":[{"href":"https:\/\/www.em.com.br\/emfoco\/wp-json\/wp\/v2\/posts\/58478","targetHints":{"allow":["GET"]}}],"collection":[{"href":"https:\/\/www.em.com.br\/emfoco\/wp-json\/wp\/v2\/posts"}],"about":[{"href":"https:\/\/www.em.com.br\/emfoco\/wp-json\/wp\/v2\/types\/post"}],"author":[{"embeddable":true,"href":"https:\/\/www.em.com.br\/emfoco\/wp-json\/wp\/v2\/users\/20"}],"replies":[{"embeddable":true,"href":"https:\/\/www.em.com.br\/emfoco\/wp-json\/wp\/v2\/comments?post=58478"}],"version-history":[{"count":2,"href":"https:\/\/www.em.com.br\/emfoco\/wp-json\/wp\/v2\/posts\/58478\/revisions"}],"predecessor-version":[{"id":58629,"href":"https:\/\/www.em.com.br\/emfoco\/wp-json\/wp\/v2\/posts\/58478\/revisions\/58629"}],"wp:featuredmedia":[{"embeddable":true,"href":"https:\/\/www.em.com.br\/emfoco\/wp-json\/wp\/v2\/media\/54989"}],"wp:attachment":[{"href":"https:\/\/www.em.com.br\/emfoco\/wp-json\/wp\/v2\/media?parent=58478"}],"wp:term":[{"taxonomy":"category","embeddable":true,"href":"https:\/\/www.em.com.br\/emfoco\/wp-json\/wp\/v2\/categories?post=58478"},{"taxonomy":"post_tag","embeddable":true,"href":"https:\/\/www.em.com.br\/emfoco\/wp-json\/wp\/v2\/tags?post=58478"}],"curies":[{"name":"wp","href":"https:\/\/api.w.org\/{rel}","templated":true}]}}