{"id":58458,"date":"2025-06-10T18:30:00","date_gmt":"2025-06-10T21:30:00","guid":{"rendered":"https:\/\/www.em.com.br\/emfoco\/?p=58458"},"modified":"2025-06-10T16:43:20","modified_gmt":"2025-06-10T19:43:20","slug":"essa-cidade-equilibra-a-vida-urbana-mar-e-identidade","status":"publish","type":"post","link":"https:\/\/www.em.com.br\/emfoco\/2025\/06\/10\/essa-cidade-equilibra-a-vida-urbana-mar-e-identidade\/","title":{"rendered":"Essa cidade equilibra a vida urbana, mar e identidade"},"content":{"rendered":"\n<p><strong>Salvador<\/strong>, capital da <strong>Bahia<\/strong>, \u00e9 reconhecida por sua atmosfera vibrante, riqueza hist\u00f3rica e forte influ\u00eancia afro-brasileira. Localizada no <strong>Nordeste <\/strong>do <strong>Brasil<\/strong>, a cidade apresenta uma combina\u00e7\u00e3o \u00fanica de patrim\u00f4nio cultural, praias extensas e uma popula\u00e7\u00e3o diversificada, estimada em quase 3 milh\u00f5es de habitantes em 2024. Fundada em 1549, Salvador destaca-se como um dos principais destinos tur\u00edsticos do pa\u00eds, atraindo visitantes interessados em cultura, lazer e belezas naturais, segundo o site <a href=\"https:\/\/revistaoeste.com\/oestegeral\/2025\/05\/24\/capital-baiana-fascina-com-cultura-afro-brasileira-e-praias-exuberantes\/\" target=\"_blank\" rel=\"noreferrer noopener\">Revista Oeste.<\/a><\/p>\n\n\n\n<p>Al\u00e9m de seu valor hist\u00f3rico, Salvador oferece uma infraestrutura moderna em bairros como Barra e Ondina, com op\u00e7\u00f5es de lazer, com\u00e9rcio e servi\u00e7os essenciais. O clima tropical, com temperaturas m\u00e9dias entre 23\u00b0C e 31\u00b0C, contribui para um cotidiano agrad\u00e1vel, favorecendo atividades ao ar livre e o conv\u00edvio social. A cidade mant\u00e9m uma tradi\u00e7\u00e3o de acolhimento, refletida em sua vida comunit\u00e1ria e nas festas populares que movimentam o calend\u00e1rio local.<\/p>\n\n\n\n<h2 class=\"wp-block-heading\">Como \u00e9 a qualidade de vida na cidade?<\/h2>\n\n\n\n<p>A qualidade de vida em Salvador \u00e9 resultado de uma s\u00e9rie de fatores que envolvem sa\u00fade, educa\u00e7\u00e3o, seguran\u00e7a e lazer. O \u00cdndice de Desenvolvimento Humano Municipal (IDHM) da cidade, de 0,759, coloca Salvador entre os melhores \u00edndices do Nordeste, indicando avan\u00e7os em \u00e1reas essenciais. A expectativa de vida alcan\u00e7a 74 anos, enquanto a taxa de alfabetiza\u00e7\u00e3o entre crian\u00e7as de 6 a 14 anos atinge 95%, conforme dados do IBGE.<\/p>\n\n\n\n<p>Os investimentos em sa\u00fade p\u00fablica s\u00e3o not\u00e1veis, com destaque para o Hospital Geral Roberto Santos, refer\u00eancia em atendimento especializado. A mobilidade urbana tamb\u00e9m evoluiu, com a revitaliza\u00e7\u00e3o de avenidas como a Oce\u00e2nica, facilitando o acesso entre regi\u00f5es centrais e a orla. Para quem busca lazer, espa\u00e7os como o Parque de Pitua\u00e7u oferecem \u00e1reas verdes para esportes e recrea\u00e7\u00e3o, promovendo o bem-estar dos moradores.<\/p>\n\n\n\n<h2 class=\"wp-block-heading\">Quais s\u00e3o as principais iniciativas de sustentabilidade em Salvador?<\/h2>\n\n\n\n<p>Salvador vem se destacando por iniciativas que visam a preserva\u00e7\u00e3o ambiental e o desenvolvimento sustent\u00e1vel. A cidade protege \u00e1reas de Mata Atl\u00e2ntica, como o Parque de Pitua\u00e7u, que abriga uma grande diversidade de fauna e flora, incluindo esp\u00e9cies amea\u00e7adas. Programas municipais incentivam a reciclagem, a arboriza\u00e7\u00e3o urbana e a limpeza de praias e da Ba\u00eda de Todos-os-Santos, envolvendo escolas e comunidades em a\u00e7\u00f5es de conscientiza\u00e7\u00e3o.<\/p>\n\n\n\n<ul class=\"wp-block-list\">\n<li><strong>Reciclagem:<\/strong> Campanhas educativas e pontos de coleta seletiva em bairros estrat\u00e9gicos.<\/li>\n\n\n\n<li><strong>Mobilidade sustent\u00e1vel:<\/strong> Expans\u00e3o de ciclovias, especialmente na Orla da Barra, e incentivo ao uso de bicicletas.<\/li>\n\n\n\n<li><strong>Energia limpa:<\/strong> Instala\u00e7\u00e3o de pain\u00e9is solares em pr\u00e9dios p\u00fablicos, contribuindo para a redu\u00e7\u00e3o das emiss\u00f5es de carbono.<\/li>\n\n\n\n<li><strong>Saneamento:<\/strong> A Embasa trata cerca de 85% do esgoto urbano, melhorando a qualidade das \u00e1guas e a sa\u00fade p\u00fablica.<\/li>\n<\/ul>\n\n\n\n<p>Essas a\u00e7\u00f5es posicionam Salvador como refer\u00eancia em sustentabilidade entre as capitais brasileiras, conciliando turismo intenso com preserva\u00e7\u00e3o ambiental.<\/p>\n\n\n\n<h2 class=\"wp-block-heading\">Vale a pena morar na cidade?<\/h2>\n\n\n\n<p>Para quem busca uma cidade com forte identidade cultural, praias e infraestrutura urbana, Salvador apresenta diversas vantagens. Bairros como Stella Maris s\u00e3o conhecidos por oferecer qualidade de vida para fam\u00edlias, com acesso a escolas, hospitais e \u00e1reas de lazer. Jovens e estudantes encontram no Pelourinho e arredores uma vida noturna ativa e oportunidades de envolvimento com a cultura local.<\/p>\n\n\n\n<p>A cidade tamb\u00e9m se destaca pela hospitalidade de sua <a href=\"https:\/\/www.em.com.br\/emfoco\/2025\/06\/10\/essa-cidade-paulista-esta-conquistando-familias-e-o-motivo-emociona\/\" target=\"_blank\" rel=\"noreferrer noopener\">popula\u00e7\u00e3o<\/a> e pela oferta de servi\u00e7os, como shoppings, mercados e op\u00e7\u00f5es gastron\u00f4micas variadas. O mercado de trabalho \u00e9 din\u00e2mico, impulsionado por setores como turismo, ind\u00fastria e com\u00e9rcio. Al\u00e9m disso, a proximidade com o Aeroporto Internacional facilita deslocamentos nacionais e internacionais, tornando Salvador uma escolha atrativa para quem deseja viver em uma capital que equilibra tradi\u00e7\u00e3o e modernidade.<\/p>\n\n\n\n<h2 class=\"wp-block-heading\">Quais s\u00e3o as principais atra\u00e7\u00f5es e festivais de Salvador?<\/h2>\n\n\n\n<p>Salvador \u00e9 palco de eventos e festas que celebram sua heran\u00e7a cultural e religiosa. O Pelourinho, tombado como Patrim\u00f4nio Mundial pela Unesco, re\u00fane casar\u00f5es coloniais, igrejas hist\u00f3ricas e manifesta\u00e7\u00f5es art\u00edsticas. A Praia do Porto da Barra \u00e9 famosa pelas \u00e1guas calmas e pelo p\u00f4r do sol, enquanto o Elevador Lacerda conecta a Cidade Alta \u00e0 Cidade Baixa, proporcionando vistas panor\u00e2micas da Ba\u00eda de Todos-os-Santos.<\/p>\n\n\n\n<ol class=\"wp-block-list\">\n<li><strong>Carnaval de Salvador:<\/strong> Considerado o maior do mundo, atrai milh\u00f5es de foli\u00f5es com trios el\u00e9tricos e blocos de rua.<\/li>\n\n\n\n<li><strong>Festa de Iemanj\u00e1:<\/strong> Realizada em fevereiro, re\u00fane devotos e turistas no bairro Rio Vermelho para homenagear a orix\u00e1 das \u00e1guas.<\/li>\n\n\n\n<li><strong>Lavagem do Bonfim:<\/strong> Tradicional celebra\u00e7\u00e3o religiosa que movimenta a cidade em janeiro.<\/li>\n\n\n\n<li><strong>Festa de S\u00e3o Jo\u00e3o:<\/strong> Comemorada no Pelourinho, traz forr\u00f3, quadrilhas e comidas t\u00edpicas.<\/li>\n<\/ol>\n\n\n\n<p>Esses eventos refor\u00e7am o papel de Salvador como centro de diversidade e express\u00e3o cultural, atraindo visitantes de todo o Brasil e do exterior.<\/p>\n\n\n\n<h2 class=\"wp-block-heading\">Como chegar e circular por Salvador?<\/h2>\n\n\n\n<p>O acesso a Salvador \u00e9 facilitado por diferentes meios de transporte. A cidade est\u00e1 conectada a outras capitais do Nordeste pela BR-101 e pela BA-099, que leva ao litoral norte. O Aeroporto Internacional de Salvador recebe voos nacionais e internacionais, movimentando cerca de 700 mil passageiros por m\u00eas. Para quem prefere o transporte rodovi\u00e1rio, a Rodovi\u00e1ria de Salvador oferece linhas para v\u00e1rias regi\u00f5es do pa\u00eds.<\/p>\n\n\n\n<p>Dentro da cidade, o sistema de \u00f4nibus urbanos cobre bairros centrais e perif\u00e9ricos, enquanto barcos e lanchas ligam o continente a ilhas pr\u00f3ximas, como Itaparica. A mobilidade \u00e9 complementada por ciclovias e vias expressas, facilitando o deslocamento tanto de moradores quanto de turistas.<\/p>\n\n\n\n<p>Salvador se consolida como uma metr\u00f3pole que valoriza sua hist\u00f3ria, investe em qualidade de vida e preserva o meio ambiente, mantendo-se como um dos destinos mais procurados do Brasil em 2025.<\/p>\n","protected":false},"excerpt":{"rendered":"<p>Salvador, capital da Bahia, \u00e9 reconhecida por sua atmosfera vibrante, riqueza hist\u00f3rica e forte influ\u00eancia afro-brasileira. Localizada no Nordeste do Brasil, a cidade apresenta uma combina\u00e7\u00e3o \u00fanica de patrim\u00f4nio cultural, praias extensas e uma popula\u00e7\u00e3o diversificada, estimada em quase 3 milh\u00f5es de habitantes em 2024. Fundada em 1549, Salvador destaca-se como um dos principais destinos [&hellip;]<\/p>\n","protected":false},"author":10,"featured_media":58460,"comment_status":"open","ping_status":"open","sticky":false,"template":"","format":"standard","meta":{"jnews-multi-image_gallery":[],"jnews_single_post":{"format":"standard"},"jnews_primary_category":[],"jnews_social_meta":[],"jnews_override_counter":[],"footnotes":""},"categories":[26,1],"tags":[310,588,6821],"class_list":["post-58458","post","type-post","status-publish","format-standard","has-post-thumbnail","hentry","category-cidades","category-noticias","tag-cidade","tag-mar","tag-vida-urbana"],"yoast_head":"<!-- This site is optimized with the Yoast SEO plugin v23.8 - https:\/\/yoast.com\/wordpress\/plugins\/seo\/ -->\n<title>Essa cidade equilibra a vida urbana, mar e identidade - Estado de Minas - Em foco<\/title>\n<meta name=\"description\" content=\"Quem vive em nessa cidade aproveita o melhor da cultura, lazer e bem-estar. Descubra por que a cidade virou destaque nacional em 2025.\" \/>\n<meta name=\"robots\" content=\"index, follow, max-snippet:-1, max-image-preview:large, max-video-preview:-1\" \/>\n<link rel=\"canonical\" href=\"https:\/\/www.em.com.br\/emfoco\/2025\/06\/10\/essa-cidade-equilibra-a-vida-urbana-mar-e-identidade\/\" \/>\n<meta property=\"og:locale\" content=\"pt_BR\" \/>\n<meta property=\"og:type\" content=\"article\" \/>\n<meta property=\"og:title\" content=\"Essa cidade equilibra a vida urbana, mar e identidade - Estado de Minas - Em foco\" \/>\n<meta property=\"og:description\" content=\"Quem vive em nessa cidade aproveita o melhor da cultura, lazer e bem-estar. Descubra por que a cidade virou destaque nacional em 2025.\" \/>\n<meta property=\"og:url\" content=\"https:\/\/www.em.com.br\/emfoco\/2025\/06\/10\/essa-cidade-equilibra-a-vida-urbana-mar-e-identidade\/\" \/>\n<meta property=\"og:site_name\" content=\"Estado de Minas - Em foco\" \/>\n<meta property=\"article:published_time\" content=\"2025-06-10T21:30:00+00:00\" \/>\n<meta property=\"article:modified_time\" content=\"2025-06-10T19:43:20+00:00\" \/>\n<meta property=\"og:image\" content=\"https:\/\/www.em.com.br\/emfoco\/wp-content\/uploads\/2025\/06\/salvador_1749583025387.jpg\" \/>\n\t<meta property=\"og:image:width\" content=\"1280\" \/>\n\t<meta property=\"og:image:height\" content=\"720\" \/>\n\t<meta property=\"og:image:type\" content=\"image\/jpeg\" \/>\n<meta name=\"author\" content=\"Patryck Reinehr\" \/>\n<meta name=\"twitter:card\" content=\"summary_large_image\" \/>\n<meta name=\"twitter:label1\" content=\"Escrito por\" \/>\n\t<meta name=\"twitter:data1\" content=\"Patryck Reinehr\" \/>\n\t<meta name=\"twitter:label2\" content=\"Est. tempo de leitura\" \/>\n\t<meta name=\"twitter:data2\" content=\"6 minutos\" \/>\n<!-- \/ Yoast SEO plugin. -->","yoast_head_json":{"title":"Essa cidade equilibra a vida urbana, mar e identidade - Estado de Minas - Em foco","description":"Quem vive em nessa cidade aproveita o melhor da cultura, lazer e bem-estar. Descubra por que a cidade virou destaque nacional em 2025.","robots":{"index":"index","follow":"follow","max-snippet":"max-snippet:-1","max-image-preview":"max-image-preview:large","max-video-preview":"max-video-preview:-1"},"canonical":"https:\/\/www.em.com.br\/emfoco\/2025\/06\/10\/essa-cidade-equilibra-a-vida-urbana-mar-e-identidade\/","og_locale":"pt_BR","og_type":"article","og_title":"Essa cidade equilibra a vida urbana, mar e identidade - Estado de Minas - Em foco","og_description":"Quem vive em nessa cidade aproveita o melhor da cultura, lazer e bem-estar. Descubra por que a cidade virou destaque nacional em 2025.","og_url":"https:\/\/www.em.com.br\/emfoco\/2025\/06\/10\/essa-cidade-equilibra-a-vida-urbana-mar-e-identidade\/","og_site_name":"Estado de Minas - Em foco","article_published_time":"2025-06-10T21:30:00+00:00","article_modified_time":"2025-06-10T19:43:20+00:00","og_image":[{"width":1280,"height":720,"url":"https:\/\/www.em.com.br\/emfoco\/wp-content\/uploads\/2025\/06\/salvador_1749583025387.jpg","type":"image\/jpeg"}],"author":"Patryck Reinehr","twitter_card":"summary_large_image","twitter_misc":{"Escrito por":"Patryck Reinehr","Est. tempo de leitura":"6 minutos"},"schema":{"@context":"https:\/\/schema.org","@graph":[{"@type":"WebPage","@id":"https:\/\/www.em.com.br\/emfoco\/2025\/06\/10\/essa-cidade-equilibra-a-vida-urbana-mar-e-identidade\/","url":"https:\/\/www.em.com.br\/emfoco\/2025\/06\/10\/essa-cidade-equilibra-a-vida-urbana-mar-e-identidade\/","name":"Essa cidade equilibra a vida urbana, mar e identidade - Estado de Minas - Em foco","isPartOf":{"@id":"https:\/\/www.em.com.br\/emfoco\/#website"},"primaryImageOfPage":{"@id":"https:\/\/www.em.com.br\/emfoco\/2025\/06\/10\/essa-cidade-equilibra-a-vida-urbana-mar-e-identidade\/#primaryimage"},"image":{"@id":"https:\/\/www.em.com.br\/emfoco\/2025\/06\/10\/essa-cidade-equilibra-a-vida-urbana-mar-e-identidade\/#primaryimage"},"thumbnailUrl":"https:\/\/www.em.com.br\/emfoco\/wp-content\/uploads\/2025\/06\/salvador_1749583025387.jpg","datePublished":"2025-06-10T21:30:00+00:00","dateModified":"2025-06-10T19:43:20+00:00","author":{"@id":"https:\/\/www.em.com.br\/emfoco\/#\/schema\/person\/43407752bebcbbb4d0ec79deedc0d7ce"},"description":"Quem vive em nessa cidade aproveita o melhor da cultura, lazer e bem-estar. Descubra por que a cidade virou destaque nacional em 2025.","breadcrumb":{"@id":"https:\/\/www.em.com.br\/emfoco\/2025\/06\/10\/essa-cidade-equilibra-a-vida-urbana-mar-e-identidade\/#breadcrumb"},"inLanguage":"pt-BR","potentialAction":[{"@type":"ReadAction","target":["https:\/\/www.em.com.br\/emfoco\/2025\/06\/10\/essa-cidade-equilibra-a-vida-urbana-mar-e-identidade\/"]}]},{"@type":"ImageObject","inLanguage":"pt-BR","@id":"https:\/\/www.em.com.br\/emfoco\/2025\/06\/10\/essa-cidade-equilibra-a-vida-urbana-mar-e-identidade\/#primaryimage","url":"https:\/\/www.em.com.br\/emfoco\/wp-content\/uploads\/2025\/06\/salvador_1749583025387.jpg","contentUrl":"https:\/\/www.em.com.br\/emfoco\/wp-content\/uploads\/2025\/06\/salvador_1749583025387.jpg","width":1280,"height":720,"caption":"Salvador (Cr\u00e9ditos: depositphotos.com \/ gustavofrazao)"},{"@type":"BreadcrumbList","@id":"https:\/\/www.em.com.br\/emfoco\/2025\/06\/10\/essa-cidade-equilibra-a-vida-urbana-mar-e-identidade\/#breadcrumb","itemListElement":[{"@type":"ListItem","position":1,"name":"In\u00edcio","item":"https:\/\/www.em.com.br\/emfoco\/"},{"@type":"ListItem","position":2,"name":"Essa cidade equilibra a vida urbana, mar e identidade"}]},{"@type":"WebSite","@id":"https:\/\/www.em.com.br\/emfoco\/#website","url":"https:\/\/www.em.com.br\/emfoco\/","name":"Estado de Minas - Em foco","description":"Acompanhe as \u00faltimas not\u00edcias e fique bem informado sobre tudo o que acontece em Minas Gerais, Brasil e no mundo.","potentialAction":[{"@type":"SearchAction","target":{"@type":"EntryPoint","urlTemplate":"https:\/\/www.em.com.br\/emfoco\/?s={search_term_string}"},"query-input":{"@type":"PropertyValueSpecification","valueRequired":true,"valueName":"search_term_string"}}],"inLanguage":"pt-BR"},{"@type":"Person","@id":"https:\/\/www.em.com.br\/emfoco\/#\/schema\/person\/43407752bebcbbb4d0ec79deedc0d7ce","name":"Patryck Reinehr","image":{"@type":"ImageObject","inLanguage":"pt-BR","@id":"https:\/\/www.em.com.br\/emfoco\/#\/schema\/person\/image\/","url":"https:\/\/secure.gravatar.com\/avatar\/570c7fb2898c0e2df0823196891bea88?s=96&d=mm&r=g","contentUrl":"https:\/\/secure.gravatar.com\/avatar\/570c7fb2898c0e2df0823196891bea88?s=96&d=mm&r=g","caption":"Patryck Reinehr"},"url":"https:\/\/www.em.com.br\/emfoco\/author\/patryckmyth\/"}]}},"_links":{"self":[{"href":"https:\/\/www.em.com.br\/emfoco\/wp-json\/wp\/v2\/posts\/58458","targetHints":{"allow":["GET"]}}],"collection":[{"href":"https:\/\/www.em.com.br\/emfoco\/wp-json\/wp\/v2\/posts"}],"about":[{"href":"https:\/\/www.em.com.br\/emfoco\/wp-json\/wp\/v2\/types\/post"}],"author":[{"embeddable":true,"href":"https:\/\/www.em.com.br\/emfoco\/wp-json\/wp\/v2\/users\/10"}],"replies":[{"embeddable":true,"href":"https:\/\/www.em.com.br\/emfoco\/wp-json\/wp\/v2\/comments?post=58458"}],"version-history":[{"count":1,"href":"https:\/\/www.em.com.br\/emfoco\/wp-json\/wp\/v2\/posts\/58458\/revisions"}],"predecessor-version":[{"id":58461,"href":"https:\/\/www.em.com.br\/emfoco\/wp-json\/wp\/v2\/posts\/58458\/revisions\/58461"}],"wp:featuredmedia":[{"embeddable":true,"href":"https:\/\/www.em.com.br\/emfoco\/wp-json\/wp\/v2\/media\/58460"}],"wp:attachment":[{"href":"https:\/\/www.em.com.br\/emfoco\/wp-json\/wp\/v2\/media?parent=58458"}],"wp:term":[{"taxonomy":"category","embeddable":true,"href":"https:\/\/www.em.com.br\/emfoco\/wp-json\/wp\/v2\/categories?post=58458"},{"taxonomy":"post_tag","embeddable":true,"href":"https:\/\/www.em.com.br\/emfoco\/wp-json\/wp\/v2\/tags?post=58458"}],"curies":[{"name":"wp","href":"https:\/\/api.w.org\/{rel}","templated":true}]}}