{"id":58451,"date":"2025-06-10T18:30:00","date_gmt":"2025-06-10T21:30:00","guid":{"rendered":"https:\/\/www.em.com.br\/emfoco\/?p=58451"},"modified":"2025-06-10T16:43:22","modified_gmt":"2025-06-10T19:43:22","slug":"essa-cidade-paulista-esta-conquistando-familias-e-o-motivo-emociona","status":"publish","type":"post","link":"https:\/\/www.em.com.br\/emfoco\/2025\/06\/10\/essa-cidade-paulista-esta-conquistando-familias-e-o-motivo-emociona\/","title":{"rendered":"Essa cidade paulista est\u00e1 conquistando fam\u00edlias e o motivo emociona"},"content":{"rendered":"\n<p>Localizada no interior do estado de<strong> S\u00e3o Paulo<\/strong>, <strong>Jundia\u00ed <\/strong>\u00e9 reconhecida por sua tradi\u00e7\u00e3o vitivin\u00edcola e pelo t\u00edtulo de Terra da Uva. O munic\u00edpio, fundado em 1655, destaca-se por sua proximidade com a capital paulista, estando a apenas 57 quil\u00f4metros de dist\u00e2ncia, o que facilita o acesso tanto para visitantes quanto para novos moradores. Com uma popula\u00e7\u00e3o estimada em mais de 426 mil habitantes em 2024, Jundia\u00ed apresenta um ambiente que combina desenvolvimento urbano e contato com a natureza, segundo o <a href=\"https:\/\/revistaoeste.com\/oestegeral\/2025\/05\/24\/cidade-no-interior-de-sao-paulo-e-a-favorita-de-quem-busca-qualidade-de-vida\/\" target=\"_blank\" rel=\"noreferrer noopener\">site Revista Oeste.<\/a><\/p>\n\n\n\n<p>O cen\u00e1rio de Jundia\u00ed \u00e9 marcado por vinhedos, \u00e1reas verdes e uma infraestrutura moderna, fatores que contribuem para o seu destaque na regi\u00e3o Sudeste. A cidade abriga bairros planejados, parques amplos e uma rede de servi\u00e7os que atende diferentes perfis de moradores. Al\u00e9m disso, a Serra do Japi, considerada uma das principais reservas de Mata Atl\u00e2ntica do estado, refor\u00e7a o compromisso local com a preserva\u00e7\u00e3o ambiental e oferece op\u00e7\u00f5es de lazer ao ar livre.<\/p>\n\n\n\n<h2 class=\"wp-block-heading\">Como \u00e9 a qualidade de vida em Jundia\u00ed?<\/h2>\n\n\n\n<p>Jundia\u00ed apresenta indicadores elevados de qualidade de vida, sendo refer\u00eancia no interior paulista. O munic\u00edpio possui um \u00cdndice de Desenvolvimento Humano Municipal (IDHM) de 0,822, conforme dados do IBGE, o que o coloca entre os melhores do Brasil. A expectativa de vida na cidade gira em torno de 78 anos, e a taxa de alfabetiza\u00e7\u00e3o de crian\u00e7as entre 6 e 14 anos atinge 97%, evidenciando o investimento em educa\u00e7\u00e3o e sa\u00fade.<\/p>\n\n\n\n<p>Bairros como Vianelo e Medeiros se destacam pela infraestrutura, contando com pra\u00e7as arborizadas, ciclovias, hospitais e escolas de qualidade. O clima tropical de altitude, com temperaturas m\u00e9dias entre 15\u00b0C e 28\u00b0C, proporciona um ambiente agrad\u00e1vel para fam\u00edlias, jovens e aposentados. A seguran\u00e7a tamb\u00e9m \u00e9 um ponto forte, com taxas de criminalidade abaixo da m\u00e9dia estadual, o que contribui para a sensa\u00e7\u00e3o de bem-estar dos moradores.<\/p>\n\n\n\n<h2 class=\"wp-block-heading\">Quais s\u00e3o as principais atra\u00e7\u00f5es tur\u00edsticas e culturais da cidade?<\/h2>\n\n\n\n<p>O turismo em Jundia\u00ed \u00e9 impulsionado por sua heran\u00e7a agr\u00edcola e pelas belezas <a href=\"https:\/\/www.em.com.br\/emfoco\/2025\/06\/08\/essa-cidade-com-morangos-e-flores-pode-conquistar-voce\/\" target=\"_blank\" rel=\"noreferrer noopener\">naturais<\/a>. A Serra do Japi oferece trilhas ecol\u00f3gicas e cachoeiras, sendo um destino procurado por praticantes de ecoturismo. O Jardim Bot\u00e2nico, com uma \u00e1rea de 150 mil metros quadrados, abriga lagos e cole\u00e7\u00f5es de plantas nativas, proporcionando um espa\u00e7o de lazer e contempla\u00e7\u00e3o.<\/p>\n\n\n\n<ul class=\"wp-block-list\">\n<li><strong>Serra do Japi:<\/strong> Reserva ambiental com trilhas e biodiversidade rica.<\/li>\n\n\n\n<li><strong>Jardim Bot\u00e2nico:<\/strong> Espa\u00e7o para caminhadas, piqueniques e observa\u00e7\u00e3o de plantas.<\/li>\n\n\n\n<li><strong>Museu Hist\u00f3rico e Cultural:<\/strong> Preserva a hist\u00f3ria da imigra\u00e7\u00e3o italiana na regi\u00e3o.<\/li>\n\n\n\n<li><strong>Parque da Cidade:<\/strong> Local ideal para esportes, lazer e eventos ao ar livre.<\/li>\n<\/ul>\n\n\n\n<p>Al\u00e9m das atra\u00e7\u00f5es naturais, Jundia\u00ed \u00e9 palco de eventos tradicionais, como a Festa da Uva, que celebra a produ\u00e7\u00e3o local de vinhos e atrai milhares de visitantes. Outros festivais, como o Festival de Inverno e a Festa Italiana, valorizam a cultura e a gastronomia, fortalecendo o turismo e a identidade do munic\u00edpio.<\/p>\n\n\n<div class=\"wp-block-image\">\n<figure class=\"aligncenter size-large\"><img loading=\"lazy\" decoding=\"async\" width=\"1024\" height=\"576\" src=\"https:\/\/www.em.com.br\/emfoco\/wp-content\/uploads\/2025\/06\/Jundiai_1749582467381-1024x576.jpg\" alt=\"Essa cidade paulista est\u00e1 conquistando fam\u00edlias e o motivo emociona\" class=\"wp-image-58454\" srcset=\"https:\/\/www.em.com.br\/emfoco\/wp-content\/uploads\/2025\/06\/Jundiai_1749582467381-1024x576.jpg 1024w, https:\/\/www.em.com.br\/emfoco\/wp-content\/uploads\/2025\/06\/Jundiai_1749582467381-300x169.jpg 300w, https:\/\/www.em.com.br\/emfoco\/wp-content\/uploads\/2025\/06\/Jundiai_1749582467381-768x432.jpg 768w, https:\/\/www.em.com.br\/emfoco\/wp-content\/uploads\/2025\/06\/Jundiai_1749582467381-750x422.jpg 750w, https:\/\/www.em.com.br\/emfoco\/wp-content\/uploads\/2025\/06\/Jundiai_1749582467381-1140x641.jpg 1140w, https:\/\/www.em.com.br\/emfoco\/wp-content\/uploads\/2025\/06\/Jundiai_1749582467381.jpg 1280w\" sizes=\"auto, (max-width: 1024px) 100vw, 1024px\" \/><figcaption class=\"wp-element-caption\">Jundia\u00ed (Cr\u00e9ditos: depositphotos.com \/ jjfotos.hotmail.com)<\/figcaption><\/figure><\/div>\n\n\n<h2 class=\"wp-block-heading\">Como Jundia\u00ed investe em sustentabilidade e mobilidade?<\/h2>\n\n\n\n<p>A preocupa\u00e7\u00e3o com o meio ambiente \u00e9 uma caracter\u00edstica marcante em Jundia\u00ed. A cidade desenvolve projetos de preserva\u00e7\u00e3o, como a prote\u00e7\u00e3o da Serra do Japi e a manuten\u00e7\u00e3o de parques urbanos. O Programa Jundia\u00ed Sustent\u00e1vel incentiva pr\u00e1ticas como reciclagem, arboriza\u00e7\u00e3o e limpeza de rios, envolvendo escolas e comunidades no processo de conscientiza\u00e7\u00e3o ambiental.<\/p>\n\n\n\n<ol class=\"wp-block-list\">\n<li>Implanta\u00e7\u00e3o de ciclovias em avenidas estrat\u00e9gicas.<\/li>\n\n\n\n<li>Uso de energia solar em pr\u00e9dios p\u00fablicos.<\/li>\n\n\n\n<li>Tratamento de 95% do esgoto dom\u00e9stico.<\/li>\n\n\n\n<li>Feiras de produtos org\u00e2nicos e incentivo \u00e0 agricultura sustent\u00e1vel.<\/li>\n<\/ol>\n\n\n\n<p>Na \u00e1rea de mobilidade, Jundia\u00ed investe em vias que conectam \u00e1reas urbanas e rurais, al\u00e9m de oferecer transporte p\u00fablico eficiente. A proximidade com rodovias importantes e o acesso ao Aeroporto de Viracopos ampliam as possibilidades de deslocamento para moradores e visitantes.<\/p>\n\n\n\n<h2 class=\"wp-block-heading\">Vale a pena morar na cidade?<\/h2>\n\n\n\n<p>O munic\u00edpio \u00e9 considerado uma op\u00e7\u00e3o atrativa para quem busca qualidade de vida sem abrir m\u00e3o da proximidade com grandes centros urbanos. Jundia\u00ed oferece uma ampla rede de servi\u00e7os, com\u00e9rcio diversificado e oportunidades de trabalho em setores como ind\u00fastria, com\u00e9rcio e turismo. Bairros residenciais, como Jardim Ana Maria, s\u00e3o valorizados por sua infraestrutura e seguran\u00e7a, enquanto o Centro concentra atividades culturais e comerciais.<\/p>\n\n\n\n<p>A diversidade cultural, resultado da influ\u00eancia de imigrantes italianos e japoneses, contribui para um ambiente acolhedor e din\u00e2mico. A cidade tamb\u00e9m se destaca pela oferta de ensino, com institui\u00e7\u00f5es como a Fatec e o Senai, e por eventos que promovem a integra\u00e7\u00e3o da comunidade. Dessa forma, Jundia\u00ed se consolida como um destino completo, capaz de atender diferentes perfis de moradores e visitantes.<\/p>\n","protected":false},"excerpt":{"rendered":"<p>Localizada no interior do estado de S\u00e3o Paulo, Jundia\u00ed \u00e9 reconhecida por sua tradi\u00e7\u00e3o vitivin\u00edcola e pelo t\u00edtulo de Terra da Uva. O munic\u00edpio, fundado em 1655, destaca-se por sua proximidade com a capital paulista, estando a apenas 57 quil\u00f4metros de dist\u00e2ncia, o que facilita o acesso tanto para visitantes quanto para novos moradores. Com [&hellip;]<\/p>\n","protected":false},"author":10,"featured_media":58452,"comment_status":"open","ping_status":"open","sticky":false,"template":"","format":"standard","meta":{"jnews-multi-image_gallery":[],"jnews_single_post":{"format":"standard"},"jnews_primary_category":[],"jnews_social_meta":[],"jnews_override_counter":[],"footnotes":""},"categories":[26,1],"tags":[310,1383,553],"class_list":["post-58451","post","type-post","status-publish","format-standard","has-post-thumbnail","hentry","category-cidades","category-noticias","tag-cidade","tag-interior","tag-sao-paulo"],"yoast_head":"<!-- This site is optimized with the Yoast SEO plugin v23.8 - https:\/\/yoast.com\/wordpress\/plugins\/seo\/ -->\n<title>Essa cidade paulista est\u00e1 conquistando fam\u00edlias e o motivo emociona - Estado de Minas - Em foco<\/title>\n<meta name=\"description\" content=\"Essa cidade oferece qualidade de vida, seguran\u00e7a e infraestrutura completa. Ela une tradi\u00e7\u00e3o, natureza e modernidade como poucas no Brasil.\" \/>\n<meta name=\"robots\" content=\"index, follow, max-snippet:-1, max-image-preview:large, max-video-preview:-1\" \/>\n<link rel=\"canonical\" href=\"https:\/\/www.em.com.br\/emfoco\/2025\/06\/10\/essa-cidade-paulista-esta-conquistando-familias-e-o-motivo-emociona\/\" \/>\n<meta property=\"og:locale\" content=\"pt_BR\" \/>\n<meta property=\"og:type\" content=\"article\" \/>\n<meta property=\"og:title\" content=\"Essa cidade paulista est\u00e1 conquistando fam\u00edlias e o motivo emociona - Estado de Minas - Em foco\" \/>\n<meta property=\"og:description\" content=\"Essa cidade oferece qualidade de vida, seguran\u00e7a e infraestrutura completa. Ela une tradi\u00e7\u00e3o, natureza e modernidade como poucas no Brasil.\" \/>\n<meta property=\"og:url\" content=\"https:\/\/www.em.com.br\/emfoco\/2025\/06\/10\/essa-cidade-paulista-esta-conquistando-familias-e-o-motivo-emociona\/\" \/>\n<meta property=\"og:site_name\" content=\"Estado de Minas - Em foco\" \/>\n<meta property=\"article:published_time\" content=\"2025-06-10T21:30:00+00:00\" \/>\n<meta property=\"article:modified_time\" content=\"2025-06-10T19:43:22+00:00\" \/>\n<meta property=\"og:image\" content=\"https:\/\/www.em.com.br\/emfoco\/wp-content\/uploads\/2025\/06\/Jundiai_1749582442241.jpg\" \/>\n\t<meta property=\"og:image:width\" content=\"1280\" \/>\n\t<meta property=\"og:image:height\" content=\"720\" \/>\n\t<meta property=\"og:image:type\" content=\"image\/jpeg\" \/>\n<meta name=\"author\" content=\"Patryck Reinehr\" \/>\n<meta name=\"twitter:card\" content=\"summary_large_image\" \/>\n<meta name=\"twitter:label1\" content=\"Escrito por\" \/>\n\t<meta name=\"twitter:data1\" content=\"Patryck Reinehr\" \/>\n\t<meta name=\"twitter:label2\" content=\"Est. tempo de leitura\" \/>\n\t<meta name=\"twitter:data2\" content=\"5 minutos\" \/>\n<!-- \/ Yoast SEO plugin. -->","yoast_head_json":{"title":"Essa cidade paulista est\u00e1 conquistando fam\u00edlias e o motivo emociona - Estado de Minas - Em foco","description":"Essa cidade oferece qualidade de vida, seguran\u00e7a e infraestrutura completa. Ela une tradi\u00e7\u00e3o, natureza e modernidade como poucas no Brasil.","robots":{"index":"index","follow":"follow","max-snippet":"max-snippet:-1","max-image-preview":"max-image-preview:large","max-video-preview":"max-video-preview:-1"},"canonical":"https:\/\/www.em.com.br\/emfoco\/2025\/06\/10\/essa-cidade-paulista-esta-conquistando-familias-e-o-motivo-emociona\/","og_locale":"pt_BR","og_type":"article","og_title":"Essa cidade paulista est\u00e1 conquistando fam\u00edlias e o motivo emociona - Estado de Minas - Em foco","og_description":"Essa cidade oferece qualidade de vida, seguran\u00e7a e infraestrutura completa. Ela une tradi\u00e7\u00e3o, natureza e modernidade como poucas no Brasil.","og_url":"https:\/\/www.em.com.br\/emfoco\/2025\/06\/10\/essa-cidade-paulista-esta-conquistando-familias-e-o-motivo-emociona\/","og_site_name":"Estado de Minas - Em foco","article_published_time":"2025-06-10T21:30:00+00:00","article_modified_time":"2025-06-10T19:43:22+00:00","og_image":[{"width":1280,"height":720,"url":"https:\/\/www.em.com.br\/emfoco\/wp-content\/uploads\/2025\/06\/Jundiai_1749582442241.jpg","type":"image\/jpeg"}],"author":"Patryck Reinehr","twitter_card":"summary_large_image","twitter_misc":{"Escrito por":"Patryck Reinehr","Est. tempo de leitura":"5 minutos"},"schema":{"@context":"https:\/\/schema.org","@graph":[{"@type":"WebPage","@id":"https:\/\/www.em.com.br\/emfoco\/2025\/06\/10\/essa-cidade-paulista-esta-conquistando-familias-e-o-motivo-emociona\/","url":"https:\/\/www.em.com.br\/emfoco\/2025\/06\/10\/essa-cidade-paulista-esta-conquistando-familias-e-o-motivo-emociona\/","name":"Essa cidade paulista est\u00e1 conquistando fam\u00edlias e o motivo emociona - Estado de Minas - Em foco","isPartOf":{"@id":"https:\/\/www.em.com.br\/emfoco\/#website"},"primaryImageOfPage":{"@id":"https:\/\/www.em.com.br\/emfoco\/2025\/06\/10\/essa-cidade-paulista-esta-conquistando-familias-e-o-motivo-emociona\/#primaryimage"},"image":{"@id":"https:\/\/www.em.com.br\/emfoco\/2025\/06\/10\/essa-cidade-paulista-esta-conquistando-familias-e-o-motivo-emociona\/#primaryimage"},"thumbnailUrl":"https:\/\/www.em.com.br\/emfoco\/wp-content\/uploads\/2025\/06\/Jundiai_1749582442241.jpg","datePublished":"2025-06-10T21:30:00+00:00","dateModified":"2025-06-10T19:43:22+00:00","author":{"@id":"https:\/\/www.em.com.br\/emfoco\/#\/schema\/person\/43407752bebcbbb4d0ec79deedc0d7ce"},"description":"Essa cidade oferece qualidade de vida, seguran\u00e7a e infraestrutura completa. Ela une tradi\u00e7\u00e3o, natureza e modernidade como poucas no Brasil.","breadcrumb":{"@id":"https:\/\/www.em.com.br\/emfoco\/2025\/06\/10\/essa-cidade-paulista-esta-conquistando-familias-e-o-motivo-emociona\/#breadcrumb"},"inLanguage":"pt-BR","potentialAction":[{"@type":"ReadAction","target":["https:\/\/www.em.com.br\/emfoco\/2025\/06\/10\/essa-cidade-paulista-esta-conquistando-familias-e-o-motivo-emociona\/"]}]},{"@type":"ImageObject","inLanguage":"pt-BR","@id":"https:\/\/www.em.com.br\/emfoco\/2025\/06\/10\/essa-cidade-paulista-esta-conquistando-familias-e-o-motivo-emociona\/#primaryimage","url":"https:\/\/www.em.com.br\/emfoco\/wp-content\/uploads\/2025\/06\/Jundiai_1749582442241.jpg","contentUrl":"https:\/\/www.em.com.br\/emfoco\/wp-content\/uploads\/2025\/06\/Jundiai_1749582442241.jpg","width":1280,"height":720,"caption":"Jundia\u00ed (Cr\u00e9ditos: depositphotos.com \/ PedroTruffi)"},{"@type":"BreadcrumbList","@id":"https:\/\/www.em.com.br\/emfoco\/2025\/06\/10\/essa-cidade-paulista-esta-conquistando-familias-e-o-motivo-emociona\/#breadcrumb","itemListElement":[{"@type":"ListItem","position":1,"name":"In\u00edcio","item":"https:\/\/www.em.com.br\/emfoco\/"},{"@type":"ListItem","position":2,"name":"Essa cidade paulista est\u00e1 conquistando fam\u00edlias e o motivo emociona"}]},{"@type":"WebSite","@id":"https:\/\/www.em.com.br\/emfoco\/#website","url":"https:\/\/www.em.com.br\/emfoco\/","name":"Estado de Minas - Em foco","description":"Acompanhe as \u00faltimas not\u00edcias e fique bem informado sobre tudo o que acontece em Minas Gerais, Brasil e no mundo.","potentialAction":[{"@type":"SearchAction","target":{"@type":"EntryPoint","urlTemplate":"https:\/\/www.em.com.br\/emfoco\/?s={search_term_string}"},"query-input":{"@type":"PropertyValueSpecification","valueRequired":true,"valueName":"search_term_string"}}],"inLanguage":"pt-BR"},{"@type":"Person","@id":"https:\/\/www.em.com.br\/emfoco\/#\/schema\/person\/43407752bebcbbb4d0ec79deedc0d7ce","name":"Patryck Reinehr","image":{"@type":"ImageObject","inLanguage":"pt-BR","@id":"https:\/\/www.em.com.br\/emfoco\/#\/schema\/person\/image\/","url":"https:\/\/secure.gravatar.com\/avatar\/570c7fb2898c0e2df0823196891bea88?s=96&d=mm&r=g","contentUrl":"https:\/\/secure.gravatar.com\/avatar\/570c7fb2898c0e2df0823196891bea88?s=96&d=mm&r=g","caption":"Patryck Reinehr"},"url":"https:\/\/www.em.com.br\/emfoco\/author\/patryckmyth\/"}]}},"_links":{"self":[{"href":"https:\/\/www.em.com.br\/emfoco\/wp-json\/wp\/v2\/posts\/58451","targetHints":{"allow":["GET"]}}],"collection":[{"href":"https:\/\/www.em.com.br\/emfoco\/wp-json\/wp\/v2\/posts"}],"about":[{"href":"https:\/\/www.em.com.br\/emfoco\/wp-json\/wp\/v2\/types\/post"}],"author":[{"embeddable":true,"href":"https:\/\/www.em.com.br\/emfoco\/wp-json\/wp\/v2\/users\/10"}],"replies":[{"embeddable":true,"href":"https:\/\/www.em.com.br\/emfoco\/wp-json\/wp\/v2\/comments?post=58451"}],"version-history":[{"count":1,"href":"https:\/\/www.em.com.br\/emfoco\/wp-json\/wp\/v2\/posts\/58451\/revisions"}],"predecessor-version":[{"id":58457,"href":"https:\/\/www.em.com.br\/emfoco\/wp-json\/wp\/v2\/posts\/58451\/revisions\/58457"}],"wp:featuredmedia":[{"embeddable":true,"href":"https:\/\/www.em.com.br\/emfoco\/wp-json\/wp\/v2\/media\/58452"}],"wp:attachment":[{"href":"https:\/\/www.em.com.br\/emfoco\/wp-json\/wp\/v2\/media?parent=58451"}],"wp:term":[{"taxonomy":"category","embeddable":true,"href":"https:\/\/www.em.com.br\/emfoco\/wp-json\/wp\/v2\/categories?post=58451"},{"taxonomy":"post_tag","embeddable":true,"href":"https:\/\/www.em.com.br\/emfoco\/wp-json\/wp\/v2\/tags?post=58451"}],"curies":[{"name":"wp","href":"https:\/\/api.w.org\/{rel}","templated":true}]}}