{"id":58433,"date":"2025-06-12T13:20:00","date_gmt":"2025-06-12T16:20:00","guid":{"rendered":"https:\/\/www.em.com.br\/emfoco\/?p=58433"},"modified":"2025-06-11T18:15:35","modified_gmt":"2025-06-11T21:15:35","slug":"novo-mercedes-benz-cla-chega-com-motor-eletrico-e-uma-autonomia-surpreendente-de-792-km-com-uma-carga","status":"publish","type":"post","link":"https:\/\/www.em.com.br\/emfoco\/2025\/06\/12\/novo-mercedes-benz-cla-chega-com-motor-eletrico-e-uma-autonomia-surpreendente-de-792-km-com-uma-carga\/","title":{"rendered":"Novo Mercedes-Benz CLA chega com motor el\u00e9trico e uma autonomia surpreendente de 792 km com uma carga!"},"content":{"rendered":"\n<p><strong>O Mercedes-Benz CLA el\u00e9trico chega ao mercado em 2025 como uma das apostas mais avan\u00e7adas da montadora alem\u00e3 no segmento de ve\u00edculos sustent\u00e1veis. O modelo destaca-se pelo seu alcance impressionante de at\u00e9 792 km com uma \u00fanica carga, tornando-se refer\u00eancia em efici\u00eancia energ\u00e9tica entre os sed\u00e3s el\u00e9tricos de sua categoria.<\/strong> Esse lan\u00e7amento refor\u00e7a o compromisso da marca com a mobilidade el\u00e9trica e a inova\u00e7\u00e3o tecnol\u00f3gica. Al\u00e9m disso, o CLA el\u00e9trico j\u00e1 \u00e9 preparado para atualiza\u00e7\u00f5es de software remotas, permitindo melhorias frequentes nos seus sistemas sem a necessidade de visitas \u00e0 concession\u00e1ria.<\/p>\n\n\n\n<p><strong>Al\u00e9m da autonomia, o novo CLA el\u00e9trico traz um pacote completo de recursos modernos, design sofisticado e solu\u00e7\u00f5es inteligentes para o dia a dia.<\/strong> <strong>A proposta \u00e9 oferecer uma experi\u00eancia de condu\u00e7\u00e3o confort\u00e1vel, segura e conectada, atendendo \u00e0s demandas de um p\u00fablico cada vez mais exigente e atento \u00e0 sustentabilidade.<\/strong> Outra novidade \u00e9 a integra\u00e7\u00e3o com aplicativos de smartphone que permitem monitorar remotamente carga da bateria, climatiza\u00e7\u00e3o e localiza\u00e7\u00e3o do ve\u00edculo.<\/p>\n\n\n\n<h2 class=\"wp-block-heading\">Como o design e as dimens\u00f5es do Mercedes-Benz CLA el\u00e9trico se destacam?<\/h2>\n\n\n\n<p><strong>O visual do novo CLA el\u00e9trico segue a linha elegante e esportiva caracter\u00edstica da <a href=\"https:\/\/www2.mercedes-benz.com.br\/\" target=\"_blank\" rel=\"noreferrer noopener\">Mercedes-Benz<\/a>, com linhas fluidas e detalhes aerodin\u00e2micos que contribuem para o desempenho e a efici\u00eancia.<\/strong> <strong>A grade frontal fechada, os far\u00f3is em LED e as rodas de liga leve com design exclusivo refor\u00e7am a identidade visual do modelo, al\u00e9m de melhorar a performance energ\u00e9tica.<\/strong> O modelo tamb\u00e9m passa a oferecer novas op\u00e7\u00f5es de personaliza\u00e7\u00e3o externa, incluindo pacotes esportivos e acabamentos diferenciados.<\/p>\n\n\n\n<p><strong>Em rela\u00e7\u00e3o \u00e0s dimens\u00f5es, o sed\u00e3 apresenta comprimento aproximado de 4,7 metros, largura de 1,83 metro e altura de 1,44 metro, proporcionando um espa\u00e7o interno generoso para passageiros e bagagens.<\/strong> O entre-eixos ampliado favorece o conforto dos ocupantes, enquanto o porta-malas oferece capacidade adequada para viagens e uso urbano. O coeficiente aerodin\u00e2mico (Cx) tamb\u00e9m est\u00e1 entre os melhores do segmento, otimizando a efici\u00eancia energ\u00e9tica.<\/p>\n\n\n\n<figure class=\"wp-block-image size-large\"><img loading=\"lazy\" decoding=\"async\" width=\"1024\" height=\"576\" src=\"https:\/\/www.em.com.br\/emfoco\/wp-content\/uploads\/2025\/06\/ad-1-17-1024x576.jpg\" alt=\"Novo Mercedes-Benz CLA chega com motor el\u00e9trico e uma autonomia surpreendente de 792 km com uma carga!\" class=\"wp-image-58439\" srcset=\"https:\/\/www.em.com.br\/emfoco\/wp-content\/uploads\/2025\/06\/ad-1-17-1024x576.jpg 1024w, https:\/\/www.em.com.br\/emfoco\/wp-content\/uploads\/2025\/06\/ad-1-17-300x169.jpg 300w, https:\/\/www.em.com.br\/emfoco\/wp-content\/uploads\/2025\/06\/ad-1-17-768x432.jpg 768w, https:\/\/www.em.com.br\/emfoco\/wp-content\/uploads\/2025\/06\/ad-1-17-750x422.jpg 750w, https:\/\/www.em.com.br\/emfoco\/wp-content\/uploads\/2025\/06\/ad-1-17-1140x641.jpg 1140w, https:\/\/www.em.com.br\/emfoco\/wp-content\/uploads\/2025\/06\/ad-1-17.jpg 1280w\" sizes=\"auto, (max-width: 1024px) 100vw, 1024px\" \/><figcaption class=\"wp-element-caption\">Mercedes-Benz CLA &#8211; Cr\u00e9ditos: Mercedes-Benz\/Divulga\u00e7\u00e3o<\/figcaption><\/figure>\n\n\n\n<h2 class=\"wp-block-heading\">O que torna a motoriza\u00e7\u00e3o e a autonomia do CLA el\u00e9trico t\u00e3o impressionantes?<\/h2>\n\n\n\n<p><strong>O Mercedes-Benz CLA el\u00e9trico est\u00e1 equipado com um motor el\u00e9trico de \u00faltima gera\u00e7\u00e3o, capaz de entregar pot\u00eancia instant\u00e2nea e acelera\u00e7\u00e3o suave.<\/strong> Dependendo da vers\u00e3o, a pot\u00eancia pode variar, mas todas oferecem desempenho consistente e silencioso, t\u00edpico dos ve\u00edculos el\u00e9tricos premium. O sistema de tra\u00e7\u00e3o pode ser dianteiro ou integral, dependendo da configura\u00e7\u00e3o escolhida. Na configura\u00e7\u00e3o mais potente, o modelo pode acelerar de 0 a 100 km\/h em menos de 5 segundos.<\/p>\n\n\n\n<p><strong>O grande destaque do modelo \u00e9 a autonomia de at\u00e9 792 km no ciclo WLTP, resultado de uma bateria de alta capacidade e de tecnologias avan\u00e7adas de gerenciamento energ\u00e9tico.<\/strong> <strong>Esse alcance permite viagens longas sem a necessidade de recargas frequentes, tornando o CLA el\u00e9trico uma op\u00e7\u00e3o vi\u00e1vel tanto para uso urbano quanto rodovi\u00e1rio.<\/strong> O modelo \u00e9 compat\u00edvel com carregamento ultrarr\u00e1pido, permitindo recuperar grande parte da autonomia em menos de 30 minutos.<\/p>\n\n\n\n<figure class=\"wp-block-image size-large\"><img loading=\"lazy\" decoding=\"async\" width=\"1024\" height=\"576\" src=\"https:\/\/www.em.com.br\/emfoco\/wp-content\/uploads\/2025\/06\/ad-2-14-1024x576.jpg\" alt=\"Novo Mercedes-Benz CLA chega com motor el\u00e9trico e uma autonomia surpreendente de 792 km com uma carga!\" class=\"wp-image-58438\" srcset=\"https:\/\/www.em.com.br\/emfoco\/wp-content\/uploads\/2025\/06\/ad-2-14-1024x576.jpg 1024w, https:\/\/www.em.com.br\/emfoco\/wp-content\/uploads\/2025\/06\/ad-2-14-300x169.jpg 300w, https:\/\/www.em.com.br\/emfoco\/wp-content\/uploads\/2025\/06\/ad-2-14-768x432.jpg 768w, https:\/\/www.em.com.br\/emfoco\/wp-content\/uploads\/2025\/06\/ad-2-14-750x422.jpg 750w, https:\/\/www.em.com.br\/emfoco\/wp-content\/uploads\/2025\/06\/ad-2-14-1140x641.jpg 1140w, https:\/\/www.em.com.br\/emfoco\/wp-content\/uploads\/2025\/06\/ad-2-14.jpg 1280w\" sizes=\"auto, (max-width: 1024px) 100vw, 1024px\" \/><figcaption class=\"wp-element-caption\">Mercedes-Benz CLA &#8211; Cr\u00e9ditos: Mercedes-Benz\/Divulga\u00e7\u00e3o<\/figcaption><\/figure>\n\n\n\n<h2 class=\"wp-block-heading\">Quais tecnologias e recursos de interior est\u00e3o presentes no novo CLA el\u00e9trico?<\/h2>\n\n\n\n<p><strong>O interior do Mercedes-Benz CLA el\u00e9trico foi projetado para oferecer conforto, conectividade e praticidade.<\/strong> <strong>O painel digital MBUX de \u00faltima gera\u00e7\u00e3o integra instrumentos e central multim\u00eddia em uma \u00fanica tela panor\u00e2mica, com comandos por voz e toque.<\/strong> O sistema de navega\u00e7\u00e3o inteligente inclui informa\u00e7\u00f5es sobre pontos de recarga e rotas otimizadas para ve\u00edculos el\u00e9tricos. O modelo agora oferece tamb\u00e9m head-up display e integra\u00e7\u00e3o ampliada com assistentes virtuais.<\/p>\n\n\n\n<p><strong>Entre os recursos de conforto, destacam-se os bancos com ajustes el\u00e9tricos e mem\u00f3ria, ar-condicionado digital de m\u00faltiplas zonas e acabamento premium com materiais sustent\u00e1veis.<\/strong> O sistema de som de alta fidelidade, ilumina\u00e7\u00e3o ambiente personaliz\u00e1vel e carregamento sem fio para smartphones completam o pacote tecnol\u00f3gico do modelo. H\u00e1 ainda conectividade com Apple CarPlay e Android Auto sem fio.<\/p>\n\n\n\n<h2 class=\"wp-block-heading\">Como o Mercedes-Benz CLA el\u00e9trico se posiciona em rela\u00e7\u00e3o \u00e0 seguran\u00e7a e assist\u00eancia ao motorista?<\/h2>\n\n\n\n<p><strong>A seguran\u00e7a \u00e9 um dos pilares do novo CLA el\u00e9trico, que traz uma s\u00e9rie de assistentes de condu\u00e7\u00e3o e sistemas de prote\u00e7\u00e3o ativa e passiva.<\/strong> Entre os principais recursos, est\u00e3o o assistente de perman\u00eancia em faixa, frenagem aut\u00f4noma de emerg\u00eancia, controle de cruzeiro adaptativo e monitoramento de ponto cego. Esses sistemas trabalham em conjunto para prevenir acidentes e facilitar a condu\u00e7\u00e3o em diferentes situa\u00e7\u00f5es. O modelo traz ainda reconhecimento avan\u00e7ado de placas de tr\u00e2nsito e alerta de tr\u00e1fego cruzado traseiro.<\/p>\n\n\n\n<p><strong>O modelo tamb\u00e9m conta com m\u00faltiplos airbags, estrutura refor\u00e7ada e sensores de estacionamento com c\u00e2mera 360 graus, proporcionando mais tranquilidade ao motorista e aos passageiros.<\/strong> O pacote de seguran\u00e7a foi desenvolvido para atender aos mais rigorosos padr\u00f5es internacionais, consolidando o CLA el\u00e9trico como refer\u00eancia em prote\u00e7\u00e3o veicular. O Mercedes-Benz CLA el\u00e9trico tamb\u00e9m oferece assistente de estacionamento aut\u00f4nomo, facilitando manobras em vagas apertadas.<\/p>\n\n\n\n<h2 class=\"wp-block-heading\">Quais s\u00e3o as expectativas para o mercado brasileiro com a chegada do CLA el\u00e9trico?<\/h2>\n\n\n\n<p><strong>A introdu\u00e7\u00e3o do Mercedes-Benz CLA el\u00e9trico no <a href=\"https:\/\/www.em.com.br\/emfoco\/2025\/06\/10\/brasileiros-terao-nova-forma-de-pagar-contas-sem-complicacoes-a-partir-de-junho\/\" target=\"_blank\" rel=\"noreferrer noopener\">Brasil <\/a>em 2025 amplia as op\u00e7\u00f5es de ve\u00edculos el\u00e9tricos premium dispon\u00edveis no pa\u00eds.<\/strong> <strong>A expectativa \u00e9 que o modelo contribua para o crescimento do segmento, impulsionando a infraestrutura de recarga e estimulando a ado\u00e7\u00e3o de tecnologias limpas no setor automotivo nacional.<\/strong> Especialistas tamb\u00e9m acreditam que a chegada do CLA el\u00e9trico deve incentivar outras montadoras a investirem em modelos el\u00e9tricos no Brasil.<\/p>\n\n\n\n<p>Com a combina\u00e7\u00e3o de autonomia elevada, design sofisticado e tecnologia de ponta, o CLA el\u00e9trico deve atrair consumidores que buscam inova\u00e7\u00e3o, sustentabilidade e desempenho. O lan\u00e7amento refor\u00e7a a estrat\u00e9gia da Mercedes-Benz de liderar a transi\u00e7\u00e3o para a mobilidade el\u00e9trica, alinhando-se \u00e0s tend\u00eancias globais de redu\u00e7\u00e3o de emiss\u00f5es e efici\u00eancia energ\u00e9tica.<strong> <\/strong>O modelo poder\u00e1 ainda receber incentivos fiscais, conforme as novas pol\u00edticas ambientais previstas para os pr\u00f3ximos anos no pa\u00eds.<\/p>\n","protected":false},"excerpt":{"rendered":"<p>O Mercedes-Benz CLA el\u00e9trico chega ao mercado em 2025 como uma das apostas mais avan\u00e7adas da montadora alem\u00e3 no segmento de ve\u00edculos sustent\u00e1veis. O modelo destaca-se pelo seu alcance impressionante de at\u00e9 792 km com uma \u00fanica carga, tornando-se refer\u00eancia em efici\u00eancia energ\u00e9tica entre os sed\u00e3s el\u00e9tricos de sua categoria. Esse lan\u00e7amento refor\u00e7a o compromisso [&hellip;]<\/p>\n","protected":false},"author":13,"featured_media":58440,"comment_status":"open","ping_status":"open","sticky":false,"template":"","format":"standard","meta":{"jnews-multi-image_gallery":[],"jnews_single_post":{"format":"standard"},"jnews_primary_category":[],"jnews_social_meta":[],"jnews_override_counter":[],"footnotes":""},"categories":[27],"tags":[828,10134,8798,2074],"class_list":["post-58433","post","type-post","status-publish","format-standard","has-post-thumbnail","hentry","category-carros","tag-autonomia","tag-cla-eletrico","tag-mercedes-benz","tag-veiculo-eletrico"],"yoast_head":"<!-- This site is optimized with the Yoast SEO plugin v23.8 - https:\/\/yoast.com\/wordpress\/plugins\/seo\/ -->\n<title>Novo Mercedes-Benz CLA chega com motor el\u00e9trico e uma autonomia surpreendente de 792 km com uma carga! - Estado de Minas - Em foco<\/title>\n<meta name=\"description\" content=\"Autonomia impressionante tecnologias revolucion\u00e1rias e seguran\u00e7a m\u00e1xima. Tudo sobre o Mercedes-Benz CLA el\u00e9trico que promete virar o jogo.\" \/>\n<meta name=\"robots\" content=\"index, follow, max-snippet:-1, max-image-preview:large, max-video-preview:-1\" \/>\n<link rel=\"canonical\" href=\"https:\/\/www.em.com.br\/emfoco\/2025\/06\/12\/novo-mercedes-benz-cla-chega-com-motor-eletrico-e-uma-autonomia-surpreendente-de-792-km-com-uma-carga\/\" \/>\n<meta property=\"og:locale\" content=\"pt_BR\" \/>\n<meta property=\"og:type\" content=\"article\" \/>\n<meta property=\"og:title\" content=\"Novo Mercedes-Benz CLA chega com motor el\u00e9trico e uma autonomia surpreendente de 792 km com uma carga! - Estado de Minas - Em foco\" \/>\n<meta property=\"og:description\" content=\"Autonomia impressionante tecnologias revolucion\u00e1rias e seguran\u00e7a m\u00e1xima. Tudo sobre o Mercedes-Benz CLA el\u00e9trico que promete virar o jogo.\" \/>\n<meta property=\"og:url\" content=\"https:\/\/www.em.com.br\/emfoco\/2025\/06\/12\/novo-mercedes-benz-cla-chega-com-motor-eletrico-e-uma-autonomia-surpreendente-de-792-km-com-uma-carga\/\" \/>\n<meta property=\"og:site_name\" content=\"Estado de Minas - Em foco\" \/>\n<meta property=\"article:published_time\" content=\"2025-06-12T16:20:00+00:00\" \/>\n<meta property=\"article:modified_time\" content=\"2025-06-11T21:15:35+00:00\" \/>\n<meta property=\"og:image\" content=\"https:\/\/www.em.com.br\/emfoco\/wp-content\/uploads\/2025\/06\/ad-29.jpg\" \/>\n\t<meta property=\"og:image:width\" content=\"1280\" \/>\n\t<meta property=\"og:image:height\" content=\"720\" \/>\n\t<meta property=\"og:image:type\" content=\"image\/jpeg\" \/>\n<meta name=\"author\" content=\"Gabriel Martins\" \/>\n<meta name=\"twitter:card\" content=\"summary_large_image\" \/>\n<meta name=\"twitter:label1\" content=\"Escrito por\" \/>\n\t<meta name=\"twitter:data1\" content=\"Gabriel Martins\" \/>\n\t<meta name=\"twitter:label2\" content=\"Est. tempo de leitura\" \/>\n\t<meta name=\"twitter:data2\" content=\"6 minutos\" \/>\n<!-- \/ Yoast SEO plugin. -->","yoast_head_json":{"title":"Novo Mercedes-Benz CLA chega com motor el\u00e9trico e uma autonomia surpreendente de 792 km com uma carga! - Estado de Minas - Em foco","description":"Autonomia impressionante tecnologias revolucion\u00e1rias e seguran\u00e7a m\u00e1xima. Tudo sobre o Mercedes-Benz CLA el\u00e9trico que promete virar o jogo.","robots":{"index":"index","follow":"follow","max-snippet":"max-snippet:-1","max-image-preview":"max-image-preview:large","max-video-preview":"max-video-preview:-1"},"canonical":"https:\/\/www.em.com.br\/emfoco\/2025\/06\/12\/novo-mercedes-benz-cla-chega-com-motor-eletrico-e-uma-autonomia-surpreendente-de-792-km-com-uma-carga\/","og_locale":"pt_BR","og_type":"article","og_title":"Novo Mercedes-Benz CLA chega com motor el\u00e9trico e uma autonomia surpreendente de 792 km com uma carga! - Estado de Minas - Em foco","og_description":"Autonomia impressionante tecnologias revolucion\u00e1rias e seguran\u00e7a m\u00e1xima. Tudo sobre o Mercedes-Benz CLA el\u00e9trico que promete virar o jogo.","og_url":"https:\/\/www.em.com.br\/emfoco\/2025\/06\/12\/novo-mercedes-benz-cla-chega-com-motor-eletrico-e-uma-autonomia-surpreendente-de-792-km-com-uma-carga\/","og_site_name":"Estado de Minas - Em foco","article_published_time":"2025-06-12T16:20:00+00:00","article_modified_time":"2025-06-11T21:15:35+00:00","og_image":[{"width":1280,"height":720,"url":"https:\/\/www.em.com.br\/emfoco\/wp-content\/uploads\/2025\/06\/ad-29.jpg","type":"image\/jpeg"}],"author":"Gabriel Martins","twitter_card":"summary_large_image","twitter_misc":{"Escrito por":"Gabriel Martins","Est. tempo de leitura":"6 minutos"},"schema":{"@context":"https:\/\/schema.org","@graph":[{"@type":"WebPage","@id":"https:\/\/www.em.com.br\/emfoco\/2025\/06\/12\/novo-mercedes-benz-cla-chega-com-motor-eletrico-e-uma-autonomia-surpreendente-de-792-km-com-uma-carga\/","url":"https:\/\/www.em.com.br\/emfoco\/2025\/06\/12\/novo-mercedes-benz-cla-chega-com-motor-eletrico-e-uma-autonomia-surpreendente-de-792-km-com-uma-carga\/","name":"Novo Mercedes-Benz CLA chega com motor el\u00e9trico e uma autonomia surpreendente de 792 km com uma carga! - Estado de Minas - Em foco","isPartOf":{"@id":"https:\/\/www.em.com.br\/emfoco\/#website"},"primaryImageOfPage":{"@id":"https:\/\/www.em.com.br\/emfoco\/2025\/06\/12\/novo-mercedes-benz-cla-chega-com-motor-eletrico-e-uma-autonomia-surpreendente-de-792-km-com-uma-carga\/#primaryimage"},"image":{"@id":"https:\/\/www.em.com.br\/emfoco\/2025\/06\/12\/novo-mercedes-benz-cla-chega-com-motor-eletrico-e-uma-autonomia-surpreendente-de-792-km-com-uma-carga\/#primaryimage"},"thumbnailUrl":"https:\/\/www.em.com.br\/emfoco\/wp-content\/uploads\/2025\/06\/ad-29.jpg","datePublished":"2025-06-12T16:20:00+00:00","dateModified":"2025-06-11T21:15:35+00:00","author":{"@id":"https:\/\/www.em.com.br\/emfoco\/#\/schema\/person\/1c9ddeab18b98abeffef834667bcf08a"},"description":"Autonomia impressionante tecnologias revolucion\u00e1rias e seguran\u00e7a m\u00e1xima. Tudo sobre o Mercedes-Benz CLA el\u00e9trico que promete virar o jogo.","breadcrumb":{"@id":"https:\/\/www.em.com.br\/emfoco\/2025\/06\/12\/novo-mercedes-benz-cla-chega-com-motor-eletrico-e-uma-autonomia-surpreendente-de-792-km-com-uma-carga\/#breadcrumb"},"inLanguage":"pt-BR","potentialAction":[{"@type":"ReadAction","target":["https:\/\/www.em.com.br\/emfoco\/2025\/06\/12\/novo-mercedes-benz-cla-chega-com-motor-eletrico-e-uma-autonomia-surpreendente-de-792-km-com-uma-carga\/"]}]},{"@type":"ImageObject","inLanguage":"pt-BR","@id":"https:\/\/www.em.com.br\/emfoco\/2025\/06\/12\/novo-mercedes-benz-cla-chega-com-motor-eletrico-e-uma-autonomia-surpreendente-de-792-km-com-uma-carga\/#primaryimage","url":"https:\/\/www.em.com.br\/emfoco\/wp-content\/uploads\/2025\/06\/ad-29.jpg","contentUrl":"https:\/\/www.em.com.br\/emfoco\/wp-content\/uploads\/2025\/06\/ad-29.jpg","width":1280,"height":720,"caption":"Mercedes-Benz CLA - Cr\u00e9ditos: Mercedes-Benz\/Divulga\u00e7\u00e3o"},{"@type":"BreadcrumbList","@id":"https:\/\/www.em.com.br\/emfoco\/2025\/06\/12\/novo-mercedes-benz-cla-chega-com-motor-eletrico-e-uma-autonomia-surpreendente-de-792-km-com-uma-carga\/#breadcrumb","itemListElement":[{"@type":"ListItem","position":1,"name":"In\u00edcio","item":"https:\/\/www.em.com.br\/emfoco\/"},{"@type":"ListItem","position":2,"name":"Novo Mercedes-Benz CLA chega com motor el\u00e9trico e uma autonomia surpreendente de 792 km com uma carga!"}]},{"@type":"WebSite","@id":"https:\/\/www.em.com.br\/emfoco\/#website","url":"https:\/\/www.em.com.br\/emfoco\/","name":"Estado de Minas - Em foco","description":"Acompanhe as \u00faltimas not\u00edcias e fique bem informado sobre tudo o que acontece em Minas Gerais, Brasil e no mundo.","potentialAction":[{"@type":"SearchAction","target":{"@type":"EntryPoint","urlTemplate":"https:\/\/www.em.com.br\/emfoco\/?s={search_term_string}"},"query-input":{"@type":"PropertyValueSpecification","valueRequired":true,"valueName":"search_term_string"}}],"inLanguage":"pt-BR"},{"@type":"Person","@id":"https:\/\/www.em.com.br\/emfoco\/#\/schema\/person\/1c9ddeab18b98abeffef834667bcf08a","name":"Gabriel Martins","image":{"@type":"ImageObject","inLanguage":"pt-BR","@id":"https:\/\/www.em.com.br\/emfoco\/#\/schema\/person\/image\/","url":"https:\/\/secure.gravatar.com\/avatar\/f0f1e2efdfd88f1ad2cb08c5c2731e50?s=96&d=mm&r=g","contentUrl":"https:\/\/secure.gravatar.com\/avatar\/f0f1e2efdfd88f1ad2cb08c5c2731e50?s=96&d=mm&r=g","caption":"Gabriel Martins"},"sameAs":["https:\/\/www.em.com.br\/emfoco\/"],"url":"https:\/\/www.em.com.br\/emfoco\/author\/gabrielmartinsmyth\/"}]}},"_links":{"self":[{"href":"https:\/\/www.em.com.br\/emfoco\/wp-json\/wp\/v2\/posts\/58433","targetHints":{"allow":["GET"]}}],"collection":[{"href":"https:\/\/www.em.com.br\/emfoco\/wp-json\/wp\/v2\/posts"}],"about":[{"href":"https:\/\/www.em.com.br\/emfoco\/wp-json\/wp\/v2\/types\/post"}],"author":[{"embeddable":true,"href":"https:\/\/www.em.com.br\/emfoco\/wp-json\/wp\/v2\/users\/13"}],"replies":[{"embeddable":true,"href":"https:\/\/www.em.com.br\/emfoco\/wp-json\/wp\/v2\/comments?post=58433"}],"version-history":[{"count":2,"href":"https:\/\/www.em.com.br\/emfoco\/wp-json\/wp\/v2\/posts\/58433\/revisions"}],"predecessor-version":[{"id":58441,"href":"https:\/\/www.em.com.br\/emfoco\/wp-json\/wp\/v2\/posts\/58433\/revisions\/58441"}],"wp:featuredmedia":[{"embeddable":true,"href":"https:\/\/www.em.com.br\/emfoco\/wp-json\/wp\/v2\/media\/58440"}],"wp:attachment":[{"href":"https:\/\/www.em.com.br\/emfoco\/wp-json\/wp\/v2\/media?parent=58433"}],"wp:term":[{"taxonomy":"category","embeddable":true,"href":"https:\/\/www.em.com.br\/emfoco\/wp-json\/wp\/v2\/categories?post=58433"},{"taxonomy":"post_tag","embeddable":true,"href":"https:\/\/www.em.com.br\/emfoco\/wp-json\/wp\/v2\/tags?post=58433"}],"curies":[{"name":"wp","href":"https:\/\/api.w.org\/{rel}","templated":true}]}}