{"id":58264,"date":"2025-06-11T07:20:00","date_gmt":"2025-06-11T10:20:00","guid":{"rendered":"https:\/\/www.em.com.br\/emfoco\/?p=58264"},"modified":"2025-06-11T08:55:23","modified_gmt":"2025-06-11T11:55:23","slug":"o-cha-que-esta-conquistando-quem-quer-pele-jovem-e-articulacoes-saudaveis","status":"publish","type":"post","link":"https:\/\/www.em.com.br\/emfoco\/2025\/06\/11\/o-cha-que-esta-conquistando-quem-quer-pele-jovem-e-articulacoes-saudaveis\/","title":{"rendered":"O ch\u00e1 que est\u00e1 conquistando quem quer pele jovem e articula\u00e7\u00f5es saud\u00e1veis"},"content":{"rendered":"\n<p><strong>O <a href=\"https:\/\/www.em.com.br\/emfoco\/2025\/04\/06\/producao-de-colageno-em-queda-saiba-o-que-fazer-agora\/\" target=\"_blank\" rel=\"noreferrer noopener\">col\u00e1geno <\/a>\u00e9 uma prote\u00edna fundamental presente em diversos tecidos do corpo, como pele, ossos, tend\u00f5es e cartilagens.<\/strong>&nbsp;Ele atua como uma esp\u00e9cie de &#8220;cola&#8221;, proporcionando estrutura, firmeza e elasticidade. Com o passar dos anos, a produ\u00e7\u00e3o natural de col\u00e1geno tende a diminuir, o que pode resultar em sinais vis\u00edveis de envelhecimento, como rugas e flacidez, al\u00e9m de afetar articula\u00e7\u00f5es e m\u00fasculos.<\/p>\n\n\n\n<p><strong>Al\u00e9m da quest\u00e3o est\u00e9tica, o col\u00e1geno tamb\u00e9m \u00e9 essencial para a sa\u00fade das articula\u00e7\u00f5es, auxiliando na mobilidade e na preven\u00e7\u00e3o de les\u00f5es.<\/strong>&nbsp;Por isso, buscar formas de estimular a produ\u00e7\u00e3o dessa prote\u00edna tornou-se uma preocupa\u00e7\u00e3o comum, especialmente entre pessoas que desejam manter a vitalidade da pele e o bom funcionamento do organismo.<\/p>\n\n\n\n<h2 class=\"wp-block-heading\">Como a alimenta\u00e7\u00e3o pode influenciar na produ\u00e7\u00e3o de col\u00e1geno?<\/h2>\n\n\n\n<p><strong>A dieta desempenha um papel relevante na s\u00edntese de col\u00e1geno pelo corpo.<\/strong>&nbsp;Alimentos ricos em prote\u00ednas, vitaminas e minerais contribuem para a forma\u00e7\u00e3o dessa subst\u00e2ncia. Entre os nutrientes mais importantes est\u00e3o a vitamina C, o zinco, o cobre e os amino\u00e1cidos presentes em carnes magras, ovos, leguminosas e latic\u00ednios. O consumo regular desses alimentos pode favorecer a manuten\u00e7\u00e3o dos n\u00edveis de col\u00e1geno.<\/p>\n\n\n\n<p><strong>Al\u00e9m disso, algumas bebidas naturais, como ch\u00e1s, podem atuar como aliados nesse processo.<\/strong>&nbsp;Certos ingredientes presentes em infus\u00f5es possuem propriedades <a href=\"https:\/\/oglobo.globo.com\/saude\/epoca\/noticia\/2024\/10\/27\/as-10-especiarias-com-beneficios-anti-inflamatorios-antioxidantes-e-digestivos-saiba-quais-sao-e-como-usa-las.ghtml\" target=\"_blank\" rel=\"noreferrer noopener\">antioxidantes e anti-inflamat\u00f3rias<\/a>, que auxiliam na prote\u00e7\u00e3o das fibras de col\u00e1geno e estimulam sua produ\u00e7\u00e3o.<\/p>\n\n\n\n<h2 class=\"wp-block-heading\">Qual \u00e9 o melhor ch\u00e1 para auxiliar o corpo a produzir col\u00e1geno?<\/h2>\n\n\n\n<p><strong>Entre as op\u00e7\u00f5es dispon\u00edveis, o ch\u00e1 de cavalinha destaca-se como um dos mais recomendados para quem busca estimular a produ\u00e7\u00e3o de col\u00e1geno.<\/strong>&nbsp;Essa planta cont\u00e9m altos n\u00edveis de sil\u00edcio, um mineral essencial para a forma\u00e7\u00e3o e manuten\u00e7\u00e3o das fibras de col\u00e1geno no organismo. O sil\u00edcio atua diretamente na s\u00edntese dessa prote\u00edna, promovendo maior elasticidade e resist\u00eancia aos tecidos.<\/p>\n\n\n\n<p>Outros ch\u00e1s tamb\u00e9m podem ser considerados, como o ch\u00e1-verde e o ch\u00e1 de hibisco, ambos ricos em antioxidantes que combatem os radicais livres e ajudam a preservar o col\u00e1geno j\u00e1 existente. No entanto, a cavalinha \u00e9 frequentemente apontada como a principal escolha devido \u00e0 sua concentra\u00e7\u00e3o de sil\u00edcio e benef\u00edcios comprovados para a sa\u00fade da pele e das articula\u00e7\u00f5es.<\/p>\n\n\n\n<figure class=\"wp-block-image\"><img decoding=\"async\" src=\"https:\/\/www.em.com.br\/emfoco\/wp-content\/uploads\/2025\/05\/cha_1746363531337-1024x576.jpg\" alt=\"\"\/><figcaption class=\"wp-element-caption\">Ch\u00e1 &#8211; Cr\u00e9ditos: depositphotos.com \/ gresey<\/figcaption><\/figure>\n\n\n\n<h2 class=\"wp-block-heading\">Quais ingredientes potencializam o efeito do ch\u00e1 para o col\u00e1geno?<\/h2>\n\n\n\n<p><strong>Alguns ingredientes podem ser adicionados ao ch\u00e1 para intensificar seus efeitos na produ\u00e7\u00e3o de col\u00e1geno.<\/strong>\u00a0A inclus\u00e3o de lim\u00e3o, por exemplo, fornece vitamina C, fundamental para a s\u00edntese dessa prote\u00edna. O gengibre, por sua vez, possui propriedades anti-inflamat\u00f3rias e antioxidantes, que contribuem para a prote\u00e7\u00e3o das fibras de col\u00e1geno.<\/p>\n\n\n\n<ul class=\"wp-block-list\">\n<li><strong>Lim\u00e3o:<\/strong>&nbsp;Rico em vitamina C, potencializa a absor\u00e7\u00e3o do sil\u00edcio e estimula a produ\u00e7\u00e3o de col\u00e1geno.<\/li>\n\n\n\n<li><strong>Gengibre:<\/strong>&nbsp;Auxilia na redu\u00e7\u00e3o de processos inflamat\u00f3rios e protege as fibras de col\u00e1geno.<\/li>\n\n\n\n<li><strong>Canela:<\/strong>&nbsp;Possui antioxidantes que ajudam a combater o envelhecimento precoce.<\/li>\n<\/ul>\n\n\n\n<p><strong>Essas combina\u00e7\u00f5es tornam o ch\u00e1 ainda mais eficaz, proporcionando benef\u00edcios adicionais para a sa\u00fade da pele e do corpo de forma geral.<\/strong><\/p>\n\n\n\n<h2 class=\"wp-block-heading\">Como preparar o ch\u00e1 de cavalinha para estimular o col\u00e1geno?<\/h2>\n\n\n\n<p><strong>O preparo do ch\u00e1 de cavalinha \u00e9 simples e pode ser realizado em poucos minutos.<\/strong>&nbsp;Para garantir a efic\u00e1cia, recomenda-se utilizar a planta seca e \u00e1gua filtrada. Veja o passo a passo:<\/p>\n\n\n\n<ol class=\"wp-block-list\">\n<li>Ferva 250 ml de \u00e1gua.<\/li>\n\n\n\n<li>Adicione 1 colher de sopa de cavalinha seca \u00e0 \u00e1gua fervente.<\/li>\n\n\n\n<li>Desligue o fogo e tampe o recipiente, deixando em infus\u00e3o por cerca de 10 minutos.<\/li>\n\n\n\n<li>Coe e, se desejar, acrescente lim\u00e3o ou gengibre para potencializar os efeitos.<\/li>\n\n\n\n<li>Beba preferencialmente sem ado\u00e7ar, para manter as propriedades naturais do ch\u00e1.<\/li>\n<\/ol>\n\n\n\n<p><strong>O consumo pode ser feito uma ou duas vezes ao dia, de acordo com a orienta\u00e7\u00e3o de um profissional de sa\u00fade.<\/strong>&nbsp;\u00c9 importante evitar o uso excessivo, pois o consumo exagerado de cavalinha pode causar efeitos indesejados.<\/p>\n\n\n\n<h2 class=\"wp-block-heading\">Existem contraindica\u00e7\u00f5es ou cuidados ao consumir ch\u00e1s para col\u00e1geno?<\/h2>\n\n\n\n<p><strong>Embora o ch\u00e1 de cavalinha e outras infus\u00f5es naturais tragam benef\u00edcios, \u00e9 fundamental observar poss\u00edveis contraindica\u00e7\u00f5es.<\/strong>&nbsp;Pessoas com problemas renais, gestantes, lactantes ou que fazem uso de medicamentos espec\u00edficos devem consultar um profissional de sa\u00fade antes de iniciar o consumo regular. O uso prolongado ou em grandes quantidades pode levar \u00e0 perda de minerais importantes, como pot\u00e1ssio.<\/p>\n\n\n\n<p><strong>Al\u00e9m disso, a ingest\u00e3o de ch\u00e1s deve ser associada a uma alimenta\u00e7\u00e3o equilibrada e h\u00e1bitos saud\u00e1veis.<\/strong>&nbsp;O ch\u00e1, por si s\u00f3, n\u00e3o substitui uma dieta rica em nutrientes necess\u00e1rios para a produ\u00e7\u00e3o de col\u00e1geno. O acompanhamento de um nutricionista pode ajudar a ajustar o consumo conforme as necessidades individuais, garantindo melhores resultados para a sa\u00fade e bem-estar.<\/p>\n","protected":false},"excerpt":{"rendered":"<p>O col\u00e1geno \u00e9 uma prote\u00edna fundamental presente em diversos tecidos do corpo, como pele, ossos, tend\u00f5es e cartilagens.&nbsp;Ele atua como uma esp\u00e9cie de &#8220;cola&#8221;, proporcionando estrutura, firmeza e elasticidade. Com o passar dos anos, a produ\u00e7\u00e3o natural de col\u00e1geno tende a diminuir, o que pode resultar em sinais vis\u00edveis de envelhecimento, como rugas e flacidez, [&hellip;]<\/p>\n","protected":false},"author":11,"featured_media":44406,"comment_status":"open","ping_status":"open","sticky":false,"template":"","format":"standard","meta":{"jnews-multi-image_gallery":[],"jnews_single_post":{"format":"standard"},"jnews_primary_category":[],"jnews_social_meta":[],"jnews_override_counter":[],"footnotes":""},"categories":[8691,1],"tags":[1924,5470,2553],"class_list":["post-58264","post","type-post","status-publish","format-standard","has-post-thumbnail","hentry","category-bem-estar","category-noticias","tag-cha","tag-dieta-saudavel","tag-saudavel"],"yoast_head":"<!-- This site is optimized with the Yoast SEO plugin v23.8 - https:\/\/yoast.com\/wordpress\/plugins\/seo\/ -->\n<title>O ch\u00e1 que est\u00e1 conquistando quem quer pele jovem e articula\u00e7\u00f5es saud\u00e1veis - Estado de Minas - Em foco<\/title>\n<meta name=\"description\" content=\"Essa infus\u00e3o natural \u00e9 rica em sil\u00edcio e pode transformar sua pele e articula\u00e7\u00f5es. Veja os ingredientes que fazem toda a diferen\u00e7a.\" \/>\n<meta name=\"robots\" content=\"index, follow, max-snippet:-1, max-image-preview:large, max-video-preview:-1\" \/>\n<link rel=\"canonical\" href=\"https:\/\/www.em.com.br\/emfoco\/2025\/06\/11\/o-cha-que-esta-conquistando-quem-quer-pele-jovem-e-articulacoes-saudaveis\/\" \/>\n<meta property=\"og:locale\" content=\"pt_BR\" \/>\n<meta property=\"og:type\" content=\"article\" \/>\n<meta property=\"og:title\" content=\"O ch\u00e1 que est\u00e1 conquistando quem quer pele jovem e articula\u00e7\u00f5es saud\u00e1veis - Estado de Minas - Em foco\" \/>\n<meta property=\"og:description\" content=\"Essa infus\u00e3o natural \u00e9 rica em sil\u00edcio e pode transformar sua pele e articula\u00e7\u00f5es. Veja os ingredientes que fazem toda a diferen\u00e7a.\" \/>\n<meta property=\"og:url\" content=\"https:\/\/www.em.com.br\/emfoco\/2025\/06\/11\/o-cha-que-esta-conquistando-quem-quer-pele-jovem-e-articulacoes-saudaveis\/\" \/>\n<meta property=\"og:site_name\" content=\"Estado de Minas - Em foco\" \/>\n<meta property=\"article:published_time\" content=\"2025-06-11T10:20:00+00:00\" \/>\n<meta property=\"article:modified_time\" content=\"2025-06-11T11:55:23+00:00\" \/>\n<meta property=\"og:image\" content=\"https:\/\/www.em.com.br\/emfoco\/wp-content\/uploads\/2025\/05\/cha_1746415182060.jpg\" \/>\n\t<meta property=\"og:image:width\" content=\"1280\" \/>\n\t<meta property=\"og:image:height\" content=\"720\" \/>\n\t<meta property=\"og:image:type\" content=\"image\/jpeg\" \/>\n<meta name=\"author\" content=\"Andre\u0301 Rangel\u00a0\" \/>\n<meta name=\"twitter:card\" content=\"summary_large_image\" \/>\n<meta name=\"twitter:label1\" content=\"Escrito por\" \/>\n\t<meta name=\"twitter:data1\" content=\"Andre\u0301 Rangel\u00a0\" \/>\n\t<meta name=\"twitter:label2\" content=\"Est. tempo de leitura\" \/>\n\t<meta name=\"twitter:data2\" content=\"5 minutos\" \/>\n<!-- \/ Yoast SEO plugin. -->","yoast_head_json":{"title":"O ch\u00e1 que est\u00e1 conquistando quem quer pele jovem e articula\u00e7\u00f5es saud\u00e1veis - Estado de Minas - Em foco","description":"Essa infus\u00e3o natural \u00e9 rica em sil\u00edcio e pode transformar sua pele e articula\u00e7\u00f5es. Veja os ingredientes que fazem toda a diferen\u00e7a.","robots":{"index":"index","follow":"follow","max-snippet":"max-snippet:-1","max-image-preview":"max-image-preview:large","max-video-preview":"max-video-preview:-1"},"canonical":"https:\/\/www.em.com.br\/emfoco\/2025\/06\/11\/o-cha-que-esta-conquistando-quem-quer-pele-jovem-e-articulacoes-saudaveis\/","og_locale":"pt_BR","og_type":"article","og_title":"O ch\u00e1 que est\u00e1 conquistando quem quer pele jovem e articula\u00e7\u00f5es saud\u00e1veis - Estado de Minas - Em foco","og_description":"Essa infus\u00e3o natural \u00e9 rica em sil\u00edcio e pode transformar sua pele e articula\u00e7\u00f5es. Veja os ingredientes que fazem toda a diferen\u00e7a.","og_url":"https:\/\/www.em.com.br\/emfoco\/2025\/06\/11\/o-cha-que-esta-conquistando-quem-quer-pele-jovem-e-articulacoes-saudaveis\/","og_site_name":"Estado de Minas - Em foco","article_published_time":"2025-06-11T10:20:00+00:00","article_modified_time":"2025-06-11T11:55:23+00:00","og_image":[{"width":1280,"height":720,"url":"https:\/\/www.em.com.br\/emfoco\/wp-content\/uploads\/2025\/05\/cha_1746415182060.jpg","type":"image\/jpeg"}],"author":"Andre\u0301 Rangel\u00a0","twitter_card":"summary_large_image","twitter_misc":{"Escrito por":"Andre\u0301 Rangel\u00a0","Est. tempo de leitura":"5 minutos"},"schema":{"@context":"https:\/\/schema.org","@graph":[{"@type":"WebPage","@id":"https:\/\/www.em.com.br\/emfoco\/2025\/06\/11\/o-cha-que-esta-conquistando-quem-quer-pele-jovem-e-articulacoes-saudaveis\/","url":"https:\/\/www.em.com.br\/emfoco\/2025\/06\/11\/o-cha-que-esta-conquistando-quem-quer-pele-jovem-e-articulacoes-saudaveis\/","name":"O ch\u00e1 que est\u00e1 conquistando quem quer pele jovem e articula\u00e7\u00f5es saud\u00e1veis - Estado de Minas - Em foco","isPartOf":{"@id":"https:\/\/www.em.com.br\/emfoco\/#website"},"primaryImageOfPage":{"@id":"https:\/\/www.em.com.br\/emfoco\/2025\/06\/11\/o-cha-que-esta-conquistando-quem-quer-pele-jovem-e-articulacoes-saudaveis\/#primaryimage"},"image":{"@id":"https:\/\/www.em.com.br\/emfoco\/2025\/06\/11\/o-cha-que-esta-conquistando-quem-quer-pele-jovem-e-articulacoes-saudaveis\/#primaryimage"},"thumbnailUrl":"https:\/\/www.em.com.br\/emfoco\/wp-content\/uploads\/2025\/05\/cha_1746415182060.jpg","datePublished":"2025-06-11T10:20:00+00:00","dateModified":"2025-06-11T11:55:23+00:00","author":{"@id":"https:\/\/www.em.com.br\/emfoco\/#\/schema\/person\/60eda09c1fedf0d6891f4cef4b60b8b8"},"description":"Essa infus\u00e3o natural \u00e9 rica em sil\u00edcio e pode transformar sua pele e articula\u00e7\u00f5es. Veja os ingredientes que fazem toda a diferen\u00e7a.","breadcrumb":{"@id":"https:\/\/www.em.com.br\/emfoco\/2025\/06\/11\/o-cha-que-esta-conquistando-quem-quer-pele-jovem-e-articulacoes-saudaveis\/#breadcrumb"},"inLanguage":"pt-BR","potentialAction":[{"@type":"ReadAction","target":["https:\/\/www.em.com.br\/emfoco\/2025\/06\/11\/o-cha-que-esta-conquistando-quem-quer-pele-jovem-e-articulacoes-saudaveis\/"]}]},{"@type":"ImageObject","inLanguage":"pt-BR","@id":"https:\/\/www.em.com.br\/emfoco\/2025\/06\/11\/o-cha-que-esta-conquistando-quem-quer-pele-jovem-e-articulacoes-saudaveis\/#primaryimage","url":"https:\/\/www.em.com.br\/emfoco\/wp-content\/uploads\/2025\/05\/cha_1746415182060.jpg","contentUrl":"https:\/\/www.em.com.br\/emfoco\/wp-content\/uploads\/2025\/05\/cha_1746415182060.jpg","width":1280,"height":720,"caption":"Mulher tomando ch\u00e1 - Ch\u00e1 - Cr\u00e9ditos: depositphotos.com \/ gresey"},{"@type":"BreadcrumbList","@id":"https:\/\/www.em.com.br\/emfoco\/2025\/06\/11\/o-cha-que-esta-conquistando-quem-quer-pele-jovem-e-articulacoes-saudaveis\/#breadcrumb","itemListElement":[{"@type":"ListItem","position":1,"name":"In\u00edcio","item":"https:\/\/www.em.com.br\/emfoco\/"},{"@type":"ListItem","position":2,"name":"O ch\u00e1 que est\u00e1 conquistando quem quer pele jovem e articula\u00e7\u00f5es saud\u00e1veis"}]},{"@type":"WebSite","@id":"https:\/\/www.em.com.br\/emfoco\/#website","url":"https:\/\/www.em.com.br\/emfoco\/","name":"Estado de Minas - Em foco","description":"Acompanhe as \u00faltimas not\u00edcias e fique bem informado sobre tudo o que acontece em Minas Gerais, Brasil e no mundo.","potentialAction":[{"@type":"SearchAction","target":{"@type":"EntryPoint","urlTemplate":"https:\/\/www.em.com.br\/emfoco\/?s={search_term_string}"},"query-input":{"@type":"PropertyValueSpecification","valueRequired":true,"valueName":"search_term_string"}}],"inLanguage":"pt-BR"},{"@type":"Person","@id":"https:\/\/www.em.com.br\/emfoco\/#\/schema\/person\/60eda09c1fedf0d6891f4cef4b60b8b8","name":"Andre\u0301 Rangel\u00a0","image":{"@type":"ImageObject","inLanguage":"pt-BR","@id":"https:\/\/www.em.com.br\/emfoco\/#\/schema\/person\/image\/","url":"https:\/\/secure.gravatar.com\/avatar\/6234dc814c77c8ef6d8bba622c787efc?s=96&d=mm&r=g","contentUrl":"https:\/\/secure.gravatar.com\/avatar\/6234dc814c77c8ef6d8bba622c787efc?s=96&d=mm&r=g","caption":"Andre\u0301 Rangel\u00a0"},"url":"https:\/\/www.em.com.br\/emfoco\/author\/luizmyth\/"}]}},"_links":{"self":[{"href":"https:\/\/www.em.com.br\/emfoco\/wp-json\/wp\/v2\/posts\/58264","targetHints":{"allow":["GET"]}}],"collection":[{"href":"https:\/\/www.em.com.br\/emfoco\/wp-json\/wp\/v2\/posts"}],"about":[{"href":"https:\/\/www.em.com.br\/emfoco\/wp-json\/wp\/v2\/types\/post"}],"author":[{"embeddable":true,"href":"https:\/\/www.em.com.br\/emfoco\/wp-json\/wp\/v2\/users\/11"}],"replies":[{"embeddable":true,"href":"https:\/\/www.em.com.br\/emfoco\/wp-json\/wp\/v2\/comments?post=58264"}],"version-history":[{"count":6,"href":"https:\/\/www.em.com.br\/emfoco\/wp-json\/wp\/v2\/posts\/58264\/revisions"}],"predecessor-version":[{"id":58635,"href":"https:\/\/www.em.com.br\/emfoco\/wp-json\/wp\/v2\/posts\/58264\/revisions\/58635"}],"wp:featuredmedia":[{"embeddable":true,"href":"https:\/\/www.em.com.br\/emfoco\/wp-json\/wp\/v2\/media\/44406"}],"wp:attachment":[{"href":"https:\/\/www.em.com.br\/emfoco\/wp-json\/wp\/v2\/media?parent=58264"}],"wp:term":[{"taxonomy":"category","embeddable":true,"href":"https:\/\/www.em.com.br\/emfoco\/wp-json\/wp\/v2\/categories?post=58264"},{"taxonomy":"post_tag","embeddable":true,"href":"https:\/\/www.em.com.br\/emfoco\/wp-json\/wp\/v2\/tags?post=58264"}],"curies":[{"name":"wp","href":"https:\/\/api.w.org\/{rel}","templated":true}]}}