{"id":58251,"date":"2025-06-12T10:20:00","date_gmt":"2025-06-12T13:20:00","guid":{"rendered":"https:\/\/www.em.com.br\/emfoco\/?p=58251"},"modified":"2025-06-11T18:14:53","modified_gmt":"2025-06-11T21:14:53","slug":"transforme-sua-vida-hoje-mesmo-com-o-poder-da-chia","status":"publish","type":"post","link":"https:\/\/www.em.com.br\/emfoco\/2025\/06\/12\/transforme-sua-vida-hoje-mesmo-com-o-poder-da-chia\/","title":{"rendered":"Transforme sua vida hoje mesmo com o poder da chia!"},"content":{"rendered":"\n<p>A chia tem se destacado como um dos alimentos mais procurados por quem busca uma alimenta\u00e7\u00e3o equilibrada. Origin\u00e1ria da <strong>Am\u00e9rica Central<\/strong>, essa semente ganhou espa\u00e7o em card\u00e1pios ao redor do mundo devido ao seu valor nutricional e versatilidade. Rica em fibras, prote\u00ednas e \u00e1cidos graxos essenciais, a chia \u00e9 frequentemente associada a diversos benef\u00edcios para a sa\u00fade.<\/p>\n\n\n\n<p>Ao longo dos \u00faltimos anos, pesquisas cient\u00edficas t\u00eam explorado os efeitos positivos do consumo regular de chia. Al\u00e9m de ser f\u00e1cil de incorporar em diferentes receitas, ela pode contribuir para o <strong><a href=\"https:\/\/www.em.com.br\/emfoco\/2025\/05\/31\/como-a-autoaceitacao-contribui-para-o-bem-estar\/\" target=\"_blank\" rel=\"noreferrer noopener\">bem-estar<\/a><\/strong> geral e ajudar na preven\u00e7\u00e3o de algumas doen\u00e7as. Entender como a chia atua no organismo pode ser um passo importante para quem deseja adotar h\u00e1bitos mais saud\u00e1veis.<\/p>\n\n\n\n<h2 class=\"wp-block-heading\">Quais s\u00e3o os principais benef\u00edcios da chia para a sa\u00fade?<\/h2>\n\n\n\n<p><strong>Entre os diversos benef\u00edcios da chia, destaca-se o seu potencial para auxiliar no controle do colesterol e da glicemia.<\/strong> Por ser uma fonte de fibras sol\u00faveis, a semente ajuda a regular o tr\u00e2nsito intestinal e promove maior sensa\u00e7\u00e3o de saciedade, o que pode ser \u00fatil em dietas para perda de peso. <strong>O consumo regular de chia tamb\u00e9m est\u00e1 relacionado \u00e0 redu\u00e7\u00e3o do risco de doen\u00e7as cardiovasculares, gra\u00e7as \u00e0 presen\u00e7a de <a href=\"https:\/\/www.tuasaude.com\/omega-3\/\" target=\"_blank\" rel=\"noreferrer noopener\">\u00f4mega-3<\/a>, um tipo de gordura considerada ben\u00e9fica para o cora\u00e7\u00e3o.<\/strong><\/p>\n\n\n\n<p>Outro ponto importante \u00e9 o aporte de minerais como c\u00e1lcio, magn\u00e9sio e f\u00f3sforo, essenciais para a sa\u00fade \u00f3ssea. A chia ainda cont\u00e9m antioxidantes, que ajudam a combater os radicais livres e podem contribuir para a preven\u00e7\u00e3o do envelhecimento precoce das c\u00e9lulas. <strong>Por ser um alimento de baixo \u00edndice glic\u00eamico, a semente \u00e9 uma op\u00e7\u00e3o interessante para pessoas que precisam controlar os n\u00edveis de a\u00e7\u00facar no sangue.<\/strong> Algumas pesquisas recentes tamb\u00e9m indicam que o consumo regular de chia pode favorecer a melhora da fun\u00e7\u00e3o intestinal e auxiliar no controle da press\u00e3o arterial, tornando-a ainda mais valiosa para a sa\u00fade.<\/p>\n\n\n\n<figure class=\"wp-block-image size-large\"><img loading=\"lazy\" decoding=\"async\" width=\"1024\" height=\"576\" src=\"https:\/\/www.em.com.br\/emfoco\/wp-content\/uploads\/2025\/04\/chia_1743870753711-1024x576.jpg\" alt=\"5 benef\u00edcios da chia que v\u00e3o mudar sua dieta para sempre\" class=\"wp-image-35574\" srcset=\"https:\/\/www.em.com.br\/emfoco\/wp-content\/uploads\/2025\/04\/chia_1743870753711-1024x576.jpg 1024w, https:\/\/www.em.com.br\/emfoco\/wp-content\/uploads\/2025\/04\/chia_1743870753711-300x169.jpg 300w, https:\/\/www.em.com.br\/emfoco\/wp-content\/uploads\/2025\/04\/chia_1743870753711-768x432.jpg 768w, https:\/\/www.em.com.br\/emfoco\/wp-content\/uploads\/2025\/04\/chia_1743870753711-750x422.jpg 750w, https:\/\/www.em.com.br\/emfoco\/wp-content\/uploads\/2025\/04\/chia_1743870753711-1140x641.jpg 1140w, https:\/\/www.em.com.br\/emfoco\/wp-content\/uploads\/2025\/04\/chia_1743870753711.jpg 1280w\" sizes=\"auto, (max-width: 1024px) 100vw, 1024px\" \/><figcaption class=\"wp-element-caption\">Sementes de chia &#8211; Cr\u00e9ditos: depositphotos.com \/ AntonMatyukha<\/figcaption><\/figure>\n\n\n\n<h2 class=\"wp-block-heading\">Como a chia pode ser incorporada no dia a dia?<\/h2>\n\n\n\n<p><strong>Uma das vantagens da chia \u00e9 a facilidade de inclus\u00e3o em diferentes refei\u00e7\u00f5es.<\/strong> Por n\u00e3o alterar o sabor dos alimentos, ela pode ser adicionada a sucos, iogurtes, saladas, p\u00e3es e at\u00e9 mesmo em receitas de bolos e tortas. <strong>Quando hidratada, a chia forma um gel natural, que pode ser utilizado para substituir ovos em prepara\u00e7\u00f5es veganas ou para dar mais textura a sobremesas e mingaus.<\/strong> Al\u00e9m dessas op\u00e7\u00f5es, pode-se fazer bebidas energ\u00e9ticas misturando chia com \u00e1gua, lim\u00e3o e um pouco de mel, tornando-se uma alternativa saud\u00e1vel para hidrata\u00e7\u00e3o e reposi\u00e7\u00e3o de nutrientes.<\/p>\n\n\n\n<ul class=\"wp-block-list\">\n<li>Adicionar uma colher de sopa de chia ao caf\u00e9 da manh\u00e3, misturada com frutas ou aveia.<\/li>\n\n\n\n<li>Incluir a semente em receitas de p\u00e3es caseiros para aumentar o teor de fibras.<\/li>\n\n\n\n<li>Utilizar o gel de chia como base para pudins e sobremesas saud\u00e1veis.<\/li>\n\n\n\n<li>Polvilhar sobre saladas ou sopas para um toque crocante e nutritivo.<\/li>\n<\/ul>\n\n\n\n<h2 class=\"wp-block-heading\">Qual receita saud\u00e1vel pode ser feita com chia?<\/h2>\n\n\n\n<p><strong>Uma sugest\u00e3o pr\u00e1tica e nutritiva \u00e9 o pudim de chia com frutas, ideal para o caf\u00e9 da manh\u00e3 ou lanche da tarde.<\/strong> A receita \u00e9 simples e pode ser adaptada conforme o gosto pessoal.<\/p>\n\n\n\n<ol class=\"wp-block-list\">\n<li>Em um recipiente, misture 3 colheres de sopa de chia com 200 ml de leite vegetal (como leite de am\u00eandoas ou coco).<\/li>\n\n\n\n<li>Adicione uma colher de ch\u00e1 de mel ou outro ado\u00e7ante natural, se desejar.<\/li>\n\n\n\n<li>Misture bem e deixe descansar na geladeira por pelo menos 2 horas, at\u00e9 formar uma consist\u00eancia de gel.<\/li>\n\n\n\n<li>Na hora de servir, acrescente frutas frescas picadas, como morango, manga ou banana.<\/li>\n\n\n\n<li>Finalize com sementes ou castanhas para um toque extra de sabor e nutrientes.<\/li>\n<\/ol>\n\n\n\n<p><strong>Al\u00e9m de ser uma op\u00e7\u00e3o leve, esse pudim oferece fibras, prote\u00ednas e gorduras saud\u00e1veis, contribuindo para uma alimenta\u00e7\u00e3o equilibrada.<\/strong> A chia, portanto, pode ser considerada uma aliada importante para quem busca mais sa\u00fade e praticidade no dia a dia.<\/p>\n","protected":false},"excerpt":{"rendered":"<p>A chia tem se destacado como um dos alimentos mais procurados por quem busca uma alimenta\u00e7\u00e3o equilibrada. Origin\u00e1ria da Am\u00e9rica Central, essa semente ganhou espa\u00e7o em card\u00e1pios ao redor do mundo devido ao seu valor nutricional e versatilidade. Rica em fibras, prote\u00ednas e \u00e1cidos graxos essenciais, a chia \u00e9 frequentemente associada a diversos benef\u00edcios para [&hellip;]<\/p>\n","protected":false},"author":13,"featured_media":35575,"comment_status":"open","ping_status":"open","sticky":false,"template":"","format":"standard","meta":{"jnews-multi-image_gallery":[],"jnews_single_post":{"format":"standard"},"jnews_primary_category":[],"jnews_social_meta":[],"jnews_override_counter":[],"footnotes":""},"categories":[9053],"tags":[911,3509,415,10113],"class_list":["post-58251","post","type-post","status-publish","format-standard","has-post-thumbnail","hentry","category-saude","tag-alimentacao-saudavel","tag-nutricao","tag-saude","tag-sementes-de-chia"],"yoast_head":"<!-- This site is optimized with the Yoast SEO plugin v23.8 - https:\/\/yoast.com\/wordpress\/plugins\/seo\/ -->\n<title>Transforme sua vida hoje mesmo com o poder da chia! - Estado de Minas - Em foco<\/title>\n<meta name=\"description\" content=\"Para uma vida mais saud\u00e1vel a chia \u00e9 o segredo. Conhe\u00e7a seus benef\u00edcios incr\u00edveis e aprenda a us\u00e1-la facilmente.\" \/>\n<meta name=\"robots\" content=\"index, follow, max-snippet:-1, max-image-preview:large, max-video-preview:-1\" \/>\n<link rel=\"canonical\" href=\"https:\/\/www.em.com.br\/emfoco\/2025\/06\/12\/transforme-sua-vida-hoje-mesmo-com-o-poder-da-chia\/\" \/>\n<meta property=\"og:locale\" content=\"pt_BR\" \/>\n<meta property=\"og:type\" content=\"article\" \/>\n<meta property=\"og:title\" content=\"Transforme sua vida hoje mesmo com o poder da chia! - Estado de Minas - Em foco\" \/>\n<meta property=\"og:description\" content=\"Para uma vida mais saud\u00e1vel a chia \u00e9 o segredo. Conhe\u00e7a seus benef\u00edcios incr\u00edveis e aprenda a us\u00e1-la facilmente.\" \/>\n<meta property=\"og:url\" content=\"https:\/\/www.em.com.br\/emfoco\/2025\/06\/12\/transforme-sua-vida-hoje-mesmo-com-o-poder-da-chia\/\" \/>\n<meta property=\"og:site_name\" content=\"Estado de Minas - Em foco\" \/>\n<meta property=\"article:published_time\" content=\"2025-06-12T13:20:00+00:00\" \/>\n<meta property=\"article:modified_time\" content=\"2025-06-11T21:14:53+00:00\" \/>\n<meta property=\"og:image\" content=\"https:\/\/www.em.com.br\/emfoco\/wp-content\/uploads\/2025\/04\/chia_1743870789361.jpg\" \/>\n\t<meta property=\"og:image:width\" content=\"1280\" \/>\n\t<meta property=\"og:image:height\" content=\"720\" \/>\n\t<meta property=\"og:image:type\" content=\"image\/jpeg\" \/>\n<meta name=\"author\" content=\"Gabriel Martins\" \/>\n<meta name=\"twitter:card\" content=\"summary_large_image\" \/>\n<meta name=\"twitter:label1\" content=\"Escrito por\" \/>\n\t<meta name=\"twitter:data1\" content=\"Gabriel Martins\" \/>\n\t<meta name=\"twitter:label2\" content=\"Est. tempo de leitura\" \/>\n\t<meta name=\"twitter:data2\" content=\"4 minutos\" \/>\n<!-- \/ Yoast SEO plugin. -->","yoast_head_json":{"title":"Transforme sua vida hoje mesmo com o poder da chia! - Estado de Minas - Em foco","description":"Para uma vida mais saud\u00e1vel a chia \u00e9 o segredo. Conhe\u00e7a seus benef\u00edcios incr\u00edveis e aprenda a us\u00e1-la facilmente.","robots":{"index":"index","follow":"follow","max-snippet":"max-snippet:-1","max-image-preview":"max-image-preview:large","max-video-preview":"max-video-preview:-1"},"canonical":"https:\/\/www.em.com.br\/emfoco\/2025\/06\/12\/transforme-sua-vida-hoje-mesmo-com-o-poder-da-chia\/","og_locale":"pt_BR","og_type":"article","og_title":"Transforme sua vida hoje mesmo com o poder da chia! - Estado de Minas - Em foco","og_description":"Para uma vida mais saud\u00e1vel a chia \u00e9 o segredo. Conhe\u00e7a seus benef\u00edcios incr\u00edveis e aprenda a us\u00e1-la facilmente.","og_url":"https:\/\/www.em.com.br\/emfoco\/2025\/06\/12\/transforme-sua-vida-hoje-mesmo-com-o-poder-da-chia\/","og_site_name":"Estado de Minas - Em foco","article_published_time":"2025-06-12T13:20:00+00:00","article_modified_time":"2025-06-11T21:14:53+00:00","og_image":[{"width":1280,"height":720,"url":"https:\/\/www.em.com.br\/emfoco\/wp-content\/uploads\/2025\/04\/chia_1743870789361.jpg","type":"image\/jpeg"}],"author":"Gabriel Martins","twitter_card":"summary_large_image","twitter_misc":{"Escrito por":"Gabriel Martins","Est. tempo de leitura":"4 minutos"},"schema":{"@context":"https:\/\/schema.org","@graph":[{"@type":"WebPage","@id":"https:\/\/www.em.com.br\/emfoco\/2025\/06\/12\/transforme-sua-vida-hoje-mesmo-com-o-poder-da-chia\/","url":"https:\/\/www.em.com.br\/emfoco\/2025\/06\/12\/transforme-sua-vida-hoje-mesmo-com-o-poder-da-chia\/","name":"Transforme sua vida hoje mesmo com o poder da chia! - Estado de Minas - Em foco","isPartOf":{"@id":"https:\/\/www.em.com.br\/emfoco\/#website"},"primaryImageOfPage":{"@id":"https:\/\/www.em.com.br\/emfoco\/2025\/06\/12\/transforme-sua-vida-hoje-mesmo-com-o-poder-da-chia\/#primaryimage"},"image":{"@id":"https:\/\/www.em.com.br\/emfoco\/2025\/06\/12\/transforme-sua-vida-hoje-mesmo-com-o-poder-da-chia\/#primaryimage"},"thumbnailUrl":"https:\/\/www.em.com.br\/emfoco\/wp-content\/uploads\/2025\/04\/chia_1743870789361.jpg","datePublished":"2025-06-12T13:20:00+00:00","dateModified":"2025-06-11T21:14:53+00:00","author":{"@id":"https:\/\/www.em.com.br\/emfoco\/#\/schema\/person\/1c9ddeab18b98abeffef834667bcf08a"},"description":"Para uma vida mais saud\u00e1vel a chia \u00e9 o segredo. Conhe\u00e7a seus benef\u00edcios incr\u00edveis e aprenda a us\u00e1-la facilmente.","breadcrumb":{"@id":"https:\/\/www.em.com.br\/emfoco\/2025\/06\/12\/transforme-sua-vida-hoje-mesmo-com-o-poder-da-chia\/#breadcrumb"},"inLanguage":"pt-BR","potentialAction":[{"@type":"ReadAction","target":["https:\/\/www.em.com.br\/emfoco\/2025\/06\/12\/transforme-sua-vida-hoje-mesmo-com-o-poder-da-chia\/"]}]},{"@type":"ImageObject","inLanguage":"pt-BR","@id":"https:\/\/www.em.com.br\/emfoco\/2025\/06\/12\/transforme-sua-vida-hoje-mesmo-com-o-poder-da-chia\/#primaryimage","url":"https:\/\/www.em.com.br\/emfoco\/wp-content\/uploads\/2025\/04\/chia_1743870789361.jpg","contentUrl":"https:\/\/www.em.com.br\/emfoco\/wp-content\/uploads\/2025\/04\/chia_1743870789361.jpg","width":1280,"height":720,"caption":"Sementes de chia - Cr\u00e9ditos: depositphotos.com \/ AntonMatyukha"},{"@type":"BreadcrumbList","@id":"https:\/\/www.em.com.br\/emfoco\/2025\/06\/12\/transforme-sua-vida-hoje-mesmo-com-o-poder-da-chia\/#breadcrumb","itemListElement":[{"@type":"ListItem","position":1,"name":"In\u00edcio","item":"https:\/\/www.em.com.br\/emfoco\/"},{"@type":"ListItem","position":2,"name":"Transforme sua vida hoje mesmo com o poder da chia!"}]},{"@type":"WebSite","@id":"https:\/\/www.em.com.br\/emfoco\/#website","url":"https:\/\/www.em.com.br\/emfoco\/","name":"Estado de Minas - Em foco","description":"Acompanhe as \u00faltimas not\u00edcias e fique bem informado sobre tudo o que acontece em Minas Gerais, Brasil e no mundo.","potentialAction":[{"@type":"SearchAction","target":{"@type":"EntryPoint","urlTemplate":"https:\/\/www.em.com.br\/emfoco\/?s={search_term_string}"},"query-input":{"@type":"PropertyValueSpecification","valueRequired":true,"valueName":"search_term_string"}}],"inLanguage":"pt-BR"},{"@type":"Person","@id":"https:\/\/www.em.com.br\/emfoco\/#\/schema\/person\/1c9ddeab18b98abeffef834667bcf08a","name":"Gabriel Martins","image":{"@type":"ImageObject","inLanguage":"pt-BR","@id":"https:\/\/www.em.com.br\/emfoco\/#\/schema\/person\/image\/","url":"https:\/\/secure.gravatar.com\/avatar\/f0f1e2efdfd88f1ad2cb08c5c2731e50?s=96&d=mm&r=g","contentUrl":"https:\/\/secure.gravatar.com\/avatar\/f0f1e2efdfd88f1ad2cb08c5c2731e50?s=96&d=mm&r=g","caption":"Gabriel Martins"},"sameAs":["https:\/\/www.em.com.br\/emfoco\/"],"url":"https:\/\/www.em.com.br\/emfoco\/author\/gabrielmartinsmyth\/"}]}},"_links":{"self":[{"href":"https:\/\/www.em.com.br\/emfoco\/wp-json\/wp\/v2\/posts\/58251","targetHints":{"allow":["GET"]}}],"collection":[{"href":"https:\/\/www.em.com.br\/emfoco\/wp-json\/wp\/v2\/posts"}],"about":[{"href":"https:\/\/www.em.com.br\/emfoco\/wp-json\/wp\/v2\/types\/post"}],"author":[{"embeddable":true,"href":"https:\/\/www.em.com.br\/emfoco\/wp-json\/wp\/v2\/users\/13"}],"replies":[{"embeddable":true,"href":"https:\/\/www.em.com.br\/emfoco\/wp-json\/wp\/v2\/comments?post=58251"}],"version-history":[{"count":2,"href":"https:\/\/www.em.com.br\/emfoco\/wp-json\/wp\/v2\/posts\/58251\/revisions"}],"predecessor-version":[{"id":58257,"href":"https:\/\/www.em.com.br\/emfoco\/wp-json\/wp\/v2\/posts\/58251\/revisions\/58257"}],"wp:featuredmedia":[{"embeddable":true,"href":"https:\/\/www.em.com.br\/emfoco\/wp-json\/wp\/v2\/media\/35575"}],"wp:attachment":[{"href":"https:\/\/www.em.com.br\/emfoco\/wp-json\/wp\/v2\/media?parent=58251"}],"wp:term":[{"taxonomy":"category","embeddable":true,"href":"https:\/\/www.em.com.br\/emfoco\/wp-json\/wp\/v2\/categories?post=58251"},{"taxonomy":"post_tag","embeddable":true,"href":"https:\/\/www.em.com.br\/emfoco\/wp-json\/wp\/v2\/tags?post=58251"}],"curies":[{"name":"wp","href":"https:\/\/api.w.org\/{rel}","templated":true}]}}