{"id":58238,"date":"2025-06-11T17:40:00","date_gmt":"2025-06-11T20:40:00","guid":{"rendered":"https:\/\/www.em.com.br\/emfoco\/?p=58238"},"modified":"2025-06-10T11:46:11","modified_gmt":"2025-06-10T14:46:11","slug":"o-segredo-do-nordeste-revelado-por-que-todos-querem-visitar-esse-lugar","status":"publish","type":"post","link":"https:\/\/www.em.com.br\/emfoco\/2025\/06\/11\/o-segredo-do-nordeste-revelado-por-que-todos-querem-visitar-esse-lugar\/","title":{"rendered":"O segredo do Nordeste revelado! Por que todos querem visitar esse lugar?"},"content":{"rendered":"\n<p><strong>Fortaleza<\/strong>, capital do <strong>Cear\u00e1<\/strong>, \u00e9 uma das cidades mais conhecidas do <strong>Nordeste <\/strong>brasileiro. Com praias extensas, clima quente durante todo o ano e uma vida urbana movimentada, o munic\u00edpio atrai tanto turistas quanto pessoas em busca de novas oportunidades. A cidade se destaca por sua cultura vibrante, culin\u00e1ria marcante e uma popula\u00e7\u00e3o acolhedora, tornando-se um importante polo regional.<\/p>\n\n\n\n<p>Nos \u00faltimos anos, Fortaleza passou por diversas transforma\u00e7\u00f5es, buscando melhorar a infraestrutura e oferecer mais qualidade de vida aos seus habitantes. O munic\u00edpio investiu em mobilidade urbana, projetos ambientais e amplia\u00e7\u00e3o de servi\u00e7os p\u00fablicos, acompanhando o crescimento populacional e as demandas de quem escolhe viver ou visitar a regi\u00e3o.<\/p>\n\n\n\n<h2 class=\"wp-block-heading\">Qual \u00e9 a qualidade de vida em Fortaleza?<\/h2>\n\n\n\n<p><strong>A qualidade de vida em Fortaleza \u00e9 influenciada por fatores como clima, oferta de lazer, sa\u00fade e seguran\u00e7a.<\/strong> O clima tropical, com sol predominante, favorece atividades ao ar livre e o aproveitamento das praias. A cidade conta com parques, pra\u00e7as e espa\u00e7os culturais, proporcionando op\u00e7\u00f5es de lazer para diferentes perfis de moradores.<\/p>\n\n\n\n<p>Na \u00e1rea da sa\u00fade, Fortaleza possui hospitais p\u00fablicos e privados, al\u00e9m de unidades de pronto atendimento espalhadas pelos bairros. No entanto, como em outras grandes cidades brasileiras, desafios como tr\u00e2nsito intenso e quest\u00f5es de seguran\u00e7a ainda fazem parte do cotidiano. Apesar disso, <strong>a busca por melhorias \u00e9 constante, com investimentos em ilumina\u00e7\u00e3o p\u00fablica, transporte coletivo e programas sociais.<\/strong><\/p>\n\n\n\n<figure class=\"wp-block-image size-large\"><img loading=\"lazy\" decoding=\"async\" width=\"1024\" height=\"576\" src=\"https:\/\/www.em.com.br\/emfoco\/wp-content\/uploads\/2025\/06\/Fortaleza_1749566651898-1024x576.jpg\" alt=\"O segredo do Nordeste revelado! Por que todos querem visitar esse lugar?\" class=\"wp-image-58247\" srcset=\"https:\/\/www.em.com.br\/emfoco\/wp-content\/uploads\/2025\/06\/Fortaleza_1749566651898-1024x576.jpg 1024w, https:\/\/www.em.com.br\/emfoco\/wp-content\/uploads\/2025\/06\/Fortaleza_1749566651898-300x169.jpg 300w, https:\/\/www.em.com.br\/emfoco\/wp-content\/uploads\/2025\/06\/Fortaleza_1749566651898-768x432.jpg 768w, https:\/\/www.em.com.br\/emfoco\/wp-content\/uploads\/2025\/06\/Fortaleza_1749566651898-750x422.jpg 750w, https:\/\/www.em.com.br\/emfoco\/wp-content\/uploads\/2025\/06\/Fortaleza_1749566651898-1140x641.jpg 1140w, https:\/\/www.em.com.br\/emfoco\/wp-content\/uploads\/2025\/06\/Fortaleza_1749566651898.jpg 1280w\" sizes=\"auto, (max-width: 1024px) 100vw, 1024px\" \/><figcaption class=\"wp-element-caption\">Fortaleza, Cear\u00e1 &#8211; Cr\u00e9ditos: depositphotos.com \/ Ranimiro<\/figcaption><\/figure>\n\n\n\n<h2 class=\"wp-block-heading\">Como Fortaleza promove a sustentabilidade?<\/h2>\n\n\n\n<p><strong>Fortaleza tem implementado iniciativas para promover a sustentabilidade e preservar o meio ambiente.<\/strong> Entre as a\u00e7\u00f5es, destaca-se o incentivo ao uso de bicicletas, com a cria\u00e7\u00e3o de ciclovias e o sistema de aluguel de bikes p\u00fablicas. A cidade tamb\u00e9m investe em projetos de reciclagem e educa\u00e7\u00e3o ambiental, envolvendo escolas e comunidades locais.<\/p>\n\n\n\n<p>Al\u00e9m disso, h\u00e1 programas voltados para a recupera\u00e7\u00e3o de \u00e1reas verdes e a prote\u00e7\u00e3o de recursos h\u00eddricos, como lagoas e rios urbanos. O munic\u00edpio incentiva o uso racional da \u00e1gua e a redu\u00e7\u00e3o do consumo de energia, buscando equilibrar o desenvolvimento urbano com a preserva\u00e7\u00e3o ambiental. Nos \u00faltimos anos, Fortaleza tamb\u00e9m aderiu a iniciativas de plantio de \u00e1rvores nativas e campanhas para redu\u00e7\u00e3o do uso de pl\u00e1sticos descart\u00e1veis.<\/p>\n\n\n\n<h2 class=\"wp-block-heading\">Vale a pena morar em Fortaleza?<\/h2>\n\n\n\n<p><strong>Escolher Fortaleza como cidade para viver pode ser interessante para quem valoriza o contato com a natureza, o clima quente e a cultura nordestina.<\/strong> O custo de vida \u00e9 considerado acess\u00edvel em compara\u00e7\u00e3o a outras capitais do Brasil, especialmente em rela\u00e7\u00e3o \u00e0 moradia e alimenta\u00e7\u00e3o. O acesso a servi\u00e7os b\u00e1sicos, como sa\u00fade e educa\u00e7\u00e3o, \u00e9 amplo, embora a qualidade possa variar conforme a regi\u00e3o da cidade.<\/p>\n\n\n\n<p>Entre os pontos positivos, destacam-se a oferta de lazer, a gastronomia regional e a hospitalidade dos moradores. Por outro lado, \u00e9 importante considerar quest\u00f5es como o tr\u00e2nsito em hor\u00e1rios de pico e a necessidade de aten\u00e7\u00e3o \u00e0 seguran\u00e7a em algumas \u00e1reas. <strong>A cidade oferece op\u00e7\u00f5es para diferentes estilos de vida, desde bairros mais tranquilos at\u00e9 regi\u00f5es com intensa vida noturna.<\/strong><\/p>\n\n\n\n<h2 class=\"wp-block-heading\">Como \u00e9 a educa\u00e7\u00e3o em Fortaleza?<\/h2>\n\n\n\n<p><strong>O sistema educacional de Fortaleza abrange desde a educa\u00e7\u00e3o infantil at\u00e9 o ensino superior.<\/strong> A cidade conta com uma rede diversificada de escolas p\u00fablicas e privadas, al\u00e9m de institui\u00e7\u00f5es t\u00e9cnicas e universidades renomadas, como a <strong><a href=\"https:\/\/www.ufc.br\/\" target=\"_blank\" rel=\"noreferrer noopener\">Universidade Federal do Cear\u00e1<\/a><\/strong> (UFC) e a <strong>Universidade Estadual do Cear\u00e1<\/strong> (UECE).<\/p>\n\n\n\n<p>Nos \u00faltimos anos, houve avan\u00e7os na amplia\u00e7\u00e3o de vagas e na qualifica\u00e7\u00e3o dos professores, especialmente na rede municipal. <strong>Programas de incentivo \u00e0 leitura, inclus\u00e3o digital e atividades extracurriculares s\u00e3o oferecidos em diversas escolas.<\/strong> Apesar dos progressos, desafios como a infraestrutura escolar e a evas\u00e3o ainda exigem aten\u00e7\u00e3o das autoridades.<\/p>\n\n\n\n<h2 class=\"wp-block-heading\">Qual \u00e9 a economia local e as oportunidades de trabalho em Fortaleza?<\/h2>\n\n\n\n<p><strong>A economia de Fortaleza \u00e9 diversificada, com destaque para o setor de servi\u00e7os, turismo, com\u00e9rcio e ind\u00fastria.<\/strong> O turismo movimenta hot\u00e9is, restaurantes e empresas de lazer, principalmente durante a alta temporada. O com\u00e9rcio varejista \u00e9 forte, com shoppings, feiras e mercados populares espalhados pela cidade.<\/p>\n\n\n\n<p>O setor industrial tamb\u00e9m tem relev\u00e2ncia, especialmente nas \u00e1reas de alimentos, cal\u00e7ados e t\u00eaxtil. O Porto do Pec\u00e9m, localizado na regi\u00e3o metropolitana, impulsiona as exporta\u00e7\u00f5es e atrai investimentos. Para quem busca emprego, h\u00e1 oportunidades em \u00e1reas como tecnologia, sa\u00fade, educa\u00e7\u00e3o e constru\u00e7\u00e3o civil. <strong>O empreendedorismo cresce, com incentivos para pequenos neg\u00f3cios e startups.<\/strong><\/p>\n\n\n\n<h2 class=\"wp-block-heading\">O que fazer em Fortaleza?<\/h2>\n\n\n\n<p><strong>Fortaleza oferece uma variedade de atra\u00e7\u00f5es para moradores e visitantes.<\/strong> Entre os principais pontos tur\u00edsticos est\u00e3o:<\/p>\n\n\n\n<ul class=\"wp-block-list\">\n<li><strong>Praia do Futuro:<\/strong> famosa pelas barracas de praia e estrutura para lazer.<\/li>\n\n\n\n<li><strong>Beira Mar:<\/strong> local ideal para caminhadas, feirinhas de artesanato e esportes ao ar livre.<\/li>\n\n\n\n<li><strong>Centro Drag\u00e3o do Mar de Arte e Cultura:<\/strong> espa\u00e7o dedicado a exposi\u00e7\u00f5es, teatro e m\u00fasica.<\/li>\n\n\n\n<li><strong>Mercado Central:<\/strong> refer\u00eancia em artesanato e produtos regionais.<\/li>\n\n\n\n<li><strong>Parque do Coc\u00f3:<\/strong> \u00e1rea verde para trilhas, piqueniques e contato com a natureza.<\/li>\n<\/ul>\n\n\n\n<p>Al\u00e9m disso, <strong>a cidade conta com uma agenda cultural movimentada, festas tradicionais e uma culin\u00e1ria que valoriza frutos do mar e pratos t\u00edpicos do Cear\u00e1.<\/strong> Fortaleza tamb\u00e9m recebe festivais de m\u00fasica, teatro de rua e eventos esportivos que enriquecem o calend\u00e1rio anual.<\/p>\n\n\n\n<h2 class=\"wp-block-heading\">O que devo saber antes de visitar Fortaleza?<\/h2>\n\n\n\n<p><strong>Antes de viajar para Fortaleza, \u00e9 importante considerar o clima, que \u00e9 quente durante todo o ano, com chuvas concentradas entre mar\u00e7o e maio.<\/strong> Roupas leves, protetor solar e hidrata\u00e7\u00e3o s\u00e3o essenciais para aproveitar os passeios. Recomenda-se aten\u00e7\u00e3o \u00e0 seguran\u00e7a, especialmente em \u00e1reas tur\u00edsticas e durante deslocamentos noturnos.<\/p>\n\n\n\n<p>Outro ponto relevante \u00e9 o transporte. Embora haja op\u00e7\u00f5es de \u00f4nibus, aplicativos de mobilidade e t\u00e1xis, o tr\u00e2nsito pode ser intenso em determinados hor\u00e1rios. <strong>Planejar os deslocamentos com anteced\u00eancia pode facilitar a experi\u00eancia na cidade.<\/strong><\/p>\n\n\n\n<h2 class=\"wp-block-heading\">Vale a pena visitar Fortaleza?<\/h2>\n\n\n\n<p><strong>Fortaleza \u00e9 um destino procurado por turistas nacionais e estrangeiros, principalmente pelas praias, cultura e gastronomia.<\/strong> A cidade oferece uma combina\u00e7\u00e3o de lazer, hist\u00f3ria e entretenimento, com op\u00e7\u00f5es para diferentes perfis de visitantes. Eventos culturais, festas populares e a receptividade dos moradores contribuem para uma experi\u00eancia marcante.<\/p>\n\n\n\n<p>Al\u00e9m das atra\u00e7\u00f5es urbanas, <strong>Fortaleza \u00e9 ponto de partida para outros destinos do litoral cearense, como <a href=\"https:\/\/www.em.com.br\/emfoco\/2025\/05\/01\/um-refugio-natural-entre-dunas-e-lagoas-que-parece-ter-saido-de-conto-de-fadas\/\" target=\"_blank\" rel=\"noreferrer noopener\">Jericoacoara <\/a>e Canoa Quebrada, ampliando as possibilidades de roteiros para quem deseja explorar a regi\u00e3o.<\/strong><\/p>\n\n\n\n<h2 class=\"wp-block-heading\">Como chegar em Fortaleza?<\/h2>\n\n\n\n<p><strong>O acesso a Fortaleza pode ser feito por diferentes meios de transporte.<\/strong> O <strong>Aeroporto Internacional Pinto Martins<\/strong> recebe voos di\u00e1rios de diversas cidades do Brasil e do exterior, facilitando a chegada de turistas e viajantes a neg\u00f3cios. Para quem prefere viajar de \u00f4nibus, a rodovi\u00e1ria da cidade \u00e9 ponto de partida e chegada de linhas intermunicipais e interestaduais.<\/p>\n\n\n\n<p>Outra op\u00e7\u00e3o \u00e9 o transporte rodovi\u00e1rio particular, com estradas que ligam Fortaleza a outros munic\u00edpios do Cear\u00e1 e estados vizinhos. O deslocamento dentro da cidade pode ser feito por \u00f4nibus urbanos, t\u00e1xis, aplicativos de transporte e at\u00e9 bicicletas, aproveitando as ciclovias dispon\u00edveis.<\/p>\n","protected":false},"excerpt":{"rendered":"<p>Fortaleza, capital do Cear\u00e1, \u00e9 uma das cidades mais conhecidas do Nordeste brasileiro. Com praias extensas, clima quente durante todo o ano e uma vida urbana movimentada, o munic\u00edpio atrai tanto turistas quanto pessoas em busca de novas oportunidades. A cidade se destaca por sua cultura vibrante, culin\u00e1ria marcante e uma popula\u00e7\u00e3o acolhedora, tornando-se um [&hellip;]<\/p>\n","protected":false},"author":13,"featured_media":58246,"comment_status":"open","ping_status":"open","sticky":false,"template":"","format":"standard","meta":{"jnews-multi-image_gallery":[],"jnews_single_post":{"format":"standard"},"jnews_primary_category":[],"jnews_social_meta":[],"jnews_override_counter":[],"footnotes":""},"categories":[26],"tags":[3260,1189,327,157],"class_list":["post-58238","post","type-post","status-publish","format-standard","has-post-thumbnail","hentry","category-cidades","tag-ceara","tag-fortaleza","tag-qualidade-de-vida","tag-turismo"],"yoast_head":"<!-- This site is optimized with the Yoast SEO plugin v23.8 - https:\/\/yoast.com\/wordpress\/plugins\/seo\/ -->\n<title>O segredo do Nordeste revelado! Por que todos querem visitar esse lugar? - Estado de Minas - Em foco<\/title>\n<meta name=\"description\" content=\"Praias paradis\u00edacas, gastronomia \u00fanica e um povo acolhedor esperam por voc\u00ea. Saiba tudo antes de embarcar nessa aventura ao nordeste!\" \/>\n<meta name=\"robots\" content=\"index, follow, max-snippet:-1, max-image-preview:large, max-video-preview:-1\" \/>\n<link rel=\"canonical\" href=\"https:\/\/www.em.com.br\/emfoco\/2025\/06\/11\/o-segredo-do-nordeste-revelado-por-que-todos-querem-visitar-esse-lugar\/\" \/>\n<meta property=\"og:locale\" content=\"pt_BR\" \/>\n<meta property=\"og:type\" content=\"article\" \/>\n<meta property=\"og:title\" content=\"O segredo do Nordeste revelado! Por que todos querem visitar esse lugar? - Estado de Minas - Em foco\" \/>\n<meta property=\"og:description\" content=\"Praias paradis\u00edacas, gastronomia \u00fanica e um povo acolhedor esperam por voc\u00ea. Saiba tudo antes de embarcar nessa aventura ao nordeste!\" \/>\n<meta property=\"og:url\" content=\"https:\/\/www.em.com.br\/emfoco\/2025\/06\/11\/o-segredo-do-nordeste-revelado-por-que-todos-querem-visitar-esse-lugar\/\" \/>\n<meta property=\"og:site_name\" content=\"Estado de Minas - Em foco\" \/>\n<meta property=\"article:published_time\" content=\"2025-06-11T20:40:00+00:00\" \/>\n<meta property=\"article:modified_time\" content=\"2025-06-10T14:46:11+00:00\" \/>\n<meta property=\"og:image\" content=\"https:\/\/www.em.com.br\/emfoco\/wp-content\/uploads\/2025\/06\/Fortaleza_1749566619267.jpg\" \/>\n\t<meta property=\"og:image:width\" content=\"1280\" \/>\n\t<meta property=\"og:image:height\" content=\"720\" \/>\n\t<meta property=\"og:image:type\" content=\"image\/jpeg\" \/>\n<meta name=\"author\" content=\"Gabriel Martins\" \/>\n<meta name=\"twitter:card\" content=\"summary_large_image\" \/>\n<meta name=\"twitter:label1\" content=\"Escrito por\" \/>\n\t<meta name=\"twitter:data1\" content=\"Gabriel Martins\" \/>\n\t<meta name=\"twitter:label2\" content=\"Est. tempo de leitura\" \/>\n\t<meta name=\"twitter:data2\" content=\"7 minutos\" \/>\n<!-- \/ Yoast SEO plugin. -->","yoast_head_json":{"title":"O segredo do Nordeste revelado! Por que todos querem visitar esse lugar? - Estado de Minas - Em foco","description":"Praias paradis\u00edacas, gastronomia \u00fanica e um povo acolhedor esperam por voc\u00ea. Saiba tudo antes de embarcar nessa aventura ao nordeste!","robots":{"index":"index","follow":"follow","max-snippet":"max-snippet:-1","max-image-preview":"max-image-preview:large","max-video-preview":"max-video-preview:-1"},"canonical":"https:\/\/www.em.com.br\/emfoco\/2025\/06\/11\/o-segredo-do-nordeste-revelado-por-que-todos-querem-visitar-esse-lugar\/","og_locale":"pt_BR","og_type":"article","og_title":"O segredo do Nordeste revelado! Por que todos querem visitar esse lugar? - Estado de Minas - Em foco","og_description":"Praias paradis\u00edacas, gastronomia \u00fanica e um povo acolhedor esperam por voc\u00ea. Saiba tudo antes de embarcar nessa aventura ao nordeste!","og_url":"https:\/\/www.em.com.br\/emfoco\/2025\/06\/11\/o-segredo-do-nordeste-revelado-por-que-todos-querem-visitar-esse-lugar\/","og_site_name":"Estado de Minas - Em foco","article_published_time":"2025-06-11T20:40:00+00:00","article_modified_time":"2025-06-10T14:46:11+00:00","og_image":[{"width":1280,"height":720,"url":"https:\/\/www.em.com.br\/emfoco\/wp-content\/uploads\/2025\/06\/Fortaleza_1749566619267.jpg","type":"image\/jpeg"}],"author":"Gabriel Martins","twitter_card":"summary_large_image","twitter_misc":{"Escrito por":"Gabriel Martins","Est. tempo de leitura":"7 minutos"},"schema":{"@context":"https:\/\/schema.org","@graph":[{"@type":"WebPage","@id":"https:\/\/www.em.com.br\/emfoco\/2025\/06\/11\/o-segredo-do-nordeste-revelado-por-que-todos-querem-visitar-esse-lugar\/","url":"https:\/\/www.em.com.br\/emfoco\/2025\/06\/11\/o-segredo-do-nordeste-revelado-por-que-todos-querem-visitar-esse-lugar\/","name":"O segredo do Nordeste revelado! Por que todos querem visitar esse lugar? - Estado de Minas - Em foco","isPartOf":{"@id":"https:\/\/www.em.com.br\/emfoco\/#website"},"primaryImageOfPage":{"@id":"https:\/\/www.em.com.br\/emfoco\/2025\/06\/11\/o-segredo-do-nordeste-revelado-por-que-todos-querem-visitar-esse-lugar\/#primaryimage"},"image":{"@id":"https:\/\/www.em.com.br\/emfoco\/2025\/06\/11\/o-segredo-do-nordeste-revelado-por-que-todos-querem-visitar-esse-lugar\/#primaryimage"},"thumbnailUrl":"https:\/\/www.em.com.br\/emfoco\/wp-content\/uploads\/2025\/06\/Fortaleza_1749566619267.jpg","datePublished":"2025-06-11T20:40:00+00:00","dateModified":"2025-06-10T14:46:11+00:00","author":{"@id":"https:\/\/www.em.com.br\/emfoco\/#\/schema\/person\/1c9ddeab18b98abeffef834667bcf08a"},"description":"Praias paradis\u00edacas, gastronomia \u00fanica e um povo acolhedor esperam por voc\u00ea. Saiba tudo antes de embarcar nessa aventura ao nordeste!","breadcrumb":{"@id":"https:\/\/www.em.com.br\/emfoco\/2025\/06\/11\/o-segredo-do-nordeste-revelado-por-que-todos-querem-visitar-esse-lugar\/#breadcrumb"},"inLanguage":"pt-BR","potentialAction":[{"@type":"ReadAction","target":["https:\/\/www.em.com.br\/emfoco\/2025\/06\/11\/o-segredo-do-nordeste-revelado-por-que-todos-querem-visitar-esse-lugar\/"]}]},{"@type":"ImageObject","inLanguage":"pt-BR","@id":"https:\/\/www.em.com.br\/emfoco\/2025\/06\/11\/o-segredo-do-nordeste-revelado-por-que-todos-querem-visitar-esse-lugar\/#primaryimage","url":"https:\/\/www.em.com.br\/emfoco\/wp-content\/uploads\/2025\/06\/Fortaleza_1749566619267.jpg","contentUrl":"https:\/\/www.em.com.br\/emfoco\/wp-content\/uploads\/2025\/06\/Fortaleza_1749566619267.jpg","width":1280,"height":720,"caption":"Fortaleza, Cear\u00e1 - Cr\u00e9ditos - Cr\u00e9ditos: depositphotos.com \/ moviafilmes"},{"@type":"BreadcrumbList","@id":"https:\/\/www.em.com.br\/emfoco\/2025\/06\/11\/o-segredo-do-nordeste-revelado-por-que-todos-querem-visitar-esse-lugar\/#breadcrumb","itemListElement":[{"@type":"ListItem","position":1,"name":"In\u00edcio","item":"https:\/\/www.em.com.br\/emfoco\/"},{"@type":"ListItem","position":2,"name":"O segredo do Nordeste revelado! Por que todos querem visitar esse lugar?"}]},{"@type":"WebSite","@id":"https:\/\/www.em.com.br\/emfoco\/#website","url":"https:\/\/www.em.com.br\/emfoco\/","name":"Estado de Minas - Em foco","description":"Acompanhe as \u00faltimas not\u00edcias e fique bem informado sobre tudo o que acontece em Minas Gerais, Brasil e no mundo.","potentialAction":[{"@type":"SearchAction","target":{"@type":"EntryPoint","urlTemplate":"https:\/\/www.em.com.br\/emfoco\/?s={search_term_string}"},"query-input":{"@type":"PropertyValueSpecification","valueRequired":true,"valueName":"search_term_string"}}],"inLanguage":"pt-BR"},{"@type":"Person","@id":"https:\/\/www.em.com.br\/emfoco\/#\/schema\/person\/1c9ddeab18b98abeffef834667bcf08a","name":"Gabriel Martins","image":{"@type":"ImageObject","inLanguage":"pt-BR","@id":"https:\/\/www.em.com.br\/emfoco\/#\/schema\/person\/image\/","url":"https:\/\/secure.gravatar.com\/avatar\/f0f1e2efdfd88f1ad2cb08c5c2731e50?s=96&d=mm&r=g","contentUrl":"https:\/\/secure.gravatar.com\/avatar\/f0f1e2efdfd88f1ad2cb08c5c2731e50?s=96&d=mm&r=g","caption":"Gabriel Martins"},"sameAs":["https:\/\/www.em.com.br\/emfoco\/"],"url":"https:\/\/www.em.com.br\/emfoco\/author\/gabrielmartinsmyth\/"}]}},"_links":{"self":[{"href":"https:\/\/www.em.com.br\/emfoco\/wp-json\/wp\/v2\/posts\/58238","targetHints":{"allow":["GET"]}}],"collection":[{"href":"https:\/\/www.em.com.br\/emfoco\/wp-json\/wp\/v2\/posts"}],"about":[{"href":"https:\/\/www.em.com.br\/emfoco\/wp-json\/wp\/v2\/types\/post"}],"author":[{"embeddable":true,"href":"https:\/\/www.em.com.br\/emfoco\/wp-json\/wp\/v2\/users\/13"}],"replies":[{"embeddable":true,"href":"https:\/\/www.em.com.br\/emfoco\/wp-json\/wp\/v2\/comments?post=58238"}],"version-history":[{"count":2,"href":"https:\/\/www.em.com.br\/emfoco\/wp-json\/wp\/v2\/posts\/58238\/revisions"}],"predecessor-version":[{"id":58248,"href":"https:\/\/www.em.com.br\/emfoco\/wp-json\/wp\/v2\/posts\/58238\/revisions\/58248"}],"wp:featuredmedia":[{"embeddable":true,"href":"https:\/\/www.em.com.br\/emfoco\/wp-json\/wp\/v2\/media\/58246"}],"wp:attachment":[{"href":"https:\/\/www.em.com.br\/emfoco\/wp-json\/wp\/v2\/media?parent=58238"}],"wp:term":[{"taxonomy":"category","embeddable":true,"href":"https:\/\/www.em.com.br\/emfoco\/wp-json\/wp\/v2\/categories?post=58238"},{"taxonomy":"post_tag","embeddable":true,"href":"https:\/\/www.em.com.br\/emfoco\/wp-json\/wp\/v2\/tags?post=58238"}],"curies":[{"name":"wp","href":"https:\/\/api.w.org\/{rel}","templated":true}]}}