{"id":58229,"date":"2025-06-11T22:30:24","date_gmt":"2025-06-12T01:30:24","guid":{"rendered":"https:\/\/www.em.com.br\/emfoco\/?p=58229"},"modified":"2025-06-10T19:20:52","modified_gmt":"2025-06-10T22:20:52","slug":"creatina-nao-e-so-para-atletas-e-pode-fazer-falta-na-sua-dieta","status":"publish","type":"post","link":"https:\/\/www.em.com.br\/emfoco\/2025\/06\/11\/creatina-nao-e-so-para-atletas-e-pode-fazer-falta-na-sua-dieta\/","title":{"rendered":"Creatina n\u00e3o \u00e9 s\u00f3 para atletas e pode fazer falta na sua dieta"},"content":{"rendered":"\n<p>A <strong>creatina<\/strong> \u00e9 um composto natural produzido pelo corpo humano, principalmente no f\u00edgado, rins e p\u00e2ncreas, sendo armazenada em maior quantidade nos m\u00fasculos e no c\u00e9rebro. Nos \u00faltimos anos, a <a href=\"https:\/\/www.em.com.br\/emfoco\/2025\/06\/04\/dra-victoria-lacerda-alerta-tomar-creatina-desse-jeito-pode-prejudicar-seus-dentes\/\" target=\"_blank\" rel=\"noreferrer noopener\">creatina <\/a>ganhou destaque n\u00e3o apenas entre atletas e praticantes de muscula\u00e7\u00e3o, mas tamb\u00e9m no campo da sa\u00fade, devido ao seu potencial impacto sobre fun\u00e7\u00f5es cognitivas e outros aspectos do bem-estar. O interesse cient\u00edfico por esse nutriente aumentou, impulsionando pesquisas que buscam compreender seus <a href=\"https:\/\/drauziovarella.uol.com.br\/atividade-fisica\/creatina-existe-uso-seguro\/\" target=\"_blank\" rel=\"noreferrer noopener\">benef\u00edcios <\/a>e poss\u00edveis aplica\u00e7\u00f5es terap\u00eauticas.<\/p>\n\n\n\n<p>Embora o organismo seja capaz de sintetizar <strong>creatina<\/strong>, a quantidade produzida pode n\u00e3o ser suficiente para suprir todas as necessidades, especialmente em situa\u00e7\u00f5es de alta demanda energ\u00e9tica. Por isso, muitas pessoas recorrem \u00e0 ingest\u00e3o de alimentos ricos em creatina, como carnes e peixes, ou \u00e0 suplementa\u00e7\u00e3o. Estudos recentes \u2014 inclusive realizados em universidades no <strong>Reino Unido<\/strong> e na <strong>Austr\u00e1lia<\/strong> \u2014 t\u00eam investigado o papel da creatina em diferentes fases da vida e em condi\u00e7\u00f5es de sa\u00fade variadas, ampliando o debate sobre sua import\u00e2ncia nutricional.<\/p>\n\n\n\n<h2 class=\"wp-block-heading\">Como a creatina atua no corpo humano?<\/h2>\n\n\n\n<p>A principal fun\u00e7\u00e3o da creatina est\u00e1 relacionada ao fornecimento r\u00e1pido de energia para as c\u00e9lulas, especialmente durante atividades de alta intensidade e curta dura\u00e7\u00e3o. Ela atua como um reservat\u00f3rio de fosfato, facilitando a regenera\u00e7\u00e3o do ATP, a principal moeda energ\u00e9tica do organismo. Esse mecanismo \u00e9 fundamental n\u00e3o s\u00f3 para o desempenho f\u00edsico, mas tamb\u00e9m para o funcionamento adequado do c\u00e9rebro, onde a demanda energ\u00e9tica \u00e9 constante.<\/p>\n\n\n\n<p>Al\u00e9m do papel energ\u00e9tico, pesquisas sugerem que a creatina pode exercer efeitos antioxidantes e contribuir para a prote\u00e7\u00e3o celular em situa\u00e7\u00f5es de estresse. Em determinadas condi\u00e7\u00f5es, como priva\u00e7\u00e3o de sono ou doen\u00e7as que afetam o metabolismo energ\u00e9tico, a suplementa\u00e7\u00e3o de creatina tem sido avaliada como uma estrat\u00e9gia para minimizar sintomas e melhorar a qualidade de vida.<\/p>\n\n\n\n<h2 class=\"wp-block-heading\">Quais s\u00e3o os benef\u00edcios da creatina para a sa\u00fade cognitiva?<\/h2>\n\n\n\n<p>Nos \u00faltimos anos, a rela\u00e7\u00e3o entre creatina e sa\u00fade cerebral tem sido alvo de diversos estudos. Evid\u00eancias indicam que a suplementa\u00e7\u00e3o pode favorecer fun\u00e7\u00f5es como mem\u00f3ria, aten\u00e7\u00e3o e velocidade de processamento mental, especialmente em situa\u00e7\u00f5es de maior exig\u00eancia cognitiva ou em popula\u00e7\u00f5es com n\u00edveis reduzidos de creatina, como vegetarianos e veganos.<\/p>\n\n\n\n<ul class=\"wp-block-list\">\n<li><strong>Mem\u00f3ria e aprendizado:<\/strong> Alguns estudos apontam que a creatina pode melhorar a mem\u00f3ria de curto prazo e a capacidade de aprendizado, principalmente em pessoas privadas de sono ou sob estresse.<\/li>\n\n\n\n<li><strong>Redu\u00e7\u00e3o da fadiga mental:<\/strong> A suplementa\u00e7\u00e3o pode ajudar a reduzir a sensa\u00e7\u00e3o de cansa\u00e7o mental, favorecendo o desempenho em tarefas intelectuais prolongadas.<\/li>\n\n\n\n<li><strong>Poss\u00edvel aux\u00edlio em condi\u00e7\u00f5es neurol\u00f3gicas:<\/strong> Pesquisas preliminares investigam o uso da creatina em doen\u00e7as neurodegenerativas e em quadros de &#8220;nevoeiro mental&#8221; associados a condi\u00e7\u00f5es como a covid longa.<\/li>\n<\/ul>\n\n\n\n<p>Apesar dos resultados promissores, ainda s\u00e3o necess\u00e1rios estudos mais amplos e padronizados para confirmar esses efeitos e determinar as doses ideais para cada situa\u00e7\u00e3o.<\/p>\n\n\n\n<figure class=\"wp-block-image size-large\"><img loading=\"lazy\" decoding=\"async\" width=\"1024\" height=\"576\" src=\"https:\/\/www.em.com.br\/emfoco\/wp-content\/uploads\/2025\/06\/creatina_1749564363436-1024x576.jpg\" alt=\"Creatina n\u00e3o \u00e9 s\u00f3 para atletas e pode fazer falta na sua dieta\" class=\"wp-image-58234\" srcset=\"https:\/\/www.em.com.br\/emfoco\/wp-content\/uploads\/2025\/06\/creatina_1749564363436-1024x576.jpg 1024w, https:\/\/www.em.com.br\/emfoco\/wp-content\/uploads\/2025\/06\/creatina_1749564363436-300x169.jpg 300w, https:\/\/www.em.com.br\/emfoco\/wp-content\/uploads\/2025\/06\/creatina_1749564363436-768x432.jpg 768w, https:\/\/www.em.com.br\/emfoco\/wp-content\/uploads\/2025\/06\/creatina_1749564363436-750x422.jpg 750w, https:\/\/www.em.com.br\/emfoco\/wp-content\/uploads\/2025\/06\/creatina_1749564363436-1140x641.jpg 1140w, https:\/\/www.em.com.br\/emfoco\/wp-content\/uploads\/2025\/06\/creatina_1749564363436.jpg 1280w\" sizes=\"auto, (max-width: 1024px) 100vw, 1024px\" \/><figcaption class=\"wp-element-caption\">Creatina &#8211; Cr\u00e9ditos: depositphotos.com \/ robertohunger<\/figcaption><\/figure>\n\n\n\n<h2 class=\"wp-block-heading\">Quem pode se beneficiar da suplementa\u00e7\u00e3o de creatina?<\/h2>\n\n\n\n<p>A creatina \u00e9 tradicionalmente associada ao aumento de for\u00e7a e massa muscular, sendo muito utilizada por atletas. No entanto, diferentes grupos podem se beneficiar da suplementa\u00e7\u00e3o, de acordo com as evid\u00eancias mais recentes:<\/p>\n\n\n\n<ol class=\"wp-block-list\">\n<li><strong>Idosos:<\/strong> A suplementa\u00e7\u00e3o pode ajudar a preservar a massa muscular e a for\u00e7a, contribuindo para a preven\u00e7\u00e3o da sarcopenia.<\/li>\n\n\n\n<li><strong>Vegetarianos e veganos:<\/strong> Pessoas que n\u00e3o consomem alimentos de origem animal tendem a apresentar n\u00edveis mais baixos de creatina, podendo se beneficiar do suplemento.<\/li>\n\n\n\n<li><strong>Pessoas com doen\u00e7as cr\u00f4nicas:<\/strong> Estudos investigam o papel da creatina em condi\u00e7\u00f5es como depress\u00e3o, fadiga p\u00f3s-viral e recupera\u00e7\u00e3o de les\u00f5es cerebrais.<\/li>\n\n\n\n<li><strong>Gestantes e beb\u00eas:<\/strong> Pesquisas iniciais sugerem que a creatina pode ter papel importante no desenvolvimento fetal e na prote\u00e7\u00e3o contra danos causados por falta de oxig\u00eanio, embora a suplementa\u00e7\u00e3o durante a gravidez ainda exija mais estudos de seguran\u00e7a.<\/li>\n<\/ol>\n\n\n\n<p>\u00c9 importante ressaltar que a suplementa\u00e7\u00e3o deve ser orientada por um profissional de sa\u00fade, considerando as necessidades individuais e poss\u00edveis contraindica\u00e7\u00f5es.<\/p>\n\n\n\n<h2 class=\"wp-block-heading\">Quais s\u00e3o os riscos ou efeitos colaterais da creatina?<\/h2>\n\n\n\n<p>Embora seja considerada segura para a maioria das pessoas quando utilizada nas doses recomendadas, a creatina pode causar efeitos colaterais em alguns casos. Entre os poss\u00edveis sintomas est\u00e3o reten\u00e7\u00e3o de l\u00edquidos, desconforto gastrointestinal e c\u00e3ibras musculares. Pessoas com hist\u00f3rico de problemas renais ou hep\u00e1ticos devem evitar o uso sem acompanhamento m\u00e9dico.<\/p>\n\n\n\n<p>Casos raros de complica\u00e7\u00f5es mais graves foram relatados, especialmente em situa\u00e7\u00f5es de uso excessivo ou prolongado. Por isso, a orienta\u00e7\u00e3o profissional \u00e9 fundamental para garantir a seguran\u00e7a e a efic\u00e1cia da suplementa\u00e7\u00e3o.<\/p>\n\n\n\n<h2 class=\"wp-block-heading\">Como garantir a ingest\u00e3o adequada de creatina?<\/h2>\n\n\n\n<p>A principal fonte alimentar de creatina s\u00e3o as carnes vermelhas e peixes. Para quem segue dietas restritivas ou apresenta necessidades aumentadas, a suplementa\u00e7\u00e3o pode ser uma alternativa. No entanto, ainda n\u00e3o existem recomenda\u00e7\u00f5es oficiais sobre a ingest\u00e3o di\u00e1ria ideal para diferentes faixas et\u00e1rias ou condi\u00e7\u00f5es de sa\u00fade.<\/p>\n\n\n\n<ul class=\"wp-block-list\">\n<li>Manter uma alimenta\u00e7\u00e3o equilibrada, incluindo fontes naturais de creatina, \u00e9 a principal estrat\u00e9gia para a maioria das pessoas.<\/li>\n\n\n\n<li>Consultar um nutricionista ou m\u00e9dico antes de iniciar qualquer suplemento \u00e9 fundamental para evitar riscos desnecess\u00e1rios.<\/li>\n<\/ul>\n\n\n\n<p>O avan\u00e7o das pesquisas sobre a creatina deve trazer, nos pr\u00f3ximos anos, orienta\u00e7\u00f5es mais precisas sobre seu uso em diferentes contextos, ampliando o conhecimento sobre esse nutriente essencial para o corpo humano.<\/p>\n\n\n\n<h2 class=\"wp-block-heading\">Perguntas e respostas sobre creatina<\/h2>\n\n\n\n<ol class=\"wp-block-list\">\n<li><strong>A creatina pode ser usada por crian\u00e7as e adolescentes?<\/strong><br>O uso de creatina por crian\u00e7as e adolescentes deve ser avaliado cuidadosamente por um m\u00e9dico ou nutricionista. Em geral, ela n\u00e3o \u00e9 recomendada para menores de 18 anos a menos que haja uma indica\u00e7\u00e3o cl\u00ednica espec\u00edfica e acompanhamento profissional.<\/li>\n\n\n\n<li><strong>Quanto tempo leva para sentir os efeitos da suplementa\u00e7\u00e3o?<\/strong><br>Os efeitos da creatina podem ser percebidos em cerca de 1 a 4 semanas, variando de acordo com a individualidade biol\u00f3gica, alimenta\u00e7\u00e3o e rotina de treinos. No caso dos benef\u00edcios cognitivos, os resultados podem variar ainda mais conforme o estado nutricional e a quantidade de creatina j\u00e1 presente nos tecidos.<\/li>\n\n\n\n<li><strong>Creatina engorda?<\/strong><br>A creatina pode causar um aumento de peso inicial devido \u00e0 reten\u00e7\u00e3o de \u00e1gua dentro das c\u00e9lulas musculares. No entanto, n\u00e3o provoca ganho de gordura corporal, sendo esse aumento tempor\u00e1rio e ligado principalmente ao maior volume muscular.<\/li>\n\n\n\n<li><strong>A creatina pode ser utilizada por pessoas com diabete?<\/strong><br>Algumas pesquisas indicam que a creatina pode at\u00e9 melhorar a sensibilidade \u00e0 insulina, mas indiv\u00edduos com diabete devem consultar o m\u00e9dico antes de iniciar a suplementa\u00e7\u00e3o, j\u00e1 que cada caso pode ter particularidades.<\/li>\n\n\n\n<li><strong>Qual \u00e9 a melhor forma de tomar creatina (em p\u00f3, c\u00e1psulas, com carboidratos)?<\/strong><br>Creatina mono-hidratada em p\u00f3 \u00e9 a forma mais estudada e eficiente. Tom\u00e1-la junto a uma pequena quantidade de carboidratos pode ajudar na absor\u00e7\u00e3o, mas ela pode ser consumida em c\u00e1psulas ou misturada a sucos e shakes. O importante \u00e9 garantir regularidade di\u00e1ria no consumo.<\/li>\n\n\n\n<li><strong>Existe risco de depend\u00eancia ao usar creatina?<\/strong><br>At\u00e9 o momento, n\u00e3o h\u00e1 evid\u00eancias de que a creatina cause depend\u00eancia f\u00edsica ou psicol\u00f3gica. Seu uso pode ser interrompido a qualquer momento sem sintomas de abstin\u00eancia, mas os ganhos obtidos (principalmente de desempenho f\u00edsico) podem diminuir ap\u00f3s a suspens\u00e3o.<\/li>\n\n\n\n<li><strong>Vegetais ou outros alimentos vegetais fornecem creatina?<\/strong><br>Praticamente n\u00e3o. Quase toda a creatina dispon\u00edvel na alimenta\u00e7\u00e3o vem de fontes animais \u2014 principalmente carne vermelha e peixes. Por isso, vegetarianos e veganos tendem a apresentar estoques mais baixos e s\u00e3o um grupo para o qual a suplementa\u00e7\u00e3o pode ser especialmente ben\u00e9fica.<\/li>\n<\/ol>\n","protected":false},"excerpt":{"rendered":"<p>A creatina \u00e9 um composto natural produzido pelo corpo humano, principalmente no f\u00edgado, rins e p\u00e2ncreas, sendo armazenada em maior quantidade nos m\u00fasculos e no c\u00e9rebro. Nos \u00faltimos anos, a creatina ganhou destaque n\u00e3o apenas entre atletas e praticantes de muscula\u00e7\u00e3o, mas tamb\u00e9m no campo da sa\u00fade, devido ao seu potencial impacto sobre fun\u00e7\u00f5es cognitivas [&hellip;]<\/p>\n","protected":false},"author":18,"featured_media":58232,"comment_status":"open","ping_status":"open","sticky":false,"template":"","format":"standard","meta":{"jnews-multi-image_gallery":[],"jnews_single_post":{"format":"standard"},"jnews_primary_category":[],"jnews_social_meta":[],"jnews_override_counter":[],"footnotes":""},"categories":[9053],"tags":[256,4312,4072,415],"class_list":["post-58229","post","type-post","status-publish","format-standard","has-post-thumbnail","hentry","category-saude","tag-beneficios","tag-cerebro","tag-creatina","tag-saude"],"yoast_head":"<!-- This site is optimized with the Yoast SEO plugin v23.8 - https:\/\/yoast.com\/wordpress\/plugins\/seo\/ -->\n<title>Creatina n\u00e3o \u00e9 s\u00f3 para atletas e pode fazer falta na sua dieta - Estado de Minas - Em foco<\/title>\n<meta name=\"description\" content=\"Estudos recentes mostram como ela pode turbinar seu c\u00e9rebro e seus m\u00fasculos. Entenda os benef\u00edcios al\u00e9m do desempenho f\u00edsico.\" \/>\n<meta name=\"robots\" content=\"index, follow, max-snippet:-1, max-image-preview:large, max-video-preview:-1\" \/>\n<link rel=\"canonical\" href=\"https:\/\/www.em.com.br\/emfoco\/2025\/06\/11\/creatina-nao-e-so-para-atletas-e-pode-fazer-falta-na-sua-dieta\/\" \/>\n<meta property=\"og:locale\" content=\"pt_BR\" \/>\n<meta property=\"og:type\" content=\"article\" \/>\n<meta property=\"og:title\" content=\"Creatina n\u00e3o \u00e9 s\u00f3 para atletas e pode fazer falta na sua dieta - Estado de Minas - Em foco\" \/>\n<meta property=\"og:description\" content=\"Estudos recentes mostram como ela pode turbinar seu c\u00e9rebro e seus m\u00fasculos. Entenda os benef\u00edcios al\u00e9m do desempenho f\u00edsico.\" \/>\n<meta property=\"og:url\" content=\"https:\/\/www.em.com.br\/emfoco\/2025\/06\/11\/creatina-nao-e-so-para-atletas-e-pode-fazer-falta-na-sua-dieta\/\" \/>\n<meta property=\"og:site_name\" content=\"Estado de Minas - Em foco\" \/>\n<meta property=\"article:published_time\" content=\"2025-06-12T01:30:24+00:00\" \/>\n<meta property=\"article:modified_time\" content=\"2025-06-10T22:20:52+00:00\" \/>\n<meta property=\"og:image\" content=\"https:\/\/www.em.com.br\/emfoco\/wp-content\/uploads\/2025\/06\/creatina_1749564305267.jpg\" \/>\n\t<meta property=\"og:image:width\" content=\"1280\" \/>\n\t<meta property=\"og:image:height\" content=\"720\" \/>\n\t<meta property=\"og:image:type\" content=\"image\/jpeg\" \/>\n<meta name=\"author\" content=\"Julio Cesar\" \/>\n<meta name=\"twitter:card\" content=\"summary_large_image\" \/>\n<meta name=\"twitter:label1\" content=\"Escrito por\" \/>\n\t<meta name=\"twitter:data1\" content=\"Julio Cesar\" \/>\n\t<meta name=\"twitter:label2\" content=\"Est. tempo de leitura\" \/>\n\t<meta name=\"twitter:data2\" content=\"7 minutos\" \/>\n<!-- \/ Yoast SEO plugin. -->","yoast_head_json":{"title":"Creatina n\u00e3o \u00e9 s\u00f3 para atletas e pode fazer falta na sua dieta - Estado de Minas - Em foco","description":"Estudos recentes mostram como ela pode turbinar seu c\u00e9rebro e seus m\u00fasculos. Entenda os benef\u00edcios al\u00e9m do desempenho f\u00edsico.","robots":{"index":"index","follow":"follow","max-snippet":"max-snippet:-1","max-image-preview":"max-image-preview:large","max-video-preview":"max-video-preview:-1"},"canonical":"https:\/\/www.em.com.br\/emfoco\/2025\/06\/11\/creatina-nao-e-so-para-atletas-e-pode-fazer-falta-na-sua-dieta\/","og_locale":"pt_BR","og_type":"article","og_title":"Creatina n\u00e3o \u00e9 s\u00f3 para atletas e pode fazer falta na sua dieta - Estado de Minas - Em foco","og_description":"Estudos recentes mostram como ela pode turbinar seu c\u00e9rebro e seus m\u00fasculos. Entenda os benef\u00edcios al\u00e9m do desempenho f\u00edsico.","og_url":"https:\/\/www.em.com.br\/emfoco\/2025\/06\/11\/creatina-nao-e-so-para-atletas-e-pode-fazer-falta-na-sua-dieta\/","og_site_name":"Estado de Minas - Em foco","article_published_time":"2025-06-12T01:30:24+00:00","article_modified_time":"2025-06-10T22:20:52+00:00","og_image":[{"width":1280,"height":720,"url":"https:\/\/www.em.com.br\/emfoco\/wp-content\/uploads\/2025\/06\/creatina_1749564305267.jpg","type":"image\/jpeg"}],"author":"Julio Cesar","twitter_card":"summary_large_image","twitter_misc":{"Escrito por":"Julio Cesar","Est. tempo de leitura":"7 minutos"},"schema":{"@context":"https:\/\/schema.org","@graph":[{"@type":"WebPage","@id":"https:\/\/www.em.com.br\/emfoco\/2025\/06\/11\/creatina-nao-e-so-para-atletas-e-pode-fazer-falta-na-sua-dieta\/","url":"https:\/\/www.em.com.br\/emfoco\/2025\/06\/11\/creatina-nao-e-so-para-atletas-e-pode-fazer-falta-na-sua-dieta\/","name":"Creatina n\u00e3o \u00e9 s\u00f3 para atletas e pode fazer falta na sua dieta - Estado de Minas - Em foco","isPartOf":{"@id":"https:\/\/www.em.com.br\/emfoco\/#website"},"primaryImageOfPage":{"@id":"https:\/\/www.em.com.br\/emfoco\/2025\/06\/11\/creatina-nao-e-so-para-atletas-e-pode-fazer-falta-na-sua-dieta\/#primaryimage"},"image":{"@id":"https:\/\/www.em.com.br\/emfoco\/2025\/06\/11\/creatina-nao-e-so-para-atletas-e-pode-fazer-falta-na-sua-dieta\/#primaryimage"},"thumbnailUrl":"https:\/\/www.em.com.br\/emfoco\/wp-content\/uploads\/2025\/06\/creatina_1749564305267.jpg","datePublished":"2025-06-12T01:30:24+00:00","dateModified":"2025-06-10T22:20:52+00:00","author":{"@id":"https:\/\/www.em.com.br\/emfoco\/#\/schema\/person\/08c4a03e38018bbab9038d5f788321fc"},"description":"Estudos recentes mostram como ela pode turbinar seu c\u00e9rebro e seus m\u00fasculos. Entenda os benef\u00edcios al\u00e9m do desempenho f\u00edsico.","breadcrumb":{"@id":"https:\/\/www.em.com.br\/emfoco\/2025\/06\/11\/creatina-nao-e-so-para-atletas-e-pode-fazer-falta-na-sua-dieta\/#breadcrumb"},"inLanguage":"pt-BR","potentialAction":[{"@type":"ReadAction","target":["https:\/\/www.em.com.br\/emfoco\/2025\/06\/11\/creatina-nao-e-so-para-atletas-e-pode-fazer-falta-na-sua-dieta\/"]}]},{"@type":"ImageObject","inLanguage":"pt-BR","@id":"https:\/\/www.em.com.br\/emfoco\/2025\/06\/11\/creatina-nao-e-so-para-atletas-e-pode-fazer-falta-na-sua-dieta\/#primaryimage","url":"https:\/\/www.em.com.br\/emfoco\/wp-content\/uploads\/2025\/06\/creatina_1749564305267.jpg","contentUrl":"https:\/\/www.em.com.br\/emfoco\/wp-content\/uploads\/2025\/06\/creatina_1749564305267.jpg","width":1280,"height":720,"caption":"Creatina - Cr\u00e9ditos: depositphotos.com \/ vvvproduct"},{"@type":"BreadcrumbList","@id":"https:\/\/www.em.com.br\/emfoco\/2025\/06\/11\/creatina-nao-e-so-para-atletas-e-pode-fazer-falta-na-sua-dieta\/#breadcrumb","itemListElement":[{"@type":"ListItem","position":1,"name":"In\u00edcio","item":"https:\/\/www.em.com.br\/emfoco\/"},{"@type":"ListItem","position":2,"name":"Creatina n\u00e3o \u00e9 s\u00f3 para atletas e pode fazer falta na sua dieta"}]},{"@type":"WebSite","@id":"https:\/\/www.em.com.br\/emfoco\/#website","url":"https:\/\/www.em.com.br\/emfoco\/","name":"Estado de Minas - Em foco","description":"Acompanhe as \u00faltimas not\u00edcias e fique bem informado sobre tudo o que acontece em Minas Gerais, Brasil e no mundo.","potentialAction":[{"@type":"SearchAction","target":{"@type":"EntryPoint","urlTemplate":"https:\/\/www.em.com.br\/emfoco\/?s={search_term_string}"},"query-input":{"@type":"PropertyValueSpecification","valueRequired":true,"valueName":"search_term_string"}}],"inLanguage":"pt-BR"},{"@type":"Person","@id":"https:\/\/www.em.com.br\/emfoco\/#\/schema\/person\/08c4a03e38018bbab9038d5f788321fc","name":"Julio Cesar","image":{"@type":"ImageObject","inLanguage":"pt-BR","@id":"https:\/\/www.em.com.br\/emfoco\/#\/schema\/person\/image\/","url":"https:\/\/secure.gravatar.com\/avatar\/ab1ea64f0d4f4c1385f8ef10d5a6e758?s=96&d=mm&r=g","contentUrl":"https:\/\/secure.gravatar.com\/avatar\/ab1ea64f0d4f4c1385f8ef10d5a6e758?s=96&d=mm&r=g","caption":"Julio Cesar"},"url":"https:\/\/www.em.com.br\/emfoco\/author\/juliomyth\/"}]}},"_links":{"self":[{"href":"https:\/\/www.em.com.br\/emfoco\/wp-json\/wp\/v2\/posts\/58229","targetHints":{"allow":["GET"]}}],"collection":[{"href":"https:\/\/www.em.com.br\/emfoco\/wp-json\/wp\/v2\/posts"}],"about":[{"href":"https:\/\/www.em.com.br\/emfoco\/wp-json\/wp\/v2\/types\/post"}],"author":[{"embeddable":true,"href":"https:\/\/www.em.com.br\/emfoco\/wp-json\/wp\/v2\/users\/18"}],"replies":[{"embeddable":true,"href":"https:\/\/www.em.com.br\/emfoco\/wp-json\/wp\/v2\/comments?post=58229"}],"version-history":[{"count":3,"href":"https:\/\/www.em.com.br\/emfoco\/wp-json\/wp\/v2\/posts\/58229\/revisions"}],"predecessor-version":[{"id":58588,"href":"https:\/\/www.em.com.br\/emfoco\/wp-json\/wp\/v2\/posts\/58229\/revisions\/58588"}],"wp:featuredmedia":[{"embeddable":true,"href":"https:\/\/www.em.com.br\/emfoco\/wp-json\/wp\/v2\/media\/58232"}],"wp:attachment":[{"href":"https:\/\/www.em.com.br\/emfoco\/wp-json\/wp\/v2\/media?parent=58229"}],"wp:term":[{"taxonomy":"category","embeddable":true,"href":"https:\/\/www.em.com.br\/emfoco\/wp-json\/wp\/v2\/categories?post=58229"},{"taxonomy":"post_tag","embeddable":true,"href":"https:\/\/www.em.com.br\/emfoco\/wp-json\/wp\/v2\/tags?post=58229"}],"curies":[{"name":"wp","href":"https:\/\/api.w.org\/{rel}","templated":true}]}}