{"id":58172,"date":"2025-08-11T06:12:51","date_gmt":"2025-08-11T09:12:51","guid":{"rendered":"https:\/\/www.em.com.br\/emfoco\/?p=58172"},"modified":"2025-08-11T06:14:00","modified_gmt":"2025-08-11T09:14:00","slug":"duas-grandes-redes-de-supermercados-anunciam-o-encerramento-de-varias-unidades","status":"publish","type":"post","link":"https:\/\/www.em.com.br\/emfoco\/2025\/08\/11\/duas-grandes-redes-de-supermercados-anunciam-o-encerramento-de-varias-unidades\/","title":{"rendered":"Duas grandes redes de supermercados anunciam o encerramento de v\u00e1rias unidades"},"content":{"rendered":"\n<p>O impacto da <a href=\"https:\/\/oglobo.globo.com\/economia\/noticia\/2025\/04\/16\/economia-global-caminha-para-recessao-diz-agencia-da-onu.ghtml#:~:text=A%20economia%20global%20caminha%20para,vulner%C3%A1veis%2C%20enfrentam%20condi%C3%A7%C3%B5es%20financeiras%20desfavor%C3%A1veis.\" target=\"_blank\" rel=\"noreferrer noopener\">crise econ\u00f4mica internacional em 2025 <\/a>tem sido profundo, atingindo em cheio o setor de <strong>varejo alimentar<\/strong>, que enfrenta uma onda de reestrutura\u00e7\u00f5es e encerramentos de opera\u00e7\u00f5es em diferentes partes do mundo. Pressionadas por uma combina\u00e7\u00e3o de infla\u00e7\u00e3o persistente, queda no poder de compra e transforma\u00e7\u00f5es no comportamento de consumo, grandes redes est\u00e3o sendo for\u00e7adas a tomar decis\u00f5es dr\u00e1sticas para sobreviver.<\/p>\n\n\n\n<h2 class=\"wp-block-heading\">Por que o varejo alimentar est\u00e1 encolhendo globalmente?<\/h2>\n\n\n\n<p>A instabilidade nos mercados financeiros, aliada \u00e0 redu\u00e7\u00e3o da renda dispon\u00edvel das fam\u00edlias e \u00e0 digitaliza\u00e7\u00e3o acelerada dos h\u00e1bitos de compra, criou um ambiente hostil para supermercados tradicionais. Empresas que antes se apoiavam em estruturas f\u00edsicas robustas agora enfrentam a necessidade de se reinventar para manter a viabilidade.<\/p>\n\n\n\n<p>A tend\u00eancia de consumo em 2025 aponta para lojas menores, pr\u00f3ximas de casa, com foco em conveni\u00eancia e integra\u00e7\u00e3o <a href=\"https:\/\/www.em.com.br\/emfoco\/2025\/05\/27\/influencers-fitness-e-os-riscos-ocultos-do-mundo-digital\/\" target=\"_blank\" rel=\"noreferrer noopener\">digital <\/a>total \u2014 fatores que t\u00eam gerado press\u00e3o sobre redes que mantinham grandes unidades e formatos pouco flex\u00edveis.<\/p>\n\n\n\n<h2 class=\"wp-block-heading\">O que motivou os cortes da rede Alcampo na Espanha?<\/h2>\n\n\n\n<p>Na <strong>Espanha<\/strong>, a tradicional rede <strong>Alcampo<\/strong>, pertencente ao grupo franc\u00eas <strong>Auchan<\/strong>, anunciou o fechamento de 25 lojas f\u00edsicas e a redu\u00e7\u00e3o operacional de 15 hipermercados, afetando aproximadamente 710 funcion\u00e1rios \u2014 cerca de 3% da for\u00e7a de trabalho local.<\/p>\n\n\n\n<p>A medida faz parte de uma reestrutura\u00e7\u00e3o estrat\u00e9gica, motivada principalmente pela mudan\u00e7a de perfil do consumidor e pelos desafios resultantes da aquisi\u00e7\u00e3o de 224 unidades da rede<strong> DIA<\/strong>, em 2023. Muitas dessas novas lojas apresentaram baixa performance, em parte devido \u00e0 sobreposi\u00e7\u00e3o geogr\u00e1fica e \u00e0 escolha de localiza\u00e7\u00f5es pouco rent\u00e1veis.<\/p>\n\n\n\n<h2 class=\"wp-block-heading\">Como a Alcampo pretende se adaptar ao novo mercado?<\/h2>\n\n\n\n<p>A empresa est\u00e1 promovendo uma transforma\u00e7\u00e3o completa do seu modelo de neg\u00f3cios, com foco em um formato multicanal e multiformato. A aposta \u00e9 em lojas menores, com mais agilidade operacional e forte presen\u00e7a digital.<\/p>\n\n\n\n<p>Al\u00e9m disso, a rede planeja modernizar mais de 60 unidades existentes e implementar uma nova plataforma log\u00edstica, voltada \u00e0 redu\u00e7\u00e3o de custos e \u00e0 melhoria na efici\u00eancia das entregas.<\/p>\n\n\n\n<p>Entretanto, os sindicatos locais exigem maior transpar\u00eancia nas a\u00e7\u00f5es e est\u00e3o negociando realoca\u00e7\u00f5es e acordos coletivos para minimizar o impacto das demiss\u00f5es.<\/p>\n\n\n\n<figure class=\"wp-block-image\"><img decoding=\"async\" src=\"https:\/\/www.em.com.br\/emfoco\/wp-content\/uploads\/2025\/03\/mercado_1741272628181-1024x576.jpg\" alt=\"\"\/><figcaption class=\"wp-element-caption\">Carrinho vazio &#8211; Cr\u00e9ditos: depositphotos.com \/ xxxPATRIK<\/figcaption><\/figure>\n\n\n\n<h2 class=\"wp-block-heading\">O que levou ao encerramento da Daily Table nos Estados Unidos?<\/h2>\n\n\n\n<p>Nos <strong>Estados Unidos<\/strong>, a situa\u00e7\u00e3o foi ainda mais grave para a rede <strong>Daily Table<\/strong>, fundada em 2015 com a proposta de combater a fome e a obesidade por meio da venda de alimentos saud\u00e1veis e acess\u00edveis. Incapaz de captar novos investimentos em meio \u00e0 crise econ\u00f4mica, a empresa encerrou todas as suas atividades definitivamente.<\/p>\n\n\n\n<p>Em comunicado oficial, a organiza\u00e7\u00e3o agradeceu aos mais de 3 milh\u00f5es de clientes atendidos ao longo dos anos e destacou o impacto positivo que teve em comunidades de baixa renda. No entanto, mesmo com apoio popular, o projeto n\u00e3o conseguiu se manter financeiramente vi\u00e1vel.<\/p>\n\n\n\n<h2 class=\"wp-block-heading\">Quais s\u00e3o os principais aprendizados da crise atual?<\/h2>\n\n\n\n<p>Os casos da Alcampo e da Daily Table deixam claro que o varejo alimentar est\u00e1 diante de uma transforma\u00e7\u00e3o sem precedentes. O setor precisa equilibrar efici\u00eancia operacional, inova\u00e7\u00e3o tecnol\u00f3gica e responsabilidade social, enquanto lida com consumidores mais exigentes e menos tolerantes a erros.<\/p>\n\n\n\n<p>Grandes estruturas f\u00edsicas, antes vistas como fortalezas, hoje representam passivos em tempos de crise. A agilidade, a digitaliza\u00e7\u00e3o e a capacidade de adapta\u00e7\u00e3o s\u00e3o os novos pilares da sobreviv\u00eancia no varejo.<\/p>\n\n\n\n<h2 class=\"wp-block-heading\">Qual o futuro do setor de supermercados?<\/h2>\n\n\n\n<p>As pr\u00f3ximas movimenta\u00e7\u00f5es do setor depender\u00e3o da habilidade das empresas em reinventar seus modelos, investindo em:<\/p>\n\n\n\n<ul class=\"wp-block-list\">\n<li><strong>tecnologia e automa\u00e7\u00e3o<\/strong>;<\/li>\n\n\n\n<li><strong>formatos de loja mais \u00e1geis e inteligentes<\/strong>;<\/li>\n\n\n\n<li><strong>estrat\u00e9gias omnichannel<\/strong>;<\/li>\n\n\n\n<li>e <strong>valores sociais alinhados \u00e0s demandas contempor\u00e2neas<\/strong>.<\/li>\n<\/ul>\n\n\n\n<p>O cen\u00e1rio global exige decis\u00f5es dif\u00edceis, mas tamb\u00e9m oferece oportunidades para repensar o papel do varejo alimentar na sociedade \u2014 n\u00e3o apenas como fornecedor de produtos, mas como agente ativo na constru\u00e7\u00e3o de um consumo mais acess\u00edvel, sustent\u00e1vel e inovador.<\/p>\n","protected":false},"excerpt":{"rendered":"<p>O impacto da crise econ\u00f4mica internacional em 2025 tem sido profundo, atingindo em cheio o setor de varejo alimentar, que enfrenta uma onda de reestrutura\u00e7\u00f5es e encerramentos de opera\u00e7\u00f5es em diferentes partes do mundo. Pressionadas por uma combina\u00e7\u00e3o de infla\u00e7\u00e3o persistente, queda no poder de compra e transforma\u00e7\u00f5es no comportamento de consumo, grandes redes est\u00e3o [&hellip;]<\/p>\n","protected":false},"author":11,"featured_media":25664,"comment_status":"open","ping_status":"open","sticky":false,"template":"","format":"standard","meta":{"jnews-multi-image_gallery":[],"jnews_single_post":{"format":"standard"},"jnews_primary_category":[],"jnews_social_meta":[],"jnews_override_counter":[],"footnotes":""},"categories":[8819,1],"tags":[10106,160,5478,8605],"class_list":["post-58172","post","type-post","status-publish","format-standard","has-post-thumbnail","hentry","category-curiosidades","category-noticias","tag-crise-economica","tag-economia","tag-falencia","tag-supermercados"],"yoast_head":"<!-- This site is optimized with the Yoast SEO plugin v23.8 - https:\/\/yoast.com\/wordpress\/plugins\/seo\/ -->\n<title>Duas grandes redes de supermercados anunciam o encerramento de v\u00e1rias unidades - Estado de Minas - Em foco<\/title>\n<meta name=\"description\" content=\"O varejo de supermercados vive a maior transforma\u00e7\u00e3o das \u00faltimas d\u00e9cadas. Fechamentos em s\u00e9rie revelam os novos desafios do setor alimentar.\" \/>\n<meta name=\"robots\" content=\"index, follow, max-snippet:-1, max-image-preview:large, max-video-preview:-1\" \/>\n<link rel=\"canonical\" href=\"https:\/\/www.em.com.br\/emfoco\/2025\/08\/11\/duas-grandes-redes-de-supermercados-anunciam-o-encerramento-de-varias-unidades\/\" \/>\n<meta property=\"og:locale\" content=\"pt_BR\" \/>\n<meta property=\"og:type\" content=\"article\" \/>\n<meta property=\"og:title\" content=\"Duas grandes redes de supermercados anunciam o encerramento de v\u00e1rias unidades - Estado de Minas - Em foco\" \/>\n<meta property=\"og:description\" content=\"O varejo de supermercados vive a maior transforma\u00e7\u00e3o das \u00faltimas d\u00e9cadas. Fechamentos em s\u00e9rie revelam os novos desafios do setor alimentar.\" \/>\n<meta property=\"og:url\" content=\"https:\/\/www.em.com.br\/emfoco\/2025\/08\/11\/duas-grandes-redes-de-supermercados-anunciam-o-encerramento-de-varias-unidades\/\" \/>\n<meta property=\"og:site_name\" content=\"Estado de Minas - Em foco\" \/>\n<meta property=\"article:published_time\" content=\"2025-08-11T09:12:51+00:00\" \/>\n<meta property=\"article:modified_time\" content=\"2025-08-11T09:14:00+00:00\" \/>\n<meta property=\"og:image\" content=\"https:\/\/www.em.com.br\/emfoco\/wp-content\/uploads\/2025\/03\/mercado_1741272716640.jpg\" \/>\n\t<meta property=\"og:image:width\" content=\"1280\" \/>\n\t<meta property=\"og:image:height\" content=\"720\" \/>\n\t<meta property=\"og:image:type\" content=\"image\/jpeg\" \/>\n<meta name=\"author\" content=\"Andre\u0301 Rangel\u00a0\" \/>\n<meta name=\"twitter:card\" content=\"summary_large_image\" \/>\n<meta name=\"twitter:label1\" content=\"Escrito por\" \/>\n\t<meta name=\"twitter:data1\" content=\"Andre\u0301 Rangel\u00a0\" \/>\n\t<meta name=\"twitter:label2\" content=\"Est. tempo de leitura\" \/>\n\t<meta name=\"twitter:data2\" content=\"4 minutos\" \/>\n<!-- \/ Yoast SEO plugin. -->","yoast_head_json":{"title":"Duas grandes redes de supermercados anunciam o encerramento de v\u00e1rias unidades - Estado de Minas - Em foco","description":"O varejo de supermercados vive a maior transforma\u00e7\u00e3o das \u00faltimas d\u00e9cadas. Fechamentos em s\u00e9rie revelam os novos desafios do setor alimentar.","robots":{"index":"index","follow":"follow","max-snippet":"max-snippet:-1","max-image-preview":"max-image-preview:large","max-video-preview":"max-video-preview:-1"},"canonical":"https:\/\/www.em.com.br\/emfoco\/2025\/08\/11\/duas-grandes-redes-de-supermercados-anunciam-o-encerramento-de-varias-unidades\/","og_locale":"pt_BR","og_type":"article","og_title":"Duas grandes redes de supermercados anunciam o encerramento de v\u00e1rias unidades - Estado de Minas - Em foco","og_description":"O varejo de supermercados vive a maior transforma\u00e7\u00e3o das \u00faltimas d\u00e9cadas. Fechamentos em s\u00e9rie revelam os novos desafios do setor alimentar.","og_url":"https:\/\/www.em.com.br\/emfoco\/2025\/08\/11\/duas-grandes-redes-de-supermercados-anunciam-o-encerramento-de-varias-unidades\/","og_site_name":"Estado de Minas - Em foco","article_published_time":"2025-08-11T09:12:51+00:00","article_modified_time":"2025-08-11T09:14:00+00:00","og_image":[{"width":1280,"height":720,"url":"https:\/\/www.em.com.br\/emfoco\/wp-content\/uploads\/2025\/03\/mercado_1741272716640.jpg","type":"image\/jpeg"}],"author":"Andre\u0301 Rangel\u00a0","twitter_card":"summary_large_image","twitter_misc":{"Escrito por":"Andre\u0301 Rangel\u00a0","Est. tempo de leitura":"4 minutos"},"schema":{"@context":"https:\/\/schema.org","@graph":[{"@type":"WebPage","@id":"https:\/\/www.em.com.br\/emfoco\/2025\/08\/11\/duas-grandes-redes-de-supermercados-anunciam-o-encerramento-de-varias-unidades\/","url":"https:\/\/www.em.com.br\/emfoco\/2025\/08\/11\/duas-grandes-redes-de-supermercados-anunciam-o-encerramento-de-varias-unidades\/","name":"Duas grandes redes de supermercados anunciam o encerramento de v\u00e1rias unidades - Estado de Minas - Em foco","isPartOf":{"@id":"https:\/\/www.em.com.br\/emfoco\/#website"},"primaryImageOfPage":{"@id":"https:\/\/www.em.com.br\/emfoco\/2025\/08\/11\/duas-grandes-redes-de-supermercados-anunciam-o-encerramento-de-varias-unidades\/#primaryimage"},"image":{"@id":"https:\/\/www.em.com.br\/emfoco\/2025\/08\/11\/duas-grandes-redes-de-supermercados-anunciam-o-encerramento-de-varias-unidades\/#primaryimage"},"thumbnailUrl":"https:\/\/www.em.com.br\/emfoco\/wp-content\/uploads\/2025\/03\/mercado_1741272716640.jpg","datePublished":"2025-08-11T09:12:51+00:00","dateModified":"2025-08-11T09:14:00+00:00","author":{"@id":"https:\/\/www.em.com.br\/emfoco\/#\/schema\/person\/60eda09c1fedf0d6891f4cef4b60b8b8"},"description":"O varejo de supermercados vive a maior transforma\u00e7\u00e3o das \u00faltimas d\u00e9cadas. Fechamentos em s\u00e9rie revelam os novos desafios do setor alimentar.","breadcrumb":{"@id":"https:\/\/www.em.com.br\/emfoco\/2025\/08\/11\/duas-grandes-redes-de-supermercados-anunciam-o-encerramento-de-varias-unidades\/#breadcrumb"},"inLanguage":"pt-BR","potentialAction":[{"@type":"ReadAction","target":["https:\/\/www.em.com.br\/emfoco\/2025\/08\/11\/duas-grandes-redes-de-supermercados-anunciam-o-encerramento-de-varias-unidades\/"]}]},{"@type":"ImageObject","inLanguage":"pt-BR","@id":"https:\/\/www.em.com.br\/emfoco\/2025\/08\/11\/duas-grandes-redes-de-supermercados-anunciam-o-encerramento-de-varias-unidades\/#primaryimage","url":"https:\/\/www.em.com.br\/emfoco\/wp-content\/uploads\/2025\/03\/mercado_1741272716640.jpg","contentUrl":"https:\/\/www.em.com.br\/emfoco\/wp-content\/uploads\/2025\/03\/mercado_1741272716640.jpg","width":1280,"height":720,"caption":"A verdade sobre os fechamentos que assustam o pa\u00eds - Cr\u00e9ditos: depositphotos.com \/ AndrewLozovyi"},{"@type":"BreadcrumbList","@id":"https:\/\/www.em.com.br\/emfoco\/2025\/08\/11\/duas-grandes-redes-de-supermercados-anunciam-o-encerramento-de-varias-unidades\/#breadcrumb","itemListElement":[{"@type":"ListItem","position":1,"name":"In\u00edcio","item":"https:\/\/www.em.com.br\/emfoco\/"},{"@type":"ListItem","position":2,"name":"Duas grandes redes de supermercados anunciam o encerramento de v\u00e1rias unidades"}]},{"@type":"WebSite","@id":"https:\/\/www.em.com.br\/emfoco\/#website","url":"https:\/\/www.em.com.br\/emfoco\/","name":"Estado de Minas - Em foco","description":"Acompanhe as \u00faltimas not\u00edcias e fique bem informado sobre tudo o que acontece em Minas Gerais, Brasil e no mundo.","potentialAction":[{"@type":"SearchAction","target":{"@type":"EntryPoint","urlTemplate":"https:\/\/www.em.com.br\/emfoco\/?s={search_term_string}"},"query-input":{"@type":"PropertyValueSpecification","valueRequired":true,"valueName":"search_term_string"}}],"inLanguage":"pt-BR"},{"@type":"Person","@id":"https:\/\/www.em.com.br\/emfoco\/#\/schema\/person\/60eda09c1fedf0d6891f4cef4b60b8b8","name":"Andre\u0301 Rangel\u00a0","image":{"@type":"ImageObject","inLanguage":"pt-BR","@id":"https:\/\/www.em.com.br\/emfoco\/#\/schema\/person\/image\/","url":"https:\/\/secure.gravatar.com\/avatar\/6234dc814c77c8ef6d8bba622c787efc?s=96&d=mm&r=g","contentUrl":"https:\/\/secure.gravatar.com\/avatar\/6234dc814c77c8ef6d8bba622c787efc?s=96&d=mm&r=g","caption":"Andre\u0301 Rangel\u00a0"},"url":"https:\/\/www.em.com.br\/emfoco\/author\/luizmyth\/"}]}},"_links":{"self":[{"href":"https:\/\/www.em.com.br\/emfoco\/wp-json\/wp\/v2\/posts\/58172","targetHints":{"allow":["GET"]}}],"collection":[{"href":"https:\/\/www.em.com.br\/emfoco\/wp-json\/wp\/v2\/posts"}],"about":[{"href":"https:\/\/www.em.com.br\/emfoco\/wp-json\/wp\/v2\/types\/post"}],"author":[{"embeddable":true,"href":"https:\/\/www.em.com.br\/emfoco\/wp-json\/wp\/v2\/users\/11"}],"replies":[{"embeddable":true,"href":"https:\/\/www.em.com.br\/emfoco\/wp-json\/wp\/v2\/comments?post=58172"}],"version-history":[{"count":3,"href":"https:\/\/www.em.com.br\/emfoco\/wp-json\/wp\/v2\/posts\/58172\/revisions"}],"predecessor-version":[{"id":89343,"href":"https:\/\/www.em.com.br\/emfoco\/wp-json\/wp\/v2\/posts\/58172\/revisions\/89343"}],"wp:featuredmedia":[{"embeddable":true,"href":"https:\/\/www.em.com.br\/emfoco\/wp-json\/wp\/v2\/media\/25664"}],"wp:attachment":[{"href":"https:\/\/www.em.com.br\/emfoco\/wp-json\/wp\/v2\/media?parent=58172"}],"wp:term":[{"taxonomy":"category","embeddable":true,"href":"https:\/\/www.em.com.br\/emfoco\/wp-json\/wp\/v2\/categories?post=58172"},{"taxonomy":"post_tag","embeddable":true,"href":"https:\/\/www.em.com.br\/emfoco\/wp-json\/wp\/v2\/tags?post=58172"}],"curies":[{"name":"wp","href":"https:\/\/api.w.org\/{rel}","templated":true}]}}