{"id":57934,"date":"2025-06-10T20:30:00","date_gmt":"2025-06-10T23:30:00","guid":{"rendered":"https:\/\/www.em.com.br\/emfoco\/?p=57934"},"modified":"2025-06-09T17:36:56","modified_gmt":"2025-06-09T20:36:56","slug":"ser-terceirizado-nao-e-o-fim-dos-direitos-veja-o-que-diz-a-lei-trabalhista","status":"publish","type":"post","link":"https:\/\/www.em.com.br\/emfoco\/2025\/06\/10\/ser-terceirizado-nao-e-o-fim-dos-direitos-veja-o-que-diz-a-lei-trabalhista\/","title":{"rendered":"Ser terceirizado n\u00e3o \u00e9 o fim dos direitos veja o que diz a lei trabalhista"},"content":{"rendered":"\n<p>A terceiriza\u00e7\u00e3o \u00e9 um modelo de contrata\u00e7\u00e3o que ganhou espa\u00e7o no <strong>Brasil <\/strong>nos \u00faltimos anos, especialmente ap\u00f3s as mudan\u00e7as na legisla\u00e7\u00e3o trabalhista. Esse formato permite que empresas contratem outras organiza\u00e7\u00f5es para realizar atividades espec\u00edficas, utilizando m\u00e3o de obra terceirizada. O trabalhador terceirizado, por sua vez, passa a atuar em ambientes e fun\u00e7\u00f5es que, anteriormente, eram ocupados apenas por funcion\u00e1rios diretos.<\/p>\n\n\n\n<p>Com a expans\u00e3o da terceiriza\u00e7\u00e3o, surgem d\u00favidas sobre como esse processo impacta a rotina, os direitos e as obriga\u00e7\u00f5es dos profissionais envolvidos. \u00c9 importante compreender as diferen\u00e7as entre ser um colaborador contratado diretamente pela empresa e atuar como terceirizado, al\u00e9m de conhecer as garantias previstas em lei para esse tipo de v\u00ednculo.<\/p>\n\n\n\n<h2 class=\"wp-block-heading\">Como funciona a terceiriza\u00e7\u00e3o no Brasil?<\/h2>\n\n\n<div class=\"wp-block-image\">\n<figure class=\"aligncenter size-large\"><img loading=\"lazy\" decoding=\"async\" width=\"1024\" height=\"576\" src=\"https:\/\/www.em.com.br\/emfoco\/wp-content\/uploads\/2025\/06\/trabalhadores_1748978690709-1024x576.jpg\" alt=\"Nova proposta pode transformar as escalas de trabalho em todo o pa\u00eds\" class=\"wp-image-55052\" srcset=\"https:\/\/www.em.com.br\/emfoco\/wp-content\/uploads\/2025\/06\/trabalhadores_1748978690709-1024x576.jpg 1024w, https:\/\/www.em.com.br\/emfoco\/wp-content\/uploads\/2025\/06\/trabalhadores_1748978690709-300x169.jpg 300w, https:\/\/www.em.com.br\/emfoco\/wp-content\/uploads\/2025\/06\/trabalhadores_1748978690709-768x432.jpg 768w, https:\/\/www.em.com.br\/emfoco\/wp-content\/uploads\/2025\/06\/trabalhadores_1748978690709-750x422.jpg 750w, https:\/\/www.em.com.br\/emfoco\/wp-content\/uploads\/2025\/06\/trabalhadores_1748978690709-1140x641.jpg 1140w, https:\/\/www.em.com.br\/emfoco\/wp-content\/uploads\/2025\/06\/trabalhadores_1748978690709.jpg 1280w\" sizes=\"auto, (max-width: 1024px) 100vw, 1024px\" \/><figcaption class=\"wp-element-caption\">Trabalhadores &#8211; Cr\u00e9ditos: depositphotos.com \/ AllaSerebrina<\/figcaption><\/figure><\/div>\n\n\n<p>No contexto brasileiro, a terceiriza\u00e7\u00e3o ocorre quando uma empresa, chamada de tomadora de servi\u00e7os, contrata outra, conhecida como prestadora, para executar determinadas tarefas. O trabalhador terceirizado \u00e9 empregado da prestadora, mas realiza suas atividades nas depend\u00eancias da tomadora, seguindo orienta\u00e7\u00f5es e rotinas estabelecidas por ela.<\/p>\n\n\n\n<p>Desde a aprova\u00e7\u00e3o da <strong>Lei da Terceiriza\u00e7\u00e3o<\/strong> (<a href=\"https:\/\/www.planalto.gov.br\/ccivil_03\/_ato2015-2018\/2017\/lei\/l13429.htm\" target=\"_blank\" rel=\"noreferrer noopener\">Lei n\u00ba 13.429\/2017<\/a>) e da <strong><a href=\"https:\/\/www.planalto.gov.br\/ccivil_03\/_ato2015-2018\/2017\/lei\/l13467.htm\" target=\"_blank\" rel=\"noreferrer noopener\">Reforma Trabalhista<\/a><\/strong>, a terceiriza\u00e7\u00e3o passou a ser permitida para qualquer atividade, inclusive as chamadas atividades-fim. Antes dessas mudan\u00e7as, a terceiriza\u00e7\u00e3o era restrita a fun\u00e7\u00f5es consideradas secund\u00e1rias, como limpeza e seguran\u00e7a. Atualmente, empresas podem terceirizar setores inteiros, como tecnologia, atendimento e produ\u00e7\u00e3o.<\/p>\n\n\n\n<h2 class=\"wp-block-heading\">Quais s\u00e3o os direitos do trabalhador terceirizado?<\/h2>\n\n\n\n<p>O trabalhador terceirizado possui uma s\u00e9rie de direitos assegurados pela legisla\u00e7\u00e3o. Entre eles, destacam-se:<\/p>\n\n\n\n<ul class=\"wp-block-list\">\n<li><strong>Registro em carteira:<\/strong> o v\u00ednculo empregat\u00edcio \u00e9 formalizado pela prestadora de servi\u00e7os.<\/li>\n\n\n\n<li><strong>Sal\u00e1rio:<\/strong> deve ser pago at\u00e9 o quinto dia \u00fatil do m\u00eas, conforme acordado em contrato.<\/li>\n\n\n\n<li><strong>Jornada de trabalho:<\/strong> segue as mesmas regras da Consolida\u00e7\u00e3o das Leis do Trabalho (<strong><a href=\"https:\/\/www.em.com.br\/emfoco\/2025\/06\/07\/horas-extras-na-clt-exigem-atencao-maxima-do-rh\/\" target=\"_blank\" rel=\"noreferrer noopener\">CLT<\/a><\/strong>).<\/li>\n\n\n\n<li><strong>F\u00e9rias, 13\u00ba sal\u00e1rio e FGTS:<\/strong> garantidos como para qualquer trabalhador formal.<\/li>\n\n\n\n<li><strong>Vale-transporte e vale-alimenta\u00e7\u00e3o:<\/strong> quando previstos em conven\u00e7\u00e3o coletiva ou acordo.<\/li>\n<\/ul>\n\n\n\n<p>Al\u00e9m disso, caso a prestadora n\u00e3o cumpra com suas obriga\u00e7\u00f5es, a empresa tomadora pode ser responsabilizada de forma subsidi\u00e1ria, assegurando maior prote\u00e7\u00e3o ao trabalhador.<\/p>\n\n\n\n<h2 class=\"wp-block-heading\">O que muda para o trabalhador terceirizado em rela\u00e7\u00e3o ao efetivo?<\/h2>\n\n\n\n<p>Uma das principais diferen\u00e7as est\u00e1 no v\u00ednculo empregat\u00edcio. O terceirizado n\u00e3o \u00e9 funcion\u00e1rio direto da empresa onde atua, mas sim da prestadora de servi\u00e7os. Isso pode impactar aspectos como integra\u00e7\u00e3o \u00e0 equipe, participa\u00e7\u00e3o em programas internos e acesso a benef\u00edcios oferecidos exclusivamente aos colaboradores efetivos.<\/p>\n\n\n\n<p>Outra mudan\u00e7a relevante \u00e9 a possibilidade de movimenta\u00e7\u00e3o entre diferentes contratos. O trabalhador terceirizado pode ser realocado para outras empresas, conforme a demanda da prestadora. Essa flexibilidade pode gerar instabilidade, mas tamb\u00e9m abre portas para experi\u00eancias em diferentes ambientes e setores.<\/p>\n\n\n\n<p>Em rela\u00e7\u00e3o \u00e0 remunera\u00e7\u00e3o, a lei determina que n\u00e3o pode haver discrimina\u00e7\u00e3o salarial entre terceirizados e efetivos que exer\u00e7am fun\u00e7\u00f5es equivalentes. No entanto, benef\u00edcios adicionais, como planos de sa\u00fade e bonifica\u00e7\u00f5es, podem variar de acordo com as pol\u00edticas da prestadora.<\/p>\n\n\n\n<h2 class=\"wp-block-heading\">Quais s\u00e3o os desafios e oportunidades da terceiriza\u00e7\u00e3o?<\/h2>\n\n\n\n<p>A terceiriza\u00e7\u00e3o traz tanto desafios quanto oportunidades para o trabalhador. Entre os desafios, destacam-se a adapta\u00e7\u00e3o a diferentes culturas organizacionais, a necessidade de constante atualiza\u00e7\u00e3o profissional e a possibilidade de menor estabilidade em rela\u00e7\u00e3o ao emprego direto.<\/p>\n\n\n\n<p>Por outro lado, a terceiriza\u00e7\u00e3o pode facilitar o acesso ao mercado de trabalho, especialmente para quem busca o primeiro emprego ou deseja atuar em \u00e1reas espec\u00edficas. Al\u00e9m disso, a experi\u00eancia adquirida em diferentes empresas pode contribuir para o desenvolvimento de habilidades e ampliar as chances de crescimento profissional.<\/p>\n\n\n\n<ul class=\"wp-block-list\">\n<li><strong>Desafios:<\/strong>\n<ul class=\"wp-block-list\">\n<li>Adapta\u00e7\u00e3o a m\u00faltiplos ambientes de trabalho<\/li>\n\n\n\n<li>Poss\u00edvel rotatividade de contratos<\/li>\n\n\n\n<li>Gest\u00e3o de benef\u00edcios diferenciados<\/li>\n<\/ul>\n<\/li>\n\n\n\n<li><strong>Oportunidades:<\/strong>\n<ul class=\"wp-block-list\">\n<li>Amplia\u00e7\u00e3o da rede de contatos profissionais<\/li>\n\n\n\n<li>Desenvolvimento de compet\u00eancias diversas<\/li>\n\n\n\n<li>Facilidade de inser\u00e7\u00e3o no mercado<\/li>\n<\/ul>\n<\/li>\n<\/ul>\n\n\n\n<h2 class=\"wp-block-heading\">Quais cuidados o trabalhador terceirizado deve ter?<\/h2>\n\n\n\n<p>Para garantir seus direitos, o trabalhador terceirizado deve manter aten\u00e7\u00e3o ao contrato de trabalho, verificar o registro em carteira e acompanhar o pagamento de sal\u00e1rios e benef\u00edcios. \u00c9 recomend\u00e1vel conhecer a conven\u00e7\u00e3o coletiva da categoria e buscar orienta\u00e7\u00e3o junto ao sindicato em caso de d\u00favidas ou irregularidades.<\/p>\n\n\n\n<p>Outro ponto importante \u00e9 manter um bom relacionamento tanto com a prestadora quanto com a tomadora de servi\u00e7os, demonstrando profissionalismo e disposi\u00e7\u00e3o para aprender. Assim, o trabalhador amplia suas possibilidades de perman\u00eancia e crescimento no mercado de trabalho terceirizado.<\/p>\n\n\n\n<p>Em 2025, a terceiriza\u00e7\u00e3o segue como uma alternativa relevante para empresas e profissionais, exigindo aten\u00e7\u00e3o \u00e0s regras e aos direitos envolvidos. O conhecimento sobre o tema \u00e9 fundamental para que o trabalhador atue de forma segura e informada, aproveitando as oportunidades que esse modelo de contrata\u00e7\u00e3o pode oferecer.<\/p>\n","protected":false},"excerpt":{"rendered":"<p>A terceiriza\u00e7\u00e3o \u00e9 um modelo de contrata\u00e7\u00e3o que ganhou espa\u00e7o no Brasil nos \u00faltimos anos, especialmente ap\u00f3s as mudan\u00e7as na legisla\u00e7\u00e3o trabalhista. Esse formato permite que empresas contratem outras organiza\u00e7\u00f5es para realizar atividades espec\u00edficas, utilizando m\u00e3o de obra terceirizada. O trabalhador terceirizado, por sua vez, passa a atuar em ambientes e fun\u00e7\u00f5es que, anteriormente, eram [&hellip;]<\/p>\n","protected":false},"author":20,"featured_media":57188,"comment_status":"open","ping_status":"open","sticky":false,"template":"","format":"standard","meta":{"jnews-multi-image_gallery":[],"jnews_single_post":{"format":"standard"},"jnews_primary_category":[],"jnews_social_meta":[],"jnews_override_counter":[],"footnotes":""},"categories":[28,1],"tags":[1341,10082],"class_list":["post-57934","post","type-post","status-publish","format-standard","has-post-thumbnail","hentry","category-economia","category-noticias","tag-lei-trabalhista","tag-terceirizacao"],"yoast_head":"<!-- This site is optimized with the Yoast SEO plugin v23.8 - https:\/\/yoast.com\/wordpress\/plugins\/seo\/ -->\n<title>Ser terceirizado n\u00e3o \u00e9 o fim dos direitos veja o que diz a lei trabalhista - Estado de Minas - Em foco<\/title>\n<meta name=\"description\" content=\"Empresas podem terceirizar at\u00e9 suas atividades principais. Saiba o que isso significa para o trabalhador e quais direitos s\u00e3o garantidos.\" \/>\n<meta name=\"robots\" content=\"index, follow, max-snippet:-1, max-image-preview:large, max-video-preview:-1\" \/>\n<link rel=\"canonical\" href=\"https:\/\/www.em.com.br\/emfoco\/2025\/06\/10\/ser-terceirizado-nao-e-o-fim-dos-direitos-veja-o-que-diz-a-lei-trabalhista\/\" \/>\n<meta property=\"og:locale\" content=\"pt_BR\" \/>\n<meta property=\"og:type\" content=\"article\" \/>\n<meta property=\"og:title\" content=\"Ser terceirizado n\u00e3o \u00e9 o fim dos direitos veja o que diz a lei trabalhista - Estado de Minas - Em foco\" \/>\n<meta property=\"og:description\" content=\"Empresas podem terceirizar at\u00e9 suas atividades principais. Saiba o que isso significa para o trabalhador e quais direitos s\u00e3o garantidos.\" \/>\n<meta property=\"og:url\" content=\"https:\/\/www.em.com.br\/emfoco\/2025\/06\/10\/ser-terceirizado-nao-e-o-fim-dos-direitos-veja-o-que-diz-a-lei-trabalhista\/\" \/>\n<meta property=\"og:site_name\" content=\"Estado de Minas - Em foco\" \/>\n<meta property=\"article:published_time\" content=\"2025-06-10T23:30:00+00:00\" \/>\n<meta property=\"article:modified_time\" content=\"2025-06-09T20:36:56+00:00\" \/>\n<meta property=\"og:image\" content=\"https:\/\/www.em.com.br\/emfoco\/wp-content\/uploads\/2025\/06\/homeoffice_1749221797149.jpg\" \/>\n\t<meta property=\"og:image:width\" content=\"1280\" \/>\n\t<meta property=\"og:image:height\" content=\"720\" \/>\n\t<meta property=\"og:image:type\" content=\"image\/jpeg\" \/>\n<meta name=\"author\" content=\"Ingrid Diniz\" \/>\n<meta name=\"twitter:card\" content=\"summary_large_image\" \/>\n<meta name=\"twitter:label1\" content=\"Escrito por\" \/>\n\t<meta name=\"twitter:data1\" content=\"Ingrid Diniz\" \/>\n\t<meta name=\"twitter:label2\" content=\"Est. tempo de leitura\" \/>\n\t<meta name=\"twitter:data2\" content=\"5 minutos\" \/>\n<!-- \/ Yoast SEO plugin. -->","yoast_head_json":{"title":"Ser terceirizado n\u00e3o \u00e9 o fim dos direitos veja o que diz a lei trabalhista - Estado de Minas - Em foco","description":"Empresas podem terceirizar at\u00e9 suas atividades principais. Saiba o que isso significa para o trabalhador e quais direitos s\u00e3o garantidos.","robots":{"index":"index","follow":"follow","max-snippet":"max-snippet:-1","max-image-preview":"max-image-preview:large","max-video-preview":"max-video-preview:-1"},"canonical":"https:\/\/www.em.com.br\/emfoco\/2025\/06\/10\/ser-terceirizado-nao-e-o-fim-dos-direitos-veja-o-que-diz-a-lei-trabalhista\/","og_locale":"pt_BR","og_type":"article","og_title":"Ser terceirizado n\u00e3o \u00e9 o fim dos direitos veja o que diz a lei trabalhista - Estado de Minas - Em foco","og_description":"Empresas podem terceirizar at\u00e9 suas atividades principais. Saiba o que isso significa para o trabalhador e quais direitos s\u00e3o garantidos.","og_url":"https:\/\/www.em.com.br\/emfoco\/2025\/06\/10\/ser-terceirizado-nao-e-o-fim-dos-direitos-veja-o-que-diz-a-lei-trabalhista\/","og_site_name":"Estado de Minas - Em foco","article_published_time":"2025-06-10T23:30:00+00:00","article_modified_time":"2025-06-09T20:36:56+00:00","og_image":[{"width":1280,"height":720,"url":"https:\/\/www.em.com.br\/emfoco\/wp-content\/uploads\/2025\/06\/homeoffice_1749221797149.jpg","type":"image\/jpeg"}],"author":"Ingrid Diniz","twitter_card":"summary_large_image","twitter_misc":{"Escrito por":"Ingrid Diniz","Est. tempo de leitura":"5 minutos"},"schema":{"@context":"https:\/\/schema.org","@graph":[{"@type":"WebPage","@id":"https:\/\/www.em.com.br\/emfoco\/2025\/06\/10\/ser-terceirizado-nao-e-o-fim-dos-direitos-veja-o-que-diz-a-lei-trabalhista\/","url":"https:\/\/www.em.com.br\/emfoco\/2025\/06\/10\/ser-terceirizado-nao-e-o-fim-dos-direitos-veja-o-que-diz-a-lei-trabalhista\/","name":"Ser terceirizado n\u00e3o \u00e9 o fim dos direitos veja o que diz a lei trabalhista - Estado de Minas - Em foco","isPartOf":{"@id":"https:\/\/www.em.com.br\/emfoco\/#website"},"primaryImageOfPage":{"@id":"https:\/\/www.em.com.br\/emfoco\/2025\/06\/10\/ser-terceirizado-nao-e-o-fim-dos-direitos-veja-o-que-diz-a-lei-trabalhista\/#primaryimage"},"image":{"@id":"https:\/\/www.em.com.br\/emfoco\/2025\/06\/10\/ser-terceirizado-nao-e-o-fim-dos-direitos-veja-o-que-diz-a-lei-trabalhista\/#primaryimage"},"thumbnailUrl":"https:\/\/www.em.com.br\/emfoco\/wp-content\/uploads\/2025\/06\/homeoffice_1749221797149.jpg","datePublished":"2025-06-10T23:30:00+00:00","dateModified":"2025-06-09T20:36:56+00:00","author":{"@id":"https:\/\/www.em.com.br\/emfoco\/#\/schema\/person\/649e610b4eb8fff87ff394e54fe17b2b"},"description":"Empresas podem terceirizar at\u00e9 suas atividades principais. Saiba o que isso significa para o trabalhador e quais direitos s\u00e3o garantidos.","breadcrumb":{"@id":"https:\/\/www.em.com.br\/emfoco\/2025\/06\/10\/ser-terceirizado-nao-e-o-fim-dos-direitos-veja-o-que-diz-a-lei-trabalhista\/#breadcrumb"},"inLanguage":"pt-BR","potentialAction":[{"@type":"ReadAction","target":["https:\/\/www.em.com.br\/emfoco\/2025\/06\/10\/ser-terceirizado-nao-e-o-fim-dos-direitos-veja-o-que-diz-a-lei-trabalhista\/"]}]},{"@type":"ImageObject","inLanguage":"pt-BR","@id":"https:\/\/www.em.com.br\/emfoco\/2025\/06\/10\/ser-terceirizado-nao-e-o-fim-dos-direitos-veja-o-que-diz-a-lei-trabalhista\/#primaryimage","url":"https:\/\/www.em.com.br\/emfoco\/wp-content\/uploads\/2025\/06\/homeoffice_1749221797149.jpg","contentUrl":"https:\/\/www.em.com.br\/emfoco\/wp-content\/uploads\/2025\/06\/homeoffice_1749221797149.jpg","width":1280,"height":720,"caption":"Sine MG divulga mais de 22 mil vagas de emprego em diferentes \u00e1reas e regi\u00f5es - Cr\u00e9ditos: depositphotos.com \/ EdZbarzhyvetsky"},{"@type":"BreadcrumbList","@id":"https:\/\/www.em.com.br\/emfoco\/2025\/06\/10\/ser-terceirizado-nao-e-o-fim-dos-direitos-veja-o-que-diz-a-lei-trabalhista\/#breadcrumb","itemListElement":[{"@type":"ListItem","position":1,"name":"In\u00edcio","item":"https:\/\/www.em.com.br\/emfoco\/"},{"@type":"ListItem","position":2,"name":"Ser terceirizado n\u00e3o \u00e9 o fim dos direitos veja o que diz a lei trabalhista"}]},{"@type":"WebSite","@id":"https:\/\/www.em.com.br\/emfoco\/#website","url":"https:\/\/www.em.com.br\/emfoco\/","name":"Estado de Minas - Em foco","description":"Acompanhe as \u00faltimas not\u00edcias e fique bem informado sobre tudo o que acontece em Minas Gerais, Brasil e no mundo.","potentialAction":[{"@type":"SearchAction","target":{"@type":"EntryPoint","urlTemplate":"https:\/\/www.em.com.br\/emfoco\/?s={search_term_string}"},"query-input":{"@type":"PropertyValueSpecification","valueRequired":true,"valueName":"search_term_string"}}],"inLanguage":"pt-BR"},{"@type":"Person","@id":"https:\/\/www.em.com.br\/emfoco\/#\/schema\/person\/649e610b4eb8fff87ff394e54fe17b2b","name":"Ingrid Diniz","image":{"@type":"ImageObject","inLanguage":"pt-BR","@id":"https:\/\/www.em.com.br\/emfoco\/#\/schema\/person\/image\/","url":"https:\/\/secure.gravatar.com\/avatar\/a3baa1449ec5c39b4c42babc9d4f3951?s=96&d=mm&r=g","contentUrl":"https:\/\/secure.gravatar.com\/avatar\/a3baa1449ec5c39b4c42babc9d4f3951?s=96&d=mm&r=g","caption":"Ingrid Diniz"},"sameAs":["https:\/\/www.em.com.br\/"],"url":"https:\/\/www.em.com.br\/emfoco\/author\/ingridmyth\/"}]}},"_links":{"self":[{"href":"https:\/\/www.em.com.br\/emfoco\/wp-json\/wp\/v2\/posts\/57934","targetHints":{"allow":["GET"]}}],"collection":[{"href":"https:\/\/www.em.com.br\/emfoco\/wp-json\/wp\/v2\/posts"}],"about":[{"href":"https:\/\/www.em.com.br\/emfoco\/wp-json\/wp\/v2\/types\/post"}],"author":[{"embeddable":true,"href":"https:\/\/www.em.com.br\/emfoco\/wp-json\/wp\/v2\/users\/20"}],"replies":[{"embeddable":true,"href":"https:\/\/www.em.com.br\/emfoco\/wp-json\/wp\/v2\/comments?post=57934"}],"version-history":[{"count":1,"href":"https:\/\/www.em.com.br\/emfoco\/wp-json\/wp\/v2\/posts\/57934\/revisions"}],"predecessor-version":[{"id":57957,"href":"https:\/\/www.em.com.br\/emfoco\/wp-json\/wp\/v2\/posts\/57934\/revisions\/57957"}],"wp:featuredmedia":[{"embeddable":true,"href":"https:\/\/www.em.com.br\/emfoco\/wp-json\/wp\/v2\/media\/57188"}],"wp:attachment":[{"href":"https:\/\/www.em.com.br\/emfoco\/wp-json\/wp\/v2\/media?parent=57934"}],"wp:term":[{"taxonomy":"category","embeddable":true,"href":"https:\/\/www.em.com.br\/emfoco\/wp-json\/wp\/v2\/categories?post=57934"},{"taxonomy":"post_tag","embeddable":true,"href":"https:\/\/www.em.com.br\/emfoco\/wp-json\/wp\/v2\/tags?post=57934"}],"curies":[{"name":"wp","href":"https:\/\/api.w.org\/{rel}","templated":true}]}}