{"id":57898,"date":"2025-06-10T06:10:00","date_gmt":"2025-06-10T09:10:00","guid":{"rendered":"https:\/\/www.em.com.br\/emfoco\/?p=57898"},"modified":"2025-06-10T05:32:49","modified_gmt":"2025-06-10T08:32:49","slug":"trabalhador-pode-sacar-fgts-anualmente-com-este-passo-a-passo-facil","status":"publish","type":"post","link":"https:\/\/www.em.com.br\/emfoco\/2025\/06\/10\/trabalhador-pode-sacar-fgts-anualmente-com-este-passo-a-passo-facil\/","title":{"rendered":"Trabalhador pode sacar FGTS anualmente com este passo a passo f\u00e1cil"},"content":{"rendered":"\n<p>O <strong>Fundo de Garantia do Tempo de Servi\u00e7o<\/strong> (<a href=\"https:\/\/www.em.com.br\/emfoco\/2025\/06\/08\/a-maneira-mais-rapida-de-usar-o-fgts-sem-precisar-ser-demitido\/\" target=\"_blank\" rel=\"noreferrer noopener\">FGTS<\/a>) \u00e9 um direito dos trabalhadores brasileiros, criado para oferecer uma reserva financeira em situa\u00e7\u00f5es espec\u00edficas, como demiss\u00e3o sem justa causa. Desde 2019, uma nova modalidade de saque foi implementada: o saque-anivers\u00e1rio. Essa alternativa permite que o trabalhador retire parte do saldo do <strong>FGTS <\/strong>anualmente, no m\u00eas de seu anivers\u00e1rio, em vez de aguardar situa\u00e7\u00f5es como a rescis\u00e3o do contrato de trabalho.<\/p>\n\n\n\n<p>Ao optar pelo saque-anivers\u00e1rio, o trabalhador passa a ter acesso a uma quantia do <strong>FGTS <\/strong>todos os anos, conforme regras estabelecidas pela <strong><a href=\"https:\/\/www.caixa.gov.br\/\" target=\"_blank\" rel=\"noreferrer noopener\">Caixa Econ\u00f4mica Federal<\/a><\/strong>. Essa escolha \u00e9 volunt\u00e1ria e pode ser feita de forma simples, utilizando canais digitais. No entanto, \u00e9 importante compreender as diferen\u00e7as entre as modalidades dispon\u00edveis e os impactos dessa decis\u00e3o.<\/p>\n\n\n\n<h2 class=\"wp-block-heading\">Como funciona o saque-anivers\u00e1rio do FGTS?<\/h2>\n\n\n<div class=\"wp-block-image\">\n<figure class=\"aligncenter size-large\"><img loading=\"lazy\" decoding=\"async\" width=\"1024\" height=\"576\" src=\"https:\/\/www.em.com.br\/emfoco\/wp-content\/uploads\/2025\/06\/FGTS_1749151236984-1024x576.jpg\" alt=\"\" class=\"wp-image-56496\" srcset=\"https:\/\/www.em.com.br\/emfoco\/wp-content\/uploads\/2025\/06\/FGTS_1749151236984-1024x576.jpg 1024w, https:\/\/www.em.com.br\/emfoco\/wp-content\/uploads\/2025\/06\/FGTS_1749151236984-300x169.jpg 300w, https:\/\/www.em.com.br\/emfoco\/wp-content\/uploads\/2025\/06\/FGTS_1749151236984-768x432.jpg 768w, https:\/\/www.em.com.br\/emfoco\/wp-content\/uploads\/2025\/06\/FGTS_1749151236984-750x422.jpg 750w, https:\/\/www.em.com.br\/emfoco\/wp-content\/uploads\/2025\/06\/FGTS_1749151236984-1140x641.jpg 1140w, https:\/\/www.em.com.br\/emfoco\/wp-content\/uploads\/2025\/06\/FGTS_1749151236984.jpg 1280w\" sizes=\"auto, (max-width: 1024px) 100vw, 1024px\" \/><figcaption class=\"wp-element-caption\">FGTS com calend\u00e1rio no fundo &#8211; Cr\u00e9ditos: depositphotos.com \/ rafapress<\/figcaption><\/figure><\/div>\n\n\n<p>O saque-anivers\u00e1rio do <strong>FGTS <\/strong>permite ao trabalhador retirar, anualmente, uma porcentagem do saldo dispon\u00edvel em suas contas vinculadas ao fundo. O valor liberado varia de acordo com o montante acumulado, seguindo uma tabela progressiva que define a al\u00edquota e uma parcela adicional fixa. Dessa forma, quanto menor o saldo, maior a porcentagem dispon\u00edvel para saque.<\/p>\n\n\n\n<p>O per\u00edodo para realizar o saque come\u00e7a no primeiro dia \u00fatil do m\u00eas de anivers\u00e1rio do trabalhador e se estende por 60 dias. Caso o valor n\u00e3o seja retirado dentro desse prazo, ele retorna automaticamente para a conta do <strong>FGTS<\/strong>. A ades\u00e3o a essa modalidade \u00e9 opcional e pode ser revertida, respeitando o prazo estabelecido pela <strong>Caixa <\/strong>para mudan\u00e7as de modalidade.<\/p>\n\n\n\n<h2 class=\"wp-block-heading\">Como aderir ao saque-anivers\u00e1rio do FGTS?<\/h2>\n\n\n\n<p>A ades\u00e3o ao saque-anivers\u00e1rio pode ser feita de maneira pr\u00e1tica, utilizando o site ou o aplicativo oficial do <strong>FGTS<\/strong>. O trabalhador deve acessar sua conta, selecionar a op\u00e7\u00e3o de saque-anivers\u00e1rio e informar uma conta banc\u00e1ria para o recebimento do valor. Segundo as regras atuais, se a solicita\u00e7\u00e3o for realizada durante o m\u00eas de anivers\u00e1rio, o cr\u00e9dito ocorre em at\u00e9 cinco dias \u00fateis.<\/p>\n\n\n\n<p>Para quem deseja retornar ao modelo tradicional, chamado de saque-rescis\u00e3o, \u00e9 poss\u00edvel solicitar a mudan\u00e7a pelo pr\u00f3prio aplicativo, desde que n\u00e3o haja antecipa\u00e7\u00f5es contratadas. Entretanto, a altera\u00e7\u00e3o s\u00f3 entra em vigor a partir do primeiro dia \u00fatil do 25\u00ba m\u00eas ap\u00f3s o pedido, exigindo planejamento por parte do trabalhador.<\/p>\n\n\n\n<h2 class=\"wp-block-heading\">Quais s\u00e3o os valores liberados no saque-anivers\u00e1rio?<\/h2>\n\n\n\n<p>O valor dispon\u00edvel para saque no saque-anivers\u00e1rio do <strong>FGTS <\/strong>\u00e9 calculado com base em uma tabela progressiva. Essa tabela define uma al\u00edquota, que \u00e9 um percentual aplicado sobre o saldo total, al\u00e9m de uma parcela adicional fixa. Por exemplo, para saldos menores, <strong>a al\u00edquota pode chegar a 50%<\/strong>, enquanto para valores mais altos, o percentual diminui, mas h\u00e1 o acr\u00e9scimo de uma quantia fixa.<\/p>\n\n\n\n<ul class=\"wp-block-list\">\n<li><strong>Saldo at\u00e9 R$ 500:<\/strong> 50% do valor dispon\u00edvel.<\/li>\n\n\n\n<li><strong>De R$ 500,01 a R$ 1.000:<\/strong> 40% + parcela adicional.<\/li>\n\n\n\n<li><strong>Acima de R$ 1.000:<\/strong> Percentuais decrescentes e parcelas fixas crescentes, conforme tabela oficial.<\/li>\n<\/ul>\n\n\n\n<p>Essa sistem\u00e1tica busca equilibrar o acesso ao recurso, permitindo que trabalhadores com saldos menores possam sacar uma fatia maior proporcionalmente. A tabela \u00e9 atualizada periodicamente, sendo importante consultar os valores vigentes no momento da solicita\u00e7\u00e3o.<\/p>\n\n\n\n<h2 class=\"wp-block-heading\">O que muda ao optar pelo saque-anivers\u00e1rio do FGTS?<\/h2>\n\n\n\n<p>Ao escolher o saque-anivers\u00e1rio, o trabalhador mant\u00e9m o direito de sacar parte do <strong>FGTS <\/strong>anualmente, mas perde o acesso ao saldo total em caso de demiss\u00e3o sem justa causa. Nessa situa\u00e7\u00e3o, apenas a <strong>multa rescis\u00f3ria de 40%<\/strong> continua sendo liberada. Por isso, \u00e9 fundamental avaliar as necessidades financeiras e o perfil de estabilidade no emprego antes de optar por essa modalidade.<\/p>\n\n\n\n<p>Al\u00e9m disso, o saque-anivers\u00e1rio pode ser utilizado como garantia em opera\u00e7\u00f5es de cr\u00e9dito, permitindo a antecipa\u00e7\u00e3o de parcelas futuras. Essa possibilidade pode ser interessante para quem busca alternativas de financiamento, mas requer aten\u00e7\u00e3o \u00e0s condi\u00e7\u00f5es e taxas envolvidas.<\/p>\n\n\n\n<h2 class=\"wp-block-heading\">Quais cuidados s\u00e3o necess\u00e1rios ao escolher o saque-anivers\u00e1rio?<\/h2>\n\n\n\n<p>Antes de aderir ao saque-anivers\u00e1rio do <strong>FGTS<\/strong>, \u00e9 recomendado analisar as vantagens e desvantagens dessa escolha. Entre os pontos a considerar est\u00e3o:<\/p>\n\n\n\n<ol class=\"wp-block-list\">\n<li><strong>Necessidade de liquidez:<\/strong> Avaliar se o acesso anual ao recurso atende \u00e0s demandas financeiras pessoais.<\/li>\n\n\n\n<li><strong>Estabilidade no emprego:<\/strong> Considerar o risco de demiss\u00e3o e a import\u00e2ncia de manter o direito ao saque integral em caso de rescis\u00e3o.<\/li>\n\n\n\n<li><strong>Planejamento financeiro:<\/strong> Entender que a revers\u00e3o para o saque-rescis\u00e3o s\u00f3 ocorre ap\u00f3s 24 meses completos.<\/li>\n<\/ol>\n\n\n\n<p>Essas informa\u00e7\u00f5es ajudam o trabalhador a tomar uma decis\u00e3o informada, alinhando a escolha do saque-anivers\u00e1rio do <strong>FGTS <\/strong>ao seu planejamento financeiro e \u00e0 sua realidade profissional.<\/p>\n","protected":false},"excerpt":{"rendered":"<p>O Fundo de Garantia do Tempo de Servi\u00e7o (FGTS) \u00e9 um direito dos trabalhadores brasileiros, criado para oferecer uma reserva financeira em situa\u00e7\u00f5es espec\u00edficas, como demiss\u00e3o sem justa causa. Desde 2019, uma nova modalidade de saque foi implementada: o saque-anivers\u00e1rio. Essa alternativa permite que o trabalhador retire parte do saldo do FGTS anualmente, no m\u00eas [&hellip;]<\/p>\n","protected":false},"author":20,"featured_media":56495,"comment_status":"open","ping_status":"open","sticky":false,"template":"","format":"standard","meta":{"jnews-multi-image_gallery":[],"jnews_single_post":{"format":"standard"},"jnews_primary_category":[],"jnews_social_meta":[],"jnews_override_counter":[],"footnotes":""},"categories":[28,1],"tags":[1036,9787],"class_list":["post-57898","post","type-post","status-publish","format-standard","has-post-thumbnail","hentry","category-economia","category-noticias","tag-fgts","tag-saque-aniversario-2"],"yoast_head":"<!-- This site is optimized with the Yoast SEO plugin v23.8 - https:\/\/yoast.com\/wordpress\/plugins\/seo\/ -->\n<title>Trabalhador pode sacar FGTS anualmente com este passo a passo f\u00e1cil - Estado de Minas - Em foco<\/title>\n<meta name=\"description\" content=\"Nova modalidade do FGTS permite saque anual do saldo acumulado. Saiba como funciona a tabela e como fazer a ades\u00e3o digital.\" \/>\n<meta name=\"robots\" content=\"index, follow, max-snippet:-1, max-image-preview:large, max-video-preview:-1\" \/>\n<link rel=\"canonical\" href=\"https:\/\/www.em.com.br\/emfoco\/2025\/06\/10\/trabalhador-pode-sacar-fgts-anualmente-com-este-passo-a-passo-facil\/\" \/>\n<meta property=\"og:locale\" content=\"pt_BR\" \/>\n<meta property=\"og:type\" content=\"article\" \/>\n<meta property=\"og:title\" content=\"Trabalhador pode sacar FGTS anualmente com este passo a passo f\u00e1cil - Estado de Minas - Em foco\" \/>\n<meta property=\"og:description\" content=\"Nova modalidade do FGTS permite saque anual do saldo acumulado. Saiba como funciona a tabela e como fazer a ades\u00e3o digital.\" \/>\n<meta property=\"og:url\" content=\"https:\/\/www.em.com.br\/emfoco\/2025\/06\/10\/trabalhador-pode-sacar-fgts-anualmente-com-este-passo-a-passo-facil\/\" \/>\n<meta property=\"og:site_name\" content=\"Estado de Minas - Em foco\" \/>\n<meta property=\"article:published_time\" content=\"2025-06-10T09:10:00+00:00\" \/>\n<meta property=\"article:modified_time\" content=\"2025-06-10T08:32:49+00:00\" \/>\n<meta property=\"og:image\" content=\"https:\/\/www.em.com.br\/emfoco\/wp-content\/uploads\/2025\/06\/FGTS_1749151209424.jpg\" \/>\n\t<meta property=\"og:image:width\" content=\"1280\" \/>\n\t<meta property=\"og:image:height\" content=\"720\" \/>\n\t<meta property=\"og:image:type\" content=\"image\/jpeg\" \/>\n<meta name=\"author\" content=\"Ingrid Diniz\" \/>\n<meta name=\"twitter:card\" content=\"summary_large_image\" \/>\n<meta name=\"twitter:label1\" content=\"Escrito por\" \/>\n\t<meta name=\"twitter:data1\" content=\"Ingrid Diniz\" \/>\n\t<meta name=\"twitter:label2\" content=\"Est. tempo de leitura\" \/>\n\t<meta name=\"twitter:data2\" content=\"5 minutos\" \/>\n<!-- \/ Yoast SEO plugin. -->","yoast_head_json":{"title":"Trabalhador pode sacar FGTS anualmente com este passo a passo f\u00e1cil - Estado de Minas - Em foco","description":"Nova modalidade do FGTS permite saque anual do saldo acumulado. Saiba como funciona a tabela e como fazer a ades\u00e3o digital.","robots":{"index":"index","follow":"follow","max-snippet":"max-snippet:-1","max-image-preview":"max-image-preview:large","max-video-preview":"max-video-preview:-1"},"canonical":"https:\/\/www.em.com.br\/emfoco\/2025\/06\/10\/trabalhador-pode-sacar-fgts-anualmente-com-este-passo-a-passo-facil\/","og_locale":"pt_BR","og_type":"article","og_title":"Trabalhador pode sacar FGTS anualmente com este passo a passo f\u00e1cil - Estado de Minas - Em foco","og_description":"Nova modalidade do FGTS permite saque anual do saldo acumulado. Saiba como funciona a tabela e como fazer a ades\u00e3o digital.","og_url":"https:\/\/www.em.com.br\/emfoco\/2025\/06\/10\/trabalhador-pode-sacar-fgts-anualmente-com-este-passo-a-passo-facil\/","og_site_name":"Estado de Minas - Em foco","article_published_time":"2025-06-10T09:10:00+00:00","article_modified_time":"2025-06-10T08:32:49+00:00","og_image":[{"width":1280,"height":720,"url":"https:\/\/www.em.com.br\/emfoco\/wp-content\/uploads\/2025\/06\/FGTS_1749151209424.jpg","type":"image\/jpeg"}],"author":"Ingrid Diniz","twitter_card":"summary_large_image","twitter_misc":{"Escrito por":"Ingrid Diniz","Est. tempo de leitura":"5 minutos"},"schema":{"@context":"https:\/\/schema.org","@graph":[{"@type":"WebPage","@id":"https:\/\/www.em.com.br\/emfoco\/2025\/06\/10\/trabalhador-pode-sacar-fgts-anualmente-com-este-passo-a-passo-facil\/","url":"https:\/\/www.em.com.br\/emfoco\/2025\/06\/10\/trabalhador-pode-sacar-fgts-anualmente-com-este-passo-a-passo-facil\/","name":"Trabalhador pode sacar FGTS anualmente com este passo a passo f\u00e1cil - Estado de Minas - Em foco","isPartOf":{"@id":"https:\/\/www.em.com.br\/emfoco\/#website"},"primaryImageOfPage":{"@id":"https:\/\/www.em.com.br\/emfoco\/2025\/06\/10\/trabalhador-pode-sacar-fgts-anualmente-com-este-passo-a-passo-facil\/#primaryimage"},"image":{"@id":"https:\/\/www.em.com.br\/emfoco\/2025\/06\/10\/trabalhador-pode-sacar-fgts-anualmente-com-este-passo-a-passo-facil\/#primaryimage"},"thumbnailUrl":"https:\/\/www.em.com.br\/emfoco\/wp-content\/uploads\/2025\/06\/FGTS_1749151209424.jpg","datePublished":"2025-06-10T09:10:00+00:00","dateModified":"2025-06-10T08:32:49+00:00","author":{"@id":"https:\/\/www.em.com.br\/emfoco\/#\/schema\/person\/649e610b4eb8fff87ff394e54fe17b2b"},"description":"Nova modalidade do FGTS permite saque anual do saldo acumulado. Saiba como funciona a tabela e como fazer a ades\u00e3o digital.","breadcrumb":{"@id":"https:\/\/www.em.com.br\/emfoco\/2025\/06\/10\/trabalhador-pode-sacar-fgts-anualmente-com-este-passo-a-passo-facil\/#breadcrumb"},"inLanguage":"pt-BR","potentialAction":[{"@type":"ReadAction","target":["https:\/\/www.em.com.br\/emfoco\/2025\/06\/10\/trabalhador-pode-sacar-fgts-anualmente-com-este-passo-a-passo-facil\/"]}]},{"@type":"ImageObject","inLanguage":"pt-BR","@id":"https:\/\/www.em.com.br\/emfoco\/2025\/06\/10\/trabalhador-pode-sacar-fgts-anualmente-com-este-passo-a-passo-facil\/#primaryimage","url":"https:\/\/www.em.com.br\/emfoco\/wp-content\/uploads\/2025\/06\/FGTS_1749151209424.jpg","contentUrl":"https:\/\/www.em.com.br\/emfoco\/wp-content\/uploads\/2025\/06\/FGTS_1749151209424.jpg","width":1280,"height":720,"caption":"Moradores de Manga t\u00eam direito a saque de at\u00e9 R$ 6.220 do FGTS - Cr\u00e9ditos: depositphotos.com \/ rafapress"},{"@type":"BreadcrumbList","@id":"https:\/\/www.em.com.br\/emfoco\/2025\/06\/10\/trabalhador-pode-sacar-fgts-anualmente-com-este-passo-a-passo-facil\/#breadcrumb","itemListElement":[{"@type":"ListItem","position":1,"name":"In\u00edcio","item":"https:\/\/www.em.com.br\/emfoco\/"},{"@type":"ListItem","position":2,"name":"Trabalhador pode sacar FGTS anualmente com este passo a passo f\u00e1cil"}]},{"@type":"WebSite","@id":"https:\/\/www.em.com.br\/emfoco\/#website","url":"https:\/\/www.em.com.br\/emfoco\/","name":"Estado de Minas - Em foco","description":"Acompanhe as \u00faltimas not\u00edcias e fique bem informado sobre tudo o que acontece em Minas Gerais, Brasil e no mundo.","potentialAction":[{"@type":"SearchAction","target":{"@type":"EntryPoint","urlTemplate":"https:\/\/www.em.com.br\/emfoco\/?s={search_term_string}"},"query-input":{"@type":"PropertyValueSpecification","valueRequired":true,"valueName":"search_term_string"}}],"inLanguage":"pt-BR"},{"@type":"Person","@id":"https:\/\/www.em.com.br\/emfoco\/#\/schema\/person\/649e610b4eb8fff87ff394e54fe17b2b","name":"Ingrid Diniz","image":{"@type":"ImageObject","inLanguage":"pt-BR","@id":"https:\/\/www.em.com.br\/emfoco\/#\/schema\/person\/image\/","url":"https:\/\/secure.gravatar.com\/avatar\/a3baa1449ec5c39b4c42babc9d4f3951?s=96&d=mm&r=g","contentUrl":"https:\/\/secure.gravatar.com\/avatar\/a3baa1449ec5c39b4c42babc9d4f3951?s=96&d=mm&r=g","caption":"Ingrid Diniz"},"sameAs":["https:\/\/www.em.com.br\/"],"url":"https:\/\/www.em.com.br\/emfoco\/author\/ingridmyth\/"}]}},"_links":{"self":[{"href":"https:\/\/www.em.com.br\/emfoco\/wp-json\/wp\/v2\/posts\/57898","targetHints":{"allow":["GET"]}}],"collection":[{"href":"https:\/\/www.em.com.br\/emfoco\/wp-json\/wp\/v2\/posts"}],"about":[{"href":"https:\/\/www.em.com.br\/emfoco\/wp-json\/wp\/v2\/types\/post"}],"author":[{"embeddable":true,"href":"https:\/\/www.em.com.br\/emfoco\/wp-json\/wp\/v2\/users\/20"}],"replies":[{"embeddable":true,"href":"https:\/\/www.em.com.br\/emfoco\/wp-json\/wp\/v2\/comments?post=57898"}],"version-history":[{"count":2,"href":"https:\/\/www.em.com.br\/emfoco\/wp-json\/wp\/v2\/posts\/57898\/revisions"}],"predecessor-version":[{"id":58141,"href":"https:\/\/www.em.com.br\/emfoco\/wp-json\/wp\/v2\/posts\/57898\/revisions\/58141"}],"wp:featuredmedia":[{"embeddable":true,"href":"https:\/\/www.em.com.br\/emfoco\/wp-json\/wp\/v2\/media\/56495"}],"wp:attachment":[{"href":"https:\/\/www.em.com.br\/emfoco\/wp-json\/wp\/v2\/media?parent=57898"}],"wp:term":[{"taxonomy":"category","embeddable":true,"href":"https:\/\/www.em.com.br\/emfoco\/wp-json\/wp\/v2\/categories?post=57898"},{"taxonomy":"post_tag","embeddable":true,"href":"https:\/\/www.em.com.br\/emfoco\/wp-json\/wp\/v2\/tags?post=57898"}],"curies":[{"name":"wp","href":"https:\/\/api.w.org\/{rel}","templated":true}]}}