{"id":57870,"date":"2025-06-11T16:40:00","date_gmt":"2025-06-11T19:40:00","guid":{"rendered":"https:\/\/www.em.com.br\/emfoco\/?p=57870"},"modified":"2025-06-09T13:37:19","modified_gmt":"2025-06-09T16:37:19","slug":"voce-treina-de-manha-ou-a-tarde-conheca-os-beneficios-de-se-treinar-em-cada-horario","status":"publish","type":"post","link":"https:\/\/www.em.com.br\/emfoco\/2025\/06\/11\/voce-treina-de-manha-ou-a-tarde-conheca-os-beneficios-de-se-treinar-em-cada-horario\/","title":{"rendered":"Voc\u00ea treina de manh\u00e3 ou \u00e0 tarde? Conhe\u00e7a os benef\u00edcios de se treinar em cada hor\u00e1rio"},"content":{"rendered":"\n<p>Praticar exerc\u00edcios f\u00edsicos regularmente \u00e9 uma das recomenda\u00e7\u00f5es mais frequentes de profissionais da sa\u00fade para quem busca melhorar a qualidade de vida. O momento do dia em que a atividade \u00e9 realizada pode influenciar o desempenho e os benef\u00edcios alcan\u00e7ados, mas essa escolha depende de diversos fatores individuais, como rotina, objetivos e prefer\u00eancias pessoais.<\/p>\n\n\n\n<p>Ao longo dos anos, estudos cient\u00edficos t\u00eam investigado como o hor\u00e1rio do treino pode impactar o corpo e a mente. Embora existam vantagens espec\u00edficas para cada per\u00edodo do dia, especialistas destacam que o mais importante \u00e9 manter a const\u00e2ncia e adaptar o exerc\u00edcio \u00e0 rotina di\u00e1ria, garantindo assim resultados duradouros.<\/p>\n\n\n\n<h2 class=\"wp-block-heading\">Qual \u00e9 o melhor hor\u00e1rio para fazer exerc\u00edcios f\u00edsicos?<\/h2>\n\n\n\n<p><strong>A busca pelo hor\u00e1rio ideal para praticar atividades f\u00edsicas envolve tanto aspectos fisiol\u00f3gicos quanto pr\u00e1ticos.<\/strong> De acordo com pesquisas recentes, o corpo humano apresenta varia\u00e7\u00f5es naturais de temperatura, n\u00edveis hormonais e energia ao longo do dia, o que pode influenciar o rendimento durante o treino. Por exemplo, pela manh\u00e3, o metabolismo tende a estar mais acelerado, enquanto \u00e0 tarde e \u00e0 noite a for\u00e7a muscular pode atingir seu pico.<\/p>\n\n\n\n<p><strong>Apesar dessas diferen\u00e7as, profissionais da \u00e1rea de sa\u00fade ressaltam que a escolha do melhor momento para se exercitar deve considerar a possibilidade de manter uma rotina consistente.<\/strong> A adapta\u00e7\u00e3o do organismo ao hor\u00e1rio escolhido \u00e9 fundamental para que os benef\u00edcios da atividade f\u00edsica sejam potencializados.<\/p>\n\n\n\n<figure class=\"wp-block-image size-large\"><img loading=\"lazy\" decoding=\"async\" width=\"1024\" height=\"576\" src=\"https:\/\/www.em.com.br\/emfoco\/wp-content\/uploads\/2025\/05\/Exercicios-fisicos_1747494866365-1024x576.jpg\" alt=\"5 atividades f\u00edsicas que v\u00e3o transformar sua autoestima ap\u00f3s os 40 anos\" class=\"wp-image-48269\" srcset=\"https:\/\/www.em.com.br\/emfoco\/wp-content\/uploads\/2025\/05\/Exercicios-fisicos_1747494866365-1024x576.jpg 1024w, https:\/\/www.em.com.br\/emfoco\/wp-content\/uploads\/2025\/05\/Exercicios-fisicos_1747494866365-300x169.jpg 300w, https:\/\/www.em.com.br\/emfoco\/wp-content\/uploads\/2025\/05\/Exercicios-fisicos_1747494866365-768x432.jpg 768w, https:\/\/www.em.com.br\/emfoco\/wp-content\/uploads\/2025\/05\/Exercicios-fisicos_1747494866365-750x422.jpg 750w, https:\/\/www.em.com.br\/emfoco\/wp-content\/uploads\/2025\/05\/Exercicios-fisicos_1747494866365-1140x641.jpg 1140w, https:\/\/www.em.com.br\/emfoco\/wp-content\/uploads\/2025\/05\/Exercicios-fisicos_1747494866365.jpg 1280w\" sizes=\"auto, (max-width: 1024px) 100vw, 1024px\" \/><figcaption class=\"wp-element-caption\">Imagem ilustrativa de atividades f\u00edsicas &#8211; Cr\u00e9ditos: depositphotos.com \/ VitalikRadko<\/figcaption><\/figure>\n\n\n\n<h2 class=\"wp-block-heading\">Exerc\u00edcios pela manh\u00e3: quais s\u00e3o os benef\u00edcios?<\/h2>\n\n\n\n<p><strong>Realizar atividades f\u00edsicas nas primeiras horas do dia pode trazer vantagens espec\u00edficas para quem busca melhorar a sa\u00fade geral.<\/strong> Entre os principais benef\u00edcios est\u00e3o:<\/p>\n\n\n\n<ul class=\"wp-block-list\">\n<li><strong>Est\u00edmulo ao metabolismo:<\/strong> exercitar-se logo cedo pode ajudar a acelerar o metabolismo, favorecendo a queima de calorias ao longo do dia.<\/li>\n\n\n\n<li><strong>Melhora do humor:<\/strong> a libera\u00e7\u00e3o de endorfinas durante o treino matinal contribui para uma sensa\u00e7\u00e3o de <strong><a href=\"https:\/\/www.em.com.br\/emfoco\/2025\/05\/31\/como-a-autoaceitacao-contribui-para-o-bem-estar\/\" target=\"_blank\" rel=\"noreferrer noopener\">bem-estar<\/a><\/strong> e disposi\u00e7\u00e3o.<\/li>\n\n\n\n<li><strong>Regula\u00e7\u00e3o do sono:<\/strong> pesquisas indicam que exerc\u00edcios pela manh\u00e3 podem ajudar a regular o ritmo circadiano, facilitando o sono profundo \u00e0 noite.<\/li>\n\n\n\n<li><strong>Maior regularidade:<\/strong> para muitas pessoas, treinar cedo reduz as chances de imprevistos atrapalharem a rotina de exerc\u00edcios.<\/li>\n<\/ul>\n\n\n\n<p>Al\u00e9m disso, alguns estudos apontam que mulheres que se exercitam no in\u00edcio do dia tendem a apresentar maior redu\u00e7\u00e3o de gordura abdominal, em compara\u00e7\u00e3o com aquelas que treinam em outros hor\u00e1rios.<\/p>\n\n\n\n<h2 class=\"wp-block-heading\">Treinar \u00e0 tarde ou \u00e0 noite \u00e9 mais vantajoso?<\/h2>\n\n\n\n<p><strong>Para quem prefere se exercitar ap\u00f3s o expediente ou no final do dia, h\u00e1 tamb\u00e9m benef\u00edcios relevantes.<\/strong> O corpo, nesse per\u00edodo, costuma estar mais aquecido e com n\u00edveis de energia elevados, o que pode favorecer o desempenho em atividades que exigem for\u00e7a e resist\u00eancia.<\/p>\n\n\n\n<ul class=\"wp-block-list\">\n<li><strong>Melhora do controle glic\u00eamico:<\/strong> exerc\u00edcios \u00e0 tarde podem contribuir para o controle do a\u00e7\u00facar no sangue, sendo especialmente indicados para pessoas com <strong><a href=\"https:\/\/diabetes.org.br\/\" target=\"_blank\" rel=\"noreferrer noopener\">diabetes <\/a><\/strong>ou risco cardiovascular.<\/li>\n\n\n\n<li><strong>Redu\u00e7\u00e3o da press\u00e3o arterial:<\/strong> estudos mostram que treinar no final do dia pode ajudar a diminuir a press\u00e3o arterial e o colesterol.<\/li>\n\n\n\n<li><strong>Desempenho f\u00edsico:<\/strong> o pico de for\u00e7a muscular costuma ocorrer entre o final da tarde e o in\u00edcio da noite, o que pode ser vantajoso para quem busca aumentar a performance.<\/li>\n\n\n\n<li><strong>Al\u00edvio do estresse:<\/strong> praticar exerc\u00edcios ap\u00f3s um dia de trabalho pode ajudar a relaxar e aliviar a tens\u00e3o acumulada.<\/li>\n<\/ul>\n\n\n\n<p>Esses benef\u00edcios s\u00e3o especialmente relevantes para quem tem como objetivo controlar doen\u00e7as cr\u00f4nicas ou melhorar a composi\u00e7\u00e3o corporal.<\/p>\n\n\n\n<h2 class=\"wp-block-heading\">Como escolher o melhor hor\u00e1rio para se exercitar?<\/h2>\n\n\n\n<p><strong>A decis\u00e3o sobre o momento ideal para praticar atividades f\u00edsicas deve levar em conta fatores como disponibilidade de tempo, prefer\u00eancias pessoais e metas individuais.<\/strong> Especialistas recomendam que cada pessoa observe como o corpo responde aos treinos em diferentes hor\u00e1rios e escolha aquele que melhor se encaixa na rotina.<\/p>\n\n\n\n<ol class=\"wp-block-list\">\n<li>Analise seus compromissos di\u00e1rios e identifique per\u00edodos livres para a pr\u00e1tica de exerc\u00edcios.<\/li>\n\n\n\n<li>Observe como se sente ao treinar em diferentes momentos do dia.<\/li>\n\n\n\n<li>Defina objetivos claros, como emagrecimento, ganho de massa muscular ou melhora da sa\u00fade cardiovascular.<\/li>\n\n\n\n<li>Adapte o tipo de atividade ao hor\u00e1rio escolhido, respeitando os limites do corpo.<\/li>\n\n\n\n<li>Mantenha a regularidade, independentemente do per\u00edodo selecionado.<\/li>\n<\/ol>\n\n\n\n<p><strong>O mais importante \u00e9 garantir que a pr\u00e1tica de exerc\u00edcios fa\u00e7a parte da rotina de forma sustent\u00e1vel, promovendo benef\u00edcios para a sa\u00fade f\u00edsica e mental ao longo do tempo.<\/strong><\/p>\n\n\n\n<p>Em 2025, com o aumento do acesso \u00e0 informa\u00e7\u00e3o e \u00e0 tecnologia, as pessoas t\u00eam mais recursos para adaptar os treinos \u00e0s suas necessidades. O fundamental \u00e9 priorizar a regularidade e respeitar os sinais do corpo, lembrando que cada indiv\u00edduo pode apresentar respostas diferentes aos est\u00edmulos f\u00edsicos em cada hor\u00e1rio do dia.<\/p>\n","protected":false},"excerpt":{"rendered":"<p>Praticar exerc\u00edcios f\u00edsicos regularmente \u00e9 uma das recomenda\u00e7\u00f5es mais frequentes de profissionais da sa\u00fade para quem busca melhorar a qualidade de vida. O momento do dia em que a atividade \u00e9 realizada pode influenciar o desempenho e os benef\u00edcios alcan\u00e7ados, mas essa escolha depende de diversos fatores individuais, como rotina, objetivos e prefer\u00eancias pessoais. Ao [&hellip;]<\/p>\n","protected":false},"author":13,"featured_media":54171,"comment_status":"open","ping_status":"open","sticky":false,"template":"","format":"standard","meta":{"jnews-multi-image_gallery":[],"jnews_single_post":{"format":"standard"},"jnews_primary_category":[],"jnews_social_meta":[],"jnews_override_counter":[],"footnotes":""},"categories":[9053],"tags":[4131,327,2553,7542],"class_list":["post-57870","post","type-post","status-publish","format-standard","has-post-thumbnail","hentry","category-saude","tag-exercicios","tag-qualidade-de-vida","tag-saudavel","tag-treino"],"yoast_head":"<!-- This site is optimized with the Yoast SEO plugin v23.8 - https:\/\/yoast.com\/wordpress\/plugins\/seo\/ -->\n<title>Voc\u00ea treina de manh\u00e3 ou \u00e0 tarde? Conhe\u00e7a os benef\u00edcios de se treinar em cada hor\u00e1rio - Estado de Minas - Em foco<\/title>\n<meta name=\"description\" content=\"O hor\u00e1rio do treino influencia no resultado. Saiba qual per\u00edodo do dia traz mais benef\u00edcios segundo a ci\u00eancia.\" \/>\n<meta name=\"robots\" content=\"index, follow, max-snippet:-1, max-image-preview:large, max-video-preview:-1\" \/>\n<link rel=\"canonical\" href=\"https:\/\/www.em.com.br\/emfoco\/2025\/06\/11\/voce-treina-de-manha-ou-a-tarde-conheca-os-beneficios-de-se-treinar-em-cada-horario\/\" \/>\n<meta property=\"og:locale\" content=\"pt_BR\" \/>\n<meta property=\"og:type\" content=\"article\" \/>\n<meta property=\"og:title\" content=\"Voc\u00ea treina de manh\u00e3 ou \u00e0 tarde? Conhe\u00e7a os benef\u00edcios de se treinar em cada hor\u00e1rio - Estado de Minas - Em foco\" \/>\n<meta property=\"og:description\" content=\"O hor\u00e1rio do treino influencia no resultado. Saiba qual per\u00edodo do dia traz mais benef\u00edcios segundo a ci\u00eancia.\" \/>\n<meta property=\"og:url\" content=\"https:\/\/www.em.com.br\/emfoco\/2025\/06\/11\/voce-treina-de-manha-ou-a-tarde-conheca-os-beneficios-de-se-treinar-em-cada-horario\/\" \/>\n<meta property=\"og:site_name\" content=\"Estado de Minas - Em foco\" \/>\n<meta property=\"article:published_time\" content=\"2025-06-11T19:40:00+00:00\" \/>\n<meta property=\"article:modified_time\" content=\"2025-06-09T16:37:19+00:00\" \/>\n<meta property=\"og:image\" content=\"https:\/\/www.em.com.br\/emfoco\/wp-content\/uploads\/2025\/06\/muscle-old-man_1748871037029.jpg\" \/>\n\t<meta property=\"og:image:width\" content=\"1279\" \/>\n\t<meta property=\"og:image:height\" content=\"720\" \/>\n\t<meta property=\"og:image:type\" content=\"image\/jpeg\" \/>\n<meta name=\"author\" content=\"Gabriel Martins\" \/>\n<meta name=\"twitter:card\" content=\"summary_large_image\" \/>\n<meta name=\"twitter:label1\" content=\"Escrito por\" \/>\n\t<meta name=\"twitter:data1\" content=\"Gabriel Martins\" \/>\n\t<meta name=\"twitter:label2\" content=\"Est. tempo de leitura\" \/>\n\t<meta name=\"twitter:data2\" content=\"5 minutos\" \/>\n<!-- \/ Yoast SEO plugin. -->","yoast_head_json":{"title":"Voc\u00ea treina de manh\u00e3 ou \u00e0 tarde? Conhe\u00e7a os benef\u00edcios de se treinar em cada hor\u00e1rio - Estado de Minas - Em foco","description":"O hor\u00e1rio do treino influencia no resultado. Saiba qual per\u00edodo do dia traz mais benef\u00edcios segundo a ci\u00eancia.","robots":{"index":"index","follow":"follow","max-snippet":"max-snippet:-1","max-image-preview":"max-image-preview:large","max-video-preview":"max-video-preview:-1"},"canonical":"https:\/\/www.em.com.br\/emfoco\/2025\/06\/11\/voce-treina-de-manha-ou-a-tarde-conheca-os-beneficios-de-se-treinar-em-cada-horario\/","og_locale":"pt_BR","og_type":"article","og_title":"Voc\u00ea treina de manh\u00e3 ou \u00e0 tarde? Conhe\u00e7a os benef\u00edcios de se treinar em cada hor\u00e1rio - Estado de Minas - Em foco","og_description":"O hor\u00e1rio do treino influencia no resultado. Saiba qual per\u00edodo do dia traz mais benef\u00edcios segundo a ci\u00eancia.","og_url":"https:\/\/www.em.com.br\/emfoco\/2025\/06\/11\/voce-treina-de-manha-ou-a-tarde-conheca-os-beneficios-de-se-treinar-em-cada-horario\/","og_site_name":"Estado de Minas - Em foco","article_published_time":"2025-06-11T19:40:00+00:00","article_modified_time":"2025-06-09T16:37:19+00:00","og_image":[{"width":1279,"height":720,"url":"https:\/\/www.em.com.br\/emfoco\/wp-content\/uploads\/2025\/06\/muscle-old-man_1748871037029.jpg","type":"image\/jpeg"}],"author":"Gabriel Martins","twitter_card":"summary_large_image","twitter_misc":{"Escrito por":"Gabriel Martins","Est. tempo de leitura":"5 minutos"},"schema":{"@context":"https:\/\/schema.org","@graph":[{"@type":"WebPage","@id":"https:\/\/www.em.com.br\/emfoco\/2025\/06\/11\/voce-treina-de-manha-ou-a-tarde-conheca-os-beneficios-de-se-treinar-em-cada-horario\/","url":"https:\/\/www.em.com.br\/emfoco\/2025\/06\/11\/voce-treina-de-manha-ou-a-tarde-conheca-os-beneficios-de-se-treinar-em-cada-horario\/","name":"Voc\u00ea treina de manh\u00e3 ou \u00e0 tarde? Conhe\u00e7a os benef\u00edcios de se treinar em cada hor\u00e1rio - Estado de Minas - Em foco","isPartOf":{"@id":"https:\/\/www.em.com.br\/emfoco\/#website"},"primaryImageOfPage":{"@id":"https:\/\/www.em.com.br\/emfoco\/2025\/06\/11\/voce-treina-de-manha-ou-a-tarde-conheca-os-beneficios-de-se-treinar-em-cada-horario\/#primaryimage"},"image":{"@id":"https:\/\/www.em.com.br\/emfoco\/2025\/06\/11\/voce-treina-de-manha-ou-a-tarde-conheca-os-beneficios-de-se-treinar-em-cada-horario\/#primaryimage"},"thumbnailUrl":"https:\/\/www.em.com.br\/emfoco\/wp-content\/uploads\/2025\/06\/muscle-old-man_1748871037029.jpg","datePublished":"2025-06-11T19:40:00+00:00","dateModified":"2025-06-09T16:37:19+00:00","author":{"@id":"https:\/\/www.em.com.br\/emfoco\/#\/schema\/person\/1c9ddeab18b98abeffef834667bcf08a"},"description":"O hor\u00e1rio do treino influencia no resultado. Saiba qual per\u00edodo do dia traz mais benef\u00edcios segundo a ci\u00eancia.","breadcrumb":{"@id":"https:\/\/www.em.com.br\/emfoco\/2025\/06\/11\/voce-treina-de-manha-ou-a-tarde-conheca-os-beneficios-de-se-treinar-em-cada-horario\/#breadcrumb"},"inLanguage":"pt-BR","potentialAction":[{"@type":"ReadAction","target":["https:\/\/www.em.com.br\/emfoco\/2025\/06\/11\/voce-treina-de-manha-ou-a-tarde-conheca-os-beneficios-de-se-treinar-em-cada-horario\/"]}]},{"@type":"ImageObject","inLanguage":"pt-BR","@id":"https:\/\/www.em.com.br\/emfoco\/2025\/06\/11\/voce-treina-de-manha-ou-a-tarde-conheca-os-beneficios-de-se-treinar-em-cada-horario\/#primaryimage","url":"https:\/\/www.em.com.br\/emfoco\/wp-content\/uploads\/2025\/06\/muscle-old-man_1748871037029.jpg","contentUrl":"https:\/\/www.em.com.br\/emfoco\/wp-content\/uploads\/2025\/06\/muscle-old-man_1748871037029.jpg","width":1279,"height":720,"caption":"Homem fazendo exerc\u00edcios - Cr\u00e9ditos: depositphotos.com \/ Nomadsoul1"},{"@type":"BreadcrumbList","@id":"https:\/\/www.em.com.br\/emfoco\/2025\/06\/11\/voce-treina-de-manha-ou-a-tarde-conheca-os-beneficios-de-se-treinar-em-cada-horario\/#breadcrumb","itemListElement":[{"@type":"ListItem","position":1,"name":"In\u00edcio","item":"https:\/\/www.em.com.br\/emfoco\/"},{"@type":"ListItem","position":2,"name":"Voc\u00ea treina de manh\u00e3 ou \u00e0 tarde? Conhe\u00e7a os benef\u00edcios de se treinar em cada hor\u00e1rio"}]},{"@type":"WebSite","@id":"https:\/\/www.em.com.br\/emfoco\/#website","url":"https:\/\/www.em.com.br\/emfoco\/","name":"Estado de Minas - Em foco","description":"Acompanhe as \u00faltimas not\u00edcias e fique bem informado sobre tudo o que acontece em Minas Gerais, Brasil e no mundo.","potentialAction":[{"@type":"SearchAction","target":{"@type":"EntryPoint","urlTemplate":"https:\/\/www.em.com.br\/emfoco\/?s={search_term_string}"},"query-input":{"@type":"PropertyValueSpecification","valueRequired":true,"valueName":"search_term_string"}}],"inLanguage":"pt-BR"},{"@type":"Person","@id":"https:\/\/www.em.com.br\/emfoco\/#\/schema\/person\/1c9ddeab18b98abeffef834667bcf08a","name":"Gabriel Martins","image":{"@type":"ImageObject","inLanguage":"pt-BR","@id":"https:\/\/www.em.com.br\/emfoco\/#\/schema\/person\/image\/","url":"https:\/\/secure.gravatar.com\/avatar\/f0f1e2efdfd88f1ad2cb08c5c2731e50?s=96&d=mm&r=g","contentUrl":"https:\/\/secure.gravatar.com\/avatar\/f0f1e2efdfd88f1ad2cb08c5c2731e50?s=96&d=mm&r=g","caption":"Gabriel Martins"},"sameAs":["https:\/\/www.em.com.br\/emfoco\/"],"url":"https:\/\/www.em.com.br\/emfoco\/author\/gabrielmartinsmyth\/"}]}},"_links":{"self":[{"href":"https:\/\/www.em.com.br\/emfoco\/wp-json\/wp\/v2\/posts\/57870","targetHints":{"allow":["GET"]}}],"collection":[{"href":"https:\/\/www.em.com.br\/emfoco\/wp-json\/wp\/v2\/posts"}],"about":[{"href":"https:\/\/www.em.com.br\/emfoco\/wp-json\/wp\/v2\/types\/post"}],"author":[{"embeddable":true,"href":"https:\/\/www.em.com.br\/emfoco\/wp-json\/wp\/v2\/users\/13"}],"replies":[{"embeddable":true,"href":"https:\/\/www.em.com.br\/emfoco\/wp-json\/wp\/v2\/comments?post=57870"}],"version-history":[{"count":3,"href":"https:\/\/www.em.com.br\/emfoco\/wp-json\/wp\/v2\/posts\/57870\/revisions"}],"predecessor-version":[{"id":57901,"href":"https:\/\/www.em.com.br\/emfoco\/wp-json\/wp\/v2\/posts\/57870\/revisions\/57901"}],"wp:featuredmedia":[{"embeddable":true,"href":"https:\/\/www.em.com.br\/emfoco\/wp-json\/wp\/v2\/media\/54171"}],"wp:attachment":[{"href":"https:\/\/www.em.com.br\/emfoco\/wp-json\/wp\/v2\/media?parent=57870"}],"wp:term":[{"taxonomy":"category","embeddable":true,"href":"https:\/\/www.em.com.br\/emfoco\/wp-json\/wp\/v2\/categories?post=57870"},{"taxonomy":"post_tag","embeddable":true,"href":"https:\/\/www.em.com.br\/emfoco\/wp-json\/wp\/v2\/tags?post=57870"}],"curies":[{"name":"wp","href":"https:\/\/api.w.org\/{rel}","templated":true}]}}