{"id":57808,"date":"2025-06-10T21:40:00","date_gmt":"2025-06-11T00:40:00","guid":{"rendered":"https:\/\/www.em.com.br\/emfoco\/?p=57808"},"modified":"2025-06-09T22:11:00","modified_gmt":"2025-06-10T01:11:00","slug":"minas-gerais-vive-um-inverno-atipico-e-bate-recordes-de-temperatura","status":"publish","type":"post","link":"https:\/\/www.em.com.br\/emfoco\/2025\/06\/10\/minas-gerais-vive-um-inverno-atipico-e-bate-recordes-de-temperatura\/","title":{"rendered":"Minas Gerais vive um inverno at\u00edpico e bate recordes de temperatura"},"content":{"rendered":"\n<p>O inverno de\u00a0<strong>2025<\/strong>\u00a0trouxe consigo uma <a href=\"https:\/\/g1.globo.com\/pr\/parana\/noticia\/2025\/06\/08\/previsao-frio-parana-simepar.ghtml\" target=\"_blank\" rel=\"noreferrer noopener\">onda de frio intenso <\/a>em diversas regi\u00f5es do\u00a0<strong>Brasil<\/strong>, com destaque para cidades mineiras que se destacaram entre as mais geladas do pa\u00eds. O fen\u00f4meno chamou a aten\u00e7\u00e3o de meteorologistas e moradores, principalmente no Sul de\u00a0<strong><a href=\"https:\/\/www.em.com.br\/emfoco\/2025\/06\/08\/a-cidade-mais-alta-de-minas-gerais-esta-chamando-atencao-dos-aventureiros\/\" target=\"_blank\" rel=\"noreferrer noopener\">Minas Gerais<\/a><\/strong>, onde os term\u00f4metros marcaram temperaturas significativamente baixas para os padr\u00f5es nacionais.<\/p>\n\n\n\n<p>Entre os munic\u00edpios que registraram as menores temperaturas,&nbsp;<strong>Maria da F\u00e9<\/strong>&nbsp;e&nbsp;<strong>Monte Verde<\/strong>&nbsp;ocuparam as primeiras posi\u00e7\u00f5es, superando inclusive destinos tradicionais de frio em outros estados. Esse cen\u00e1rio refor\u00e7a a import\u00e2ncia do monitoramento clim\u00e1tico e dos cuidados necess\u00e1rios durante per\u00edodos de baixas temperaturas.<\/p>\n\n\n\n<h2 class=\"wp-block-heading\">Quais cidades de Minas Gerais registraram as menores temperaturas em 2025?<\/h2>\n\n\n\n<p>De acordo com dados do&nbsp;<strong>Instituto Nacional de Meteorologia (Inmet)<\/strong>, Maria da F\u00e9 foi a cidade mais fria do Brasil na \u00faltima quarta-feira,&nbsp;<strong>4 de junho de 2025<\/strong>, atingindo 6,2\u00b0C. Logo atr\u00e1s, Monte Verde, distrito de&nbsp;<strong>Camanducaia<\/strong>, marcou 6,4\u00b0C, consolidando o Sul de Minas como uma das regi\u00f5es mais frias do pa\u00eds neste per\u00edodo. Al\u00e9m dessas,&nbsp;<strong>Passa Quatro<\/strong>&nbsp;tamb\u00e9m entrou no ranking, com 9,1\u00b0C, demonstrando a abrang\u00eancia do frio na regi\u00e3o.<\/p>\n\n\n\n<p>Essas cidades s\u00e3o conhecidas por sua altitude elevada e clima ameno durante o ano, fatores que contribuem para a ocorr\u00eancia de temperaturas baixas no inverno. A presen\u00e7a de \u00e1reas de mata e relevo montanhoso tamb\u00e9m favorece a queda dos term\u00f4metros, especialmente durante as madrugadas.<\/p>\n\n\n\n<h2 class=\"wp-block-heading\">O que explica o frio intenso no Sul de Minas Gerais?<\/h2>\n\n\n\n<p>O frio rigoroso observado em cidades como Maria da F\u00e9 e Monte Verde est\u00e1 relacionado a uma combina\u00e7\u00e3o de fatores meteorol\u00f3gicos. Entre eles, destaca-se a chegada de massas de ar polar, comuns nesta \u00e9poca do ano, que provocam a queda acentuada das temperaturas. Al\u00e9m disso, a altitude dessas localidades \u2014 ambas situadas acima de 1.200 metros \u2014 potencializa o resfriamento, principalmente em noites de c\u00e9u limpo e baixa umidade.<\/p>\n\n\n\n<p>Outro elemento importante \u00e9 a topografia da regi\u00e3o, marcada por vales e montanhas, que facilita o ac\u00famulo de ar frio pr\u00f3ximo ao solo. A vegeta\u00e7\u00e3o abundante e a pouca urbaniza\u00e7\u00e3o tamb\u00e9m contribuem para a manuten\u00e7\u00e3o do clima frio, tornando o Sul de Minas um destino procurado por quem aprecia baixas temperaturas.<\/p>\n\n\n\n<figure class=\"wp-block-image\"><img decoding=\"async\" src=\"https:\/\/www.em.com.br\/emfoco\/wp-content\/uploads\/2025\/04\/clima-frio_1744910714650-1024x576.jpg\" alt=\"\"\/><figcaption class=\"wp-element-caption\">clima frio &#8211; Cr\u00e9ditos: depositphotos.com \/ ifeelstock<\/figcaption><\/figure>\n\n\n\n<h2 class=\"wp-block-heading\">Quais cuidados s\u00e3o recomendados durante per\u00edodos de frio intenso?<\/h2>\n\n\n\n<p>Durante ondas de frio como a registrada em 2025, especialistas recomendam aten\u00e7\u00e3o especial \u00e0 sa\u00fade e ao bem-estar, principalmente de crian\u00e7as, idosos e pessoas em situa\u00e7\u00e3o de vulnerabilidade. Entre as principais orienta\u00e7\u00f5es, destacam-se:<\/p>\n\n\n\n<ul class=\"wp-block-list\">\n<li><strong>Manter-se agasalhado:<\/strong>\u00a0Utilizar roupas adequadas, preferencialmente em camadas, para garantir o isolamento t\u00e9rmico.<\/li>\n\n\n\n<li><strong>Evitar mudan\u00e7as bruscas de temperatura:<\/strong>\u00a0Ao sair de ambientes aquecidos, proteger-se do vento e do frio intenso.<\/li>\n\n\n\n<li><strong>Cuidados com aquecedores:<\/strong>\u00a0Utilizar equipamentos de forma segura, evitando riscos de acidentes dom\u00e9sticos.<\/li>\n\n\n\n<li><strong>Hidrata\u00e7\u00e3o:<\/strong>\u00a0Mesmo no frio, \u00e9 importante manter a ingest\u00e3o regular de l\u00edquidos.<\/li>\n\n\n\n<li><strong>Prote\u00e7\u00e3o de animais dom\u00e9sticos:<\/strong>\u00a0Garantir abrigo e cobertores para pets durante as noites mais frias.<\/li>\n<\/ul>\n\n\n\n<p>Al\u00e9m disso, a popula\u00e7\u00e3o deve ficar atenta a comunicados oficiais dos \u00f3rg\u00e3os de meteorologia e defesa civil, que podem emitir alertas sobre quedas bruscas de temperatura e orientar sobre medidas preventivas.<\/p>\n\n\n\n<h2 class=\"wp-block-heading\">Como o frio impacta o cotidiano das cidades mineiras?<\/h2>\n\n\n\n<p>O registro de temperaturas baixas em cidades como Maria da F\u00e9, Monte Verde e Passa Quatro influencia diretamente a rotina dos moradores e visitantes. O com\u00e9rcio local, especialmente hot\u00e9is e pousadas, costuma se preparar para receber turistas em busca do clima frio, movimentando a economia regional. Por outro lado, escolas e unidades de sa\u00fade intensificam a\u00e7\u00f5es para proteger a popula\u00e7\u00e3o mais vulner\u00e1vel.<\/p>\n\n\n\n<p>O frio intenso tamb\u00e9m pode afetar a agricultura, com risco de geadas que prejudicam planta\u00e7\u00f5es sens\u00edveis. Por isso, produtores rurais acompanham de perto as previs\u00f5es meteorol\u00f3gicas para adotar medidas de prote\u00e7\u00e3o quando necess\u00e1rio.<\/p>\n\n\n\n<p>Com a chegada do inverno, o Sul de Minas Gerais reafirma sua posi\u00e7\u00e3o como uma das regi\u00f5es mais frias do Brasil, atraindo turistas e exigindo aten\u00e7\u00e3o redobrada dos moradores. O monitoramento constante das condi\u00e7\u00f5es clim\u00e1ticas e a ado\u00e7\u00e3o de cuidados simples s\u00e3o essenciais para enfrentar as baixas temperaturas de forma segura e tranquila.<\/p>\n\n\n\n<h2 class=\"wp-block-heading\">Como a infraestrutura das cidades mineiras ajuda a enfrentar o frio?<\/h2>\n\n\n\n<p>A infraestrutura das cidades de Minas Gerais voltadas para o frio inclui desde a adapta\u00e7\u00e3o de estabelecimentos comerciais a investimentos em aquecimento e isolamento t\u00e9rmico em pousadas e hot\u00e9is. Munic\u00edpios como Maria da F\u00e9 e Monte Verde t\u00eam investido em eventos sazonais e melhorias em acomoda\u00e7\u00f5es para ofertar maior conforto aos turistas. Al\u00e9m disso, prefeituras intensificam campanhas de doa\u00e7\u00e3o de agasalhos e cobertores, assim como refor\u00e7am o suporte nos servi\u00e7os p\u00fablicos de sa\u00fade durante os meses mais frios. Trabalhadores do campo tamb\u00e9m recebem orienta\u00e7\u00f5es sobre pr\u00e1ticas seguras para proteger-se do frio e preservar suas planta\u00e7\u00f5es. Essas a\u00e7\u00f5es contribuem para tornar o inverno mais seguro e confort\u00e1vel para moradores e visitantes.<\/p>\n","protected":false},"excerpt":{"rendered":"<p>O inverno de\u00a02025\u00a0trouxe consigo uma onda de frio intenso em diversas regi\u00f5es do\u00a0Brasil, com destaque para cidades mineiras que se destacaram entre as mais geladas do pa\u00eds. O fen\u00f4meno chamou a aten\u00e7\u00e3o de meteorologistas e moradores, principalmente no Sul de\u00a0Minas Gerais, onde os term\u00f4metros marcaram temperaturas significativamente baixas para os padr\u00f5es nacionais. Entre os munic\u00edpios [&hellip;]<\/p>\n","protected":false},"author":11,"featured_media":56121,"comment_status":"open","ping_status":"open","sticky":false,"template":"","format":"standard","meta":{"jnews-multi-image_gallery":[],"jnews_single_post":{"format":"standard"},"jnews_primary_category":[],"jnews_social_meta":[],"jnews_override_counter":[],"footnotes":""},"categories":[30,1],"tags":[1221,207,249],"class_list":["post-57808","post","type-post","status-publish","format-standard","has-post-thumbnail","hentry","category-clima","category-noticias","tag-inverno","tag-minas-gerais","tag-temperatura"],"yoast_head":"<!-- This site is optimized with the Yoast SEO plugin v23.8 - https:\/\/yoast.com\/wordpress\/plugins\/seo\/ -->\n<title>Minas Gerais vive um inverno at\u00edpico e bate recordes de temperatura - Estado de Minas - Em foco<\/title>\n<meta name=\"description\" content=\"Uma onda de frio em Minas Gerais colocou cidades pouco conhecidas no topo dos term\u00f4metros mais baixos do pa\u00eds.\" \/>\n<meta name=\"robots\" content=\"index, follow, max-snippet:-1, max-image-preview:large, max-video-preview:-1\" \/>\n<link rel=\"canonical\" href=\"https:\/\/www.em.com.br\/emfoco\/2025\/06\/10\/minas-gerais-vive-um-inverno-atipico-e-bate-recordes-de-temperatura\/\" \/>\n<meta property=\"og:locale\" content=\"pt_BR\" \/>\n<meta property=\"og:type\" content=\"article\" \/>\n<meta property=\"og:title\" content=\"Minas Gerais vive um inverno at\u00edpico e bate recordes de temperatura - Estado de Minas - Em foco\" \/>\n<meta property=\"og:description\" content=\"Uma onda de frio em Minas Gerais colocou cidades pouco conhecidas no topo dos term\u00f4metros mais baixos do pa\u00eds.\" \/>\n<meta property=\"og:url\" content=\"https:\/\/www.em.com.br\/emfoco\/2025\/06\/10\/minas-gerais-vive-um-inverno-atipico-e-bate-recordes-de-temperatura\/\" \/>\n<meta property=\"og:site_name\" content=\"Estado de Minas - Em foco\" \/>\n<meta property=\"article:published_time\" content=\"2025-06-11T00:40:00+00:00\" \/>\n<meta property=\"article:modified_time\" content=\"2025-06-10T01:11:00+00:00\" \/>\n<meta property=\"og:image\" content=\"https:\/\/www.em.com.br\/emfoco\/wp-content\/uploads\/2025\/06\/sentindo-frio_1749138184718.jpg\" \/>\n\t<meta property=\"og:image:width\" content=\"1280\" \/>\n\t<meta property=\"og:image:height\" content=\"720\" \/>\n\t<meta property=\"og:image:type\" content=\"image\/jpeg\" \/>\n<meta name=\"author\" content=\"Andre\u0301 Rangel\u00a0\" \/>\n<meta name=\"twitter:card\" content=\"summary_large_image\" \/>\n<meta name=\"twitter:label1\" content=\"Escrito por\" \/>\n\t<meta name=\"twitter:data1\" content=\"Andre\u0301 Rangel\u00a0\" \/>\n\t<meta name=\"twitter:label2\" content=\"Est. tempo de leitura\" \/>\n\t<meta name=\"twitter:data2\" content=\"5 minutos\" \/>\n<!-- \/ Yoast SEO plugin. -->","yoast_head_json":{"title":"Minas Gerais vive um inverno at\u00edpico e bate recordes de temperatura - Estado de Minas - Em foco","description":"Uma onda de frio em Minas Gerais colocou cidades pouco conhecidas no topo dos term\u00f4metros mais baixos do pa\u00eds.","robots":{"index":"index","follow":"follow","max-snippet":"max-snippet:-1","max-image-preview":"max-image-preview:large","max-video-preview":"max-video-preview:-1"},"canonical":"https:\/\/www.em.com.br\/emfoco\/2025\/06\/10\/minas-gerais-vive-um-inverno-atipico-e-bate-recordes-de-temperatura\/","og_locale":"pt_BR","og_type":"article","og_title":"Minas Gerais vive um inverno at\u00edpico e bate recordes de temperatura - Estado de Minas - Em foco","og_description":"Uma onda de frio em Minas Gerais colocou cidades pouco conhecidas no topo dos term\u00f4metros mais baixos do pa\u00eds.","og_url":"https:\/\/www.em.com.br\/emfoco\/2025\/06\/10\/minas-gerais-vive-um-inverno-atipico-e-bate-recordes-de-temperatura\/","og_site_name":"Estado de Minas - Em foco","article_published_time":"2025-06-11T00:40:00+00:00","article_modified_time":"2025-06-10T01:11:00+00:00","og_image":[{"width":1280,"height":720,"url":"https:\/\/www.em.com.br\/emfoco\/wp-content\/uploads\/2025\/06\/sentindo-frio_1749138184718.jpg","type":"image\/jpeg"}],"author":"Andre\u0301 Rangel\u00a0","twitter_card":"summary_large_image","twitter_misc":{"Escrito por":"Andre\u0301 Rangel\u00a0","Est. tempo de leitura":"5 minutos"},"schema":{"@context":"https:\/\/schema.org","@graph":[{"@type":"WebPage","@id":"https:\/\/www.em.com.br\/emfoco\/2025\/06\/10\/minas-gerais-vive-um-inverno-atipico-e-bate-recordes-de-temperatura\/","url":"https:\/\/www.em.com.br\/emfoco\/2025\/06\/10\/minas-gerais-vive-um-inverno-atipico-e-bate-recordes-de-temperatura\/","name":"Minas Gerais vive um inverno at\u00edpico e bate recordes de temperatura - Estado de Minas - Em foco","isPartOf":{"@id":"https:\/\/www.em.com.br\/emfoco\/#website"},"primaryImageOfPage":{"@id":"https:\/\/www.em.com.br\/emfoco\/2025\/06\/10\/minas-gerais-vive-um-inverno-atipico-e-bate-recordes-de-temperatura\/#primaryimage"},"image":{"@id":"https:\/\/www.em.com.br\/emfoco\/2025\/06\/10\/minas-gerais-vive-um-inverno-atipico-e-bate-recordes-de-temperatura\/#primaryimage"},"thumbnailUrl":"https:\/\/www.em.com.br\/emfoco\/wp-content\/uploads\/2025\/06\/sentindo-frio_1749138184718.jpg","datePublished":"2025-06-11T00:40:00+00:00","dateModified":"2025-06-10T01:11:00+00:00","author":{"@id":"https:\/\/www.em.com.br\/emfoco\/#\/schema\/person\/60eda09c1fedf0d6891f4cef4b60b8b8"},"description":"Uma onda de frio em Minas Gerais colocou cidades pouco conhecidas no topo dos term\u00f4metros mais baixos do pa\u00eds.","breadcrumb":{"@id":"https:\/\/www.em.com.br\/emfoco\/2025\/06\/10\/minas-gerais-vive-um-inverno-atipico-e-bate-recordes-de-temperatura\/#breadcrumb"},"inLanguage":"pt-BR","potentialAction":[{"@type":"ReadAction","target":["https:\/\/www.em.com.br\/emfoco\/2025\/06\/10\/minas-gerais-vive-um-inverno-atipico-e-bate-recordes-de-temperatura\/"]}]},{"@type":"ImageObject","inLanguage":"pt-BR","@id":"https:\/\/www.em.com.br\/emfoco\/2025\/06\/10\/minas-gerais-vive-um-inverno-atipico-e-bate-recordes-de-temperatura\/#primaryimage","url":"https:\/\/www.em.com.br\/emfoco\/wp-content\/uploads\/2025\/06\/sentindo-frio_1749138184718.jpg","contentUrl":"https:\/\/www.em.com.br\/emfoco\/wp-content\/uploads\/2025\/06\/sentindo-frio_1749138184718.jpg","width":1280,"height":720,"caption":"Pessoas se aquecendo do frio - Cr\u00e9ditos: depositphotos.com \/ HayDmitriy"},{"@type":"BreadcrumbList","@id":"https:\/\/www.em.com.br\/emfoco\/2025\/06\/10\/minas-gerais-vive-um-inverno-atipico-e-bate-recordes-de-temperatura\/#breadcrumb","itemListElement":[{"@type":"ListItem","position":1,"name":"In\u00edcio","item":"https:\/\/www.em.com.br\/emfoco\/"},{"@type":"ListItem","position":2,"name":"Minas Gerais vive um inverno at\u00edpico e bate recordes de temperatura"}]},{"@type":"WebSite","@id":"https:\/\/www.em.com.br\/emfoco\/#website","url":"https:\/\/www.em.com.br\/emfoco\/","name":"Estado de Minas - Em foco","description":"Acompanhe as \u00faltimas not\u00edcias e fique bem informado sobre tudo o que acontece em Minas Gerais, Brasil e no mundo.","potentialAction":[{"@type":"SearchAction","target":{"@type":"EntryPoint","urlTemplate":"https:\/\/www.em.com.br\/emfoco\/?s={search_term_string}"},"query-input":{"@type":"PropertyValueSpecification","valueRequired":true,"valueName":"search_term_string"}}],"inLanguage":"pt-BR"},{"@type":"Person","@id":"https:\/\/www.em.com.br\/emfoco\/#\/schema\/person\/60eda09c1fedf0d6891f4cef4b60b8b8","name":"Andre\u0301 Rangel\u00a0","image":{"@type":"ImageObject","inLanguage":"pt-BR","@id":"https:\/\/www.em.com.br\/emfoco\/#\/schema\/person\/image\/","url":"https:\/\/secure.gravatar.com\/avatar\/6234dc814c77c8ef6d8bba622c787efc?s=96&d=mm&r=g","contentUrl":"https:\/\/secure.gravatar.com\/avatar\/6234dc814c77c8ef6d8bba622c787efc?s=96&d=mm&r=g","caption":"Andre\u0301 Rangel\u00a0"},"url":"https:\/\/www.em.com.br\/emfoco\/author\/luizmyth\/"}]}},"_links":{"self":[{"href":"https:\/\/www.em.com.br\/emfoco\/wp-json\/wp\/v2\/posts\/57808","targetHints":{"allow":["GET"]}}],"collection":[{"href":"https:\/\/www.em.com.br\/emfoco\/wp-json\/wp\/v2\/posts"}],"about":[{"href":"https:\/\/www.em.com.br\/emfoco\/wp-json\/wp\/v2\/types\/post"}],"author":[{"embeddable":true,"href":"https:\/\/www.em.com.br\/emfoco\/wp-json\/wp\/v2\/users\/11"}],"replies":[{"embeddable":true,"href":"https:\/\/www.em.com.br\/emfoco\/wp-json\/wp\/v2\/comments?post=57808"}],"version-history":[{"count":4,"href":"https:\/\/www.em.com.br\/emfoco\/wp-json\/wp\/v2\/posts\/57808\/revisions"}],"predecessor-version":[{"id":57854,"href":"https:\/\/www.em.com.br\/emfoco\/wp-json\/wp\/v2\/posts\/57808\/revisions\/57854"}],"wp:featuredmedia":[{"embeddable":true,"href":"https:\/\/www.em.com.br\/emfoco\/wp-json\/wp\/v2\/media\/56121"}],"wp:attachment":[{"href":"https:\/\/www.em.com.br\/emfoco\/wp-json\/wp\/v2\/media?parent=57808"}],"wp:term":[{"taxonomy":"category","embeddable":true,"href":"https:\/\/www.em.com.br\/emfoco\/wp-json\/wp\/v2\/categories?post=57808"},{"taxonomy":"post_tag","embeddable":true,"href":"https:\/\/www.em.com.br\/emfoco\/wp-json\/wp\/v2\/tags?post=57808"}],"curies":[{"name":"wp","href":"https:\/\/api.w.org\/{rel}","templated":true}]}}