{"id":57695,"date":"2025-06-10T13:20:00","date_gmt":"2025-06-10T16:20:00","guid":{"rendered":"https:\/\/www.em.com.br\/emfoco\/?p=57695"},"modified":"2025-06-09T10:31:32","modified_gmt":"2025-06-09T13:31:32","slug":"byd-song-plus-premium-recebe-atualizacao-e-uma-bateria-poderosa-autonomia-eletrica-sobe-de-52-km-para-87-km","status":"publish","type":"post","link":"https:\/\/www.em.com.br\/emfoco\/2025\/06\/10\/byd-song-plus-premium-recebe-atualizacao-e-uma-bateria-poderosa-autonomia-eletrica-sobe-de-52-km-para-87-km\/","title":{"rendered":"BYD Song Plus Premium recebe atualiza\u00e7\u00e3o e uma bateria poderosa! Autonomia el\u00e9trica sobe de 52 km para 87 km!"},"content":{"rendered":"\n<p>O mercado brasileiro de ve\u00edculos eletrificados tem recebido novidades constantes, e uma das mais recentes \u00e9 o lan\u00e7amento do <strong>Song Plus Premium<\/strong>, uma vers\u00e3o especial do <a href=\"https:\/\/www.em.com.br\/emfoco\/2025\/06\/06\/suvs-por-menos-de-r100-mil-conheca-os-10-modelos-mais-baratos-do-brasil-em-2025\/\" target=\"_blank\" rel=\"noreferrer noopener\"><strong>SUV<\/strong> <\/a>da <strong>BYD<\/strong>. Apresentado ao p\u00fablico em novembro de 2024, o modelo chegou com o objetivo de ocupar o topo da linha, trazendo diferenciais em motoriza\u00e7\u00e3o, tecnologia e autonomia em rela\u00e7\u00e3o \u00e0s demais vers\u00f5es do Song Plus.<\/p>\n\n\n\n<p>O Song Plus Premium se destaca principalmente por sua configura\u00e7\u00e3o h\u00edbrida plug-in, que combina um motor a combust\u00e3o turbo de 1.5 litro com dois motores el\u00e9tricos. Essa combina\u00e7\u00e3o proporciona desempenho superior e maior efici\u00eancia energ\u00e9tica, al\u00e9m de incorporar as \u00faltimas tend\u00eancias em design e equipamentos do segmento de SUVs eletrificados.<\/p>\n\n\n\n<h2 class=\"wp-block-heading\">Quais s\u00e3o os diferenciais do Song Plus Premium em rela\u00e7\u00e3o ao Song Plus tradicional?<\/h2>\n\n\n\n<p><strong>Enquanto o Song Plus convencional utiliza um motor 1.5 aspirado aliado a um propulsor el\u00e9trico, o Song Plus Premium aposta em um conjunto mais robusto.<\/strong> O motor a combust\u00e3o turbo entrega mais pot\u00eancia, e os dois motores el\u00e9tricos \u2014 um dianteiro de 204 cv e outro traseiro de 163 cv \u2014 garantem tra\u00e7\u00e3o integral e desempenho aprimorado. J\u00e1 o Song Plus tradicional conta com um motor el\u00e9trico de 194 cv e um motor a combust\u00e3o de 105 cv, resultando em uma experi\u00eancia de condu\u00e7\u00e3o menos esportiva.<\/p>\n\n\n\n<p><strong>Outro destaque importante \u00e9 a bateria.<\/strong> O Song Plus Premium recebeu uma nova bateria Blade de 26,6 kWh, substituindo a anterior de 18,3 kWh. Essa atualiza\u00e7\u00e3o ampliou significativamente a autonomia no modo el\u00e9trico, que passou de 52 km para 87 km, de acordo com o padr\u00e3o do <strong>Programa Brasileiro de Etiquetagem Veicular<\/strong> (PBEV) do <strong><a href=\"https:\/\/www.gov.br\/inmetro\/pt-br\" target=\"_blank\" rel=\"noreferrer noopener\">Inmetro<\/a><\/strong>. O sistema de recarga tamb\u00e9m evoluiu, permitindo carregamento r\u00e1pido em corrente cont\u00ednua (DC) de at\u00e9 18 kWh, completando a carga em aproximadamente 1h30.<\/p>\n\n\n\n<figure class=\"wp-block-image size-large\"><img loading=\"lazy\" decoding=\"async\" width=\"1024\" height=\"576\" src=\"https:\/\/www.em.com.br\/emfoco\/wp-content\/uploads\/2025\/06\/ad-1-12-1024x576.jpg\" alt=\"BYD Song Plus Premium recebe atualiza\u00e7\u00e3o e uma bateria poderosa! Autonomia el\u00e9trica sobe de 52 km para 87 km!\" class=\"wp-image-57724\" srcset=\"https:\/\/www.em.com.br\/emfoco\/wp-content\/uploads\/2025\/06\/ad-1-12-1024x576.jpg 1024w, https:\/\/www.em.com.br\/emfoco\/wp-content\/uploads\/2025\/06\/ad-1-12-300x169.jpg 300w, https:\/\/www.em.com.br\/emfoco\/wp-content\/uploads\/2025\/06\/ad-1-12-768x432.jpg 768w, https:\/\/www.em.com.br\/emfoco\/wp-content\/uploads\/2025\/06\/ad-1-12-750x422.jpg 750w, https:\/\/www.em.com.br\/emfoco\/wp-content\/uploads\/2025\/06\/ad-1-12-1140x641.jpg 1140w, https:\/\/www.em.com.br\/emfoco\/wp-content\/uploads\/2025\/06\/ad-1-12.jpg 1280w\" sizes=\"auto, (max-width: 1024px) 100vw, 1024px\" \/><figcaption class=\"wp-element-caption\">BYD Song Plus Premium &#8211; Cr\u00e9ditos: BYD\/Divulga\u00e7\u00e3o<\/figcaption><\/figure>\n\n\n\n<h2 class=\"wp-block-heading\">Quais tecnologias e equipamentos est\u00e3o presentes no Song Plus Premium?<\/h2>\n\n\n\n<p><strong>O Song Plus Premium oferece uma s\u00e9rie de recursos tecnol\u00f3gicos que visam aumentar o conforto, a seguran\u00e7a e a conectividade dos ocupantes.<\/strong> Entre os principais equipamentos, destacam-se:<\/p>\n\n\n\n<ul class=\"wp-block-list\">\n<li><strong>Acesso por NFC:<\/strong> permite destravar as portas utilizando um cart\u00e3o ou o aplicativo no smartphone.<\/li>\n\n\n\n<li><strong>Head-up display:<\/strong> projeta informa\u00e7\u00f5es essenciais, como velocidade e alertas do sistema ADAS, diretamente no para-brisa.<\/li>\n\n\n\n<li><strong>Painel de instrumentos digital:<\/strong> tela de 12,3 polegadas com informa\u00e7\u00f5es personaliz\u00e1veis.<\/li>\n\n\n\n<li><strong>Central multim\u00eddia:<\/strong> tela de 15,6 polegadas com diversas fun\u00e7\u00f5es de entretenimento e conectividade.<\/li>\n<\/ul>\n\n\n\n<p>Al\u00e9m disso, o visual externo segue o padr\u00e3o da linha <strong>Ocean X<\/strong>, j\u00e1 adotado em outros modelos da marca, com destaque para a dianteira redesenhada, conjunto \u00f3ptico mais angular e lanternas traseiras interligadas pelo logo da BYD. Recentemente, foi lan\u00e7ada uma atualiza\u00e7\u00e3o de software que permite espelhamento sem fio para <strong>Android Auto<\/strong> e <strong>Apple CarPlay<\/strong>, ampliando ainda mais o pacote de conectividade do ve\u00edculo.<\/p>\n\n\n\n<figure class=\"wp-block-image size-large\"><img loading=\"lazy\" decoding=\"async\" width=\"1024\" height=\"576\" src=\"https:\/\/www.em.com.br\/emfoco\/wp-content\/uploads\/2025\/06\/ad-2-10-1024x576.jpg\" alt=\"BYD Song Plus Premium recebe atualiza\u00e7\u00e3o e uma bateria poderosa! Autonomia el\u00e9trica sobe de 52 km para 87 km!\" class=\"wp-image-57723\" srcset=\"https:\/\/www.em.com.br\/emfoco\/wp-content\/uploads\/2025\/06\/ad-2-10-1024x576.jpg 1024w, https:\/\/www.em.com.br\/emfoco\/wp-content\/uploads\/2025\/06\/ad-2-10-300x169.jpg 300w, https:\/\/www.em.com.br\/emfoco\/wp-content\/uploads\/2025\/06\/ad-2-10-768x432.jpg 768w, https:\/\/www.em.com.br\/emfoco\/wp-content\/uploads\/2025\/06\/ad-2-10-750x422.jpg 750w, https:\/\/www.em.com.br\/emfoco\/wp-content\/uploads\/2025\/06\/ad-2-10-1140x641.jpg 1140w, https:\/\/www.em.com.br\/emfoco\/wp-content\/uploads\/2025\/06\/ad-2-10.jpg 1280w\" sizes=\"auto, (max-width: 1024px) 100vw, 1024px\" \/><figcaption class=\"wp-element-caption\">BYD Song Plus Premium &#8211; Cr\u00e9ditos: BYD\/Divulga\u00e7\u00e3o<\/figcaption><\/figure>\n\n\n\n<h2 class=\"wp-block-heading\">Como o Song Plus Premium se posiciona em termos de espa\u00e7o, pre\u00e7o e garantia?<\/h2>\n\n\n\n<p><strong>Com dimens\u00f5es semelhantes \u00e0s de outros SUVs m\u00e9dios, como o Jeep Commander, o Song Plus Premium oferece amplo espa\u00e7o interno.<\/strong> O modelo possui 4.775 mm de comprimento, 1.890 mm de largura, 1.670 mm de altura e 2.765 mm de entre-eixos. O porta-malas acomoda 574 litros, podendo chegar a 1.477 litros com o banco traseiro rebatido, o que garante versatilidade para diferentes necessidades.<\/p>\n\n\n\n<p><strong>No aspecto comercial, o Song Plus Premium \u00e9 oferecido em 2025 pelo valor de R$ 299.990, mantendo o pre\u00e7o desde o lan\u00e7amento.<\/strong> Em rela\u00e7\u00e3o \u00e0 garantia, a BYD disponibiliza 6 anos sem limite de quilometragem para o ve\u00edculo e 8 anos para as baterias, tamb\u00e9m sem restri\u00e7\u00e3o de quilometragem, o que pode ser um diferencial relevante para quem busca seguran\u00e7a na aquisi\u00e7\u00e3o de um SUV eletrificado. Al\u00e9m disso, clientes da marca t\u00eam acesso a servi\u00e7os exclusivos de p\u00f3s-venda e a uma infraestrutura nacional de recarga p\u00fablica em expans\u00e3o, promovida pela pr\u00f3pria BYD.<\/p>\n\n\n\n<p>Com essas caracter\u00edsticas, o Song Plus Premium refor\u00e7a a presen\u00e7a da BYD no segmento de ve\u00edculos h\u00edbridos plug-in no <strong>Brasil<\/strong>, apostando em desempenho, tecnologia e autonomia para atrair consumidores que buscam inova\u00e7\u00e3o e praticidade no dia a dia.<\/p>\n","protected":false},"excerpt":{"rendered":"<p>O mercado brasileiro de ve\u00edculos eletrificados tem recebido novidades constantes, e uma das mais recentes \u00e9 o lan\u00e7amento do Song Plus Premium, uma vers\u00e3o especial do SUV da BYD. Apresentado ao p\u00fablico em novembro de 2024, o modelo chegou com o objetivo de ocupar o topo da linha, trazendo diferenciais em motoriza\u00e7\u00e3o, tecnologia e autonomia [&hellip;]<\/p>\n","protected":false},"author":13,"featured_media":57725,"comment_status":"open","ping_status":"open","sticky":false,"template":"","format":"standard","meta":{"jnews-multi-image_gallery":[],"jnews_single_post":{"format":"standard"},"jnews_primary_category":[],"jnews_social_meta":[],"jnews_override_counter":[],"footnotes":""},"categories":[27],"tags":[2044,6530,10058,10059],"class_list":["post-57695","post","type-post","status-publish","format-standard","has-post-thumbnail","hentry","category-carros","tag-byd","tag-hibrido-plug-in","tag-song-plus-premium","tag-suv-eletrificado"],"yoast_head":"<!-- This site is optimized with the Yoast SEO plugin v23.8 - https:\/\/yoast.com\/wordpress\/plugins\/seo\/ -->\n<title>BYD Song Plus Premium recebe atualiza\u00e7\u00e3o e uma bateria poderosa! Autonomia el\u00e9trica sobe de 52 km para 87 km! - Estado de Minas - Em foco<\/title>\n<meta name=\"description\" content=\"BYD Song Plus Premium aposta em conforto e inova\u00e7\u00e3o para conquistar quem busca um SUV completo em 2025. Confira agora as atualiza\u00e7\u00f5es.\" \/>\n<meta name=\"robots\" content=\"index, follow, max-snippet:-1, max-image-preview:large, max-video-preview:-1\" \/>\n<link rel=\"canonical\" href=\"https:\/\/www.em.com.br\/emfoco\/2025\/06\/10\/byd-song-plus-premium-recebe-atualizacao-e-uma-bateria-poderosa-autonomia-eletrica-sobe-de-52-km-para-87-km\/\" \/>\n<meta property=\"og:locale\" content=\"pt_BR\" \/>\n<meta property=\"og:type\" content=\"article\" \/>\n<meta property=\"og:title\" content=\"BYD Song Plus Premium recebe atualiza\u00e7\u00e3o e uma bateria poderosa! Autonomia el\u00e9trica sobe de 52 km para 87 km! - Estado de Minas - Em foco\" \/>\n<meta property=\"og:description\" content=\"BYD Song Plus Premium aposta em conforto e inova\u00e7\u00e3o para conquistar quem busca um SUV completo em 2025. Confira agora as atualiza\u00e7\u00f5es.\" \/>\n<meta property=\"og:url\" content=\"https:\/\/www.em.com.br\/emfoco\/2025\/06\/10\/byd-song-plus-premium-recebe-atualizacao-e-uma-bateria-poderosa-autonomia-eletrica-sobe-de-52-km-para-87-km\/\" \/>\n<meta property=\"og:site_name\" content=\"Estado de Minas - Em foco\" \/>\n<meta property=\"article:published_time\" content=\"2025-06-10T16:20:00+00:00\" \/>\n<meta property=\"article:modified_time\" content=\"2025-06-09T13:31:32+00:00\" \/>\n<meta property=\"og:image\" content=\"https:\/\/www.em.com.br\/emfoco\/wp-content\/uploads\/2025\/06\/ad-24.jpg\" \/>\n\t<meta property=\"og:image:width\" content=\"1280\" \/>\n\t<meta property=\"og:image:height\" content=\"720\" \/>\n\t<meta property=\"og:image:type\" content=\"image\/jpeg\" \/>\n<meta name=\"author\" content=\"Gabriel Martins\" \/>\n<meta name=\"twitter:card\" content=\"summary_large_image\" \/>\n<meta name=\"twitter:label1\" content=\"Escrito por\" \/>\n\t<meta name=\"twitter:data1\" content=\"Gabriel Martins\" \/>\n\t<meta name=\"twitter:label2\" content=\"Est. tempo de leitura\" \/>\n\t<meta name=\"twitter:data2\" content=\"5 minutos\" \/>\n<!-- \/ Yoast SEO plugin. -->","yoast_head_json":{"title":"BYD Song Plus Premium recebe atualiza\u00e7\u00e3o e uma bateria poderosa! Autonomia el\u00e9trica sobe de 52 km para 87 km! - Estado de Minas - Em foco","description":"BYD Song Plus Premium aposta em conforto e inova\u00e7\u00e3o para conquistar quem busca um SUV completo em 2025. Confira agora as atualiza\u00e7\u00f5es.","robots":{"index":"index","follow":"follow","max-snippet":"max-snippet:-1","max-image-preview":"max-image-preview:large","max-video-preview":"max-video-preview:-1"},"canonical":"https:\/\/www.em.com.br\/emfoco\/2025\/06\/10\/byd-song-plus-premium-recebe-atualizacao-e-uma-bateria-poderosa-autonomia-eletrica-sobe-de-52-km-para-87-km\/","og_locale":"pt_BR","og_type":"article","og_title":"BYD Song Plus Premium recebe atualiza\u00e7\u00e3o e uma bateria poderosa! Autonomia el\u00e9trica sobe de 52 km para 87 km! - Estado de Minas - Em foco","og_description":"BYD Song Plus Premium aposta em conforto e inova\u00e7\u00e3o para conquistar quem busca um SUV completo em 2025. Confira agora as atualiza\u00e7\u00f5es.","og_url":"https:\/\/www.em.com.br\/emfoco\/2025\/06\/10\/byd-song-plus-premium-recebe-atualizacao-e-uma-bateria-poderosa-autonomia-eletrica-sobe-de-52-km-para-87-km\/","og_site_name":"Estado de Minas - Em foco","article_published_time":"2025-06-10T16:20:00+00:00","article_modified_time":"2025-06-09T13:31:32+00:00","og_image":[{"width":1280,"height":720,"url":"https:\/\/www.em.com.br\/emfoco\/wp-content\/uploads\/2025\/06\/ad-24.jpg","type":"image\/jpeg"}],"author":"Gabriel Martins","twitter_card":"summary_large_image","twitter_misc":{"Escrito por":"Gabriel Martins","Est. tempo de leitura":"5 minutos"},"schema":{"@context":"https:\/\/schema.org","@graph":[{"@type":"WebPage","@id":"https:\/\/www.em.com.br\/emfoco\/2025\/06\/10\/byd-song-plus-premium-recebe-atualizacao-e-uma-bateria-poderosa-autonomia-eletrica-sobe-de-52-km-para-87-km\/","url":"https:\/\/www.em.com.br\/emfoco\/2025\/06\/10\/byd-song-plus-premium-recebe-atualizacao-e-uma-bateria-poderosa-autonomia-eletrica-sobe-de-52-km-para-87-km\/","name":"BYD Song Plus Premium recebe atualiza\u00e7\u00e3o e uma bateria poderosa! Autonomia el\u00e9trica sobe de 52 km para 87 km! - Estado de Minas - Em foco","isPartOf":{"@id":"https:\/\/www.em.com.br\/emfoco\/#website"},"primaryImageOfPage":{"@id":"https:\/\/www.em.com.br\/emfoco\/2025\/06\/10\/byd-song-plus-premium-recebe-atualizacao-e-uma-bateria-poderosa-autonomia-eletrica-sobe-de-52-km-para-87-km\/#primaryimage"},"image":{"@id":"https:\/\/www.em.com.br\/emfoco\/2025\/06\/10\/byd-song-plus-premium-recebe-atualizacao-e-uma-bateria-poderosa-autonomia-eletrica-sobe-de-52-km-para-87-km\/#primaryimage"},"thumbnailUrl":"https:\/\/www.em.com.br\/emfoco\/wp-content\/uploads\/2025\/06\/ad-24.jpg","datePublished":"2025-06-10T16:20:00+00:00","dateModified":"2025-06-09T13:31:32+00:00","author":{"@id":"https:\/\/www.em.com.br\/emfoco\/#\/schema\/person\/1c9ddeab18b98abeffef834667bcf08a"},"description":"BYD Song Plus Premium aposta em conforto e inova\u00e7\u00e3o para conquistar quem busca um SUV completo em 2025. Confira agora as atualiza\u00e7\u00f5es.","breadcrumb":{"@id":"https:\/\/www.em.com.br\/emfoco\/2025\/06\/10\/byd-song-plus-premium-recebe-atualizacao-e-uma-bateria-poderosa-autonomia-eletrica-sobe-de-52-km-para-87-km\/#breadcrumb"},"inLanguage":"pt-BR","potentialAction":[{"@type":"ReadAction","target":["https:\/\/www.em.com.br\/emfoco\/2025\/06\/10\/byd-song-plus-premium-recebe-atualizacao-e-uma-bateria-poderosa-autonomia-eletrica-sobe-de-52-km-para-87-km\/"]}]},{"@type":"ImageObject","inLanguage":"pt-BR","@id":"https:\/\/www.em.com.br\/emfoco\/2025\/06\/10\/byd-song-plus-premium-recebe-atualizacao-e-uma-bateria-poderosa-autonomia-eletrica-sobe-de-52-km-para-87-km\/#primaryimage","url":"https:\/\/www.em.com.br\/emfoco\/wp-content\/uploads\/2025\/06\/ad-24.jpg","contentUrl":"https:\/\/www.em.com.br\/emfoco\/wp-content\/uploads\/2025\/06\/ad-24.jpg","width":1280,"height":720,"caption":"BYD Song Plus Premium - Cr\u00e9ditos: BYD\/Divulga\u00e7\u00e3o"},{"@type":"BreadcrumbList","@id":"https:\/\/www.em.com.br\/emfoco\/2025\/06\/10\/byd-song-plus-premium-recebe-atualizacao-e-uma-bateria-poderosa-autonomia-eletrica-sobe-de-52-km-para-87-km\/#breadcrumb","itemListElement":[{"@type":"ListItem","position":1,"name":"In\u00edcio","item":"https:\/\/www.em.com.br\/emfoco\/"},{"@type":"ListItem","position":2,"name":"BYD Song Plus Premium recebe atualiza\u00e7\u00e3o e uma bateria poderosa! Autonomia el\u00e9trica sobe de 52 km para 87 km!"}]},{"@type":"WebSite","@id":"https:\/\/www.em.com.br\/emfoco\/#website","url":"https:\/\/www.em.com.br\/emfoco\/","name":"Estado de Minas - Em foco","description":"Acompanhe as \u00faltimas not\u00edcias e fique bem informado sobre tudo o que acontece em Minas Gerais, Brasil e no mundo.","potentialAction":[{"@type":"SearchAction","target":{"@type":"EntryPoint","urlTemplate":"https:\/\/www.em.com.br\/emfoco\/?s={search_term_string}"},"query-input":{"@type":"PropertyValueSpecification","valueRequired":true,"valueName":"search_term_string"}}],"inLanguage":"pt-BR"},{"@type":"Person","@id":"https:\/\/www.em.com.br\/emfoco\/#\/schema\/person\/1c9ddeab18b98abeffef834667bcf08a","name":"Gabriel Martins","image":{"@type":"ImageObject","inLanguage":"pt-BR","@id":"https:\/\/www.em.com.br\/emfoco\/#\/schema\/person\/image\/","url":"https:\/\/secure.gravatar.com\/avatar\/f0f1e2efdfd88f1ad2cb08c5c2731e50?s=96&d=mm&r=g","contentUrl":"https:\/\/secure.gravatar.com\/avatar\/f0f1e2efdfd88f1ad2cb08c5c2731e50?s=96&d=mm&r=g","caption":"Gabriel Martins"},"sameAs":["https:\/\/www.em.com.br\/emfoco\/"],"url":"https:\/\/www.em.com.br\/emfoco\/author\/gabrielmartinsmyth\/"}]}},"_links":{"self":[{"href":"https:\/\/www.em.com.br\/emfoco\/wp-json\/wp\/v2\/posts\/57695","targetHints":{"allow":["GET"]}}],"collection":[{"href":"https:\/\/www.em.com.br\/emfoco\/wp-json\/wp\/v2\/posts"}],"about":[{"href":"https:\/\/www.em.com.br\/emfoco\/wp-json\/wp\/v2\/types\/post"}],"author":[{"embeddable":true,"href":"https:\/\/www.em.com.br\/emfoco\/wp-json\/wp\/v2\/users\/13"}],"replies":[{"embeddable":true,"href":"https:\/\/www.em.com.br\/emfoco\/wp-json\/wp\/v2\/comments?post=57695"}],"version-history":[{"count":2,"href":"https:\/\/www.em.com.br\/emfoco\/wp-json\/wp\/v2\/posts\/57695\/revisions"}],"predecessor-version":[{"id":57726,"href":"https:\/\/www.em.com.br\/emfoco\/wp-json\/wp\/v2\/posts\/57695\/revisions\/57726"}],"wp:featuredmedia":[{"embeddable":true,"href":"https:\/\/www.em.com.br\/emfoco\/wp-json\/wp\/v2\/media\/57725"}],"wp:attachment":[{"href":"https:\/\/www.em.com.br\/emfoco\/wp-json\/wp\/v2\/media?parent=57695"}],"wp:term":[{"taxonomy":"category","embeddable":true,"href":"https:\/\/www.em.com.br\/emfoco\/wp-json\/wp\/v2\/categories?post=57695"},{"taxonomy":"post_tag","embeddable":true,"href":"https:\/\/www.em.com.br\/emfoco\/wp-json\/wp\/v2\/tags?post=57695"}],"curies":[{"name":"wp","href":"https:\/\/api.w.org\/{rel}","templated":true}]}}