{"id":5769,"date":"2024-12-20T17:00:00","date_gmt":"2024-12-20T20:00:00","guid":{"rendered":"https:\/\/www.em.com.br\/emfoco\/?p=5769"},"modified":"2024-12-19T14:50:02","modified_gmt":"2024-12-19T17:50:02","slug":"bpc-e-fundo-do-df-o-que-muda-com-o-novo-ajuste-fiscal","status":"publish","type":"post","link":"https:\/\/www.em.com.br\/emfoco\/2024\/12\/20\/bpc-e-fundo-do-df-o-que-muda-com-o-novo-ajuste-fiscal\/","title":{"rendered":"BPC e Fundo do DF: o que muda com o novo ajuste fiscal?"},"content":{"rendered":"\n<p>O <a href=\"https:\/\/www.em.com.br\/emfoco\/2024\/12\/18\/promessa-cumprida-o-governo-garante-aumento-do-salario-minimo-confira\/\" target=\"_blank\" rel=\"noreferrer noopener\">governo <\/a>brasileiro est\u00e1 em um momento crucial, buscando implementar um pacote de medidas de corte de gastos que visa n\u00e3o s\u00f3 equilibrar as contas p\u00fablicas, mas tamb\u00e9m assegurar o cumprimento do novo arcabou\u00e7o fiscal. Esta tentativa de controle fiscal est\u00e1 sendo observada de perto pelo mercado financeiro, que est\u00e1 preocupado com a efetividade das a\u00e7\u00f5es propostas.<\/p>\n\n\n\n<p>Entre as medidas apresentadas, destacam-se mudan\u00e7as significativas em aspectos como o Benef\u00edcio de Presta\u00e7\u00e3o Continuada (<a href=\"https:\/\/www.gov.br\/mds\/pt-br\/acoes-e-programas\/suas\/beneficios-assistenciais\/beneficio-assistencial-ao-idoso-e-a-pessoa-com-deficiencia-bpc\" target=\"_blank\" rel=\"noreferrer noopener\">BPC<\/a>), o abono salarial e a possibilidade de usar saldos de fundos nacionais para abater a d\u00edvida p\u00fablica. Este pacote divide-se em quatro projetos principais, mencionados por causarem debates acalorados no Congresso Nacional.<\/p>\n\n\n\n<h2 class=\"wp-block-heading\">Quais s\u00e3o as altera\u00e7\u00f5es propostas para o BPC?<\/h2>\n\n\n\n<p>Uma das propostas do governo envolvia regulamenta\u00e7\u00f5es mais r\u00edgidas para o acesso ao Benef\u00edcio de Presta\u00e7\u00e3o Continuada. No entanto, essas regras foram abrandadas durante a tramita\u00e7\u00e3o legislativa a fim de alinhar o texto \u00e0s exig\u00eancias dos parlamentares. O BPC destina-se a pessoas com defici\u00eancia e idosos com baixos recursos financeiros, garantindo-lhes um sal\u00e1rio m\u00ednimo mensal, e mudan\u00e7as propostas originalmente prejudicariam o acesso a esse benef\u00edcio.<\/p>\n\n\n\n<p>O governo havia proposto defini\u00e7\u00f5es de elegibilidade mais restritivas, como a determina\u00e7\u00e3o de defici\u00eancia incapacitante para a vida independente e o trabalho. Este ponto foi retirado ap\u00f3s di\u00e1logo no Congresso. Adicionou-se ainda que a avalia\u00e7\u00e3o para concess\u00e3o deve considerar a defici\u00eancia moderada ou grave, com uma defini\u00e7\u00e3o mais abrangente e inclusiva da defici\u00eancia.<\/p>\n\n\n\n<h2 class=\"wp-block-heading\">Impacto nos sal\u00e1rios e supera\u00e7\u00e3o da infla\u00e7\u00e3o<\/h2>\n\n\n\n<p>A valoriza\u00e7\u00e3o do sal\u00e1rio m\u00ednimo tamb\u00e9m est\u00e1 na mira das propostas. Atualmente, a valoriza\u00e7\u00e3o do sal\u00e1rio segue a soma da infla\u00e7\u00e3o com o crescimento do Produto Interno Bruto (PIB). A nova proposta limita o aumento do sal\u00e1rio ao crescimento das despesas do governo, o que tem o potencial de economizar bilh\u00f5es nos pr\u00f3ximos anos, mas n\u00e3o sem afetar aposentadorias e pens\u00f5es vinculadas ao sal\u00e1rio m\u00ednimo.<\/p>\n\n\n<div class=\"wp-block-image\">\n<figure class=\"aligncenter size-large\"><img loading=\"lazy\" decoding=\"async\" width=\"1024\" height=\"576\" src=\"https:\/\/www.em.com.br\/emfoco\/wp-content\/uploads\/2024\/12\/Brazil-Money_1734624688333-1024x576.jpg\" alt=\"\" class=\"wp-image-5727\" srcset=\"https:\/\/www.em.com.br\/emfoco\/wp-content\/uploads\/2024\/12\/Brazil-Money_1734624688333-1024x576.jpg 1024w, https:\/\/www.em.com.br\/emfoco\/wp-content\/uploads\/2024\/12\/Brazil-Money_1734624688333-300x169.jpg 300w, https:\/\/www.em.com.br\/emfoco\/wp-content\/uploads\/2024\/12\/Brazil-Money_1734624688333-768x432.jpg 768w, https:\/\/www.em.com.br\/emfoco\/wp-content\/uploads\/2024\/12\/Brazil-Money_1734624688333-750x422.jpg 750w, https:\/\/www.em.com.br\/emfoco\/wp-content\/uploads\/2024\/12\/Brazil-Money_1734624688333-1140x641.jpg 1140w, https:\/\/www.em.com.br\/emfoco\/wp-content\/uploads\/2024\/12\/Brazil-Money_1734624688333.jpg 1280w\" sizes=\"auto, (max-width: 1024px) 100vw, 1024px\" \/><figcaption class=\"wp-element-caption\">Dinheiro &#8211; Cr\u00e9ditos: depositphotos.com \/ sidneydealmeida<\/figcaption><\/figure><\/div>\n\n\n<p>Essa proposta levanta preocupa\u00e7\u00f5es, j\u00e1 que a limita\u00e7\u00e3o do aumento real pode impactar diretamente a capacidade de compra daqueles que dependem do sal\u00e1rio m\u00ednimo. A regra proposta poderia colocar um freio em aumentos al\u00e9m dos \u00edndices econ\u00f4micos fundamentais, algo que poderia ajudar na economia, mas desafiar o cotidiano de muitos brasileiros.<\/p>\n\n\n\n<h2 class=\"wp-block-heading\">Quest\u00f5es adicionais do pacote de medidas<\/h2>\n\n\n\n<p>Outras medidas incluem a exig\u00eancia de cadastro biom\u00e9trico para a manuten\u00e7\u00e3o de benef\u00edcios sociais. At\u00e9 ent\u00e3o, essa exig\u00eancia era obrigat\u00f3ria apenas para o BPC, mas pode ser expandida para outras formas de aux\u00edlio social, melhorando a seguran\u00e7a e precis\u00e3o na entrega dos benef\u00edcios. Al\u00e9m disso, o pacote prop\u00f5e um maior rigor no controle de programas como o Bolsa Fam\u00edlia e o Proagro.<\/p>\n\n\n\n<p>Nas condi\u00e7\u00f5es atuais, o controle sobre o Bolsa Fam\u00edlia pode ser aumentado, permitindo ao Governo ajustar condi\u00e7\u00f5es de elegibilidade e tempo de perman\u00eancia no programa a partir de atos do Poder Executivo. Por sua vez, o Proagro enfrentar\u00e1 uma restri\u00e7\u00e3o or\u00e7ament\u00e1ria mais r\u00edgida, alocando seus recursos conforme o or\u00e7amento j\u00e1 previsto.<\/p>\n\n\n\n<h2 class=\"wp-block-heading\">O que esperar das mudan\u00e7as propostas?<\/h2>\n\n\n\n<p>Com diversas altera\u00e7\u00f5es e um ambiente de intensa negocia\u00e7\u00e3o no Congresso, a implementa\u00e7\u00e3o desse pacote de medidas pode levar a um cen\u00e1rio misto. Espera-se que algumas das propostas aliviem o d\u00e9ficit nas contas p\u00fablicas, mas n\u00e3o sem afetar diretamente v\u00e1rias camadas da popula\u00e7\u00e3o que dependem de aux\u00edlio governamental e de ajustes no sal\u00e1rio m\u00ednimo.<\/p>\n\n\n\n<p>Essas medidas reformatadas continuam enfrentando oposi\u00e7\u00e3o, j\u00e1 que equilibrar a necessidade de rigidez fiscal com o impacto social imediato \u00e9 um desafio cont\u00ednuo para o governo. O ajuste entre incremento de receita e preserva\u00e7\u00e3o das condi\u00e7\u00f5es sociais b\u00e1sicas dever\u00e1 ser um dos grandes debates nos pr\u00f3ximos meses.<\/p>\n","protected":false},"excerpt":{"rendered":"<p>O governo brasileiro est\u00e1 em um momento crucial, buscando implementar um pacote de medidas de corte de gastos que visa n\u00e3o s\u00f3 equilibrar as contas p\u00fablicas, mas tamb\u00e9m assegurar o cumprimento do novo arcabou\u00e7o fiscal. Esta tentativa de controle fiscal est\u00e1 sendo observada de perto pelo mercado financeiro, que est\u00e1 preocupado com a efetividade das [&hellip;]<\/p>\n","protected":false},"author":7,"featured_media":5003,"comment_status":"open","ping_status":"open","sticky":false,"template":"","format":"standard","meta":{"jnews-multi-image_gallery":[],"jnews_single_post":{"format":"standard"},"jnews_primary_category":[],"jnews_social_meta":[],"jnews_override_counter":[],"footnotes":""},"categories":[28],"tags":[2216,986,1176,717],"class_list":["post-5769","post","type-post","status-publish","format-standard","has-post-thumbnail","hentry","category-economia","tag-austeridade","tag-beneficios-sociais","tag-economia-brasileira","tag-salario-minimo"],"yoast_head":"<!-- This site is optimized with the Yoast SEO plugin v23.8 - https:\/\/yoast.com\/wordpress\/plugins\/seo\/ -->\n<title>BPC e Fundo do DF: o que muda com o novo ajuste fiscal? - Estado de Minas - Em foco<\/title>\n<meta name=\"description\" content=\"An\u00e1lise das rea\u00e7\u00f5es do mercado financeiro e impacto social das propostas de corte de gastos do governo brasileiro, incluindo altera\u00e7\u00f5es no BPC e sal\u00e1rio m\u00ednimo.\" \/>\n<meta name=\"robots\" content=\"index, follow, max-snippet:-1, max-image-preview:large, max-video-preview:-1\" \/>\n<link rel=\"canonical\" href=\"https:\/\/www.em.com.br\/emfoco\/2024\/12\/20\/bpc-e-fundo-do-df-o-que-muda-com-o-novo-ajuste-fiscal\/\" \/>\n<meta property=\"og:locale\" content=\"pt_BR\" \/>\n<meta property=\"og:type\" content=\"article\" \/>\n<meta property=\"og:title\" content=\"BPC e Fundo do DF: o que muda com o novo ajuste fiscal? - Estado de Minas - Em foco\" \/>\n<meta property=\"og:description\" content=\"An\u00e1lise das rea\u00e7\u00f5es do mercado financeiro e impacto social das propostas de corte de gastos do governo brasileiro, incluindo altera\u00e7\u00f5es no BPC e sal\u00e1rio m\u00ednimo.\" \/>\n<meta property=\"og:url\" content=\"https:\/\/www.em.com.br\/emfoco\/2024\/12\/20\/bpc-e-fundo-do-df-o-que-muda-com-o-novo-ajuste-fiscal\/\" \/>\n<meta property=\"og:site_name\" content=\"Estado de Minas - Em foco\" \/>\n<meta property=\"article:published_time\" content=\"2024-12-20T20:00:00+00:00\" \/>\n<meta property=\"article:modified_time\" content=\"2024-12-19T17:50:02+00:00\" \/>\n<meta property=\"og:image\" content=\"https:\/\/www.em.com.br\/emfoco\/wp-content\/uploads\/2024\/12\/Idosos_1734194756779.jpg\" \/>\n\t<meta property=\"og:image:width\" content=\"1280\" \/>\n\t<meta property=\"og:image:height\" content=\"720\" \/>\n\t<meta property=\"og:image:type\" content=\"image\/jpeg\" \/>\n<meta name=\"author\" content=\"Kelvin\" \/>\n<meta name=\"twitter:card\" content=\"summary_large_image\" \/>\n<meta name=\"twitter:label1\" content=\"Escrito por\" \/>\n\t<meta name=\"twitter:data1\" content=\"Kelvin\" \/>\n\t<meta name=\"twitter:label2\" content=\"Est. tempo de leitura\" \/>\n\t<meta name=\"twitter:data2\" content=\"4 minutos\" \/>\n<!-- \/ Yoast SEO plugin. -->","yoast_head_json":{"title":"BPC e Fundo do DF: o que muda com o novo ajuste fiscal? - Estado de Minas - Em foco","description":"An\u00e1lise das rea\u00e7\u00f5es do mercado financeiro e impacto social das propostas de corte de gastos do governo brasileiro, incluindo altera\u00e7\u00f5es no BPC e sal\u00e1rio m\u00ednimo.","robots":{"index":"index","follow":"follow","max-snippet":"max-snippet:-1","max-image-preview":"max-image-preview:large","max-video-preview":"max-video-preview:-1"},"canonical":"https:\/\/www.em.com.br\/emfoco\/2024\/12\/20\/bpc-e-fundo-do-df-o-que-muda-com-o-novo-ajuste-fiscal\/","og_locale":"pt_BR","og_type":"article","og_title":"BPC e Fundo do DF: o que muda com o novo ajuste fiscal? - Estado de Minas - Em foco","og_description":"An\u00e1lise das rea\u00e7\u00f5es do mercado financeiro e impacto social das propostas de corte de gastos do governo brasileiro, incluindo altera\u00e7\u00f5es no BPC e sal\u00e1rio m\u00ednimo.","og_url":"https:\/\/www.em.com.br\/emfoco\/2024\/12\/20\/bpc-e-fundo-do-df-o-que-muda-com-o-novo-ajuste-fiscal\/","og_site_name":"Estado de Minas - Em foco","article_published_time":"2024-12-20T20:00:00+00:00","article_modified_time":"2024-12-19T17:50:02+00:00","og_image":[{"width":1280,"height":720,"url":"https:\/\/www.em.com.br\/emfoco\/wp-content\/uploads\/2024\/12\/Idosos_1734194756779.jpg","type":"image\/jpeg"}],"author":"Kelvin","twitter_card":"summary_large_image","twitter_misc":{"Escrito por":"Kelvin","Est. tempo de leitura":"4 minutos"},"schema":{"@context":"https:\/\/schema.org","@graph":[{"@type":"WebPage","@id":"https:\/\/www.em.com.br\/emfoco\/2024\/12\/20\/bpc-e-fundo-do-df-o-que-muda-com-o-novo-ajuste-fiscal\/","url":"https:\/\/www.em.com.br\/emfoco\/2024\/12\/20\/bpc-e-fundo-do-df-o-que-muda-com-o-novo-ajuste-fiscal\/","name":"BPC e Fundo do DF: o que muda com o novo ajuste fiscal? - Estado de Minas - Em foco","isPartOf":{"@id":"https:\/\/www.em.com.br\/emfoco\/#website"},"primaryImageOfPage":{"@id":"https:\/\/www.em.com.br\/emfoco\/2024\/12\/20\/bpc-e-fundo-do-df-o-que-muda-com-o-novo-ajuste-fiscal\/#primaryimage"},"image":{"@id":"https:\/\/www.em.com.br\/emfoco\/2024\/12\/20\/bpc-e-fundo-do-df-o-que-muda-com-o-novo-ajuste-fiscal\/#primaryimage"},"thumbnailUrl":"https:\/\/www.em.com.br\/emfoco\/wp-content\/uploads\/2024\/12\/Idosos_1734194756779.jpg","datePublished":"2024-12-20T20:00:00+00:00","dateModified":"2024-12-19T17:50:02+00:00","author":{"@id":"https:\/\/www.em.com.br\/emfoco\/#\/schema\/person\/fb0a7f48c6fbb94b83f413a80f61917d"},"description":"An\u00e1lise das rea\u00e7\u00f5es do mercado financeiro e impacto social das propostas de corte de gastos do governo brasileiro, incluindo altera\u00e7\u00f5es no BPC e sal\u00e1rio m\u00ednimo.","breadcrumb":{"@id":"https:\/\/www.em.com.br\/emfoco\/2024\/12\/20\/bpc-e-fundo-do-df-o-que-muda-com-o-novo-ajuste-fiscal\/#breadcrumb"},"inLanguage":"pt-BR","potentialAction":[{"@type":"ReadAction","target":["https:\/\/www.em.com.br\/emfoco\/2024\/12\/20\/bpc-e-fundo-do-df-o-que-muda-com-o-novo-ajuste-fiscal\/"]}]},{"@type":"ImageObject","inLanguage":"pt-BR","@id":"https:\/\/www.em.com.br\/emfoco\/2024\/12\/20\/bpc-e-fundo-do-df-o-que-muda-com-o-novo-ajuste-fiscal\/#primaryimage","url":"https:\/\/www.em.com.br\/emfoco\/wp-content\/uploads\/2024\/12\/Idosos_1734194756779.jpg","contentUrl":"https:\/\/www.em.com.br\/emfoco\/wp-content\/uploads\/2024\/12\/Idosos_1734194756779.jpg","width":1280,"height":720,"caption":"Aponsetado - Cr\u00e9ditos: depositphotos.com \/ AndrewLozovyi"},{"@type":"BreadcrumbList","@id":"https:\/\/www.em.com.br\/emfoco\/2024\/12\/20\/bpc-e-fundo-do-df-o-que-muda-com-o-novo-ajuste-fiscal\/#breadcrumb","itemListElement":[{"@type":"ListItem","position":1,"name":"In\u00edcio","item":"https:\/\/www.em.com.br\/emfoco\/"},{"@type":"ListItem","position":2,"name":"BPC e Fundo do DF: o que muda com o novo ajuste fiscal?"}]},{"@type":"WebSite","@id":"https:\/\/www.em.com.br\/emfoco\/#website","url":"https:\/\/www.em.com.br\/emfoco\/","name":"Estado de Minas - Em foco","description":"Acompanhe as \u00faltimas not\u00edcias e fique bem informado sobre tudo o que acontece em Minas Gerais, Brasil e no mundo.","potentialAction":[{"@type":"SearchAction","target":{"@type":"EntryPoint","urlTemplate":"https:\/\/www.em.com.br\/emfoco\/?s={search_term_string}"},"query-input":{"@type":"PropertyValueSpecification","valueRequired":true,"valueName":"search_term_string"}}],"inLanguage":"pt-BR"},{"@type":"Person","@id":"https:\/\/www.em.com.br\/emfoco\/#\/schema\/person\/fb0a7f48c6fbb94b83f413a80f61917d","name":"Kelvin","image":{"@type":"ImageObject","inLanguage":"pt-BR","@id":"https:\/\/www.em.com.br\/emfoco\/#\/schema\/person\/image\/","url":"https:\/\/secure.gravatar.com\/avatar\/e74f84337e6bf6c4c5e88fbdffa05270?s=96&d=mm&r=g","contentUrl":"https:\/\/secure.gravatar.com\/avatar\/e74f84337e6bf6c4c5e88fbdffa05270?s=96&d=mm&r=g","caption":"Kelvin"},"sameAs":["https:\/\/www.em.com.br\/emfoco"],"url":"https:\/\/www.em.com.br\/emfoco\/author\/kelvinmyth\/"}]}},"_links":{"self":[{"href":"https:\/\/www.em.com.br\/emfoco\/wp-json\/wp\/v2\/posts\/5769","targetHints":{"allow":["GET"]}}],"collection":[{"href":"https:\/\/www.em.com.br\/emfoco\/wp-json\/wp\/v2\/posts"}],"about":[{"href":"https:\/\/www.em.com.br\/emfoco\/wp-json\/wp\/v2\/types\/post"}],"author":[{"embeddable":true,"href":"https:\/\/www.em.com.br\/emfoco\/wp-json\/wp\/v2\/users\/7"}],"replies":[{"embeddable":true,"href":"https:\/\/www.em.com.br\/emfoco\/wp-json\/wp\/v2\/comments?post=5769"}],"version-history":[{"count":2,"href":"https:\/\/www.em.com.br\/emfoco\/wp-json\/wp\/v2\/posts\/5769\/revisions"}],"predecessor-version":[{"id":5772,"href":"https:\/\/www.em.com.br\/emfoco\/wp-json\/wp\/v2\/posts\/5769\/revisions\/5772"}],"wp:featuredmedia":[{"embeddable":true,"href":"https:\/\/www.em.com.br\/emfoco\/wp-json\/wp\/v2\/media\/5003"}],"wp:attachment":[{"href":"https:\/\/www.em.com.br\/emfoco\/wp-json\/wp\/v2\/media?parent=5769"}],"wp:term":[{"taxonomy":"category","embeddable":true,"href":"https:\/\/www.em.com.br\/emfoco\/wp-json\/wp\/v2\/categories?post=5769"},{"taxonomy":"post_tag","embeddable":true,"href":"https:\/\/www.em.com.br\/emfoco\/wp-json\/wp\/v2\/tags?post=5769"}],"curies":[{"name":"wp","href":"https:\/\/api.w.org\/{rel}","templated":true}]}}