{"id":57667,"date":"2025-06-10T14:20:00","date_gmt":"2025-06-10T17:20:00","guid":{"rendered":"https:\/\/www.em.com.br\/emfoco\/?p=57667"},"modified":"2025-06-09T09:46:34","modified_gmt":"2025-06-09T12:46:34","slug":"o-que-acontece-com-seu-corpo-quando-voce-consome-cafeina-e-quando-isso-pode-se-tornar-um-problema","status":"publish","type":"post","link":"https:\/\/www.em.com.br\/emfoco\/2025\/06\/10\/o-que-acontece-com-seu-corpo-quando-voce-consome-cafeina-e-quando-isso-pode-se-tornar-um-problema\/","title":{"rendered":"O que acontece com seu corpo quando voc\u00ea consome cafe\u00edna e quando isso pode se tornar um problema"},"content":{"rendered":"\n<p>A cafe\u00edna est\u00e1 presente em muitos dos h\u00e1bitos di\u00e1rios de milh\u00f5es de pessoas ao redor do mundo, seja no caf\u00e9, no ch\u00e1, em refrigerantes ou bebidas energ\u00e9ticas. Este composto \u00e9 conhecido por proporcionar sensa\u00e7\u00e3o de alerta e disposi\u00e7\u00e3o, mas tamb\u00e9m desperta d\u00favidas sobre seus efeitos a longo prazo e os limites seguros de consumo. Ao longo dos anos, pesquisas t\u00eam buscado compreender como a cafe\u00edna age no organismo e quais benef\u00edcios e riscos ela pode trazer para a sa\u00fade.<\/p>\n\n\n\n<p>Naturalmente encontrada em diversas plantas, a cafe\u00edna \u00e9 consumida h\u00e1 s\u00e9culos em diferentes culturas. O caf\u00e9, por exemplo, \u00e9 uma das bebidas mais populares do planeta, enquanto o ch\u00e1 e o guaran\u00e1 tamb\u00e9m desempenham papel importante em v\u00e1rias regi\u00f5es. Apesar de ser amplamente utilizada para combater o cansa\u00e7o e melhorar o desempenho mental, a subst\u00e2ncia pode ter efeitos variados de acordo com a quantidade ingerida, a sensibilidade individual e o contexto de consumo.<\/p>\n\n\n\n<h2 class=\"wp-block-heading\">Como a cafe\u00edna atua no corpo humano?<\/h2>\n\n\n\n<p><strong>Ao ser ingerida, a cafe\u00edna \u00e9 rapidamente absorvida pelo trato digestivo e distribu\u00edda pela corrente sangu\u00ednea. Sua principal a\u00e7\u00e3o ocorre no sistema nervoso central, onde bloqueia os receptores de adenosina, uma mol\u00e9cula respons\u00e1vel por induzir o sono e promover o relaxamento.<\/strong> Ao impedir a a\u00e7\u00e3o da adenosina, a cafe\u00edna aumenta o estado de vig\u00edlia, reduz a sensa\u00e7\u00e3o de fadiga e pode melhorar a concentra\u00e7\u00e3o.<\/p>\n\n\n\n<p><strong>Al\u00e9m disso, a cafe\u00edna estimula a libera\u00e7\u00e3o de neurotransmissores como dopamina e adrenalina, o que pode resultar em maior sensa\u00e7\u00e3o de energia e disposi\u00e7\u00e3o.<\/strong> Em doses moderadas, esses efeitos s\u00e3o geralmente bem tolerados pela maioria das pessoas. No entanto, o consumo excessivo pode levar a sintomas como <strong><a href=\"https:\/\/www.em.com.br\/emfoco\/2025\/06\/09\/voce-sabia-que-sonhar-que-esta-caindo-e-um-dos-sinais-mais-comuns-de-ansiedade\/\" target=\"_blank\" rel=\"noreferrer noopener\">ansiedade<\/a><\/strong>, irritabilidade, ins\u00f4nia e palpita\u00e7\u00f5es card\u00edacas.<\/p>\n\n\n\n<figure class=\"wp-block-image size-large\"><img loading=\"lazy\" decoding=\"async\" width=\"1024\" height=\"576\" src=\"https:\/\/www.em.com.br\/emfoco\/wp-content\/uploads\/2025\/04\/Coffee_1744206805921-1024x576.jpg\" alt=\"Beber caf\u00e9 faz bem? Conhe\u00e7a os benef\u00edcios para seu corpo e sua mente!\" class=\"wp-image-36635\" srcset=\"https:\/\/www.em.com.br\/emfoco\/wp-content\/uploads\/2025\/04\/Coffee_1744206805921-1024x576.jpg 1024w, https:\/\/www.em.com.br\/emfoco\/wp-content\/uploads\/2025\/04\/Coffee_1744206805921-300x169.jpg 300w, https:\/\/www.em.com.br\/emfoco\/wp-content\/uploads\/2025\/04\/Coffee_1744206805921-768x432.jpg 768w, https:\/\/www.em.com.br\/emfoco\/wp-content\/uploads\/2025\/04\/Coffee_1744206805921-750x422.jpg 750w, https:\/\/www.em.com.br\/emfoco\/wp-content\/uploads\/2025\/04\/Coffee_1744206805921-1140x641.jpg 1140w, https:\/\/www.em.com.br\/emfoco\/wp-content\/uploads\/2025\/04\/Coffee_1744206805921.jpg 1280w\" sizes=\"auto, (max-width: 1024px) 100vw, 1024px\" \/><figcaption class=\"wp-element-caption\">Caf\u00e9 &#8211; Cr\u00e9ditos: depositphotos.com \/ Valentyn_Volkov<\/figcaption><\/figure>\n\n\n\n<h2 class=\"wp-block-heading\">Quais s\u00e3o os benef\u00edcios do consumo moderado de cafe\u00edna?<\/h2>\n\n\n\n<p><strong>Diversos estudos cient\u00edficos t\u00eam associado o consumo regular e moderado de cafe\u00edna a benef\u00edcios para a sa\u00fade.<\/strong> Entre eles, destaca-se a poss\u00edvel redu\u00e7\u00e3o do risco de doen\u00e7as neurodegenerativas, como o Alzheimer e o Parkinson, especialmente em pessoas que consomem caf\u00e9 diariamente. <strong>A cafe\u00edna tamb\u00e9m pode contribuir para a melhora do desempenho f\u00edsico, j\u00e1 que aumenta a capacidade de contra\u00e7\u00e3o muscular e a toler\u00e2ncia ao esfor\u00e7o durante atividades esportivas.<\/strong><\/p>\n\n\n\n<p><strong>Al\u00e9m disso, pesquisas sugerem que o consumo de caf\u00e9 pode estar relacionado \u00e0 diminui\u00e7\u00e3o do risco de <a href=\"https:\/\/altadiagnosticos.com.br\/saude\/diabetes-tipo-2\" target=\"_blank\" rel=\"noreferrer noopener\">diabetes tipo 2<\/a> e de certos tipos de c\u00e2ncer.<\/strong> O efeito protetor da cafe\u00edna sobre o humor tamb\u00e9m tem sido observado, com menor incid\u00eancia de sintomas depressivos entre consumidores regulares. Vale ressaltar que outros compostos presentes nas bebidas cafeinadas, como polifen\u00f3is e antioxidantes, tamb\u00e9m desempenham papel importante nesses benef\u00edcios. Novos estudos tamb\u00e9m sugerem que a cafe\u00edna pode ajudar na fun\u00e7\u00e3o cognitiva e na prote\u00e7\u00e3o do f\u00edgado, al\u00e9m de ser explorada como poss\u00edvel aliada no tratamento de algumas dores de cabe\u00e7a e enxaquecas.<\/p>\n\n\n\n<h2 class=\"wp-block-heading\">Quanta cafe\u00edna \u00e9 considerada segura por dia?<\/h2>\n\n\n\n<p><strong>A quantidade segura de cafe\u00edna pode variar de acordo com fatores como idade, peso, condi\u00e7\u00f5es de sa\u00fade e predisposi\u00e7\u00e3o gen\u00e9tica.<\/strong> <strong>De modo geral, autoridades de sa\u00fade recomendam que adultos saud\u00e1veis n\u00e3o ultrapassem 400 mg de cafe\u00edna por dia, o que equivale a cerca de quatro x\u00edcaras de caf\u00e9 filtrado.<\/strong> Para gestantes, lactantes e pessoas sens\u00edveis \u00e0 subst\u00e2ncia, o limite \u00e9 ainda menor, geralmente em torno de 200 mg di\u00e1rios.<\/p>\n\n\n\n<ul class=\"wp-block-list\">\n<li><strong>Caf\u00e9 filtrado:<\/strong> aproximadamente 80-100 mg por x\u00edcara<\/li>\n\n\n\n<li><strong>Ch\u00e1 preto:<\/strong> cerca de 40-70 mg por x\u00edcara<\/li>\n\n\n\n<li><strong>Bebidas energ\u00e9ticas:<\/strong> variam de 75 a 160 mg por lata<\/li>\n\n\n\n<li><strong>Refrigerantes \u00e0 base de cola:<\/strong> entre 30 e 50 mg por lata<\/li>\n<\/ul>\n\n\n\n<p><strong>\u00c9 importante considerar que o teor de cafe\u00edna pode variar bastante dependendo do m\u00e9todo de preparo, da quantidade utilizada e do tipo de bebida.<\/strong> O consumo acima do recomendado pode aumentar o risco de efeitos adversos, como dist\u00farbios do sono, aumento da press\u00e3o arterial e depend\u00eancia f\u00edsica. Novas orienta\u00e7\u00f5es sugerem tamb\u00e9m aten\u00e7\u00e3o ao consumo combinado de diferentes fontes de cafe\u00edna ao longo do dia, pois a soma pode ultrapassar facilmente os limites recomendados sem percep\u00e7\u00e3o consciente.<\/p>\n\n\n\n<h2 class=\"wp-block-heading\">Quais s\u00e3o os riscos do consumo excessivo de cafe\u00edna?<\/h2>\n\n\n\n<p><strong>Embora a ingest\u00e3o moderada de cafe\u00edna seja considerada segura para a maioria das pessoas, o excesso pode trazer consequ\u00eancias negativas.<\/strong> Entre os sintomas mais comuns est\u00e3o ins\u00f4nia, agita\u00e7\u00e3o, dores de cabe\u00e7a, n\u00e1useas e palpita\u00e7\u00f5es. <strong>Em casos mais graves, pode ocorrer arritmia card\u00edaca e aumento do risco de problemas cardiovasculares, especialmente em indiv\u00edduos predispostos.<\/strong><\/p>\n\n\n\n<p><strong>Durante a gravidez, a cafe\u00edna atravessa a placenta e pode afetar o desenvolvimento do feto, sendo recomendada a restri\u00e7\u00e3o do consumo.<\/strong> Crian\u00e7as e adolescentes tamb\u00e9m devem evitar grandes quantidades, pois s\u00e3o mais sens\u00edveis aos efeitos estimulantes. <strong>Al\u00e9m disso, a interrup\u00e7\u00e3o abrupta do consumo em pessoas habituadas pode causar sintomas de abstin\u00eancia, como irritabilidade e fadiga.<\/strong> Estudos recentes tamb\u00e9m alertam para poss\u00edveis impactos no metabolismo \u00f3sseo, aumento de refluxo gastroesof\u00e1gico e agravamento de quadros de ansiedade em pessoas predispostas.<\/p>\n\n\n\n<h2 class=\"wp-block-heading\">Como aproveitar os benef\u00edcios da cafe\u00edna de forma segura?<\/h2>\n\n\n\n<p><strong>Para usufruir dos efeitos positivos da cafe\u00edna sem prejudicar a sa\u00fade, recomenda-se aten\u00e7\u00e3o \u00e0 quantidade ingerida ao longo do dia e ao hor\u00e1rio de consumo.<\/strong> <strong>Evitar bebidas cafeinadas no per\u00edodo noturno pode ajudar a preservar a qualidade do sono.<\/strong> <strong>Pessoas com condi\u00e7\u00f5es m\u00e9dicas espec\u00edficas, como hipertens\u00e3o ou dist\u00farbios do sono, devem consultar um profissional de sa\u00fade antes de aumentar o consumo.<\/strong><\/p>\n\n\n\n<ol class=\"wp-block-list\">\n<li><strong>Observe a quantidade total de cafe\u00edna ingerida diariamente.<\/strong><\/li>\n\n\n\n<li><strong>Prefira consumir bebidas cafeinadas durante a manh\u00e3 ou in\u00edcio da tarde.<\/strong><\/li>\n\n\n\n<li><strong>Esteja atento a sinais de excesso, como ansiedade ou dificuldade para dormir.<\/strong><\/li>\n\n\n\n<li><strong>Considere alternativas descafeinadas, se necess\u00e1rio.<\/strong><\/li>\n<\/ol>\n\n\n\n<p><strong>Com equil\u00edbrio e informa\u00e7\u00e3o, \u00e9 poss\u00edvel incluir a cafe\u00edna na rotina de maneira saud\u00e1vel, aproveitando seus benef\u00edcios e minimizando os riscos associados ao consumo exagerado.<\/strong> Al\u00e9m dessas dicas, manter uma alimenta\u00e7\u00e3o equilibrada e praticar atividades f\u00edsicas regulares potencializa os benef\u00edcios da cafe\u00edna e contribui para uma vida mais saud\u00e1vel.<\/p>\n","protected":false},"excerpt":{"rendered":"<p>A cafe\u00edna est\u00e1 presente em muitos dos h\u00e1bitos di\u00e1rios de milh\u00f5es de pessoas ao redor do mundo, seja no caf\u00e9, no ch\u00e1, em refrigerantes ou bebidas energ\u00e9ticas. Este composto \u00e9 conhecido por proporcionar sensa\u00e7\u00e3o de alerta e disposi\u00e7\u00e3o, mas tamb\u00e9m desperta d\u00favidas sobre seus efeitos a longo prazo e os limites seguros de consumo. Ao [&hellip;]<\/p>\n","protected":false},"author":13,"featured_media":36636,"comment_status":"open","ping_status":"open","sticky":false,"template":"","format":"standard","meta":{"jnews-multi-image_gallery":[],"jnews_single_post":{"format":"standard"},"jnews_primary_category":[],"jnews_social_meta":[],"jnews_override_counter":[],"footnotes":""},"categories":[8819],"tags":[711,1579,6066,415],"class_list":["post-57667","post","type-post","status-publish","format-standard","has-post-thumbnail","hentry","category-curiosidades","tag-bem-estar","tag-cafe","tag-cafeina","tag-saude"],"yoast_head":"<!-- This site is optimized with the Yoast SEO plugin v23.8 - https:\/\/yoast.com\/wordpress\/plugins\/seo\/ -->\n<title>O que acontece com seu corpo quando voc\u00ea consome cafe\u00edna e quando isso pode se tornar um problema - Estado de Minas - Em foco<\/title>\n<meta name=\"description\" content=\"A cafe\u00edna pode trazer foco e energia, mas o excesso esconde riscos graves para o corpo. Saiba como consumir com seguran\u00e7a.\" \/>\n<meta name=\"robots\" content=\"index, follow, max-snippet:-1, max-image-preview:large, max-video-preview:-1\" \/>\n<link rel=\"canonical\" href=\"https:\/\/www.em.com.br\/emfoco\/2025\/06\/10\/o-que-acontece-com-seu-corpo-quando-voce-consome-cafeina-e-quando-isso-pode-se-tornar-um-problema\/\" \/>\n<meta property=\"og:locale\" content=\"pt_BR\" \/>\n<meta property=\"og:type\" content=\"article\" \/>\n<meta property=\"og:title\" content=\"O que acontece com seu corpo quando voc\u00ea consome cafe\u00edna e quando isso pode se tornar um problema - Estado de Minas - Em foco\" \/>\n<meta property=\"og:description\" content=\"A cafe\u00edna pode trazer foco e energia, mas o excesso esconde riscos graves para o corpo. Saiba como consumir com seguran\u00e7a.\" \/>\n<meta property=\"og:url\" content=\"https:\/\/www.em.com.br\/emfoco\/2025\/06\/10\/o-que-acontece-com-seu-corpo-quando-voce-consome-cafeina-e-quando-isso-pode-se-tornar-um-problema\/\" \/>\n<meta property=\"og:site_name\" content=\"Estado de Minas - Em foco\" \/>\n<meta property=\"article:published_time\" content=\"2025-06-10T17:20:00+00:00\" \/>\n<meta property=\"article:modified_time\" content=\"2025-06-09T12:46:34+00:00\" \/>\n<meta property=\"og:image\" content=\"https:\/\/www.em.com.br\/emfoco\/wp-content\/uploads\/2025\/04\/Coffee_1744206842612.jpg\" \/>\n\t<meta property=\"og:image:width\" content=\"1280\" \/>\n\t<meta property=\"og:image:height\" content=\"720\" \/>\n\t<meta property=\"og:image:type\" content=\"image\/jpeg\" \/>\n<meta name=\"author\" content=\"Gabriel Martins\" \/>\n<meta name=\"twitter:card\" content=\"summary_large_image\" \/>\n<meta name=\"twitter:label1\" content=\"Escrito por\" \/>\n\t<meta name=\"twitter:data1\" content=\"Gabriel Martins\" \/>\n\t<meta name=\"twitter:label2\" content=\"Est. tempo de leitura\" \/>\n\t<meta name=\"twitter:data2\" content=\"6 minutos\" \/>\n<!-- \/ Yoast SEO plugin. -->","yoast_head_json":{"title":"O que acontece com seu corpo quando voc\u00ea consome cafe\u00edna e quando isso pode se tornar um problema - Estado de Minas - Em foco","description":"A cafe\u00edna pode trazer foco e energia, mas o excesso esconde riscos graves para o corpo. Saiba como consumir com seguran\u00e7a.","robots":{"index":"index","follow":"follow","max-snippet":"max-snippet:-1","max-image-preview":"max-image-preview:large","max-video-preview":"max-video-preview:-1"},"canonical":"https:\/\/www.em.com.br\/emfoco\/2025\/06\/10\/o-que-acontece-com-seu-corpo-quando-voce-consome-cafeina-e-quando-isso-pode-se-tornar-um-problema\/","og_locale":"pt_BR","og_type":"article","og_title":"O que acontece com seu corpo quando voc\u00ea consome cafe\u00edna e quando isso pode se tornar um problema - Estado de Minas - Em foco","og_description":"A cafe\u00edna pode trazer foco e energia, mas o excesso esconde riscos graves para o corpo. Saiba como consumir com seguran\u00e7a.","og_url":"https:\/\/www.em.com.br\/emfoco\/2025\/06\/10\/o-que-acontece-com-seu-corpo-quando-voce-consome-cafeina-e-quando-isso-pode-se-tornar-um-problema\/","og_site_name":"Estado de Minas - Em foco","article_published_time":"2025-06-10T17:20:00+00:00","article_modified_time":"2025-06-09T12:46:34+00:00","og_image":[{"width":1280,"height":720,"url":"https:\/\/www.em.com.br\/emfoco\/wp-content\/uploads\/2025\/04\/Coffee_1744206842612.jpg","type":"image\/jpeg"}],"author":"Gabriel Martins","twitter_card":"summary_large_image","twitter_misc":{"Escrito por":"Gabriel Martins","Est. tempo de leitura":"6 minutos"},"schema":{"@context":"https:\/\/schema.org","@graph":[{"@type":"WebPage","@id":"https:\/\/www.em.com.br\/emfoco\/2025\/06\/10\/o-que-acontece-com-seu-corpo-quando-voce-consome-cafeina-e-quando-isso-pode-se-tornar-um-problema\/","url":"https:\/\/www.em.com.br\/emfoco\/2025\/06\/10\/o-que-acontece-com-seu-corpo-quando-voce-consome-cafeina-e-quando-isso-pode-se-tornar-um-problema\/","name":"O que acontece com seu corpo quando voc\u00ea consome cafe\u00edna e quando isso pode se tornar um problema - Estado de Minas - Em foco","isPartOf":{"@id":"https:\/\/www.em.com.br\/emfoco\/#website"},"primaryImageOfPage":{"@id":"https:\/\/www.em.com.br\/emfoco\/2025\/06\/10\/o-que-acontece-com-seu-corpo-quando-voce-consome-cafeina-e-quando-isso-pode-se-tornar-um-problema\/#primaryimage"},"image":{"@id":"https:\/\/www.em.com.br\/emfoco\/2025\/06\/10\/o-que-acontece-com-seu-corpo-quando-voce-consome-cafeina-e-quando-isso-pode-se-tornar-um-problema\/#primaryimage"},"thumbnailUrl":"https:\/\/www.em.com.br\/emfoco\/wp-content\/uploads\/2025\/04\/Coffee_1744206842612.jpg","datePublished":"2025-06-10T17:20:00+00:00","dateModified":"2025-06-09T12:46:34+00:00","author":{"@id":"https:\/\/www.em.com.br\/emfoco\/#\/schema\/person\/1c9ddeab18b98abeffef834667bcf08a"},"description":"A cafe\u00edna pode trazer foco e energia, mas o excesso esconde riscos graves para o corpo. Saiba como consumir com seguran\u00e7a.","breadcrumb":{"@id":"https:\/\/www.em.com.br\/emfoco\/2025\/06\/10\/o-que-acontece-com-seu-corpo-quando-voce-consome-cafeina-e-quando-isso-pode-se-tornar-um-problema\/#breadcrumb"},"inLanguage":"pt-BR","potentialAction":[{"@type":"ReadAction","target":["https:\/\/www.em.com.br\/emfoco\/2025\/06\/10\/o-que-acontece-com-seu-corpo-quando-voce-consome-cafeina-e-quando-isso-pode-se-tornar-um-problema\/"]}]},{"@type":"ImageObject","inLanguage":"pt-BR","@id":"https:\/\/www.em.com.br\/emfoco\/2025\/06\/10\/o-que-acontece-com-seu-corpo-quando-voce-consome-cafeina-e-quando-isso-pode-se-tornar-um-problema\/#primaryimage","url":"https:\/\/www.em.com.br\/emfoco\/wp-content\/uploads\/2025\/04\/Coffee_1744206842612.jpg","contentUrl":"https:\/\/www.em.com.br\/emfoco\/wp-content\/uploads\/2025\/04\/Coffee_1744206842612.jpg","width":1280,"height":720,"caption":"Caf\u00e9 - Cr\u00e9ditos: depositphotos.com \/ EdZbarzhyvetsky"},{"@type":"BreadcrumbList","@id":"https:\/\/www.em.com.br\/emfoco\/2025\/06\/10\/o-que-acontece-com-seu-corpo-quando-voce-consome-cafeina-e-quando-isso-pode-se-tornar-um-problema\/#breadcrumb","itemListElement":[{"@type":"ListItem","position":1,"name":"In\u00edcio","item":"https:\/\/www.em.com.br\/emfoco\/"},{"@type":"ListItem","position":2,"name":"O que acontece com seu corpo quando voc\u00ea consome cafe\u00edna e quando isso pode se tornar um problema"}]},{"@type":"WebSite","@id":"https:\/\/www.em.com.br\/emfoco\/#website","url":"https:\/\/www.em.com.br\/emfoco\/","name":"Estado de Minas - Em foco","description":"Acompanhe as \u00faltimas not\u00edcias e fique bem informado sobre tudo o que acontece em Minas Gerais, Brasil e no mundo.","potentialAction":[{"@type":"SearchAction","target":{"@type":"EntryPoint","urlTemplate":"https:\/\/www.em.com.br\/emfoco\/?s={search_term_string}"},"query-input":{"@type":"PropertyValueSpecification","valueRequired":true,"valueName":"search_term_string"}}],"inLanguage":"pt-BR"},{"@type":"Person","@id":"https:\/\/www.em.com.br\/emfoco\/#\/schema\/person\/1c9ddeab18b98abeffef834667bcf08a","name":"Gabriel Martins","image":{"@type":"ImageObject","inLanguage":"pt-BR","@id":"https:\/\/www.em.com.br\/emfoco\/#\/schema\/person\/image\/","url":"https:\/\/secure.gravatar.com\/avatar\/f0f1e2efdfd88f1ad2cb08c5c2731e50?s=96&d=mm&r=g","contentUrl":"https:\/\/secure.gravatar.com\/avatar\/f0f1e2efdfd88f1ad2cb08c5c2731e50?s=96&d=mm&r=g","caption":"Gabriel Martins"},"sameAs":["https:\/\/www.em.com.br\/emfoco\/"],"url":"https:\/\/www.em.com.br\/emfoco\/author\/gabrielmartinsmyth\/"}]}},"_links":{"self":[{"href":"https:\/\/www.em.com.br\/emfoco\/wp-json\/wp\/v2\/posts\/57667","targetHints":{"allow":["GET"]}}],"collection":[{"href":"https:\/\/www.em.com.br\/emfoco\/wp-json\/wp\/v2\/posts"}],"about":[{"href":"https:\/\/www.em.com.br\/emfoco\/wp-json\/wp\/v2\/types\/post"}],"author":[{"embeddable":true,"href":"https:\/\/www.em.com.br\/emfoco\/wp-json\/wp\/v2\/users\/13"}],"replies":[{"embeddable":true,"href":"https:\/\/www.em.com.br\/emfoco\/wp-json\/wp\/v2\/comments?post=57667"}],"version-history":[{"count":2,"href":"https:\/\/www.em.com.br\/emfoco\/wp-json\/wp\/v2\/posts\/57667\/revisions"}],"predecessor-version":[{"id":57682,"href":"https:\/\/www.em.com.br\/emfoco\/wp-json\/wp\/v2\/posts\/57667\/revisions\/57682"}],"wp:featuredmedia":[{"embeddable":true,"href":"https:\/\/www.em.com.br\/emfoco\/wp-json\/wp\/v2\/media\/36636"}],"wp:attachment":[{"href":"https:\/\/www.em.com.br\/emfoco\/wp-json\/wp\/v2\/media?parent=57667"}],"wp:term":[{"taxonomy":"category","embeddable":true,"href":"https:\/\/www.em.com.br\/emfoco\/wp-json\/wp\/v2\/categories?post=57667"},{"taxonomy":"post_tag","embeddable":true,"href":"https:\/\/www.em.com.br\/emfoco\/wp-json\/wp\/v2\/tags?post=57667"}],"curies":[{"name":"wp","href":"https:\/\/api.w.org\/{rel}","templated":true}]}}