{"id":57609,"date":"2025-06-11T11:10:17","date_gmt":"2025-06-11T14:10:17","guid":{"rendered":"https:\/\/www.em.com.br\/emfoco\/?p=57609"},"modified":"2025-06-10T19:25:40","modified_gmt":"2025-06-10T22:25:40","slug":"5-regras-sociais-que-nao-fazem-sentido-para-os-inteligentes","status":"publish","type":"post","link":"https:\/\/www.em.com.br\/emfoco\/2025\/06\/11\/5-regras-sociais-que-nao-fazem-sentido-para-os-inteligentes\/","title":{"rendered":"5 regras sociais que n\u00e3o fazem sentido para os inteligentes"},"content":{"rendered":"\n<p>Para muitas pessoas, a ideia de agradar a todos \u00e9 uma norma social profundamente enraizada. No entanto, aqueles com uma vis\u00e3o mais cr\u00edtica da sociedade frequentemente questionam essa necessidade. A busca incessante por aprova\u00e7\u00e3o pode levar ao esgotamento emocional e \u00e0 perda de identidade, pois tentar satisfazer as expectativas de todos \u00e9 uma tarefa imposs\u00edvel e desgastante.<\/p>\n\n\n\n<p>Psic\u00f3logos sugerem que a intelig\u00eancia emocional est\u00e1 ligada \u00e0 <a href=\"https:\/\/www.em.com.br\/emfoco\/2025\/05\/31\/como-a-comparacao-social-esta-arruinando-sua-felicidade\/\" target=\"_blank\" rel=\"noreferrer noopener\">capacidade <\/a>de reconhecer e priorizar as pr\u00f3prias necessidades. Pessoas inteligentes tendem a entender que \u00e9 mais saud\u00e1vel estabelecer limites claros e aut\u00eanticos, em vez de se sacrificar para atender \u00e0s demandas externas. Essa perspectiva permite que eles mantenham rela\u00e7\u00f5es mais genu\u00ednas e significativas.<\/p>\n\n\n\n<h2 class=\"wp-block-heading\">Por que seguir uma carreira tradicional por press\u00e3o social \u00e9 question\u00e1vel?<\/h2>\n\n\n\n<p>A press\u00e3o para seguir uma carreira tradicional \u00e9 uma norma social que muitos aceitam sem questionar. No entanto, indiv\u00edduos com uma mentalidade cr\u00edtica frequentemente desafiam essa ideia. A escolha de uma carreira deve ser baseada em interesses pessoais e habilidades, n\u00e3o em expectativas sociais ou familiares.<\/p>\n\n\n\n<p>Estudos em psicologia do trabalho indicam que a satisfa\u00e7\u00e3o profissional est\u00e1 fortemente ligada \u00e0 paix\u00e3o e ao prop\u00f3sito. Pessoas inteligentes tendem a buscar caminhos que ressoem com seus valores pessoais, mesmo que isso signifique desviar-se das normas convencionais. Essa abordagem pode levar a uma vida profissional mais gratificante e aut\u00eantica.<\/p>\n\n\n<div class=\"wp-block-image\">\n<figure class=\"aligncenter size-large\"><img loading=\"lazy\" decoding=\"async\" width=\"1024\" height=\"576\" src=\"https:\/\/www.em.com.br\/emfoco\/wp-content\/uploads\/2025\/06\/pessoas-bem-vestidas_1749391358359-1024x576.jpg\" alt=\"5 regras sociais que n\u00e3o fazem sentido para os inteligentes\" class=\"wp-image-57612\" srcset=\"https:\/\/www.em.com.br\/emfoco\/wp-content\/uploads\/2025\/06\/pessoas-bem-vestidas_1749391358359-1024x576.jpg 1024w, https:\/\/www.em.com.br\/emfoco\/wp-content\/uploads\/2025\/06\/pessoas-bem-vestidas_1749391358359-300x169.jpg 300w, https:\/\/www.em.com.br\/emfoco\/wp-content\/uploads\/2025\/06\/pessoas-bem-vestidas_1749391358359-768x432.jpg 768w, https:\/\/www.em.com.br\/emfoco\/wp-content\/uploads\/2025\/06\/pessoas-bem-vestidas_1749391358359-750x422.jpg 750w, https:\/\/www.em.com.br\/emfoco\/wp-content\/uploads\/2025\/06\/pessoas-bem-vestidas_1749391358359-1140x641.jpg 1140w, https:\/\/www.em.com.br\/emfoco\/wp-content\/uploads\/2025\/06\/pessoas-bem-vestidas_1749391358359.jpg 1280w\" sizes=\"auto, (max-width: 1024px) 100vw, 1024px\" \/><figcaption class=\"wp-element-caption\">5 regras sociais que n\u00e3o fazem sentido para os inteligentes &#8211; Cr\u00e9ditos: depositphotos.com \/ pressmaster<\/figcaption><\/figure><\/div>\n\n\n<h2 class=\"wp-block-heading\">Por que manter apar\u00eancias nas redes sociais n\u00e3o convence os inteligentes?<\/h2>\n\n\n\n<p>Nas redes sociais, a press\u00e3o para manter uma imagem perfeita \u00e9 intensa. No entanto, aqueles que pensam criticamente frequentemente veem essa pr\u00e1tica como superficial e insustent\u00e1vel. A busca por valida\u00e7\u00e3o online pode levar a uma desconex\u00e3o entre a identidade real e a projetada, resultando em estresse e ansiedade.<\/p>\n\n\n\n<p>Pessoas inteligentes entendem que a autenticidade \u00e9 mais valiosa do que a aprova\u00e7\u00e3o virtual. Elas preferem usar as redes sociais como uma extens\u00e3o de suas realidades, compartilhando <a href=\"https:\/\/www.gov.br\/mdh\/pt-br\/assuntos\/noticias\/2020-2\/agosto\/cartilha_uso_tecnologia.pdf\" target=\"_blank\" rel=\"noreferrer noopener\">experi\u00eancias <\/a>verdadeiras e significativas. Essa abordagem promove um senso de conex\u00e3o mais genu\u00edno e reduz a press\u00e3o para se conformar a padr\u00f5es irreais.<\/p>\n\n\n\n<h2 class=\"wp-block-heading\">Por que evitar conflitos a qualquer custo n\u00e3o \u00e9 uma regra s\u00e1bia?<\/h2>\n\n\n\n<p>A avers\u00e3o ao conflito \u00e9 uma norma social comum, mas para mentes cr\u00edticas, evitar confrontos pode ser prejudicial. Conflitos s\u00e3o inevit\u00e1veis e, quando abordados de maneira construtiva, podem levar a solu\u00e7\u00f5es criativas e ao crescimento pessoal.<\/p>\n\n\n\n<p>Psic\u00f3logos afirmam que a resolu\u00e7\u00e3o de conflitos \u00e9 uma habilidade essencial para o desenvolvimento emocional. Pessoas inteligentes reconhecem que enfrentar desentendimentos de forma aberta e honesta pode fortalecer relacionamentos e promover um ambiente de confian\u00e7a e respeito m\u00fatuo.<\/p>\n\n\n\n<h2 class=\"wp-block-heading\">Por que viver para o fim de semana n\u00e3o faz sentido para os inteligentes?<\/h2>\n\n\n\n<p>Para muitos, o fim de semana \u00e9 visto como a \u00fanica oportunidade de desfrutar a vida, mas aqueles que pensam criticamente questionam essa mentalidade. Viver apenas para os dias de folga pode indicar uma insatisfa\u00e7\u00e3o com a vida cotidiana e uma desconex\u00e3o com o presente.<\/p>\n\n\n\n<p>Pessoas inteligentes tendem a buscar equil\u00edbrio entre trabalho e lazer, encontrando maneiras de integrar prazer e prop\u00f3sito em suas rotinas di\u00e1rias. Essa abordagem promove uma vida mais plena e satisfat\u00f3ria, onde cada dia \u00e9 valorizado e aproveitado ao m\u00e1ximo.<\/p>\n","protected":false},"excerpt":{"rendered":"<p>Para muitas pessoas, a ideia de agradar a todos \u00e9 uma norma social profundamente enraizada. No entanto, aqueles com uma vis\u00e3o mais cr\u00edtica da sociedade frequentemente questionam essa necessidade. A busca incessante por aprova\u00e7\u00e3o pode levar ao esgotamento emocional e \u00e0 perda de identidade, pois tentar satisfazer as expectativas de todos \u00e9 uma tarefa imposs\u00edvel [&hellip;]<\/p>\n","protected":false},"author":15,"featured_media":57611,"comment_status":"open","ping_status":"open","sticky":false,"template":"","format":"standard","meta":{"jnews-multi-image_gallery":[],"jnews_single_post":{"format":"standard"},"jnews_primary_category":[],"jnews_social_meta":[],"jnews_override_counter":[],"footnotes":""},"categories":[8819],"tags":[10041,6830,9014,9908,5155],"class_list":["post-57609","post","type-post","status-publish","format-standard","has-post-thumbnail","hentry","category-curiosidades","tag-autenticidade","tag-inteligencia","tag-normas-sociais","tag-pensamento-critico","tag-psicologia"],"yoast_head":"<!-- This site is optimized with the Yoast SEO plugin v23.8 - https:\/\/yoast.com\/wordpress\/plugins\/seo\/ -->\n<title>5 regras sociais que n\u00e3o fazem sentido para os inteligentes - Estado de Minas - Em foco<\/title>\n<meta name=\"description\" content=\"Nem toda norma social faz sentido para quem pensa fora da caixa. Veja 5 regras que pessoas inteligentes preferem questionar ou ignorar.\" \/>\n<meta name=\"robots\" content=\"index, follow, max-snippet:-1, max-image-preview:large, max-video-preview:-1\" \/>\n<link rel=\"canonical\" href=\"https:\/\/www.em.com.br\/emfoco\/2025\/06\/11\/5-regras-sociais-que-nao-fazem-sentido-para-os-inteligentes\/\" \/>\n<meta property=\"og:locale\" content=\"pt_BR\" \/>\n<meta property=\"og:type\" content=\"article\" \/>\n<meta property=\"og:title\" content=\"5 regras sociais que n\u00e3o fazem sentido para os inteligentes - Estado de Minas - Em foco\" \/>\n<meta property=\"og:description\" content=\"Nem toda norma social faz sentido para quem pensa fora da caixa. Veja 5 regras que pessoas inteligentes preferem questionar ou ignorar.\" \/>\n<meta property=\"og:url\" content=\"https:\/\/www.em.com.br\/emfoco\/2025\/06\/11\/5-regras-sociais-que-nao-fazem-sentido-para-os-inteligentes\/\" \/>\n<meta property=\"og:site_name\" content=\"Estado de Minas - Em foco\" \/>\n<meta property=\"article:published_time\" content=\"2025-06-11T14:10:17+00:00\" \/>\n<meta property=\"article:modified_time\" content=\"2025-06-10T22:25:40+00:00\" \/>\n<meta property=\"og:image\" content=\"https:\/\/www.em.com.br\/emfoco\/wp-content\/uploads\/2025\/06\/pessoas-bem-vestidas_1749391313348.jpg\" \/>\n\t<meta property=\"og:image:width\" content=\"1280\" \/>\n\t<meta property=\"og:image:height\" content=\"720\" \/>\n\t<meta property=\"og:image:type\" content=\"image\/jpeg\" \/>\n<meta name=\"author\" content=\"Douglas Myth\" \/>\n<meta name=\"twitter:card\" content=\"summary_large_image\" \/>\n<meta name=\"twitter:label1\" content=\"Escrito por\" \/>\n\t<meta name=\"twitter:data1\" content=\"Douglas Myth\" \/>\n\t<meta name=\"twitter:label2\" content=\"Est. tempo de leitura\" \/>\n\t<meta name=\"twitter:data2\" content=\"4 minutos\" \/>\n<!-- \/ Yoast SEO plugin. -->","yoast_head_json":{"title":"5 regras sociais que n\u00e3o fazem sentido para os inteligentes - Estado de Minas - Em foco","description":"Nem toda norma social faz sentido para quem pensa fora da caixa. Veja 5 regras que pessoas inteligentes preferem questionar ou ignorar.","robots":{"index":"index","follow":"follow","max-snippet":"max-snippet:-1","max-image-preview":"max-image-preview:large","max-video-preview":"max-video-preview:-1"},"canonical":"https:\/\/www.em.com.br\/emfoco\/2025\/06\/11\/5-regras-sociais-que-nao-fazem-sentido-para-os-inteligentes\/","og_locale":"pt_BR","og_type":"article","og_title":"5 regras sociais que n\u00e3o fazem sentido para os inteligentes - Estado de Minas - Em foco","og_description":"Nem toda norma social faz sentido para quem pensa fora da caixa. Veja 5 regras que pessoas inteligentes preferem questionar ou ignorar.","og_url":"https:\/\/www.em.com.br\/emfoco\/2025\/06\/11\/5-regras-sociais-que-nao-fazem-sentido-para-os-inteligentes\/","og_site_name":"Estado de Minas - Em foco","article_published_time":"2025-06-11T14:10:17+00:00","article_modified_time":"2025-06-10T22:25:40+00:00","og_image":[{"width":1280,"height":720,"url":"https:\/\/www.em.com.br\/emfoco\/wp-content\/uploads\/2025\/06\/pessoas-bem-vestidas_1749391313348.jpg","type":"image\/jpeg"}],"author":"Douglas Myth","twitter_card":"summary_large_image","twitter_misc":{"Escrito por":"Douglas Myth","Est. tempo de leitura":"4 minutos"},"schema":{"@context":"https:\/\/schema.org","@graph":[{"@type":"WebPage","@id":"https:\/\/www.em.com.br\/emfoco\/2025\/06\/11\/5-regras-sociais-que-nao-fazem-sentido-para-os-inteligentes\/","url":"https:\/\/www.em.com.br\/emfoco\/2025\/06\/11\/5-regras-sociais-que-nao-fazem-sentido-para-os-inteligentes\/","name":"5 regras sociais que n\u00e3o fazem sentido para os inteligentes - Estado de Minas - Em foco","isPartOf":{"@id":"https:\/\/www.em.com.br\/emfoco\/#website"},"primaryImageOfPage":{"@id":"https:\/\/www.em.com.br\/emfoco\/2025\/06\/11\/5-regras-sociais-que-nao-fazem-sentido-para-os-inteligentes\/#primaryimage"},"image":{"@id":"https:\/\/www.em.com.br\/emfoco\/2025\/06\/11\/5-regras-sociais-que-nao-fazem-sentido-para-os-inteligentes\/#primaryimage"},"thumbnailUrl":"https:\/\/www.em.com.br\/emfoco\/wp-content\/uploads\/2025\/06\/pessoas-bem-vestidas_1749391313348.jpg","datePublished":"2025-06-11T14:10:17+00:00","dateModified":"2025-06-10T22:25:40+00:00","author":{"@id":"https:\/\/www.em.com.br\/emfoco\/#\/schema\/person\/bba594b7eebe9b9885fec3a5c7837089"},"description":"Nem toda norma social faz sentido para quem pensa fora da caixa. Veja 5 regras que pessoas inteligentes preferem questionar ou ignorar.","breadcrumb":{"@id":"https:\/\/www.em.com.br\/emfoco\/2025\/06\/11\/5-regras-sociais-que-nao-fazem-sentido-para-os-inteligentes\/#breadcrumb"},"inLanguage":"pt-BR","potentialAction":[{"@type":"ReadAction","target":["https:\/\/www.em.com.br\/emfoco\/2025\/06\/11\/5-regras-sociais-que-nao-fazem-sentido-para-os-inteligentes\/"]}]},{"@type":"ImageObject","inLanguage":"pt-BR","@id":"https:\/\/www.em.com.br\/emfoco\/2025\/06\/11\/5-regras-sociais-que-nao-fazem-sentido-para-os-inteligentes\/#primaryimage","url":"https:\/\/www.em.com.br\/emfoco\/wp-content\/uploads\/2025\/06\/pessoas-bem-vestidas_1749391313348.jpg","contentUrl":"https:\/\/www.em.com.br\/emfoco\/wp-content\/uploads\/2025\/06\/pessoas-bem-vestidas_1749391313348.jpg","width":1280,"height":720,"caption":"5 regras sociais que n\u00e3o fazem sentido para os inteligentes - Cr\u00e9ditos: depositphotos.com \/ HayDmitriy"},{"@type":"BreadcrumbList","@id":"https:\/\/www.em.com.br\/emfoco\/2025\/06\/11\/5-regras-sociais-que-nao-fazem-sentido-para-os-inteligentes\/#breadcrumb","itemListElement":[{"@type":"ListItem","position":1,"name":"In\u00edcio","item":"https:\/\/www.em.com.br\/emfoco\/"},{"@type":"ListItem","position":2,"name":"5 regras sociais que n\u00e3o fazem sentido para os inteligentes"}]},{"@type":"WebSite","@id":"https:\/\/www.em.com.br\/emfoco\/#website","url":"https:\/\/www.em.com.br\/emfoco\/","name":"Estado de Minas - Em foco","description":"Acompanhe as \u00faltimas not\u00edcias e fique bem informado sobre tudo o que acontece em Minas Gerais, Brasil e no mundo.","potentialAction":[{"@type":"SearchAction","target":{"@type":"EntryPoint","urlTemplate":"https:\/\/www.em.com.br\/emfoco\/?s={search_term_string}"},"query-input":{"@type":"PropertyValueSpecification","valueRequired":true,"valueName":"search_term_string"}}],"inLanguage":"pt-BR"},{"@type":"Person","@id":"https:\/\/www.em.com.br\/emfoco\/#\/schema\/person\/bba594b7eebe9b9885fec3a5c7837089","name":"Douglas Myth","image":{"@type":"ImageObject","inLanguage":"pt-BR","@id":"https:\/\/www.em.com.br\/emfoco\/#\/schema\/person\/image\/","url":"https:\/\/secure.gravatar.com\/avatar\/1ac3cf50d0e68642c697dc0c960c802f?s=96&d=mm&r=g","contentUrl":"https:\/\/secure.gravatar.com\/avatar\/1ac3cf50d0e68642c697dc0c960c802f?s=96&d=mm&r=g","caption":"Douglas Myth"},"url":"https:\/\/www.em.com.br\/emfoco\/author\/douglasmyth\/"}]}},"_links":{"self":[{"href":"https:\/\/www.em.com.br\/emfoco\/wp-json\/wp\/v2\/posts\/57609","targetHints":{"allow":["GET"]}}],"collection":[{"href":"https:\/\/www.em.com.br\/emfoco\/wp-json\/wp\/v2\/posts"}],"about":[{"href":"https:\/\/www.em.com.br\/emfoco\/wp-json\/wp\/v2\/types\/post"}],"author":[{"embeddable":true,"href":"https:\/\/www.em.com.br\/emfoco\/wp-json\/wp\/v2\/users\/15"}],"replies":[{"embeddable":true,"href":"https:\/\/www.em.com.br\/emfoco\/wp-json\/wp\/v2\/comments?post=57609"}],"version-history":[{"count":3,"href":"https:\/\/www.em.com.br\/emfoco\/wp-json\/wp\/v2\/posts\/57609\/revisions"}],"predecessor-version":[{"id":58591,"href":"https:\/\/www.em.com.br\/emfoco\/wp-json\/wp\/v2\/posts\/57609\/revisions\/58591"}],"wp:featuredmedia":[{"embeddable":true,"href":"https:\/\/www.em.com.br\/emfoco\/wp-json\/wp\/v2\/media\/57611"}],"wp:attachment":[{"href":"https:\/\/www.em.com.br\/emfoco\/wp-json\/wp\/v2\/media?parent=57609"}],"wp:term":[{"taxonomy":"category","embeddable":true,"href":"https:\/\/www.em.com.br\/emfoco\/wp-json\/wp\/v2\/categories?post=57609"},{"taxonomy":"post_tag","embeddable":true,"href":"https:\/\/www.em.com.br\/emfoco\/wp-json\/wp\/v2\/tags?post=57609"}],"curies":[{"name":"wp","href":"https:\/\/api.w.org\/{rel}","templated":true}]}}