{"id":57598,"date":"2025-06-11T09:10:33","date_gmt":"2025-06-11T12:10:33","guid":{"rendered":"https:\/\/www.em.com.br\/emfoco\/?p=57598"},"modified":"2025-06-10T19:24:53","modified_gmt":"2025-06-10T22:24:53","slug":"o-detalhe-mais-esquecido-pelas-maes-e-o-que-mais-marca-os-filhos","status":"publish","type":"post","link":"https:\/\/www.em.com.br\/emfoco\/2025\/06\/11\/o-detalhe-mais-esquecido-pelas-maes-e-o-que-mais-marca-os-filhos\/","title":{"rendered":"O detalhe mais esquecido pelas m\u00e3es \u00e9 o que mais marca os filhos"},"content":{"rendered":"\n<p>O amor de m\u00e3e \u00e9 uma for\u00e7a poderosa que se revela nos pequenos gestos do dia a dia. N\u00e3o s\u00e3o os presentes caros ou as grandes viagens que ficam na mem\u00f3ria dos filhos, mas sim as atitudes simples e constantes que demonstram cuidado e carinho. Esses momentos cotidianos, muitas vezes despercebidos, s\u00e3o os que realmente marcam a inf\u00e2ncia e permanecem vivos na mem\u00f3ria afetiva.<\/p>\n\n\n\n<p>Por exemplo, preparar a comida preferida do filho ou filha \u00e9 um gesto que vai al\u00e9m da nutri\u00e7\u00e3o f\u00edsica. \u00c9 uma forma de dizer &#8220;eu te conhe\u00e7o&#8221; e &#8220;eu me importo&#8221;. Esses pequenos atos de amor s\u00e3o capazes de criar la\u00e7os <a href=\"https:\/\/www.em.com.br\/emfoco\/2025\/05\/09\/a-verdadeira-historia-por-tras-do-dia-das-maes-e-sua-origem-emocionante\/\" target=\"_blank\" rel=\"noreferrer noopener\">profundos <\/a>e duradouros, que aquecem o cora\u00e7\u00e3o mesmo na vida adulta. A presen\u00e7a constante e o apoio incondicional s\u00e3o a base de um relacionamento saud\u00e1vel e afetuoso entre m\u00e3e e filho.<\/p>\n\n\n\n<h2 class=\"wp-block-heading\">Por que ouvir com aten\u00e7\u00e3o \u00e9 t\u00e3o importante?<\/h2>\n\n\n\n<p>Ouvir com aten\u00e7\u00e3o \u00e9 uma das formas mais significativas de demonstrar amor e respeito. Quando uma m\u00e3e dedica tempo para escutar o que seu filho tem a dizer, ela est\u00e1 mostrando que valoriza suas opini\u00f5es e sentimentos. Essa atitude fortalece a autoestima da crian\u00e7a e a faz sentir-se importante e amada.<\/p>\n\n\n\n<p>Al\u00e9m disso, o ato de ouvir cria um ambiente de confian\u00e7a e seguran\u00e7a, onde a crian\u00e7a se sente \u00e0 vontade para compartilhar suas alegrias e preocupa\u00e7\u00f5es. Essa comunica\u00e7\u00e3o aberta e honesta \u00e9 fundamental para o desenvolvimento emocional saud\u00e1vel e para a constru\u00e7\u00e3o de um v\u00ednculo forte e duradouro entre m\u00e3e e filho.<\/p>\n\n\n<div class=\"wp-block-image\">\n<figure class=\"aligncenter size-large is-resized\"><img loading=\"lazy\" decoding=\"async\" width=\"1024\" height=\"576\" src=\"https:\/\/www.em.com.br\/emfoco\/wp-content\/uploads\/2025\/06\/amor-de-mae_1749389691383-1024x576.jpg\" alt=\"O amor de m\u00e3e se prova nas pequenas lembran\u00e7as\" class=\"wp-image-57601\" style=\"width:1028px;height:auto\" srcset=\"https:\/\/www.em.com.br\/emfoco\/wp-content\/uploads\/2025\/06\/amor-de-mae_1749389691383-1024x576.jpg 1024w, https:\/\/www.em.com.br\/emfoco\/wp-content\/uploads\/2025\/06\/amor-de-mae_1749389691383-300x169.jpg 300w, https:\/\/www.em.com.br\/emfoco\/wp-content\/uploads\/2025\/06\/amor-de-mae_1749389691383-768x432.jpg 768w, https:\/\/www.em.com.br\/emfoco\/wp-content\/uploads\/2025\/06\/amor-de-mae_1749389691383-750x422.jpg 750w, https:\/\/www.em.com.br\/emfoco\/wp-content\/uploads\/2025\/06\/amor-de-mae_1749389691383-1140x641.jpg 1140w, https:\/\/www.em.com.br\/emfoco\/wp-content\/uploads\/2025\/06\/amor-de-mae_1749389691383.jpg 1280w\" sizes=\"auto, (max-width: 1024px) 100vw, 1024px\" \/><figcaption class=\"wp-element-caption\">Familia &#8211; Cr\u00e9ditos: depositphotos.com \/ Vad-Len<\/figcaption><\/figure><\/div>\n\n\n<h2 class=\"wp-block-heading\">Como os abra\u00e7os frequentes influenciam o desenvolvimento emocional?<\/h2>\n\n\n\n<p>Os abra\u00e7os frequentes s\u00e3o uma express\u00e3o f\u00edsica do amor e da seguran\u00e7a que uma m\u00e3e oferece. Esse contato f\u00edsico \u00e9 essencial para o desenvolvimento emocional das crian\u00e7as, pois transmite uma sensa\u00e7\u00e3o de prote\u00e7\u00e3o e conforto. Estudos mostram que o toque carinhoso ajuda a reduzir o estresse e a ansiedade, promovendo o bem-estar emocional.<\/p>\n\n\n\n<p>Al\u00e9m disso, os abra\u00e7os fortalecem o v\u00ednculo afetivo entre m\u00e3e e filho, criando uma conex\u00e3o emocional que perdura ao longo da vida. Esse simples gesto de carinho \u00e9 uma forma poderosa de comunica\u00e7\u00e3o n\u00e3o verbal, que transmite amor e aceita\u00e7\u00e3o incondicional.<\/p>\n\n\n\n<h2 class=\"wp-block-heading\">Qual \u00e9 o impacto de estar presente nos momentos dif\u00edceis?<\/h2>\n\n\n\n<p>Estar presente nos momentos dif\u00edceis \u00e9 uma demonstra\u00e7\u00e3o de amor e apoio <a href=\"https:\/\/www.saude.ms.gov.br\/no-coracao-do-hrms-o-amor-de-mae-e-ponte-para-a-superacao-e-estimulo-para-conquistas\/\" target=\"_blank\" rel=\"noreferrer noopener\">incondicional<\/a>. Quando uma m\u00e3e est\u00e1 ao lado de seu filho em tempos de desafio ou dor, ela est\u00e1 mostrando que ele n\u00e3o est\u00e1 sozinho e que pode contar com seu apoio. Essa presen\u00e7a constante \u00e9 uma fonte de for\u00e7a e coragem para a crian\u00e7a.<\/p>\n\n\n\n<p>Al\u00e9m disso, enfrentar dificuldades juntos fortalece o v\u00ednculo entre m\u00e3e e filho, criando uma rela\u00e7\u00e3o de confian\u00e7a e cumplicidade. Saber que h\u00e1 algu\u00e9m sempre disposto a ajudar e apoiar faz toda a diferen\u00e7a na vida de uma crian\u00e7a, contribuindo para seu desenvolvimento emocional e resili\u00eancia.<\/p>\n\n\n\n<h2 class=\"wp-block-heading\">Por que elogiar conquistas \u00e9 essencial?<\/h2>\n\n\n\n<p>Elogiar conquistas, por menores que sejam, \u00e9 uma forma de reconhecer o esfor\u00e7o e o talento de uma crian\u00e7a. Esse reconhecimento \u00e9 fundamental para o desenvolvimento da autoestima e da autoconfian\u00e7a. Quando uma m\u00e3e celebra as vit\u00f3rias de seu filho, ela est\u00e1 incentivando-o a continuar se esfor\u00e7ando e acreditando em si mesmo.<\/p>\n\n\n\n<p>Os elogios sinceros e espec\u00edficos tamb\u00e9m ajudam a crian\u00e7a a identificar suas habilidades e talentos, promovendo um senso de identidade e realiza\u00e7\u00e3o pessoal. Essa pr\u00e1tica simples, mas poderosa, tem um impacto duradouro na vida de uma crian\u00e7a, motivando-a a perseguir seus sonhos e objetivos com determina\u00e7\u00e3o.<\/p>\n\n\n\n<h2 class=\"wp-block-heading\">Como o amor materno se manifesta nos detalhes?<\/h2>\n\n\n\n<p>O amor materno se manifesta nos detalhes do cotidiano, em gestos que muitas vezes passam despercebidos, mas que t\u00eam um impacto profundo e duradouro. Desde preparar uma refei\u00e7\u00e3o especial at\u00e9 estar presente em momentos importantes, cada pequena atitude contribui para a constru\u00e7\u00e3o de um v\u00ednculo afetivo s\u00f3lido e duradouro.<\/p>\n\n\n\n<p>Esses gestos simples s\u00e3o a ess\u00eancia do amor de m\u00e3e, que se revela n\u00e3o em grandes feitos, mas nas pequenas lembran\u00e7as que aquecem o cora\u00e7\u00e3o e fortalecem a rela\u00e7\u00e3o entre m\u00e3e e filho. O amor materno \u00e9, portanto, uma for\u00e7a poderosa que se expressa nos detalhes do dia a dia, criando mem\u00f3rias eternas e significativas.<\/p>\n","protected":false},"excerpt":{"rendered":"<p>O amor de m\u00e3e \u00e9 uma for\u00e7a poderosa que se revela nos pequenos gestos do dia a dia. N\u00e3o s\u00e3o os presentes caros ou as grandes viagens que ficam na mem\u00f3ria dos filhos, mas sim as atitudes simples e constantes que demonstram cuidado e carinho. Esses momentos cotidianos, muitas vezes despercebidos, s\u00e3o os que realmente [&hellip;]<\/p>\n","protected":false},"author":15,"featured_media":57600,"comment_status":"open","ping_status":"open","sticky":false,"template":"","format":"standard","meta":{"jnews-multi-image_gallery":[],"jnews_single_post":{"format":"standard"},"jnews_primary_category":[],"jnews_social_meta":[],"jnews_override_counter":[],"footnotes":""},"categories":[8819],"tags":[10038,9244,10039],"class_list":["post-57598","post","type-post","status-publish","format-standard","has-post-thumbnail","hentry","category-curiosidades","tag-amor-materno","tag-desenvolvimento-emocional","tag-pequenos-gestos"],"yoast_head":"<!-- This site is optimized with the Yoast SEO plugin v23.8 - https:\/\/yoast.com\/wordpress\/plugins\/seo\/ -->\n<title>O detalhe mais esquecido pelas m\u00e3es \u00e9 o que mais marca os filhos - Estado de Minas - Em foco<\/title>\n<meta name=\"description\" content=\"N\u00e3o s\u00e3o os grandes feitos, mas os pequenos gestos que os filhos de uma boa m\u00e3e jamais esquecem. Veja o que realmente marca uma vida inteira.\" \/>\n<meta name=\"robots\" content=\"index, follow, max-snippet:-1, max-image-preview:large, max-video-preview:-1\" \/>\n<link rel=\"canonical\" href=\"https:\/\/www.em.com.br\/emfoco\/2025\/06\/11\/o-detalhe-mais-esquecido-pelas-maes-e-o-que-mais-marca-os-filhos\/\" \/>\n<meta property=\"og:locale\" content=\"pt_BR\" \/>\n<meta property=\"og:type\" content=\"article\" \/>\n<meta property=\"og:title\" content=\"O detalhe mais esquecido pelas m\u00e3es \u00e9 o que mais marca os filhos - Estado de Minas - Em foco\" \/>\n<meta property=\"og:description\" content=\"N\u00e3o s\u00e3o os grandes feitos, mas os pequenos gestos que os filhos de uma boa m\u00e3e jamais esquecem. Veja o que realmente marca uma vida inteira.\" \/>\n<meta property=\"og:url\" content=\"https:\/\/www.em.com.br\/emfoco\/2025\/06\/11\/o-detalhe-mais-esquecido-pelas-maes-e-o-que-mais-marca-os-filhos\/\" \/>\n<meta property=\"og:site_name\" content=\"Estado de Minas - Em foco\" \/>\n<meta property=\"article:published_time\" content=\"2025-06-11T12:10:33+00:00\" \/>\n<meta property=\"article:modified_time\" content=\"2025-06-10T22:24:53+00:00\" \/>\n<meta property=\"og:image\" content=\"https:\/\/www.em.com.br\/emfoco\/wp-content\/uploads\/2025\/06\/amor-de-mae_1749389642842.jpg\" \/>\n\t<meta property=\"og:image:width\" content=\"1279\" \/>\n\t<meta property=\"og:image:height\" content=\"720\" \/>\n\t<meta property=\"og:image:type\" content=\"image\/jpeg\" \/>\n<meta name=\"author\" content=\"Douglas Myth\" \/>\n<meta name=\"twitter:card\" content=\"summary_large_image\" \/>\n<meta name=\"twitter:label1\" content=\"Escrito por\" \/>\n\t<meta name=\"twitter:data1\" content=\"Douglas Myth\" \/>\n\t<meta name=\"twitter:label2\" content=\"Est. tempo de leitura\" \/>\n\t<meta name=\"twitter:data2\" content=\"5 minutos\" \/>\n<!-- \/ Yoast SEO plugin. -->","yoast_head_json":{"title":"O detalhe mais esquecido pelas m\u00e3es \u00e9 o que mais marca os filhos - Estado de Minas - Em foco","description":"N\u00e3o s\u00e3o os grandes feitos, mas os pequenos gestos que os filhos de uma boa m\u00e3e jamais esquecem. Veja o que realmente marca uma vida inteira.","robots":{"index":"index","follow":"follow","max-snippet":"max-snippet:-1","max-image-preview":"max-image-preview:large","max-video-preview":"max-video-preview:-1"},"canonical":"https:\/\/www.em.com.br\/emfoco\/2025\/06\/11\/o-detalhe-mais-esquecido-pelas-maes-e-o-que-mais-marca-os-filhos\/","og_locale":"pt_BR","og_type":"article","og_title":"O detalhe mais esquecido pelas m\u00e3es \u00e9 o que mais marca os filhos - Estado de Minas - Em foco","og_description":"N\u00e3o s\u00e3o os grandes feitos, mas os pequenos gestos que os filhos de uma boa m\u00e3e jamais esquecem. Veja o que realmente marca uma vida inteira.","og_url":"https:\/\/www.em.com.br\/emfoco\/2025\/06\/11\/o-detalhe-mais-esquecido-pelas-maes-e-o-que-mais-marca-os-filhos\/","og_site_name":"Estado de Minas - Em foco","article_published_time":"2025-06-11T12:10:33+00:00","article_modified_time":"2025-06-10T22:24:53+00:00","og_image":[{"width":1279,"height":720,"url":"https:\/\/www.em.com.br\/emfoco\/wp-content\/uploads\/2025\/06\/amor-de-mae_1749389642842.jpg","type":"image\/jpeg"}],"author":"Douglas Myth","twitter_card":"summary_large_image","twitter_misc":{"Escrito por":"Douglas Myth","Est. tempo de leitura":"5 minutos"},"schema":{"@context":"https:\/\/schema.org","@graph":[{"@type":"WebPage","@id":"https:\/\/www.em.com.br\/emfoco\/2025\/06\/11\/o-detalhe-mais-esquecido-pelas-maes-e-o-que-mais-marca-os-filhos\/","url":"https:\/\/www.em.com.br\/emfoco\/2025\/06\/11\/o-detalhe-mais-esquecido-pelas-maes-e-o-que-mais-marca-os-filhos\/","name":"O detalhe mais esquecido pelas m\u00e3es \u00e9 o que mais marca os filhos - Estado de Minas - Em foco","isPartOf":{"@id":"https:\/\/www.em.com.br\/emfoco\/#website"},"primaryImageOfPage":{"@id":"https:\/\/www.em.com.br\/emfoco\/2025\/06\/11\/o-detalhe-mais-esquecido-pelas-maes-e-o-que-mais-marca-os-filhos\/#primaryimage"},"image":{"@id":"https:\/\/www.em.com.br\/emfoco\/2025\/06\/11\/o-detalhe-mais-esquecido-pelas-maes-e-o-que-mais-marca-os-filhos\/#primaryimage"},"thumbnailUrl":"https:\/\/www.em.com.br\/emfoco\/wp-content\/uploads\/2025\/06\/amor-de-mae_1749389642842.jpg","datePublished":"2025-06-11T12:10:33+00:00","dateModified":"2025-06-10T22:24:53+00:00","author":{"@id":"https:\/\/www.em.com.br\/emfoco\/#\/schema\/person\/bba594b7eebe9b9885fec3a5c7837089"},"description":"N\u00e3o s\u00e3o os grandes feitos, mas os pequenos gestos que os filhos de uma boa m\u00e3e jamais esquecem. Veja o que realmente marca uma vida inteira.","breadcrumb":{"@id":"https:\/\/www.em.com.br\/emfoco\/2025\/06\/11\/o-detalhe-mais-esquecido-pelas-maes-e-o-que-mais-marca-os-filhos\/#breadcrumb"},"inLanguage":"pt-BR","potentialAction":[{"@type":"ReadAction","target":["https:\/\/www.em.com.br\/emfoco\/2025\/06\/11\/o-detalhe-mais-esquecido-pelas-maes-e-o-que-mais-marca-os-filhos\/"]}]},{"@type":"ImageObject","inLanguage":"pt-BR","@id":"https:\/\/www.em.com.br\/emfoco\/2025\/06\/11\/o-detalhe-mais-esquecido-pelas-maes-e-o-que-mais-marca-os-filhos\/#primaryimage","url":"https:\/\/www.em.com.br\/emfoco\/wp-content\/uploads\/2025\/06\/amor-de-mae_1749389642842.jpg","contentUrl":"https:\/\/www.em.com.br\/emfoco\/wp-content\/uploads\/2025\/06\/amor-de-mae_1749389642842.jpg","width":1279,"height":720,"caption":"O amor de m\u00e3e se prova nas pequenas lembran\u00e7as - Cr\u00e9ditos: depositphotos.com \/ Charactoon"},{"@type":"BreadcrumbList","@id":"https:\/\/www.em.com.br\/emfoco\/2025\/06\/11\/o-detalhe-mais-esquecido-pelas-maes-e-o-que-mais-marca-os-filhos\/#breadcrumb","itemListElement":[{"@type":"ListItem","position":1,"name":"In\u00edcio","item":"https:\/\/www.em.com.br\/emfoco\/"},{"@type":"ListItem","position":2,"name":"O detalhe mais esquecido pelas m\u00e3es \u00e9 o que mais marca os filhos"}]},{"@type":"WebSite","@id":"https:\/\/www.em.com.br\/emfoco\/#website","url":"https:\/\/www.em.com.br\/emfoco\/","name":"Estado de Minas - Em foco","description":"Acompanhe as \u00faltimas not\u00edcias e fique bem informado sobre tudo o que acontece em Minas Gerais, Brasil e no mundo.","potentialAction":[{"@type":"SearchAction","target":{"@type":"EntryPoint","urlTemplate":"https:\/\/www.em.com.br\/emfoco\/?s={search_term_string}"},"query-input":{"@type":"PropertyValueSpecification","valueRequired":true,"valueName":"search_term_string"}}],"inLanguage":"pt-BR"},{"@type":"Person","@id":"https:\/\/www.em.com.br\/emfoco\/#\/schema\/person\/bba594b7eebe9b9885fec3a5c7837089","name":"Douglas Myth","image":{"@type":"ImageObject","inLanguage":"pt-BR","@id":"https:\/\/www.em.com.br\/emfoco\/#\/schema\/person\/image\/","url":"https:\/\/secure.gravatar.com\/avatar\/1ac3cf50d0e68642c697dc0c960c802f?s=96&d=mm&r=g","contentUrl":"https:\/\/secure.gravatar.com\/avatar\/1ac3cf50d0e68642c697dc0c960c802f?s=96&d=mm&r=g","caption":"Douglas Myth"},"url":"https:\/\/www.em.com.br\/emfoco\/author\/douglasmyth\/"}]}},"_links":{"self":[{"href":"https:\/\/www.em.com.br\/emfoco\/wp-json\/wp\/v2\/posts\/57598","targetHints":{"allow":["GET"]}}],"collection":[{"href":"https:\/\/www.em.com.br\/emfoco\/wp-json\/wp\/v2\/posts"}],"about":[{"href":"https:\/\/www.em.com.br\/emfoco\/wp-json\/wp\/v2\/types\/post"}],"author":[{"embeddable":true,"href":"https:\/\/www.em.com.br\/emfoco\/wp-json\/wp\/v2\/users\/15"}],"replies":[{"embeddable":true,"href":"https:\/\/www.em.com.br\/emfoco\/wp-json\/wp\/v2\/comments?post=57598"}],"version-history":[{"count":4,"href":"https:\/\/www.em.com.br\/emfoco\/wp-json\/wp\/v2\/posts\/57598\/revisions"}],"predecessor-version":[{"id":58590,"href":"https:\/\/www.em.com.br\/emfoco\/wp-json\/wp\/v2\/posts\/57598\/revisions\/58590"}],"wp:featuredmedia":[{"embeddable":true,"href":"https:\/\/www.em.com.br\/emfoco\/wp-json\/wp\/v2\/media\/57600"}],"wp:attachment":[{"href":"https:\/\/www.em.com.br\/emfoco\/wp-json\/wp\/v2\/media?parent=57598"}],"wp:term":[{"taxonomy":"category","embeddable":true,"href":"https:\/\/www.em.com.br\/emfoco\/wp-json\/wp\/v2\/categories?post=57598"},{"taxonomy":"post_tag","embeddable":true,"href":"https:\/\/www.em.com.br\/emfoco\/wp-json\/wp\/v2\/tags?post=57598"}],"curies":[{"name":"wp","href":"https:\/\/api.w.org\/{rel}","templated":true}]}}