{"id":57476,"date":"2025-06-10T21:30:03","date_gmt":"2025-06-11T00:30:03","guid":{"rendered":"https:\/\/www.em.com.br\/emfoco\/?p=57476"},"modified":"2025-06-09T21:45:35","modified_gmt":"2025-06-10T00:45:35","slug":"nao-e-so-voce-que-teme-palhacos-e-ha-um-motivo","status":"publish","type":"post","link":"https:\/\/www.em.com.br\/emfoco\/2025\/06\/10\/nao-e-so-voce-que-teme-palhacos-e-ha-um-motivo\/","title":{"rendered":"N\u00e3o \u00e9 s\u00f3 voc\u00ea que teme palha\u00e7os e h\u00e1 um motivo"},"content":{"rendered":"\n<p>O medo de palha\u00e7os, conhecido como coulrofobia, \u00e9 um fen\u00f4meno mais comum do que se imagina. A origem desse desconforto pode ser explicada por diversos fatores psicol\u00f3gicos e culturais. Um dos principais motivos \u00e9 o efeito do &#8220;vale da estranheza&#8221;, que ocorre quando uma figura \u00e9 quase humana, mas n\u00e3o completamente, gerando uma sensa\u00e7\u00e3o de inquieta\u00e7\u00e3o. Os palha\u00e7os, com suas maquiagens exageradas e express\u00f5es faciais distorcidas, se encaixam perfeitamente nesse conceito.<\/p>\n\n\n\n<p>Al\u00e9m disso, a imprevisibilidade do comportamento dos palha\u00e7os pode <a href=\"https:\/\/www.em.com.br\/emfoco\/2025\/06\/06\/o-medo-da-solidao-esta-crescendo-e-afeta-milhoes-sem-ser-percebido\/\" target=\"_blank\" rel=\"noreferrer noopener\">contribuir <\/a>para o medo. Eles s\u00e3o conhecidos por suas a\u00e7\u00f5es inesperadas e, muitas vezes, por ultrapassarem limites sociais que as pessoas consideram confort\u00e1veis. Essa combina\u00e7\u00e3o de apar\u00eancia e comportamento pode ativar uma resposta de alerta em nosso c\u00e9rebro, fazendo com que vejamos os palha\u00e7os como potenciais amea\u00e7as.<\/p>\n\n\n\n<h2 class=\"wp-block-heading\">Qual o papel da inf\u00e2ncia nesse medo?<\/h2>\n\n\n\n<p>A inf\u00e2ncia desempenha um papel crucial no desenvolvimento de medos e fobias, incluindo o medo de palha\u00e7os. Durante essa fase, as crian\u00e7as est\u00e3o formando suas percep\u00e7\u00f5es sobre o mundo e podem ser particularmente suscet\u00edveis a experi\u00eancias negativas. Um encontro assustador com um palha\u00e7o em um circo ou festa de anivers\u00e1rio pode deixar uma impress\u00e3o duradoura.<\/p>\n\n\n\n<p>Al\u00e9m disso, a representa\u00e7\u00e3o de palha\u00e7os em filmes e programas de televis\u00e3o pode influenciar as percep\u00e7\u00f5es infantis. Quando palha\u00e7os s\u00e3o retratados como figuras assustadoras ou malignas, as crian\u00e7as podem internalizar essas imagens, levando o medo para a vida adulta. Assim, a inf\u00e2ncia \u00e9 um per\u00edodo cr\u00edtico para a forma\u00e7\u00e3o de associa\u00e7\u00f5es que podem durar por toda a vida.<\/p>\n\n\n<div class=\"wp-block-image\">\n<figure class=\"aligncenter size-large\"><img loading=\"lazy\" decoding=\"async\" width=\"1024\" height=\"576\" src=\"https:\/\/www.em.com.br\/emfoco\/wp-content\/uploads\/2025\/06\/palhaco_1749332855943-1024x576.jpg\" alt=\"N\u00e3o \u00e9 s\u00f3 voc\u00ea que teme palha\u00e7os e h\u00e1 um motivo\" class=\"wp-image-57481\" srcset=\"https:\/\/www.em.com.br\/emfoco\/wp-content\/uploads\/2025\/06\/palhaco_1749332855943-1024x576.jpg 1024w, https:\/\/www.em.com.br\/emfoco\/wp-content\/uploads\/2025\/06\/palhaco_1749332855943-300x169.jpg 300w, https:\/\/www.em.com.br\/emfoco\/wp-content\/uploads\/2025\/06\/palhaco_1749332855943-768x432.jpg 768w, https:\/\/www.em.com.br\/emfoco\/wp-content\/uploads\/2025\/06\/palhaco_1749332855943-750x422.jpg 750w, https:\/\/www.em.com.br\/emfoco\/wp-content\/uploads\/2025\/06\/palhaco_1749332855943-1140x641.jpg 1140w, https:\/\/www.em.com.br\/emfoco\/wp-content\/uploads\/2025\/06\/palhaco_1749332855943.jpg 1280w\" sizes=\"auto, (max-width: 1024px) 100vw, 1024px\" \/><figcaption class=\"wp-element-caption\">N\u00e3o \u00e9 s\u00f3 voc\u00ea que teme palha\u00e7os e h\u00e1 um motivo &#8211; Cr\u00e9ditos: depositphotos.com \/ moccabunny<\/figcaption><\/figure><\/div>\n\n\n<h2 class=\"wp-block-heading\">A m\u00eddia influencia esse receio coletivo?<\/h2>\n\n\n\n<p>A m\u00eddia tem um papel significativo na amplifica\u00e7\u00e3o do medo de palha\u00e7os. Filmes de terror e s\u00e9ries de televis\u00e3o frequentemente retratam palha\u00e7os como vil\u00f5es, refor\u00e7ando a ideia de que eles s\u00e3o figuras a serem temidas. Exemplos not\u00e1veis incluem o personagem Pennywise, do filme &#8220;It&#8221;, que \u00e9 uma representa\u00e7\u00e3o ic\u00f4nica de um palha\u00e7o assustador.<\/p>\n\n\n\n<p>Essas representa\u00e7\u00f5es midi\u00e1ticas podem criar uma percep\u00e7\u00e3o coletiva de que os palha\u00e7os s\u00e3o inerentemente assustadores. Quando as pessoas s\u00e3o expostas repetidamente a essas imagens, o medo pode se tornar mais enraizado, mesmo que a experi\u00eancia pessoal com palha\u00e7os seja limitada ou inexistente. Assim, a m\u00eddia desempenha um papel poderoso na forma\u00e7\u00e3o e perpetua\u00e7\u00e3o do medo de palha\u00e7os.<\/p>\n\n\n\n<h2 class=\"wp-block-heading\">O que a psicologia evolutiva diz sobre esse medo?<\/h2>\n\n\n\n<p>A psicologia evolutiva oferece uma perspectiva <a href=\"https:\/\/www.gov.br\/saude\/pt-br\/assuntos\/saude-de-a-a-z\/s\/saude-mental\" target=\"_blank\" rel=\"noreferrer noopener\">interessante <\/a>sobre o medo de palha\u00e7os. De acordo com essa abordagem, nossos ancestrais desenvolveram mecanismos de sobreviv\u00eancia que nos ajudam a identificar amea\u00e7as potenciais. Figuras que n\u00e3o se encaixam em categorias familiares podem ser vistas como perigosas, ativando uma resposta de medo.<\/p>\n\n\n\n<p>Os palha\u00e7os, com suas caracter\u00edsticas exageradas e comportamento imprevis\u00edvel, podem ser percebidos como anomalias. Essa percep\u00e7\u00e3o pode desencadear uma resposta instintiva de cautela ou medo, uma vez que nosso c\u00e9rebro est\u00e1 programado para evitar o desconhecido ou o potencialmente perigoso. Assim, o medo de palha\u00e7os pode ser uma manifesta\u00e7\u00e3o moderna de instintos evolutivos antigos.<\/p>\n\n\n\n<h2 class=\"wp-block-heading\">Existem estudos cient\u00edficos sobre a coulrofobia?<\/h2>\n\n\n\n<p>Sim, diversos estudos cient\u00edficos t\u00eam investigado a coulrofobia para entender melhor suas causas e manifesta\u00e7\u00f5es. Pesquisas indicam que o medo de palha\u00e7os pode estar relacionado a uma combina\u00e7\u00e3o de fatores, incluindo experi\u00eancias pessoais, influ\u00eancias culturais e predisposi\u00e7\u00f5es psicol\u00f3gicas.<\/p>\n\n\n\n<p>Alguns estudos sugerem que a maquiagem dos palha\u00e7os, que esconde express\u00f5es faciais verdadeiras, pode impedir a leitura de inten\u00e7\u00f5es, gerando desconfian\u00e7a. Al\u00e9m disso, a literatura cient\u00edfica explora como a exposi\u00e7\u00e3o repetida a representa\u00e7\u00f5es negativas de palha\u00e7os na m\u00eddia pode refor\u00e7ar o medo. Esses estudos ajudam a desmistificar a coulrofobia e a compreender suas complexidades.<\/p>\n\n\n\n<h2 class=\"wp-block-heading\">Como lidar com o medo de palha\u00e7os?<\/h2>\n\n\n\n<p>Para aqueles que enfrentam o medo de palha\u00e7os, existem estrat\u00e9gias que podem ajudar a gerenciar essa fobia. A terapia cognitivo-comportamental \u00e9 uma abordagem eficaz, permitindo que os indiv\u00edduos reavaliem suas percep\u00e7\u00f5es e respostas emocionais. Essa terapia pode ajudar a desassociar os palha\u00e7os de sentimentos de medo e ansiedade.<\/p>\n\n\n\n<p>Al\u00e9m disso, a exposi\u00e7\u00e3o gradual a imagens ou situa\u00e7\u00f5es envolvendo palha\u00e7os, em um ambiente controlado, pode ajudar a dessensibilizar o medo. T\u00e9cnicas de relaxamento, como a respira\u00e7\u00e3o profunda e a medita\u00e7\u00e3o, tamb\u00e9m podem ser \u00fateis para reduzir a ansiedade associada \u00e0 coulrofobia. Com o tempo e o apoio adequado, \u00e9 poss\u00edvel superar o medo de palha\u00e7os.<\/p>\n","protected":false},"excerpt":{"rendered":"<p>O medo de palha\u00e7os, conhecido como coulrofobia, \u00e9 um fen\u00f4meno mais comum do que se imagina. A origem desse desconforto pode ser explicada por diversos fatores psicol\u00f3gicos e culturais. Um dos principais motivos \u00e9 o efeito do &#8220;vale da estranheza&#8221;, que ocorre quando uma figura \u00e9 quase humana, mas n\u00e3o completamente, gerando uma sensa\u00e7\u00e3o de [&hellip;]<\/p>\n","protected":false},"author":15,"featured_media":57479,"comment_status":"open","ping_status":"open","sticky":false,"template":"","format":"standard","meta":{"jnews-multi-image_gallery":[],"jnews_single_post":{"format":"standard"},"jnews_primary_category":[],"jnews_social_meta":[],"jnews_override_counter":[],"footnotes":""},"categories":[8819],"tags":[8944,9184,5023,9185,5155],"class_list":["post-57476","post","type-post","status-publish","format-standard","has-post-thumbnail","hentry","category-curiosidades","tag-comportamento-humano","tag-coulrofobia","tag-medo","tag-palhacos","tag-psicologia"],"yoast_head":"<!-- This site is optimized with the Yoast SEO plugin v23.8 - https:\/\/yoast.com\/wordpress\/plugins\/seo\/ -->\n<title>N\u00e3o \u00e9 s\u00f3 voc\u00ea que teme palha\u00e7os e h\u00e1 um motivo - Estado de Minas - Em foco<\/title>\n<meta name=\"description\" content=\"Estudos explicam por que muitas pessoas sentem medo de palha\u00e7os. O motivo vai al\u00e9m da apar\u00eancia estranha e surpreende.\" \/>\n<meta name=\"robots\" content=\"index, follow, max-snippet:-1, max-image-preview:large, max-video-preview:-1\" \/>\n<link rel=\"canonical\" href=\"https:\/\/www.em.com.br\/emfoco\/2025\/06\/10\/nao-e-so-voce-que-teme-palhacos-e-ha-um-motivo\/\" \/>\n<meta property=\"og:locale\" content=\"pt_BR\" \/>\n<meta property=\"og:type\" content=\"article\" \/>\n<meta property=\"og:title\" content=\"N\u00e3o \u00e9 s\u00f3 voc\u00ea que teme palha\u00e7os e h\u00e1 um motivo - Estado de Minas - Em foco\" \/>\n<meta property=\"og:description\" content=\"Estudos explicam por que muitas pessoas sentem medo de palha\u00e7os. O motivo vai al\u00e9m da apar\u00eancia estranha e surpreende.\" \/>\n<meta property=\"og:url\" content=\"https:\/\/www.em.com.br\/emfoco\/2025\/06\/10\/nao-e-so-voce-que-teme-palhacos-e-ha-um-motivo\/\" \/>\n<meta property=\"og:site_name\" content=\"Estado de Minas - Em foco\" \/>\n<meta property=\"article:published_time\" content=\"2025-06-11T00:30:03+00:00\" \/>\n<meta property=\"article:modified_time\" content=\"2025-06-10T00:45:35+00:00\" \/>\n<meta property=\"og:image\" content=\"https:\/\/www.em.com.br\/emfoco\/wp-content\/uploads\/2025\/06\/palhaco_1749332799896.jpg\" \/>\n\t<meta property=\"og:image:width\" content=\"1280\" \/>\n\t<meta property=\"og:image:height\" content=\"720\" \/>\n\t<meta property=\"og:image:type\" content=\"image\/jpeg\" \/>\n<meta name=\"author\" content=\"Douglas Myth\" \/>\n<meta name=\"twitter:card\" content=\"summary_large_image\" \/>\n<meta name=\"twitter:label1\" content=\"Escrito por\" \/>\n\t<meta name=\"twitter:data1\" content=\"Douglas Myth\" \/>\n\t<meta name=\"twitter:label2\" content=\"Est. tempo de leitura\" \/>\n\t<meta name=\"twitter:data2\" content=\"5 minutos\" \/>\n<!-- \/ Yoast SEO plugin. -->","yoast_head_json":{"title":"N\u00e3o \u00e9 s\u00f3 voc\u00ea que teme palha\u00e7os e h\u00e1 um motivo - Estado de Minas - Em foco","description":"Estudos explicam por que muitas pessoas sentem medo de palha\u00e7os. O motivo vai al\u00e9m da apar\u00eancia estranha e surpreende.","robots":{"index":"index","follow":"follow","max-snippet":"max-snippet:-1","max-image-preview":"max-image-preview:large","max-video-preview":"max-video-preview:-1"},"canonical":"https:\/\/www.em.com.br\/emfoco\/2025\/06\/10\/nao-e-so-voce-que-teme-palhacos-e-ha-um-motivo\/","og_locale":"pt_BR","og_type":"article","og_title":"N\u00e3o \u00e9 s\u00f3 voc\u00ea que teme palha\u00e7os e h\u00e1 um motivo - Estado de Minas - Em foco","og_description":"Estudos explicam por que muitas pessoas sentem medo de palha\u00e7os. O motivo vai al\u00e9m da apar\u00eancia estranha e surpreende.","og_url":"https:\/\/www.em.com.br\/emfoco\/2025\/06\/10\/nao-e-so-voce-que-teme-palhacos-e-ha-um-motivo\/","og_site_name":"Estado de Minas - Em foco","article_published_time":"2025-06-11T00:30:03+00:00","article_modified_time":"2025-06-10T00:45:35+00:00","og_image":[{"width":1280,"height":720,"url":"https:\/\/www.em.com.br\/emfoco\/wp-content\/uploads\/2025\/06\/palhaco_1749332799896.jpg","type":"image\/jpeg"}],"author":"Douglas Myth","twitter_card":"summary_large_image","twitter_misc":{"Escrito por":"Douglas Myth","Est. tempo de leitura":"5 minutos"},"schema":{"@context":"https:\/\/schema.org","@graph":[{"@type":"WebPage","@id":"https:\/\/www.em.com.br\/emfoco\/2025\/06\/10\/nao-e-so-voce-que-teme-palhacos-e-ha-um-motivo\/","url":"https:\/\/www.em.com.br\/emfoco\/2025\/06\/10\/nao-e-so-voce-que-teme-palhacos-e-ha-um-motivo\/","name":"N\u00e3o \u00e9 s\u00f3 voc\u00ea que teme palha\u00e7os e h\u00e1 um motivo - Estado de Minas - Em foco","isPartOf":{"@id":"https:\/\/www.em.com.br\/emfoco\/#website"},"primaryImageOfPage":{"@id":"https:\/\/www.em.com.br\/emfoco\/2025\/06\/10\/nao-e-so-voce-que-teme-palhacos-e-ha-um-motivo\/#primaryimage"},"image":{"@id":"https:\/\/www.em.com.br\/emfoco\/2025\/06\/10\/nao-e-so-voce-que-teme-palhacos-e-ha-um-motivo\/#primaryimage"},"thumbnailUrl":"https:\/\/www.em.com.br\/emfoco\/wp-content\/uploads\/2025\/06\/palhaco_1749332799896.jpg","datePublished":"2025-06-11T00:30:03+00:00","dateModified":"2025-06-10T00:45:35+00:00","author":{"@id":"https:\/\/www.em.com.br\/emfoco\/#\/schema\/person\/bba594b7eebe9b9885fec3a5c7837089"},"description":"Estudos explicam por que muitas pessoas sentem medo de palha\u00e7os. O motivo vai al\u00e9m da apar\u00eancia estranha e surpreende.","breadcrumb":{"@id":"https:\/\/www.em.com.br\/emfoco\/2025\/06\/10\/nao-e-so-voce-que-teme-palhacos-e-ha-um-motivo\/#breadcrumb"},"inLanguage":"pt-BR","potentialAction":[{"@type":"ReadAction","target":["https:\/\/www.em.com.br\/emfoco\/2025\/06\/10\/nao-e-so-voce-que-teme-palhacos-e-ha-um-motivo\/"]}]},{"@type":"ImageObject","inLanguage":"pt-BR","@id":"https:\/\/www.em.com.br\/emfoco\/2025\/06\/10\/nao-e-so-voce-que-teme-palhacos-e-ha-um-motivo\/#primaryimage","url":"https:\/\/www.em.com.br\/emfoco\/wp-content\/uploads\/2025\/06\/palhaco_1749332799896.jpg","contentUrl":"https:\/\/www.em.com.br\/emfoco\/wp-content\/uploads\/2025\/06\/palhaco_1749332799896.jpg","width":1280,"height":720,"caption":"N\u00e3o \u00e9 s\u00f3 voc\u00ea que teme palha\u00e7os e h\u00e1 um motivo - Cr\u00e9ditos: depositphotos.com \/ AllaSerebrina"},{"@type":"BreadcrumbList","@id":"https:\/\/www.em.com.br\/emfoco\/2025\/06\/10\/nao-e-so-voce-que-teme-palhacos-e-ha-um-motivo\/#breadcrumb","itemListElement":[{"@type":"ListItem","position":1,"name":"In\u00edcio","item":"https:\/\/www.em.com.br\/emfoco\/"},{"@type":"ListItem","position":2,"name":"N\u00e3o \u00e9 s\u00f3 voc\u00ea que teme palha\u00e7os e h\u00e1 um motivo"}]},{"@type":"WebSite","@id":"https:\/\/www.em.com.br\/emfoco\/#website","url":"https:\/\/www.em.com.br\/emfoco\/","name":"Estado de Minas - Em foco","description":"Acompanhe as \u00faltimas not\u00edcias e fique bem informado sobre tudo o que acontece em Minas Gerais, Brasil e no mundo.","potentialAction":[{"@type":"SearchAction","target":{"@type":"EntryPoint","urlTemplate":"https:\/\/www.em.com.br\/emfoco\/?s={search_term_string}"},"query-input":{"@type":"PropertyValueSpecification","valueRequired":true,"valueName":"search_term_string"}}],"inLanguage":"pt-BR"},{"@type":"Person","@id":"https:\/\/www.em.com.br\/emfoco\/#\/schema\/person\/bba594b7eebe9b9885fec3a5c7837089","name":"Douglas Myth","image":{"@type":"ImageObject","inLanguage":"pt-BR","@id":"https:\/\/www.em.com.br\/emfoco\/#\/schema\/person\/image\/","url":"https:\/\/secure.gravatar.com\/avatar\/1ac3cf50d0e68642c697dc0c960c802f?s=96&d=mm&r=g","contentUrl":"https:\/\/secure.gravatar.com\/avatar\/1ac3cf50d0e68642c697dc0c960c802f?s=96&d=mm&r=g","caption":"Douglas Myth"},"url":"https:\/\/www.em.com.br\/emfoco\/author\/douglasmyth\/"}]}},"_links":{"self":[{"href":"https:\/\/www.em.com.br\/emfoco\/wp-json\/wp\/v2\/posts\/57476","targetHints":{"allow":["GET"]}}],"collection":[{"href":"https:\/\/www.em.com.br\/emfoco\/wp-json\/wp\/v2\/posts"}],"about":[{"href":"https:\/\/www.em.com.br\/emfoco\/wp-json\/wp\/v2\/types\/post"}],"author":[{"embeddable":true,"href":"https:\/\/www.em.com.br\/emfoco\/wp-json\/wp\/v2\/users\/15"}],"replies":[{"embeddable":true,"href":"https:\/\/www.em.com.br\/emfoco\/wp-json\/wp\/v2\/comments?post=57476"}],"version-history":[{"count":2,"href":"https:\/\/www.em.com.br\/emfoco\/wp-json\/wp\/v2\/posts\/57476\/revisions"}],"predecessor-version":[{"id":57483,"href":"https:\/\/www.em.com.br\/emfoco\/wp-json\/wp\/v2\/posts\/57476\/revisions\/57483"}],"wp:featuredmedia":[{"embeddable":true,"href":"https:\/\/www.em.com.br\/emfoco\/wp-json\/wp\/v2\/media\/57479"}],"wp:attachment":[{"href":"https:\/\/www.em.com.br\/emfoco\/wp-json\/wp\/v2\/media?parent=57476"}],"wp:term":[{"taxonomy":"category","embeddable":true,"href":"https:\/\/www.em.com.br\/emfoco\/wp-json\/wp\/v2\/categories?post=57476"},{"taxonomy":"post_tag","embeddable":true,"href":"https:\/\/www.em.com.br\/emfoco\/wp-json\/wp\/v2\/tags?post=57476"}],"curies":[{"name":"wp","href":"https:\/\/api.w.org\/{rel}","templated":true}]}}