{"id":57381,"date":"2025-06-10T14:10:32","date_gmt":"2025-06-10T17:10:32","guid":{"rendered":"https:\/\/www.em.com.br\/emfoco\/?p=57381"},"modified":"2025-06-08T12:00:12","modified_gmt":"2025-06-08T15:00:12","slug":"carla-zambelli-entra-na-lista-vermelha-da-interpol-e-e-procurada-em-196-paises","status":"publish","type":"post","link":"https:\/\/www.em.com.br\/emfoco\/2025\/06\/10\/carla-zambelli-entra-na-lista-vermelha-da-interpol-e-e-procurada-em-196-paises\/","title":{"rendered":"Carla Zambelli entra na lista vermelha da Interpol e \u00e9 procurada em 196 pa\u00edses"},"content":{"rendered":"\n<p>O nome da <strong>deputada Carla Zambelli<\/strong> recentemente ganhou destaque internacional ao ser inclu\u00eddo na lista vermelha da Interpol. Este fato ocorreu ap\u00f3s uma decis\u00e3o do Supremo Tribunal Federal (STF) do Brasil, que emitiu um mandado de pris\u00e3o contra ela. A inclus\u00e3o na lista vermelha \u00e9 um alerta global que indica que a pessoa \u00e9 procurada por autoridades de um pa\u00eds membro, neste caso, o Brasil.<\/p>\n\n\n\n<p>O contexto que levou a essa decis\u00e3o envolve acusa\u00e7\u00f5es de crimes que, segundo o STF, justificam a busca internacional. A lista vermelha da Interpol n\u00e3o \u00e9 um mandado de pris\u00e3o internacional, mas um pedido de <a href=\"https:\/\/www.em.com.br\/emfoco\/2025\/02\/23\/bilionarios-controlam-a-politica-dos-eua-em-2025-e-assustam-especialistas\/\" target=\"_blank\" rel=\"noreferrer noopener\">localiza\u00e7\u00e3o <\/a>e deten\u00e7\u00e3o provis\u00f3ria para fins de extradi\u00e7\u00e3o. A presen\u00e7a de Zambelli nessa lista significa que ela pode ser detida em qualquer um dos 196 pa\u00edses membros da Interpol.<\/p>\n\n\n\n<h2 class=\"wp-block-heading\">Como funciona a Difus\u00e3o Vermelha da Interpol?<\/h2>\n\n\n\n<p>A Difus\u00e3o Vermelha \u00e9 um dos mecanismos mais conhecidos da Interpol para a coopera\u00e7\u00e3o policial internacional. Quando um pa\u00eds membro solicita, a Interpol emite este alerta para localizar e prender provisoriamente uma pessoa procurada, com o objetivo de extradi\u00e7\u00e3o. A Difus\u00e3o Vermelha n\u00e3o \u00e9 um mandado de pris\u00e3o, mas sim um pedido de coopera\u00e7\u00e3o internacional.<\/p>\n\n\n\n<p>Os pa\u00edses membros t\u00eam a op\u00e7\u00e3o de agir com base na Difus\u00e3o Vermelha, mas n\u00e3o s\u00e3o obrigados a faz\u00ea-lo. Cada pa\u00eds decide se ir\u00e1 prender a pessoa procurada, dependendo de suas pr\u00f3prias leis e acordos de extradi\u00e7\u00e3o. A Interpol n\u00e3o pode obrigar um pa\u00eds a prender algu\u00e9m, mas facilita a comunica\u00e7\u00e3o e a coopera\u00e7\u00e3o entre as na\u00e7\u00f5es.<\/p>\n\n\n<div class=\"wp-block-image\">\n<figure class=\"aligncenter size-full\"><img loading=\"lazy\" decoding=\"async\" width=\"1280\" height=\"720\" src=\"https:\/\/www.em.com.br\/emfoco\/wp-content\/uploads\/2025\/06\/img20240423113321246-768x473-1.png\" alt=\"Carla Zambelli\" class=\"wp-image-57649\" srcset=\"https:\/\/www.em.com.br\/emfoco\/wp-content\/uploads\/2025\/06\/img20240423113321246-768x473-1.png 1280w, https:\/\/www.em.com.br\/emfoco\/wp-content\/uploads\/2025\/06\/img20240423113321246-768x473-1-300x169.png 300w, https:\/\/www.em.com.br\/emfoco\/wp-content\/uploads\/2025\/06\/img20240423113321246-768x473-1-1024x576.png 1024w, https:\/\/www.em.com.br\/emfoco\/wp-content\/uploads\/2025\/06\/img20240423113321246-768x473-1-768x432.png 768w, https:\/\/www.em.com.br\/emfoco\/wp-content\/uploads\/2025\/06\/img20240423113321246-768x473-1-750x422.png 750w, https:\/\/www.em.com.br\/emfoco\/wp-content\/uploads\/2025\/06\/img20240423113321246-768x473-1-1140x641.png 1140w\" sizes=\"auto, (max-width: 1280px) 100vw, 1280px\" \/><figcaption class=\"wp-element-caption\">Carla Zambelli &#8211; Cr\u00e9ditos: Acervo C\u00e2mara dos Deputados Fonte: Ag\u00eancia C\u00e2mara de Not\u00edcias<\/figcaption><\/figure><\/div>\n\n\n<h2 class=\"wp-block-heading\">Quais s\u00e3o as consequ\u00eancias de estar na lista vermelha?<\/h2>\n\n\n\n<p>Estar na lista vermelha da Interpol pode ter s\u00e9rias implica\u00e7\u00f5es para a pessoa procurada. Al\u00e9m da possibilidade de deten\u00e7\u00e3o em qualquer pa\u00eds membro, a pessoa pode enfrentar restri\u00e7\u00f5es de viagem e dificuldades em realizar transa\u00e7\u00f5es financeiras internacionais. A inclus\u00e3o na lista tamb\u00e9m pode afetar a reputa\u00e7\u00e3o e a vida pessoal e profissional do indiv\u00edduo.<\/p>\n\n\n\n<p>Para Carla Zambelli, isso significa que, enquanto estiver na lista, ela corre o risco de ser detida ao cruzar fronteiras internacionais. A presen\u00e7a na lista vermelha tamb\u00e9m pode complicar sua situa\u00e7\u00e3o legal, uma vez que a extradi\u00e7\u00e3o pode ser solicitada pelo Brasil, dependendo das leis do pa\u00eds onde ela for encontrada.<\/p>\n\n\n\n<h2 class=\"wp-block-heading\">Qual \u00e9 o papel da Interpol na justi\u00e7a internacional?<\/h2>\n\n\n\n<p>A <strong>Interpol<\/strong> \u00e9 uma organiza\u00e7\u00e3o internacional que facilita a coopera\u00e7\u00e3o policial entre seus 195 pa\u00edses membros. Seu papel \u00e9 crucial na luta contra o crime transnacional, ajudando a localizar e prender criminosos procurados em diferentes jurisdi\u00e7\u00f5es. A Interpol n\u00e3o tem poder de pris\u00e3o, mas emite alertas como a Difus\u00e3o Vermelha para ajudar na captura de fugitivos.<\/p>\n\n\n\n<p>A organiza\u00e7\u00e3o tamb\u00e9m promove o compartilhamento de informa\u00e7\u00f5es e a coordena\u00e7\u00e3o de opera\u00e7\u00f5es conjuntas entre as for\u00e7as policiais de diferentes pa\u00edses. Isso \u00e9 vital para combater crimes que <a href=\"https:\/\/www.camara.leg.br\/noticias\/1166364-oposicao-critica-ordem-de-prisao-de-carla-zambelli-pt-pede-a-cassacao-do-mandato-da-deputada\/\" target=\"_blank\" rel=\"noreferrer noopener\">ultrapassam <\/a>fronteiras, como tr\u00e1fico de drogas, terrorismo e crimes cibern\u00e9ticos. A Interpol atua como um intermedi\u00e1rio, facilitando a comunica\u00e7\u00e3o e a coopera\u00e7\u00e3o entre as na\u00e7\u00f5es.<\/p>\n\n\n\n<h2 class=\"wp-block-heading\">Como a coopera\u00e7\u00e3o entre pa\u00edses afeta a extradi\u00e7\u00e3o?<\/h2>\n\n\n\n<p>A coopera\u00e7\u00e3o internacional \u00e9 essencial para o processo de extradi\u00e7\u00e3o. Quando uma pessoa \u00e9 detida com base na Difus\u00e3o Vermelha, o pa\u00eds que a prendeu pode iniciar procedimentos de extradi\u00e7\u00e3o, se houver um tratado com o pa\u00eds solicitante. A extradi\u00e7\u00e3o \u00e9 um processo legal complexo que envolve a an\u00e1lise de leis e tratados internacionais.<\/p>\n\n\n\n<p>No caso de Carla Zambelli, se ela for detida em um pa\u00eds com o qual o Brasil tem tratado de extradi\u00e7\u00e3o, o governo brasileiro pode solicitar sua extradi\u00e7\u00e3o para enfrentar as acusa\u00e7\u00f5es em territ\u00f3rio nacional. A decis\u00e3o final cabe ao sistema judici\u00e1rio do pa\u00eds onde ela for encontrada, que avaliar\u00e1 se as condi\u00e7\u00f5es legais para a extradi\u00e7\u00e3o s\u00e3o atendidas.<\/p>\n\n\n\n<h2 class=\"wp-block-heading\">Quais s\u00e3o os pr\u00f3ximos passos legais para Carla Zambelli?<\/h2>\n\n\n\n<p>Ap\u00f3s a inclus\u00e3o na lista vermelha, os pr\u00f3ximos passos legais para Carla Zambelli envolvem monitoramento internacional e poss\u00edveis a\u00e7\u00f5es judiciais. Se detida, ela poder\u00e1 enfrentar um processo de extradi\u00e7\u00e3o, dependendo das leis do pa\u00eds onde for encontrada. Durante esse processo, Zambelli ter\u00e1 a oportunidade de contestar a extradi\u00e7\u00e3o, apresentando sua defesa legal.<\/p>\n\n\n\n<p>Enquanto isso, seus advogados podem trabalhar para reverter a decis\u00e3o do STF ou buscar solu\u00e7\u00f5es diplom\u00e1ticas. O caso de Zambelli destaca a complexidade das quest\u00f5es legais internacionais e a import\u00e2ncia da coopera\u00e7\u00e3o entre pa\u00edses para garantir que a justi\u00e7a seja feita de acordo com as leis internacionais.<\/p>\n","protected":false},"excerpt":{"rendered":"<p>O nome da deputada Carla Zambelli recentemente ganhou destaque internacional ao ser inclu\u00eddo na lista vermelha da Interpol. Este fato ocorreu ap\u00f3s uma decis\u00e3o do Supremo Tribunal Federal (STF) do Brasil, que emitiu um mandado de pris\u00e3o contra ela. A inclus\u00e3o na lista vermelha \u00e9 um alerta global que indica que a pessoa \u00e9 procurada [&hellip;]<\/p>\n","protected":false},"author":15,"featured_media":57385,"comment_status":"open","ping_status":"open","sticky":false,"template":"","format":"standard","meta":{"jnews-multi-image_gallery":[],"jnews_single_post":{"format":"standard"},"jnews_primary_category":[],"jnews_social_meta":[],"jnews_override_counter":[],"footnotes":""},"categories":[8819],"tags":[10030,9076,10031,10033,10032],"class_list":["post-57381","post","type-post","status-publish","format-standard","has-post-thumbnail","hentry","category-curiosidades","tag-carla-zambelli","tag-extradicao-ativa","tag-interpol","tag-justica-internacional","tag-lista-vermelha"],"yoast_head":"<!-- This site is optimized with the Yoast SEO plugin v23.8 - https:\/\/yoast.com\/wordpress\/plugins\/seo\/ -->\n<title>Carla Zambelli entra na lista vermelha da Interpol e \u00e9 procurada em 196 pa\u00edses - Estado de Minas - Em foco<\/title>\n<meta name=\"description\" content=\"Ap\u00f3s condena\u00e7\u00e3o pelo STF, Zambelli \u00e9 inclu\u00edda na lista vermelha da Interpol. Saiba como isso afeta sua situa\u00e7\u00e3o internacional.\" \/>\n<meta name=\"robots\" content=\"index, follow, max-snippet:-1, max-image-preview:large, max-video-preview:-1\" \/>\n<link rel=\"canonical\" href=\"https:\/\/www.em.com.br\/emfoco\/2025\/06\/10\/carla-zambelli-entra-na-lista-vermelha-da-interpol-e-e-procurada-em-196-paises\/\" \/>\n<meta property=\"og:locale\" content=\"pt_BR\" \/>\n<meta property=\"og:type\" content=\"article\" \/>\n<meta property=\"og:title\" content=\"Carla Zambelli entra na lista vermelha da Interpol e \u00e9 procurada em 196 pa\u00edses - Estado de Minas - Em foco\" \/>\n<meta property=\"og:description\" content=\"Ap\u00f3s condena\u00e7\u00e3o pelo STF, Zambelli \u00e9 inclu\u00edda na lista vermelha da Interpol. Saiba como isso afeta sua situa\u00e7\u00e3o internacional.\" \/>\n<meta property=\"og:url\" content=\"https:\/\/www.em.com.br\/emfoco\/2025\/06\/10\/carla-zambelli-entra-na-lista-vermelha-da-interpol-e-e-procurada-em-196-paises\/\" \/>\n<meta property=\"og:site_name\" content=\"Estado de Minas - Em foco\" \/>\n<meta property=\"article:published_time\" content=\"2025-06-10T17:10:32+00:00\" \/>\n<meta property=\"article:modified_time\" content=\"2025-06-08T15:00:12+00:00\" \/>\n<meta property=\"og:image\" content=\"https:\/\/www.em.com.br\/emfoco\/wp-content\/uploads\/2025\/06\/interpol_1749328476998.jpg\" \/>\n\t<meta property=\"og:image:width\" content=\"1280\" \/>\n\t<meta property=\"og:image:height\" content=\"720\" \/>\n\t<meta property=\"og:image:type\" content=\"image\/jpeg\" \/>\n<meta name=\"author\" content=\"Douglas Myth\" \/>\n<meta name=\"twitter:card\" content=\"summary_large_image\" \/>\n<meta name=\"twitter:label1\" content=\"Escrito por\" \/>\n\t<meta name=\"twitter:data1\" content=\"Douglas Myth\" \/>\n\t<meta name=\"twitter:label2\" content=\"Est. tempo de leitura\" \/>\n\t<meta name=\"twitter:data2\" content=\"5 minutos\" \/>\n<!-- \/ Yoast SEO plugin. -->","yoast_head_json":{"title":"Carla Zambelli entra na lista vermelha da Interpol e \u00e9 procurada em 196 pa\u00edses - Estado de Minas - Em foco","description":"Ap\u00f3s condena\u00e7\u00e3o pelo STF, Zambelli \u00e9 inclu\u00edda na lista vermelha da Interpol. Saiba como isso afeta sua situa\u00e7\u00e3o internacional.","robots":{"index":"index","follow":"follow","max-snippet":"max-snippet:-1","max-image-preview":"max-image-preview:large","max-video-preview":"max-video-preview:-1"},"canonical":"https:\/\/www.em.com.br\/emfoco\/2025\/06\/10\/carla-zambelli-entra-na-lista-vermelha-da-interpol-e-e-procurada-em-196-paises\/","og_locale":"pt_BR","og_type":"article","og_title":"Carla Zambelli entra na lista vermelha da Interpol e \u00e9 procurada em 196 pa\u00edses - Estado de Minas - Em foco","og_description":"Ap\u00f3s condena\u00e7\u00e3o pelo STF, Zambelli \u00e9 inclu\u00edda na lista vermelha da Interpol. Saiba como isso afeta sua situa\u00e7\u00e3o internacional.","og_url":"https:\/\/www.em.com.br\/emfoco\/2025\/06\/10\/carla-zambelli-entra-na-lista-vermelha-da-interpol-e-e-procurada-em-196-paises\/","og_site_name":"Estado de Minas - Em foco","article_published_time":"2025-06-10T17:10:32+00:00","article_modified_time":"2025-06-08T15:00:12+00:00","og_image":[{"width":1280,"height":720,"url":"https:\/\/www.em.com.br\/emfoco\/wp-content\/uploads\/2025\/06\/interpol_1749328476998.jpg","type":"image\/jpeg"}],"author":"Douglas Myth","twitter_card":"summary_large_image","twitter_misc":{"Escrito por":"Douglas Myth","Est. tempo de leitura":"5 minutos"},"schema":{"@context":"https:\/\/schema.org","@graph":[{"@type":"WebPage","@id":"https:\/\/www.em.com.br\/emfoco\/2025\/06\/10\/carla-zambelli-entra-na-lista-vermelha-da-interpol-e-e-procurada-em-196-paises\/","url":"https:\/\/www.em.com.br\/emfoco\/2025\/06\/10\/carla-zambelli-entra-na-lista-vermelha-da-interpol-e-e-procurada-em-196-paises\/","name":"Carla Zambelli entra na lista vermelha da Interpol e \u00e9 procurada em 196 pa\u00edses - Estado de Minas - Em foco","isPartOf":{"@id":"https:\/\/www.em.com.br\/emfoco\/#website"},"primaryImageOfPage":{"@id":"https:\/\/www.em.com.br\/emfoco\/2025\/06\/10\/carla-zambelli-entra-na-lista-vermelha-da-interpol-e-e-procurada-em-196-paises\/#primaryimage"},"image":{"@id":"https:\/\/www.em.com.br\/emfoco\/2025\/06\/10\/carla-zambelli-entra-na-lista-vermelha-da-interpol-e-e-procurada-em-196-paises\/#primaryimage"},"thumbnailUrl":"https:\/\/www.em.com.br\/emfoco\/wp-content\/uploads\/2025\/06\/interpol_1749328476998.jpg","datePublished":"2025-06-10T17:10:32+00:00","dateModified":"2025-06-08T15:00:12+00:00","author":{"@id":"https:\/\/www.em.com.br\/emfoco\/#\/schema\/person\/bba594b7eebe9b9885fec3a5c7837089"},"description":"Ap\u00f3s condena\u00e7\u00e3o pelo STF, Zambelli \u00e9 inclu\u00edda na lista vermelha da Interpol. Saiba como isso afeta sua situa\u00e7\u00e3o internacional.","breadcrumb":{"@id":"https:\/\/www.em.com.br\/emfoco\/2025\/06\/10\/carla-zambelli-entra-na-lista-vermelha-da-interpol-e-e-procurada-em-196-paises\/#breadcrumb"},"inLanguage":"pt-BR","potentialAction":[{"@type":"ReadAction","target":["https:\/\/www.em.com.br\/emfoco\/2025\/06\/10\/carla-zambelli-entra-na-lista-vermelha-da-interpol-e-e-procurada-em-196-paises\/"]}]},{"@type":"ImageObject","inLanguage":"pt-BR","@id":"https:\/\/www.em.com.br\/emfoco\/2025\/06\/10\/carla-zambelli-entra-na-lista-vermelha-da-interpol-e-e-procurada-em-196-paises\/#primaryimage","url":"https:\/\/www.em.com.br\/emfoco\/wp-content\/uploads\/2025\/06\/interpol_1749328476998.jpg","contentUrl":"https:\/\/www.em.com.br\/emfoco\/wp-content\/uploads\/2025\/06\/interpol_1749328476998.jpg","width":1280,"height":720,"caption":"Carla Zambelli entra na lista vermelha da Interpol e \u00e9 procurada em 196 pa\u00edses - Cr\u00e9ditos: depositphotos.com \/ nbnserge"},{"@type":"BreadcrumbList","@id":"https:\/\/www.em.com.br\/emfoco\/2025\/06\/10\/carla-zambelli-entra-na-lista-vermelha-da-interpol-e-e-procurada-em-196-paises\/#breadcrumb","itemListElement":[{"@type":"ListItem","position":1,"name":"In\u00edcio","item":"https:\/\/www.em.com.br\/emfoco\/"},{"@type":"ListItem","position":2,"name":"Carla Zambelli entra na lista vermelha da Interpol e \u00e9 procurada em 196 pa\u00edses"}]},{"@type":"WebSite","@id":"https:\/\/www.em.com.br\/emfoco\/#website","url":"https:\/\/www.em.com.br\/emfoco\/","name":"Estado de Minas - Em foco","description":"Acompanhe as \u00faltimas not\u00edcias e fique bem informado sobre tudo o que acontece em Minas Gerais, Brasil e no mundo.","potentialAction":[{"@type":"SearchAction","target":{"@type":"EntryPoint","urlTemplate":"https:\/\/www.em.com.br\/emfoco\/?s={search_term_string}"},"query-input":{"@type":"PropertyValueSpecification","valueRequired":true,"valueName":"search_term_string"}}],"inLanguage":"pt-BR"},{"@type":"Person","@id":"https:\/\/www.em.com.br\/emfoco\/#\/schema\/person\/bba594b7eebe9b9885fec3a5c7837089","name":"Douglas Myth","image":{"@type":"ImageObject","inLanguage":"pt-BR","@id":"https:\/\/www.em.com.br\/emfoco\/#\/schema\/person\/image\/","url":"https:\/\/secure.gravatar.com\/avatar\/1ac3cf50d0e68642c697dc0c960c802f?s=96&d=mm&r=g","contentUrl":"https:\/\/secure.gravatar.com\/avatar\/1ac3cf50d0e68642c697dc0c960c802f?s=96&d=mm&r=g","caption":"Douglas Myth"},"url":"https:\/\/www.em.com.br\/emfoco\/author\/douglasmyth\/"}]}},"_links":{"self":[{"href":"https:\/\/www.em.com.br\/emfoco\/wp-json\/wp\/v2\/posts\/57381","targetHints":{"allow":["GET"]}}],"collection":[{"href":"https:\/\/www.em.com.br\/emfoco\/wp-json\/wp\/v2\/posts"}],"about":[{"href":"https:\/\/www.em.com.br\/emfoco\/wp-json\/wp\/v2\/types\/post"}],"author":[{"embeddable":true,"href":"https:\/\/www.em.com.br\/emfoco\/wp-json\/wp\/v2\/users\/15"}],"replies":[{"embeddable":true,"href":"https:\/\/www.em.com.br\/emfoco\/wp-json\/wp\/v2\/comments?post=57381"}],"version-history":[{"count":4,"href":"https:\/\/www.em.com.br\/emfoco\/wp-json\/wp\/v2\/posts\/57381\/revisions"}],"predecessor-version":[{"id":57650,"href":"https:\/\/www.em.com.br\/emfoco\/wp-json\/wp\/v2\/posts\/57381\/revisions\/57650"}],"wp:featuredmedia":[{"embeddable":true,"href":"https:\/\/www.em.com.br\/emfoco\/wp-json\/wp\/v2\/media\/57385"}],"wp:attachment":[{"href":"https:\/\/www.em.com.br\/emfoco\/wp-json\/wp\/v2\/media?parent=57381"}],"wp:term":[{"taxonomy":"category","embeddable":true,"href":"https:\/\/www.em.com.br\/emfoco\/wp-json\/wp\/v2\/categories?post=57381"},{"taxonomy":"post_tag","embeddable":true,"href":"https:\/\/www.em.com.br\/emfoco\/wp-json\/wp\/v2\/tags?post=57381"}],"curies":[{"name":"wp","href":"https:\/\/api.w.org\/{rel}","templated":true}]}}