{"id":57336,"date":"2025-06-10T08:00:00","date_gmt":"2025-06-10T11:00:00","guid":{"rendered":"https:\/\/www.em.com.br\/emfoco\/?p=57336"},"modified":"2025-06-09T18:07:54","modified_gmt":"2025-06-09T21:07:54","slug":"sem-internet-saiba-como-o-frio-atrapalha-sua-conexao-e-como-resolver-esse-problema","status":"publish","type":"post","link":"https:\/\/www.em.com.br\/emfoco\/2025\/06\/10\/sem-internet-saiba-como-o-frio-atrapalha-sua-conexao-e-como-resolver-esse-problema\/","title":{"rendered":"Sem internet? Saiba como o frio atrapalha sua conex\u00e3o e como resolver esse problema"},"content":{"rendered":"\n<p>Durante os meses de inverno, muitos usu\u00e1rios de internet enfrentam problemas inesperados com suas <a href=\"https:\/\/www.techtudo.com.br\/noticias\/2025\/05\/a-frente-fria-pode-travar-seu-wi-fi-saiba-como-o-clima-pode-afetar-seu-roteador-edinfoeletro.ghtml\" target=\"_blank\" rel=\"noreferrer noopener\">conex\u00f5es Wi-Fi<\/a>. Embora o frio em si n\u00e3o afete diretamente o sinal sem fio, fatores como umidade elevada e o uso de aparelhos eletr\u00f4nicos podem contribuir para a instabilidade da rede. Isso resulta em lentid\u00e3o, falhas em videochamadas e dificuldades para conectar dispositivos como\u00a0<strong>smart TVs<\/strong>\u00a0e notebooks.<\/p>\n\n\n\n<p>O desempenho da rede Wi-Fi pode ser prejudicado por mudan\u00e7as clim\u00e1ticas, especialmente durante a chegada de uma<a href=\"https:\/\/www.em.com.br\/emfoco\/2025\/05\/12\/previsao-alerta-sobre-chegada-de-frente-fria-para-a-regiao-sudeste\/\" target=\"_blank\" rel=\"noreferrer noopener\"> frente fria<\/a>. O aumento da umidade interfere na propaga\u00e7\u00e3o das ondas de r\u00e1dio, enquanto o uso de aquecedores pode causar varia\u00e7\u00f5es t\u00e9rmicas que afetam o funcionamento do roteador. Compreender esses fatores pode ajudar a mitigar os problemas e manter a internet funcionando de forma eficiente.<\/p>\n\n\n\n<h2 class=\"wp-block-heading\">Como a frente fria afeta a internet?<\/h2>\n\n\n\n<p>Quando uma frente fria se instala, o ar frio substitui o ar quente e \u00famido, resultando em queda de temperatura e aumento da umidade. Dentro de casa, isso se traduz em um ac\u00famulo de vapor de \u00e1gua, que interfere na propaga\u00e7\u00e3o das ondas de r\u00e1dio do Wi-Fi. Al\u00e9m disso, o uso de aquecedores pode causar varia\u00e7\u00f5es bruscas de temperatura, for\u00e7ando o roteador a operar fora de sua faixa t\u00e9rmica ideal.<\/p>\n\n\n\n<p>Essas condi\u00e7\u00f5es podem levar a uma s\u00e9rie de problemas, como lentid\u00e3o em streaming e quedas de conex\u00e3o. Usu\u00e1rios que percebem esses sintomas frequentemente atribuem a falhas ao provedor de internet, quando na verdade o problema pode estar relacionado ao ambiente interno. Identificar esse padr\u00e3o ajuda a diferenciar entre falhas t\u00e9cnicas e quest\u00f5es ambientais.<\/p>\n\n\n\n<h2 class=\"wp-block-heading\">Frio e umidade: inimigos do sinal Wi-Fi?<\/h2>\n\n\n\n<p>A umidade elevada faz com que as mol\u00e9culas de \u00e1gua absorvam parte da energia das ondas de r\u00e1dio, reduzindo a intensidade do sinal. Esse fen\u00f4meno, conhecido como atenua\u00e7\u00e3o por absor\u00e7\u00e3o, \u00e9 mais pronunciado em ambientes com obst\u00e1culos, como paredes e m\u00f3veis \u00famidos. Isso pode criar &#8220;zonas mortas&#8221; inesperadas na casa, onde o sinal Wi-Fi \u00e9 fraco ou inexistente.<\/p>\n\n\n\n<p>Al\u00e9m disso, a umidade interna tende a se acumular em \u00e1reas como cozinhas e banheiros, onde o vapor n\u00e3o tem para onde escapar. Quando essas \u00e1reas coincidem com o trajeto do sinal Wi-Fi, o desempenho da conex\u00e3o pode cair drasticamente, resultando em uma experi\u00eancia de internet inst\u00e1vel.<\/p>\n\n\n\n<figure class=\"wp-block-image size-large\"><img loading=\"lazy\" decoding=\"async\" width=\"1024\" height=\"576\" src=\"https:\/\/www.em.com.br\/emfoco\/wp-content\/uploads\/2025\/06\/rede-Wi-Fi_1749333584283-1024x576.jpg\" alt=\"\" class=\"wp-image-57421\" srcset=\"https:\/\/www.em.com.br\/emfoco\/wp-content\/uploads\/2025\/06\/rede-Wi-Fi_1749333584283-1024x576.jpg 1024w, https:\/\/www.em.com.br\/emfoco\/wp-content\/uploads\/2025\/06\/rede-Wi-Fi_1749333584283-300x169.jpg 300w, https:\/\/www.em.com.br\/emfoco\/wp-content\/uploads\/2025\/06\/rede-Wi-Fi_1749333584283-768x432.jpg 768w, https:\/\/www.em.com.br\/emfoco\/wp-content\/uploads\/2025\/06\/rede-Wi-Fi_1749333584283-750x422.jpg 750w, https:\/\/www.em.com.br\/emfoco\/wp-content\/uploads\/2025\/06\/rede-Wi-Fi_1749333584283-1140x641.jpg 1140w, https:\/\/www.em.com.br\/emfoco\/wp-content\/uploads\/2025\/06\/rede-Wi-Fi_1749333584283.jpg 1280w\" sizes=\"auto, (max-width: 1024px) 100vw, 1024px\" \/><figcaption class=\"wp-element-caption\">Sem rede Wi-Fi &#8211; Cr\u00e9ditos: depositphotos.com \/ IgorVetushko<\/figcaption><\/figure>\n\n\n\n<h2 class=\"wp-block-heading\">Quais aparelhos causam interfer\u00eancia na faixa de 2,4 GHz?<\/h2>\n\n\n\n<p>Muitos eletrodom\u00e9sticos comuns operam em frequ\u00eancias pr\u00f3ximas \u00e0 banda de 2,4 GHz, como fornos de micro-ondas e aquecedores. Esses aparelhos podem gerar interfer\u00eancia significativa, elevando o n\u00edvel de ru\u00eddo e dificultando a transmiss\u00e3o do sinal Wi-Fi. Quando v\u00e1rios dispositivos est\u00e3o em uso simultaneamente, o roteador precisa trabalhar mais para manter a conex\u00e3o, resultando em maior lat\u00eancia e perda de pacotes.<\/p>\n\n\n\n<p>Esse tipo de interfer\u00eancia \u00e9 comum em situa\u00e7\u00f5es cotidianas, como ao aquecer alimentos enquanto se participa de uma videochamada. A competi\u00e7\u00e3o pelo espectro dispon\u00edvel pode causar quedas abruptas na qualidade da conex\u00e3o, afetando a experi\u00eancia do usu\u00e1rio.<\/p>\n\n\n\n<h2 class=\"wp-block-heading\">Como proteger a conex\u00e3o Wi-Fi durante o inverno?<\/h2>\n\n\n\n<p>Para minimizar os efeitos do clima frio na conex\u00e3o Wi-Fi, algumas medidas podem ser adotadas:<\/p>\n\n\n\n<ul class=\"wp-block-list\">\n<li><strong>Posicionamento estrat\u00e9gico:<\/strong>\u00a0Coloque o roteador em um local central, elevado e longe de aquecedores e \u00e1reas \u00famidas.<\/li>\n\n\n\n<li><strong>Uso da banda de 5 GHz:<\/strong>\u00a0Sempre que poss\u00edvel, utilize a banda de 5 GHz para reduzir a interfer\u00eancia de outros dispositivos.<\/li>\n\n\n\n<li><strong>Nobreak e filtro de linha:<\/strong>\u00a0Conecte o roteador a um nobreak para garantir energia cont\u00ednua e prote\u00e7\u00e3o contra surtos el\u00e9tricos.<\/li>\n\n\n\n<li><strong>Reinicializa\u00e7\u00f5es programadas:<\/strong>\u00a0Agende reinicializa\u00e7\u00f5es semanais para otimizar o desempenho do roteador.<\/li>\n\n\n\n<li><strong>Limpeza e manuten\u00e7\u00e3o:<\/strong>\u00a0Remova a poeira das aberturas de ventila\u00e7\u00e3o e verifique os conectores para evitar infiltra\u00e7\u00e3o de umidade.<\/li>\n<\/ul>\n\n\n\n<p>Com essas pr\u00e1ticas, \u00e9 poss\u00edvel manter uma conex\u00e3o est\u00e1vel e eficiente, mesmo durante os per\u00edodos mais frios do ano. Entender como o clima afeta a rede Wi-Fi permite que os usu\u00e1rios tomem medidas proativas para garantir uma experi\u00eancia de internet sem interrup\u00e7\u00f5es.<\/p>\n\n\n\n<h2 class=\"wp-block-heading\">De que forma a infraestrutura do lar ajuda?<\/h2>\n\n\n\n<p>A infraestrutura do lar pode ser crucial para a manuten\u00e7\u00e3o de um sinal Wi-Fi est\u00e1vel. Materiais de constru\u00e7\u00e3o como concreto e tijolos s\u00e3o conhecidos por bloquear ou atenuar sinais de r\u00e1dio, o que pode ser problem\u00e1tico para a transmiss\u00e3o de Wi-Fi. Solu\u00e7\u00f5es como repetidores de sinal e adaptadores powerline podem ser implementadas para melhorar a cobertura em casas feitas desses materiais.<\/p>\n\n\n\n<h2 class=\"wp-block-heading\">O design dos roteadores interfere no desempenho?<\/h2>\n\n\n\n<p>O design do roteador tamb\u00e9m pode influenciar o desempenho da conex\u00e3o Wi-Fi. Modelos com antenas externas geralmente oferecem melhor cobertura do que os com antenas internas. Al\u00e9m disso, escolher um modelo que suporte m\u00faltiplas frequ\u00eancias e tecnologia de beamforming pode ajudar a direcionar o sinal de forma mais eficaz para onde ele \u00e9 mais necess\u00e1rio, especialmente em resid\u00eancias maiores ou de m\u00faltiplos andares.<\/p>\n","protected":false},"excerpt":{"rendered":"<p>Durante os meses de inverno, muitos usu\u00e1rios de internet enfrentam problemas inesperados com suas conex\u00f5es Wi-Fi. Embora o frio em si n\u00e3o afete diretamente o sinal sem fio, fatores como umidade elevada e o uso de aparelhos eletr\u00f4nicos podem contribuir para a instabilidade da rede. Isso resulta em lentid\u00e3o, falhas em videochamadas e dificuldades para [&hellip;]<\/p>\n","protected":false},"author":11,"featured_media":57419,"comment_status":"open","ping_status":"open","sticky":false,"template":"","format":"standard","meta":{"jnews-multi-image_gallery":[],"jnews_single_post":{"format":"standard"},"jnews_primary_category":[],"jnews_social_meta":[],"jnews_override_counter":[],"footnotes":""},"categories":[1,4204],"tags":[904,952,161],"class_list":["post-57336","post","type-post","status-publish","format-standard","has-post-thumbnail","hentry","category-noticias","category-tecnologia","tag-conexao","tag-internet","tag-tecnologia"],"yoast_head":"<!-- This site is optimized with the Yoast SEO plugin v23.8 - https:\/\/yoast.com\/wordpress\/plugins\/seo\/ -->\n<title>Sem internet? Saiba como o frio atrapalha sua conex\u00e3o e como resolver esse problema - Estado de Minas - Em foco<\/title>\n<meta name=\"description\" content=\"Sua internet est\u00e1 inst\u00e1vel no frio? O problema pode estar dentro de casa. Entenda o que fazer para melhorar o sinal.\" \/>\n<meta name=\"robots\" content=\"index, follow, max-snippet:-1, max-image-preview:large, max-video-preview:-1\" \/>\n<link rel=\"canonical\" href=\"https:\/\/www.em.com.br\/emfoco\/2025\/06\/10\/sem-internet-saiba-como-o-frio-atrapalha-sua-conexao-e-como-resolver-esse-problema\/\" \/>\n<meta property=\"og:locale\" content=\"pt_BR\" \/>\n<meta property=\"og:type\" content=\"article\" \/>\n<meta property=\"og:title\" content=\"Sem internet? Saiba como o frio atrapalha sua conex\u00e3o e como resolver esse problema - Estado de Minas - Em foco\" \/>\n<meta property=\"og:description\" content=\"Sua internet est\u00e1 inst\u00e1vel no frio? O problema pode estar dentro de casa. Entenda o que fazer para melhorar o sinal.\" \/>\n<meta property=\"og:url\" content=\"https:\/\/www.em.com.br\/emfoco\/2025\/06\/10\/sem-internet-saiba-como-o-frio-atrapalha-sua-conexao-e-como-resolver-esse-problema\/\" \/>\n<meta property=\"og:site_name\" content=\"Estado de Minas - Em foco\" \/>\n<meta property=\"article:published_time\" content=\"2025-06-10T11:00:00+00:00\" \/>\n<meta property=\"article:modified_time\" content=\"2025-06-09T21:07:54+00:00\" \/>\n<meta property=\"og:image\" content=\"https:\/\/www.em.com.br\/emfoco\/wp-content\/uploads\/2025\/06\/rede-Wi-Fi_1749333524927.jpg\" \/>\n\t<meta property=\"og:image:width\" content=\"1280\" \/>\n\t<meta property=\"og:image:height\" content=\"720\" \/>\n\t<meta property=\"og:image:type\" content=\"image\/jpeg\" \/>\n<meta name=\"author\" content=\"Andre\u0301 Rangel\u00a0\" \/>\n<meta name=\"twitter:card\" content=\"summary_large_image\" \/>\n<meta name=\"twitter:label1\" content=\"Escrito por\" \/>\n\t<meta name=\"twitter:data1\" content=\"Andre\u0301 Rangel\u00a0\" \/>\n\t<meta name=\"twitter:label2\" content=\"Est. tempo de leitura\" \/>\n\t<meta name=\"twitter:data2\" content=\"5 minutos\" \/>\n<!-- \/ Yoast SEO plugin. -->","yoast_head_json":{"title":"Sem internet? Saiba como o frio atrapalha sua conex\u00e3o e como resolver esse problema - Estado de Minas - Em foco","description":"Sua internet est\u00e1 inst\u00e1vel no frio? O problema pode estar dentro de casa. Entenda o que fazer para melhorar o sinal.","robots":{"index":"index","follow":"follow","max-snippet":"max-snippet:-1","max-image-preview":"max-image-preview:large","max-video-preview":"max-video-preview:-1"},"canonical":"https:\/\/www.em.com.br\/emfoco\/2025\/06\/10\/sem-internet-saiba-como-o-frio-atrapalha-sua-conexao-e-como-resolver-esse-problema\/","og_locale":"pt_BR","og_type":"article","og_title":"Sem internet? Saiba como o frio atrapalha sua conex\u00e3o e como resolver esse problema - Estado de Minas - Em foco","og_description":"Sua internet est\u00e1 inst\u00e1vel no frio? O problema pode estar dentro de casa. Entenda o que fazer para melhorar o sinal.","og_url":"https:\/\/www.em.com.br\/emfoco\/2025\/06\/10\/sem-internet-saiba-como-o-frio-atrapalha-sua-conexao-e-como-resolver-esse-problema\/","og_site_name":"Estado de Minas - Em foco","article_published_time":"2025-06-10T11:00:00+00:00","article_modified_time":"2025-06-09T21:07:54+00:00","og_image":[{"width":1280,"height":720,"url":"https:\/\/www.em.com.br\/emfoco\/wp-content\/uploads\/2025\/06\/rede-Wi-Fi_1749333524927.jpg","type":"image\/jpeg"}],"author":"Andre\u0301 Rangel\u00a0","twitter_card":"summary_large_image","twitter_misc":{"Escrito por":"Andre\u0301 Rangel\u00a0","Est. tempo de leitura":"5 minutos"},"schema":{"@context":"https:\/\/schema.org","@graph":[{"@type":"WebPage","@id":"https:\/\/www.em.com.br\/emfoco\/2025\/06\/10\/sem-internet-saiba-como-o-frio-atrapalha-sua-conexao-e-como-resolver-esse-problema\/","url":"https:\/\/www.em.com.br\/emfoco\/2025\/06\/10\/sem-internet-saiba-como-o-frio-atrapalha-sua-conexao-e-como-resolver-esse-problema\/","name":"Sem internet? Saiba como o frio atrapalha sua conex\u00e3o e como resolver esse problema - Estado de Minas - Em foco","isPartOf":{"@id":"https:\/\/www.em.com.br\/emfoco\/#website"},"primaryImageOfPage":{"@id":"https:\/\/www.em.com.br\/emfoco\/2025\/06\/10\/sem-internet-saiba-como-o-frio-atrapalha-sua-conexao-e-como-resolver-esse-problema\/#primaryimage"},"image":{"@id":"https:\/\/www.em.com.br\/emfoco\/2025\/06\/10\/sem-internet-saiba-como-o-frio-atrapalha-sua-conexao-e-como-resolver-esse-problema\/#primaryimage"},"thumbnailUrl":"https:\/\/www.em.com.br\/emfoco\/wp-content\/uploads\/2025\/06\/rede-Wi-Fi_1749333524927.jpg","datePublished":"2025-06-10T11:00:00+00:00","dateModified":"2025-06-09T21:07:54+00:00","author":{"@id":"https:\/\/www.em.com.br\/emfoco\/#\/schema\/person\/60eda09c1fedf0d6891f4cef4b60b8b8"},"description":"Sua internet est\u00e1 inst\u00e1vel no frio? O problema pode estar dentro de casa. Entenda o que fazer para melhorar o sinal.","breadcrumb":{"@id":"https:\/\/www.em.com.br\/emfoco\/2025\/06\/10\/sem-internet-saiba-como-o-frio-atrapalha-sua-conexao-e-como-resolver-esse-problema\/#breadcrumb"},"inLanguage":"pt-BR","potentialAction":[{"@type":"ReadAction","target":["https:\/\/www.em.com.br\/emfoco\/2025\/06\/10\/sem-internet-saiba-como-o-frio-atrapalha-sua-conexao-e-como-resolver-esse-problema\/"]}]},{"@type":"ImageObject","inLanguage":"pt-BR","@id":"https:\/\/www.em.com.br\/emfoco\/2025\/06\/10\/sem-internet-saiba-como-o-frio-atrapalha-sua-conexao-e-como-resolver-esse-problema\/#primaryimage","url":"https:\/\/www.em.com.br\/emfoco\/wp-content\/uploads\/2025\/06\/rede-Wi-Fi_1749333524927.jpg","contentUrl":"https:\/\/www.em.com.br\/emfoco\/wp-content\/uploads\/2025\/06\/rede-Wi-Fi_1749333524927.jpg","width":1280,"height":720,"caption":"Melhor forma de turbinar o WiFi em casa sem gastar - Cr\u00e9ditos: depositphotos.com \/ IgorVetushko"},{"@type":"BreadcrumbList","@id":"https:\/\/www.em.com.br\/emfoco\/2025\/06\/10\/sem-internet-saiba-como-o-frio-atrapalha-sua-conexao-e-como-resolver-esse-problema\/#breadcrumb","itemListElement":[{"@type":"ListItem","position":1,"name":"In\u00edcio","item":"https:\/\/www.em.com.br\/emfoco\/"},{"@type":"ListItem","position":2,"name":"Sem internet? Saiba como o frio atrapalha sua conex\u00e3o e como resolver esse problema"}]},{"@type":"WebSite","@id":"https:\/\/www.em.com.br\/emfoco\/#website","url":"https:\/\/www.em.com.br\/emfoco\/","name":"Estado de Minas - Em foco","description":"Acompanhe as \u00faltimas not\u00edcias e fique bem informado sobre tudo o que acontece em Minas Gerais, Brasil e no mundo.","potentialAction":[{"@type":"SearchAction","target":{"@type":"EntryPoint","urlTemplate":"https:\/\/www.em.com.br\/emfoco\/?s={search_term_string}"},"query-input":{"@type":"PropertyValueSpecification","valueRequired":true,"valueName":"search_term_string"}}],"inLanguage":"pt-BR"},{"@type":"Person","@id":"https:\/\/www.em.com.br\/emfoco\/#\/schema\/person\/60eda09c1fedf0d6891f4cef4b60b8b8","name":"Andre\u0301 Rangel\u00a0","image":{"@type":"ImageObject","inLanguage":"pt-BR","@id":"https:\/\/www.em.com.br\/emfoco\/#\/schema\/person\/image\/","url":"https:\/\/secure.gravatar.com\/avatar\/6234dc814c77c8ef6d8bba622c787efc?s=96&d=mm&r=g","contentUrl":"https:\/\/secure.gravatar.com\/avatar\/6234dc814c77c8ef6d8bba622c787efc?s=96&d=mm&r=g","caption":"Andre\u0301 Rangel\u00a0"},"url":"https:\/\/www.em.com.br\/emfoco\/author\/luizmyth\/"}]}},"_links":{"self":[{"href":"https:\/\/www.em.com.br\/emfoco\/wp-json\/wp\/v2\/posts\/57336","targetHints":{"allow":["GET"]}}],"collection":[{"href":"https:\/\/www.em.com.br\/emfoco\/wp-json\/wp\/v2\/posts"}],"about":[{"href":"https:\/\/www.em.com.br\/emfoco\/wp-json\/wp\/v2\/types\/post"}],"author":[{"embeddable":true,"href":"https:\/\/www.em.com.br\/emfoco\/wp-json\/wp\/v2\/users\/11"}],"replies":[{"embeddable":true,"href":"https:\/\/www.em.com.br\/emfoco\/wp-json\/wp\/v2\/comments?post=57336"}],"version-history":[{"count":4,"href":"https:\/\/www.em.com.br\/emfoco\/wp-json\/wp\/v2\/posts\/57336\/revisions"}],"predecessor-version":[{"id":57422,"href":"https:\/\/www.em.com.br\/emfoco\/wp-json\/wp\/v2\/posts\/57336\/revisions\/57422"}],"wp:featuredmedia":[{"embeddable":true,"href":"https:\/\/www.em.com.br\/emfoco\/wp-json\/wp\/v2\/media\/57419"}],"wp:attachment":[{"href":"https:\/\/www.em.com.br\/emfoco\/wp-json\/wp\/v2\/media?parent=57336"}],"wp:term":[{"taxonomy":"category","embeddable":true,"href":"https:\/\/www.em.com.br\/emfoco\/wp-json\/wp\/v2\/categories?post=57336"},{"taxonomy":"post_tag","embeddable":true,"href":"https:\/\/www.em.com.br\/emfoco\/wp-json\/wp\/v2\/tags?post=57336"}],"curies":[{"name":"wp","href":"https:\/\/api.w.org\/{rel}","templated":true}]}}