{"id":57215,"date":"2025-06-08T17:20:00","date_gmt":"2025-06-08T20:20:00","guid":{"rendered":"https:\/\/www.em.com.br\/emfoco\/?p=57215"},"modified":"2025-06-07T18:23:17","modified_gmt":"2025-06-07T21:23:17","slug":"guia-simples-para-plantar-nabo-e-colher-raizes-crocantes-em-casa","status":"publish","type":"post","link":"https:\/\/www.em.com.br\/emfoco\/2025\/06\/08\/guia-simples-para-plantar-nabo-e-colher-raizes-crocantes-em-casa\/","title":{"rendered":"Guia simples para plantar nabo e colher ra\u00edzes crocantes em casa"},"content":{"rendered":"\n<p>Plantar nabo \u00e9 uma \u00f3tima op\u00e7\u00e3o para quem deseja ter uma hortali\u00e7a rica em fibras, vitaminas e minerais, especialmente o c\u00e1lcio, o pot\u00e1ssio e a vitamina C. O nabo (<em>Brassica rapa<\/em> var. <em>rapa<\/em>) \u00e9 um vegetal de ciclo curto, f\u00e1cil de cultivar e adapt\u00e1vel a diferentes tipos de solo e clima. Com os cuidados adequados, \u00e9 poss\u00edvel colher nabos crocantes, saborosos e ideais para consumo cru, refogado ou em conservas. A seguir, veja como <a href=\"https:\/\/www.em.com.br\/emfoco\/2025\/06\/06\/saiba-como-cultivar-essa-hortalica-que-fortalece-o-sistema-imunologico\/\" target=\"_blank\" rel=\"noreferrer noopener\">plantar <\/a>nabo de forma simples e eficiente na sua horta ou jardim.<\/p>\n\n\n\n<h2 class=\"wp-block-heading\">Qual o clima ideal para plantar nabo?<\/h2>\n\n\n\n<p>O nabo prefere clima ameno, com temperaturas entre 10\u00b0C e 22\u00b0C. Pode ser cultivado em praticamente todas as regi\u00f5es do <strong>Brasil<\/strong>, principalmente durante o outono e o inverno, quando h\u00e1 menos risco de espigamento (forma\u00e7\u00e3o precoce de flores). Em regi\u00f5es mais quentes, o plantio deve ser feito em \u00e9pocas mais frescas do ano. Exposi\u00e7\u00e3o prolongada ao calor compromete a qualidade da raiz, tornando-a fibrosa e oca.<\/p>\n\n\n\n<h2 class=\"wp-block-heading\">Qual o solo ideal para cultivo de nabo?<\/h2>\n\n\n\n<p>O solo ideal para o nabo \u00e9 leve, profundo, bem drenado e rico em <a href=\"https:\/\/rehagro.com.br\/blog\/materia-organica-no-solo\/\" target=\"_blank\" rel=\"noreferrer noopener\">mat\u00e9ria org\u00e2nica<\/a>. O pH deve estar entre 5,5 e 6,8. Solos argilosos e compactados dificultam o crescimento das ra\u00edzes e devem ser corrigidos com areia grossa e composto org\u00e2nico. Antes do plantio, recomenda-se incorporar h\u00famus de minhoca, esterco curtido ou compostagem bem decomposta, garantindo nutrientes essenciais para o desenvolvimento da planta.<\/p>\n\n\n\n<h2 class=\"wp-block-heading\">Como fazer o plantio do nabo?<\/h2>\n\n\n\n<p>O plantio \u00e9 feito diretamente por sementes em canteiros ou vasos profundos. As sementes devem ser distribu\u00eddas em sulcos com 1 a 2 cm de profundidade e espa\u00e7amento de 20 a 30 cm entre linhas. Quando as plantas atingirem 5 cm de altura, deve-se fazer o desbaste, mantendo um espa\u00e7o de 10 a 15 cm entre elas. Isso evita a competi\u00e7\u00e3o por nutrientes e garante o desenvolvimento uniforme das ra\u00edzes. A germina\u00e7\u00e3o ocorre entre 4 e 7 dias.<\/p>\n\n\n\n<h2 class=\"wp-block-heading\">Nabo pode ser cultivado em vasos?<\/h2>\n\n\n\n<p>Sim, desde que o vaso tenha pelo menos 30 cm de profundidade para permitir o crescimento das ra\u00edzes. O recipiente deve ter boa drenagem e conter substrato leve e f\u00e9rtil. O vaso deve ser posicionado em local com pelo menos 4 horas de sol direto por dia. A irriga\u00e7\u00e3o deve ser regular, mantendo o solo levemente \u00famido. \u00c9 uma excelente op\u00e7\u00e3o para hortas urbanas, varandas e espa\u00e7os reduzidos.<\/p>\n\n\n<div class=\"wp-block-image\">\n<figure class=\"aligncenter size-large\"><img loading=\"lazy\" decoding=\"async\" width=\"1024\" height=\"576\" src=\"https:\/\/www.em.com.br\/emfoco\/wp-content\/uploads\/2025\/04\/nabo_1745299945587-1024x576.jpg\" alt=\"Guia simples para plantar nabo e colher ra\u00edzes crocantes em casa\" class=\"wp-image-40315\" srcset=\"https:\/\/www.em.com.br\/emfoco\/wp-content\/uploads\/2025\/04\/nabo_1745299945587-1024x576.jpg 1024w, https:\/\/www.em.com.br\/emfoco\/wp-content\/uploads\/2025\/04\/nabo_1745299945587-300x169.jpg 300w, https:\/\/www.em.com.br\/emfoco\/wp-content\/uploads\/2025\/04\/nabo_1745299945587-768x432.jpg 768w, https:\/\/www.em.com.br\/emfoco\/wp-content\/uploads\/2025\/04\/nabo_1745299945587-750x422.jpg 750w, https:\/\/www.em.com.br\/emfoco\/wp-content\/uploads\/2025\/04\/nabo_1745299945587-1140x641.jpg 1140w, https:\/\/www.em.com.br\/emfoco\/wp-content\/uploads\/2025\/04\/nabo_1745299945587.jpg 1280w\" sizes=\"auto, (max-width: 1024px) 100vw, 1024px\" \/><figcaption class=\"wp-element-caption\">Nabo &#8211; Cr\u00e9ditos: depositphotos.com \/ Garsya<\/figcaption><\/figure><\/div>\n\n\n<h2 class=\"wp-block-heading\">Como irrigar e adubar o nabo corretamente?<\/h2>\n\n\n\n<p>A irriga\u00e7\u00e3o deve ser feita de forma regular, evitando tanto a secura quanto o encharcamento do solo. Manter a umidade constante \u00e9 fundamental para a forma\u00e7\u00e3o de ra\u00edzes uniformes e saborosas. A aduba\u00e7\u00e3o pode ser feita com composto org\u00e2nico ou NPK 4-14-8 no momento da semeadura. Refor\u00e7os podem ser aplicados a cada 15 dias, especialmente em cultivos prolongados. A cobertura morta ajuda a manter a umidade e controlar ervas daninhas.<\/p>\n\n\n\n<h2 class=\"wp-block-heading\">Quando colher o nabo?<\/h2>\n\n\n\n<p>O nabo tem ciclo r\u00e1pido, podendo ser colhido entre 40 e 60 dias ap\u00f3s o plantio, dependendo da variedade e das condi\u00e7\u00f5es clim\u00e1ticas. A colheita deve ser feita antes que a raiz atinja tamanho muito grande, pois isso pode deix\u00e1-la fibrosa e menos saborosa. As folhas tamb\u00e9m s\u00e3o comest\u00edveis e podem ser aproveitadas em refogados e caldos. Use uma enxada ou as m\u00e3os para puxar cuidadosamente a raiz do solo.<\/p>\n\n\n\n<h2 class=\"wp-block-heading\">Como manter o nabo saud\u00e1vel at\u00e9 a colheita?<\/h2>\n\n\n\n<p>O nabo \u00e9 suscet\u00edvel a pragas como pulg\u00f5es, lagartas e mosca-branca. A inspe\u00e7\u00e3o constante das folhas e o uso de extrato de neem ou calda de sab\u00e3o ajudam na preven\u00e7\u00e3o. O excesso de umidade pode provocar doen\u00e7as f\u00fangicas, por isso \u00e9 essencial manter boa drenagem e evitar irrigar no final do dia. A rota\u00e7\u00e3o de culturas e o cultivo intercalado com ervas arom\u00e1ticas como coentro e cebolinha tamb\u00e9m contribuem para repelir insetos.<\/p>\n\n\n\n<h2 class=\"wp-block-heading\">FAQ<\/h2>\n\n\n\n<p><strong>1. Qual a melhor \u00e9poca para plantar nabo?<\/strong><br>Durante o outono e inverno, quando o clima est\u00e1 mais ameno e est\u00e1vel.<\/p>\n\n\n\n<p><strong>2. Posso plantar nabo o ano todo?<\/strong><br>Sim, mas em regi\u00f5es quentes o crescimento pode ser prejudicado. Prefira as \u00e9pocas frias.<\/p>\n\n\n\n<p><strong>3. Nabo precisa de muito sol?<\/strong><br>Sim, pelo menos 4 a 6 horas de sol direto por dia garantem ra\u00edzes bem formadas.<\/p>\n\n\n\n<p><strong>4. \u00c9 poss\u00edvel colher as folhas do nabo tamb\u00e9m?<\/strong><br>Sim. As folhas s\u00e3o comest\u00edveis e ricas em nutrientes. Podem ser colhidas aos poucos.<\/p>\n\n\n\n<p><strong>5. Preciso replantar todo ano?<\/strong><br>Sim. O nabo \u00e9 uma hortali\u00e7a de ciclo curto e precisa ser replantado ap\u00f3s a colheita.<\/p>\n","protected":false},"excerpt":{"rendered":"<p>Plantar nabo \u00e9 uma \u00f3tima op\u00e7\u00e3o para quem deseja ter uma hortali\u00e7a rica em fibras, vitaminas e minerais, especialmente o c\u00e1lcio, o pot\u00e1ssio e a vitamina C. O nabo (Brassica rapa var. rapa) \u00e9 um vegetal de ciclo curto, f\u00e1cil de cultivar e adapt\u00e1vel a diferentes tipos de solo e clima. Com os cuidados adequados, [&hellip;]<\/p>\n","protected":false},"author":9,"featured_media":40316,"comment_status":"open","ping_status":"open","sticky":false,"template":"","format":"standard","meta":{"jnews-multi-image_gallery":[],"jnews_single_post":{"format":"standard"},"jnews_primary_category":[],"jnews_social_meta":[],"jnews_override_counter":[],"footnotes":""},"categories":[29,1],"tags":[7701,3815,5607,6068],"class_list":["post-57215","post","type-post","status-publish","format-standard","has-post-thumbnail","hentry","category-entretenimento","category-noticias","tag-como-plantar","tag-horta-em-casa","tag-hortalicas","tag-nabo"],"yoast_head":"<!-- This site is optimized with the Yoast SEO plugin v23.8 - https:\/\/yoast.com\/wordpress\/plugins\/seo\/ -->\n<title>Guia simples para plantar nabo e colher ra\u00edzes crocantes em casa<\/title>\n<meta name=\"description\" content=\"Aprenda como plantar nabo f\u00e1cil em casa. Guia pr\u00e1tico para cultivo, cuidados e colheita de uma hortali\u00e7a nutritiva e saborosa.\" \/>\n<meta name=\"robots\" content=\"index, follow, max-snippet:-1, max-image-preview:large, max-video-preview:-1\" \/>\n<link rel=\"canonical\" href=\"https:\/\/www.em.com.br\/emfoco\/2025\/06\/08\/guia-simples-para-plantar-nabo-e-colher-raizes-crocantes-em-casa\/\" \/>\n<meta property=\"og:locale\" content=\"pt_BR\" \/>\n<meta property=\"og:type\" content=\"article\" \/>\n<meta property=\"og:title\" content=\"Guia simples para plantar nabo e colher ra\u00edzes crocantes em casa\" \/>\n<meta property=\"og:description\" content=\"Aprenda como plantar nabo f\u00e1cil em casa. Guia pr\u00e1tico para cultivo, cuidados e colheita de uma hortali\u00e7a nutritiva e saborosa.\" \/>\n<meta property=\"og:url\" content=\"https:\/\/www.em.com.br\/emfoco\/2025\/06\/08\/guia-simples-para-plantar-nabo-e-colher-raizes-crocantes-em-casa\/\" \/>\n<meta property=\"og:site_name\" content=\"Estado de Minas - Em foco\" \/>\n<meta property=\"article:published_time\" content=\"2025-06-08T20:20:00+00:00\" \/>\n<meta property=\"article:modified_time\" content=\"2025-06-07T21:23:17+00:00\" \/>\n<meta property=\"og:image\" content=\"https:\/\/www.em.com.br\/emfoco\/wp-content\/uploads\/2025\/04\/nabo_1745300127372.jpg\" \/>\n\t<meta property=\"og:image:width\" content=\"1280\" \/>\n\t<meta property=\"og:image:height\" content=\"720\" \/>\n\t<meta property=\"og:image:type\" content=\"image\/jpeg\" \/>\n<meta name=\"author\" content=\"Daniely Cardoso\" \/>\n<meta name=\"twitter:card\" content=\"summary_large_image\" \/>\n<meta name=\"twitter:label1\" content=\"Escrito por\" \/>\n\t<meta name=\"twitter:data1\" content=\"Daniely Cardoso\" \/>\n\t<meta name=\"twitter:label2\" content=\"Est. tempo de leitura\" \/>\n\t<meta name=\"twitter:data2\" content=\"5 minutos\" \/>\n<!-- \/ Yoast SEO plugin. -->","yoast_head_json":{"title":"Guia simples para plantar nabo e colher ra\u00edzes crocantes em casa","description":"Aprenda como plantar nabo f\u00e1cil em casa. Guia pr\u00e1tico para cultivo, cuidados e colheita de uma hortali\u00e7a nutritiva e saborosa.","robots":{"index":"index","follow":"follow","max-snippet":"max-snippet:-1","max-image-preview":"max-image-preview:large","max-video-preview":"max-video-preview:-1"},"canonical":"https:\/\/www.em.com.br\/emfoco\/2025\/06\/08\/guia-simples-para-plantar-nabo-e-colher-raizes-crocantes-em-casa\/","og_locale":"pt_BR","og_type":"article","og_title":"Guia simples para plantar nabo e colher ra\u00edzes crocantes em casa","og_description":"Aprenda como plantar nabo f\u00e1cil em casa. Guia pr\u00e1tico para cultivo, cuidados e colheita de uma hortali\u00e7a nutritiva e saborosa.","og_url":"https:\/\/www.em.com.br\/emfoco\/2025\/06\/08\/guia-simples-para-plantar-nabo-e-colher-raizes-crocantes-em-casa\/","og_site_name":"Estado de Minas - Em foco","article_published_time":"2025-06-08T20:20:00+00:00","article_modified_time":"2025-06-07T21:23:17+00:00","og_image":[{"width":1280,"height":720,"url":"https:\/\/www.em.com.br\/emfoco\/wp-content\/uploads\/2025\/04\/nabo_1745300127372.jpg","type":"image\/jpeg"}],"author":"Daniely Cardoso","twitter_card":"summary_large_image","twitter_misc":{"Escrito por":"Daniely Cardoso","Est. tempo de leitura":"5 minutos"},"schema":{"@context":"https:\/\/schema.org","@graph":[{"@type":"WebPage","@id":"https:\/\/www.em.com.br\/emfoco\/2025\/06\/08\/guia-simples-para-plantar-nabo-e-colher-raizes-crocantes-em-casa\/","url":"https:\/\/www.em.com.br\/emfoco\/2025\/06\/08\/guia-simples-para-plantar-nabo-e-colher-raizes-crocantes-em-casa\/","name":"Guia simples para plantar nabo e colher ra\u00edzes crocantes em casa","isPartOf":{"@id":"https:\/\/www.em.com.br\/emfoco\/#website"},"primaryImageOfPage":{"@id":"https:\/\/www.em.com.br\/emfoco\/2025\/06\/08\/guia-simples-para-plantar-nabo-e-colher-raizes-crocantes-em-casa\/#primaryimage"},"image":{"@id":"https:\/\/www.em.com.br\/emfoco\/2025\/06\/08\/guia-simples-para-plantar-nabo-e-colher-raizes-crocantes-em-casa\/#primaryimage"},"thumbnailUrl":"https:\/\/www.em.com.br\/emfoco\/wp-content\/uploads\/2025\/04\/nabo_1745300127372.jpg","datePublished":"2025-06-08T20:20:00+00:00","dateModified":"2025-06-07T21:23:17+00:00","author":{"@id":"https:\/\/www.em.com.br\/emfoco\/#\/schema\/person\/0a8186d72f2c3a5c6276d90b41f271a0"},"description":"Aprenda como plantar nabo f\u00e1cil em casa. Guia pr\u00e1tico para cultivo, cuidados e colheita de uma hortali\u00e7a nutritiva e saborosa.","breadcrumb":{"@id":"https:\/\/www.em.com.br\/emfoco\/2025\/06\/08\/guia-simples-para-plantar-nabo-e-colher-raizes-crocantes-em-casa\/#breadcrumb"},"inLanguage":"pt-BR","potentialAction":[{"@type":"ReadAction","target":["https:\/\/www.em.com.br\/emfoco\/2025\/06\/08\/guia-simples-para-plantar-nabo-e-colher-raizes-crocantes-em-casa\/"]}]},{"@type":"ImageObject","inLanguage":"pt-BR","@id":"https:\/\/www.em.com.br\/emfoco\/2025\/06\/08\/guia-simples-para-plantar-nabo-e-colher-raizes-crocantes-em-casa\/#primaryimage","url":"https:\/\/www.em.com.br\/emfoco\/wp-content\/uploads\/2025\/04\/nabo_1745300127372.jpg","contentUrl":"https:\/\/www.em.com.br\/emfoco\/wp-content\/uploads\/2025\/04\/nabo_1745300127372.jpg","width":1280,"height":720,"caption":"Nabo - Cr\u00e9ditos: depositphotos.com \/ Andrelix"},{"@type":"BreadcrumbList","@id":"https:\/\/www.em.com.br\/emfoco\/2025\/06\/08\/guia-simples-para-plantar-nabo-e-colher-raizes-crocantes-em-casa\/#breadcrumb","itemListElement":[{"@type":"ListItem","position":1,"name":"In\u00edcio","item":"https:\/\/www.em.com.br\/emfoco\/"},{"@type":"ListItem","position":2,"name":"Guia simples para plantar nabo e colher ra\u00edzes crocantes em casa"}]},{"@type":"WebSite","@id":"https:\/\/www.em.com.br\/emfoco\/#website","url":"https:\/\/www.em.com.br\/emfoco\/","name":"Estado de Minas - Em foco","description":"Acompanhe as \u00faltimas not\u00edcias e fique bem informado sobre tudo o que acontece em Minas Gerais, Brasil e no mundo.","potentialAction":[{"@type":"SearchAction","target":{"@type":"EntryPoint","urlTemplate":"https:\/\/www.em.com.br\/emfoco\/?s={search_term_string}"},"query-input":{"@type":"PropertyValueSpecification","valueRequired":true,"valueName":"search_term_string"}}],"inLanguage":"pt-BR"},{"@type":"Person","@id":"https:\/\/www.em.com.br\/emfoco\/#\/schema\/person\/0a8186d72f2c3a5c6276d90b41f271a0","name":"Daniely Cardoso","image":{"@type":"ImageObject","inLanguage":"pt-BR","@id":"https:\/\/www.em.com.br\/emfoco\/#\/schema\/person\/image\/","url":"https:\/\/secure.gravatar.com\/avatar\/4b80ddbd124d1f071b626d52d62e5dff?s=96&d=mm&r=g","contentUrl":"https:\/\/secure.gravatar.com\/avatar\/4b80ddbd124d1f071b626d52d62e5dff?s=96&d=mm&r=g","caption":"Daniely Cardoso"},"url":"https:\/\/www.em.com.br\/emfoco\/author\/danielymyth\/"}]}},"_links":{"self":[{"href":"https:\/\/www.em.com.br\/emfoco\/wp-json\/wp\/v2\/posts\/57215","targetHints":{"allow":["GET"]}}],"collection":[{"href":"https:\/\/www.em.com.br\/emfoco\/wp-json\/wp\/v2\/posts"}],"about":[{"href":"https:\/\/www.em.com.br\/emfoco\/wp-json\/wp\/v2\/types\/post"}],"author":[{"embeddable":true,"href":"https:\/\/www.em.com.br\/emfoco\/wp-json\/wp\/v2\/users\/9"}],"replies":[{"embeddable":true,"href":"https:\/\/www.em.com.br\/emfoco\/wp-json\/wp\/v2\/comments?post=57215"}],"version-history":[{"count":2,"href":"https:\/\/www.em.com.br\/emfoco\/wp-json\/wp\/v2\/posts\/57215\/revisions"}],"predecessor-version":[{"id":57240,"href":"https:\/\/www.em.com.br\/emfoco\/wp-json\/wp\/v2\/posts\/57215\/revisions\/57240"}],"wp:featuredmedia":[{"embeddable":true,"href":"https:\/\/www.em.com.br\/emfoco\/wp-json\/wp\/v2\/media\/40316"}],"wp:attachment":[{"href":"https:\/\/www.em.com.br\/emfoco\/wp-json\/wp\/v2\/media?parent=57215"}],"wp:term":[{"taxonomy":"category","embeddable":true,"href":"https:\/\/www.em.com.br\/emfoco\/wp-json\/wp\/v2\/categories?post=57215"},{"taxonomy":"post_tag","embeddable":true,"href":"https:\/\/www.em.com.br\/emfoco\/wp-json\/wp\/v2\/tags?post=57215"}],"curies":[{"name":"wp","href":"https:\/\/api.w.org\/{rel}","templated":true}]}}