{"id":57207,"date":"2025-06-08T10:00:27","date_gmt":"2025-06-08T13:00:27","guid":{"rendered":"https:\/\/www.em.com.br\/emfoco\/?p=57207"},"modified":"2025-06-08T10:00:28","modified_gmt":"2025-06-08T13:00:28","slug":"pessoas-com-alta-inteligencia-emocional-usam-5-frases-curtas-para-se-tornarem-lideres-excepcionais","status":"publish","type":"post","link":"https:\/\/www.em.com.br\/emfoco\/2025\/06\/08\/pessoas-com-alta-inteligencia-emocional-usam-5-frases-curtas-para-se-tornarem-lideres-excepcionais\/","title":{"rendered":"Pessoas com alta intelig\u00eancia emocional usam 5 frases curtas para se tornarem l\u00edderes excepcionais"},"content":{"rendered":"\n<p>Voc\u00ea pode ter QI elevado, diplomas de peso e vasta experi\u00eancia. Mas, segundo especialistas em lideran\u00e7a, nada disso garante que voc\u00ea ser\u00e1 um grande l\u00edder. O que realmente separa os bons dos extraordin\u00e1rios \u00e9 a <strong>intelig\u00eancia emocional<\/strong> \u2014 e como voc\u00ea se comunica revela tudo.<\/p>\n\n\n\n<h2 class=\"wp-block-heading\">A ci\u00eancia comprova que o QE supera o QI no trabalho?<\/h2>\n\n\n\n<p>Estudos da consultoria <strong>TalentSmart<\/strong> revelam que <strong>90% dos profissionais de alto desempenho<\/strong> possuem intelig\u00eancia emocional acima da m\u00e9dia. Isso inclui a capacidade de reconhecer emo\u00e7\u00f5es, controlar impulsos e \u2014 principalmente \u2014 se comunicar com empatia, clareza e conex\u00e3o.<\/p>\n\n\n\n<p>E n\u00e3o estamos falando de discursos longos. L\u00edderes emocionalmente inteligentes dominam frases curtas e simples, mas que t\u00eam um impacto profundo.<\/p>\n\n\n\n<h2 class=\"wp-block-heading\">Qual \u00e9 a frase que valida e acalma qualquer equipe?<\/h2>\n\n\n\n<p>\u201c<strong>Eu entendo.<\/strong>\u201d<br>Essa pequena express\u00e3o tem poder terap\u00eautico. Ao validarmos as emo\u00e7\u00f5es de algu\u00e9m, mesmo sem concordar, reduzimos o estresse e aumentamos a confian\u00e7a. Pesquisas mostram que a valida\u00e7\u00e3o emocional ativa \u00e1reas do c\u00e9rebro ligadas \u00e0 conex\u00e3o social, enfraquecendo as rea\u00e7\u00f5es de amea\u00e7a.<\/p>\n\n\n\n<p>Use em momentos dif\u00edceis, como:<br>\u201cEntendo que este projeto parece esmagador. Vamos conversar e encontrar uma solu\u00e7\u00e3o juntos.\u201d<\/p>\n\n\n\n<figure class=\"wp-block-image size-large\"><img loading=\"lazy\" decoding=\"async\" width=\"1024\" height=\"576\" src=\"https:\/\/www.em.com.br\/emfoco\/wp-content\/uploads\/2025\/06\/lideranca_1749308938871-1024x576.jpg\" alt=\"\" class=\"wp-image-57252\" srcset=\"https:\/\/www.em.com.br\/emfoco\/wp-content\/uploads\/2025\/06\/lideranca_1749308938871-1024x576.jpg 1024w, https:\/\/www.em.com.br\/emfoco\/wp-content\/uploads\/2025\/06\/lideranca_1749308938871-300x169.jpg 300w, https:\/\/www.em.com.br\/emfoco\/wp-content\/uploads\/2025\/06\/lideranca_1749308938871-768x432.jpg 768w, https:\/\/www.em.com.br\/emfoco\/wp-content\/uploads\/2025\/06\/lideranca_1749308938871-750x422.jpg 750w, https:\/\/www.em.com.br\/emfoco\/wp-content\/uploads\/2025\/06\/lideranca_1749308938871-1140x641.jpg 1140w, https:\/\/www.em.com.br\/emfoco\/wp-content\/uploads\/2025\/06\/lideranca_1749308938871.jpg 1280w\" sizes=\"auto, (max-width: 1024px) 100vw, 1024px\" \/><figcaption class=\"wp-element-caption\">Lideran\u00e7a &#8211; Cr\u00e9ditos: depositphotos.com \/ everythingposs<\/figcaption><\/figure>\n\n\n\n<h2 class=\"wp-block-heading\">Por que essa pergunta simples desperta ideias?<\/h2>\n\n\n\n<p>\u201c<strong>Por qu\u00ea?<\/strong>\u201d<br>Quando usada com curiosidade genu\u00edna, essa pergunta convida \u00e0 reflex\u00e3o e ativa a motiva\u00e7\u00e3o intr\u00ednseca. \u00c9 o tipo de abordagem que gera novas ideias e fortalece o pensamento cr\u00edtico da equipe.<\/p>\n\n\n\n<p>Evite o tom acusat\u00f3rio. Em vez de:<br>\u201cPor que voc\u00ea fez isso?\u201d<br>prefira:<br>\u201cPor que voc\u00ea acha que essa ideia funcionou t\u00e3o bem com o cliente?\u201d<\/p>\n\n\n\n<h2 class=\"wp-block-heading\">Como essa atitude transforma chefes em aliados?<\/h2>\n\n\n\n<p>\u201c<strong>Como posso ajudar?<\/strong>\u201d<br>Essa frase muda o jogo. Ela demonstra suporte sem microgerenciar. \u00c9 uma ponte entre empatia e a\u00e7\u00e3o, onde o l\u00edder mostra que est\u00e1 presente para remover obst\u00e1culos, n\u00e3o para apontar erros.<\/p>\n\n\n\n<p>Diga, por exemplo:<br>\u201cComo posso ajudar voc\u00ea a concluir este projeto com mais tranquilidade?\u201d<\/p>\n\n\n\n<figure class=\"wp-block-image size-large\"><img loading=\"lazy\" decoding=\"async\" width=\"1024\" height=\"576\" src=\"https:\/\/www.em.com.br\/emfoco\/wp-content\/uploads\/2025\/06\/lideranca_1749308884607-1024x576.jpg\" alt=\"\" class=\"wp-image-57251\" srcset=\"https:\/\/www.em.com.br\/emfoco\/wp-content\/uploads\/2025\/06\/lideranca_1749308884607-1024x576.jpg 1024w, https:\/\/www.em.com.br\/emfoco\/wp-content\/uploads\/2025\/06\/lideranca_1749308884607-300x169.jpg 300w, https:\/\/www.em.com.br\/emfoco\/wp-content\/uploads\/2025\/06\/lideranca_1749308884607-768x432.jpg 768w, https:\/\/www.em.com.br\/emfoco\/wp-content\/uploads\/2025\/06\/lideranca_1749308884607-750x422.jpg 750w, https:\/\/www.em.com.br\/emfoco\/wp-content\/uploads\/2025\/06\/lideranca_1749308884607-1140x641.jpg 1140w, https:\/\/www.em.com.br\/emfoco\/wp-content\/uploads\/2025\/06\/lideranca_1749308884607.jpg 1280w\" sizes=\"auto, (max-width: 1024px) 100vw, 1024px\" \/><figcaption class=\"wp-element-caption\">Mulher confiante &#8211; Cr\u00e9ditos: depositphotos.com \/ IgorVetushko<\/figcaption><\/figure>\n\n\n\n<h2 class=\"wp-block-heading\">Que palavra simples cria conex\u00e3o instant\u00e2nea?<\/h2>\n\n\n\n<p>\u201c<strong>N\u00f3s.<\/strong>\u201d<br>Parece simples, mas o uso da linguagem inclusiva constr\u00f3i seguran\u00e7a psicol\u00f3gica e esp\u00edrito de equipe. Onde h\u00e1 competi\u00e7\u00e3o interna, o \u201ceu\u201d domina. Onde h\u00e1 colabora\u00e7\u00e3o verdadeira, o \u201cn\u00f3s\u201d \u00e9 constante.<\/p>\n\n\n\n<p>Use frases como:<br>\u201cTemos desafios \u00e0 frente, mas vamos enfrent\u00e1-los juntos.\u201d<\/p>\n\n\n\n<h2 class=\"wp-block-heading\">Como a gratid\u00e3o pode ser uma ferramenta de lideran\u00e7a?<\/h2>\n\n\n\n<p>\u201c<strong>Obrigado.<\/strong>\u201d<br>Demonstrar gratid\u00e3o genu\u00edna tem efeitos fisiol\u00f3gicos e psicol\u00f3gicos comprovados. Fortalece v\u00ednculos e reduz o estresse, mesmo em equipes sob press\u00e3o constante. Pequenos reconhecimentos geram grandes impactos emocionais.<\/p>\n\n\n\n<p>Exemplo:<br>\u201cObrigada por n\u00e3o desistir deste cliente dif\u00edcil. Seu esfor\u00e7o fez toda a diferen\u00e7a.\u201d<\/p>\n\n\n\n<p>No ano passado, criei o h\u00e1bito da gratid\u00e3o diariamente, e isso ajudou a aumentar meu bem-estar, como compartilhei em uma coluna da <strong>Inc.<\/strong>.<\/p>\n\n\n\n<h2 class=\"wp-block-heading\">Qual \u00e9 o verdadeiro poder por tr\u00e1s dessas palavras?<\/h2>\n\n\n\n<p>Os melhores l\u00edderes que conhe\u00e7o n\u00e3o s\u00e3o os mais eloquentes \u2014 s\u00e3o os mais conscientes do impacto que suas palavras t\u00eam sobre os outros. Com apenas cinco frases, \u00e9 poss\u00edvel liderar com empatia, gerar confian\u00e7a e transformar a cultura de uma equipe.<\/p>\n","protected":false},"excerpt":{"rendered":"<p>Voc\u00ea pode ter QI elevado, diplomas de peso e vasta experi\u00eancia. Mas, segundo especialistas em lideran\u00e7a, nada disso garante que voc\u00ea ser\u00e1 um grande l\u00edder. O que realmente separa os bons dos extraordin\u00e1rios \u00e9 a intelig\u00eancia emocional \u2014 e como voc\u00ea se comunica revela tudo. A ci\u00eancia comprova que o QE supera o QI no [&hellip;]<\/p>\n","protected":false},"author":11,"featured_media":57253,"comment_status":"open","ping_status":"open","sticky":false,"template":"","format":"standard","meta":{"jnews-multi-image_gallery":[],"jnews_single_post":{"format":"standard"},"jnews_primary_category":[],"jnews_social_meta":[],"jnews_override_counter":[],"footnotes":""},"categories":[8819,1],"tags":[7528,381,7808],"class_list":["post-57207","post","type-post","status-publish","format-standard","has-post-thumbnail","hentry","category-curiosidades","category-noticias","tag-inteligencia-emocional","tag-lideranca","tag-lideres"],"yoast_head":"<!-- This site is optimized with the Yoast SEO plugin v23.8 - https:\/\/yoast.com\/wordpress\/plugins\/seo\/ -->\n<title>Pessoas com alta intelig\u00eancia emocional usam 5 frases curtas para se tornarem l\u00edderes excepcionais - Estado de Minas - Em foco<\/title>\n<meta name=\"description\" content=\"Saiba quais s\u00e3o as cinco frases que l\u00edderes de alta performance usam para conectar, motivar e apoiar suas equipes todos os dias.\" \/>\n<meta name=\"robots\" content=\"index, follow, max-snippet:-1, max-image-preview:large, max-video-preview:-1\" \/>\n<link rel=\"canonical\" href=\"https:\/\/www.em.com.br\/emfoco\/2025\/06\/08\/pessoas-com-alta-inteligencia-emocional-usam-5-frases-curtas-para-se-tornarem-lideres-excepcionais\/\" \/>\n<meta property=\"og:locale\" content=\"pt_BR\" \/>\n<meta property=\"og:type\" content=\"article\" \/>\n<meta property=\"og:title\" content=\"Pessoas com alta intelig\u00eancia emocional usam 5 frases curtas para se tornarem l\u00edderes excepcionais - Estado de Minas - Em foco\" \/>\n<meta property=\"og:description\" content=\"Saiba quais s\u00e3o as cinco frases que l\u00edderes de alta performance usam para conectar, motivar e apoiar suas equipes todos os dias.\" \/>\n<meta property=\"og:url\" content=\"https:\/\/www.em.com.br\/emfoco\/2025\/06\/08\/pessoas-com-alta-inteligencia-emocional-usam-5-frases-curtas-para-se-tornarem-lideres-excepcionais\/\" \/>\n<meta property=\"og:site_name\" content=\"Estado de Minas - Em foco\" \/>\n<meta property=\"article:published_time\" content=\"2025-06-08T13:00:27+00:00\" \/>\n<meta property=\"article:modified_time\" content=\"2025-06-08T13:00:28+00:00\" \/>\n<meta property=\"og:image\" content=\"https:\/\/www.em.com.br\/emfoco\/wp-content\/uploads\/2025\/06\/lideranca_1749308971688.jpg\" \/>\n\t<meta property=\"og:image:width\" content=\"1279\" \/>\n\t<meta property=\"og:image:height\" content=\"720\" \/>\n\t<meta property=\"og:image:type\" content=\"image\/jpeg\" \/>\n<meta name=\"author\" content=\"Andre\u0301 Rangel\u00a0\" \/>\n<meta name=\"twitter:card\" content=\"summary_large_image\" \/>\n<meta name=\"twitter:label1\" content=\"Escrito por\" \/>\n\t<meta name=\"twitter:data1\" content=\"Andre\u0301 Rangel\u00a0\" \/>\n\t<meta name=\"twitter:label2\" content=\"Est. tempo de leitura\" \/>\n\t<meta name=\"twitter:data2\" content=\"4 minutos\" \/>\n<!-- \/ Yoast SEO plugin. -->","yoast_head_json":{"title":"Pessoas com alta intelig\u00eancia emocional usam 5 frases curtas para se tornarem l\u00edderes excepcionais - Estado de Minas - Em foco","description":"Saiba quais s\u00e3o as cinco frases que l\u00edderes de alta performance usam para conectar, motivar e apoiar suas equipes todos os dias.","robots":{"index":"index","follow":"follow","max-snippet":"max-snippet:-1","max-image-preview":"max-image-preview:large","max-video-preview":"max-video-preview:-1"},"canonical":"https:\/\/www.em.com.br\/emfoco\/2025\/06\/08\/pessoas-com-alta-inteligencia-emocional-usam-5-frases-curtas-para-se-tornarem-lideres-excepcionais\/","og_locale":"pt_BR","og_type":"article","og_title":"Pessoas com alta intelig\u00eancia emocional usam 5 frases curtas para se tornarem l\u00edderes excepcionais - Estado de Minas - Em foco","og_description":"Saiba quais s\u00e3o as cinco frases que l\u00edderes de alta performance usam para conectar, motivar e apoiar suas equipes todos os dias.","og_url":"https:\/\/www.em.com.br\/emfoco\/2025\/06\/08\/pessoas-com-alta-inteligencia-emocional-usam-5-frases-curtas-para-se-tornarem-lideres-excepcionais\/","og_site_name":"Estado de Minas - Em foco","article_published_time":"2025-06-08T13:00:27+00:00","article_modified_time":"2025-06-08T13:00:28+00:00","og_image":[{"width":1279,"height":720,"url":"https:\/\/www.em.com.br\/emfoco\/wp-content\/uploads\/2025\/06\/lideranca_1749308971688.jpg","type":"image\/jpeg"}],"author":"Andre\u0301 Rangel\u00a0","twitter_card":"summary_large_image","twitter_misc":{"Escrito por":"Andre\u0301 Rangel\u00a0","Est. tempo de leitura":"4 minutos"},"schema":{"@context":"https:\/\/schema.org","@graph":[{"@type":"WebPage","@id":"https:\/\/www.em.com.br\/emfoco\/2025\/06\/08\/pessoas-com-alta-inteligencia-emocional-usam-5-frases-curtas-para-se-tornarem-lideres-excepcionais\/","url":"https:\/\/www.em.com.br\/emfoco\/2025\/06\/08\/pessoas-com-alta-inteligencia-emocional-usam-5-frases-curtas-para-se-tornarem-lideres-excepcionais\/","name":"Pessoas com alta intelig\u00eancia emocional usam 5 frases curtas para se tornarem l\u00edderes excepcionais - Estado de Minas - Em foco","isPartOf":{"@id":"https:\/\/www.em.com.br\/emfoco\/#website"},"primaryImageOfPage":{"@id":"https:\/\/www.em.com.br\/emfoco\/2025\/06\/08\/pessoas-com-alta-inteligencia-emocional-usam-5-frases-curtas-para-se-tornarem-lideres-excepcionais\/#primaryimage"},"image":{"@id":"https:\/\/www.em.com.br\/emfoco\/2025\/06\/08\/pessoas-com-alta-inteligencia-emocional-usam-5-frases-curtas-para-se-tornarem-lideres-excepcionais\/#primaryimage"},"thumbnailUrl":"https:\/\/www.em.com.br\/emfoco\/wp-content\/uploads\/2025\/06\/lideranca_1749308971688.jpg","datePublished":"2025-06-08T13:00:27+00:00","dateModified":"2025-06-08T13:00:28+00:00","author":{"@id":"https:\/\/www.em.com.br\/emfoco\/#\/schema\/person\/60eda09c1fedf0d6891f4cef4b60b8b8"},"description":"Saiba quais s\u00e3o as cinco frases que l\u00edderes de alta performance usam para conectar, motivar e apoiar suas equipes todos os dias.","breadcrumb":{"@id":"https:\/\/www.em.com.br\/emfoco\/2025\/06\/08\/pessoas-com-alta-inteligencia-emocional-usam-5-frases-curtas-para-se-tornarem-lideres-excepcionais\/#breadcrumb"},"inLanguage":"pt-BR","potentialAction":[{"@type":"ReadAction","target":["https:\/\/www.em.com.br\/emfoco\/2025\/06\/08\/pessoas-com-alta-inteligencia-emocional-usam-5-frases-curtas-para-se-tornarem-lideres-excepcionais\/"]}]},{"@type":"ImageObject","inLanguage":"pt-BR","@id":"https:\/\/www.em.com.br\/emfoco\/2025\/06\/08\/pessoas-com-alta-inteligencia-emocional-usam-5-frases-curtas-para-se-tornarem-lideres-excepcionais\/#primaryimage","url":"https:\/\/www.em.com.br\/emfoco\/wp-content\/uploads\/2025\/06\/lideranca_1749308971688.jpg","contentUrl":"https:\/\/www.em.com.br\/emfoco\/wp-content\/uploads\/2025\/06\/lideranca_1749308971688.jpg","width":1279,"height":720,"caption":"Pessoa que se destaca - Cr\u00e9ditos: depositphotos.com \/ balein"},{"@type":"BreadcrumbList","@id":"https:\/\/www.em.com.br\/emfoco\/2025\/06\/08\/pessoas-com-alta-inteligencia-emocional-usam-5-frases-curtas-para-se-tornarem-lideres-excepcionais\/#breadcrumb","itemListElement":[{"@type":"ListItem","position":1,"name":"In\u00edcio","item":"https:\/\/www.em.com.br\/emfoco\/"},{"@type":"ListItem","position":2,"name":"Pessoas com alta intelig\u00eancia emocional usam 5 frases curtas para se tornarem l\u00edderes excepcionais"}]},{"@type":"WebSite","@id":"https:\/\/www.em.com.br\/emfoco\/#website","url":"https:\/\/www.em.com.br\/emfoco\/","name":"Estado de Minas - Em foco","description":"Acompanhe as \u00faltimas not\u00edcias e fique bem informado sobre tudo o que acontece em Minas Gerais, Brasil e no mundo.","potentialAction":[{"@type":"SearchAction","target":{"@type":"EntryPoint","urlTemplate":"https:\/\/www.em.com.br\/emfoco\/?s={search_term_string}"},"query-input":{"@type":"PropertyValueSpecification","valueRequired":true,"valueName":"search_term_string"}}],"inLanguage":"pt-BR"},{"@type":"Person","@id":"https:\/\/www.em.com.br\/emfoco\/#\/schema\/person\/60eda09c1fedf0d6891f4cef4b60b8b8","name":"Andre\u0301 Rangel\u00a0","image":{"@type":"ImageObject","inLanguage":"pt-BR","@id":"https:\/\/www.em.com.br\/emfoco\/#\/schema\/person\/image\/","url":"https:\/\/secure.gravatar.com\/avatar\/6234dc814c77c8ef6d8bba622c787efc?s=96&d=mm&r=g","contentUrl":"https:\/\/secure.gravatar.com\/avatar\/6234dc814c77c8ef6d8bba622c787efc?s=96&d=mm&r=g","caption":"Andre\u0301 Rangel\u00a0"},"url":"https:\/\/www.em.com.br\/emfoco\/author\/luizmyth\/"}]}},"_links":{"self":[{"href":"https:\/\/www.em.com.br\/emfoco\/wp-json\/wp\/v2\/posts\/57207","targetHints":{"allow":["GET"]}}],"collection":[{"href":"https:\/\/www.em.com.br\/emfoco\/wp-json\/wp\/v2\/posts"}],"about":[{"href":"https:\/\/www.em.com.br\/emfoco\/wp-json\/wp\/v2\/types\/post"}],"author":[{"embeddable":true,"href":"https:\/\/www.em.com.br\/emfoco\/wp-json\/wp\/v2\/users\/11"}],"replies":[{"embeddable":true,"href":"https:\/\/www.em.com.br\/emfoco\/wp-json\/wp\/v2\/comments?post=57207"}],"version-history":[{"count":3,"href":"https:\/\/www.em.com.br\/emfoco\/wp-json\/wp\/v2\/posts\/57207\/revisions"}],"predecessor-version":[{"id":57254,"href":"https:\/\/www.em.com.br\/emfoco\/wp-json\/wp\/v2\/posts\/57207\/revisions\/57254"}],"wp:featuredmedia":[{"embeddable":true,"href":"https:\/\/www.em.com.br\/emfoco\/wp-json\/wp\/v2\/media\/57253"}],"wp:attachment":[{"href":"https:\/\/www.em.com.br\/emfoco\/wp-json\/wp\/v2\/media?parent=57207"}],"wp:term":[{"taxonomy":"category","embeddable":true,"href":"https:\/\/www.em.com.br\/emfoco\/wp-json\/wp\/v2\/categories?post=57207"},{"taxonomy":"post_tag","embeddable":true,"href":"https:\/\/www.em.com.br\/emfoco\/wp-json\/wp\/v2\/tags?post=57207"}],"curies":[{"name":"wp","href":"https:\/\/api.w.org\/{rel}","templated":true}]}}