{"id":57194,"date":"2025-06-08T22:30:00","date_gmt":"2025-06-09T01:30:00","guid":{"rendered":"https:\/\/www.em.com.br\/emfoco\/?p=57194"},"modified":"2025-06-07T18:31:27","modified_gmt":"2025-06-07T21:31:27","slug":"se-voce-adotou-ou-teve-filho-pode-garantir-ate-quatro-meses-de-salario","status":"publish","type":"post","link":"https:\/\/www.em.com.br\/emfoco\/2025\/06\/08\/se-voce-adotou-ou-teve-filho-pode-garantir-ate-quatro-meses-de-salario\/","title":{"rendered":"Se voc\u00ea adotou ou teve filho pode garantir at\u00e9 quatro meses de sal\u00e1rio"},"content":{"rendered":"\n<p>O sal\u00e1rio-maternidade \u00e9 um benef\u00edcio previdenci\u00e1rio destinado a garantir a renda de trabalhadores durante o per\u00edodo de afastamento por motivo de nascimento de filho, ado\u00e7\u00e3o ou guarda judicial para fins de ado\u00e7\u00e3o. Este benef\u00edcio \u00e9 pago pela <strong><a href=\"https:\/\/www.gov.br\/previdencia\/pt-br\/assuntos\/previdencia-social\" target=\"_blank\" rel=\"noreferrer noopener\">Previd\u00eancia Social<\/a><\/strong> e tem como objetivo proporcionar seguran\u00e7a financeira durante um momento de grande mudan\u00e7a na vida familiar.<\/p>\n\n\n\n<p>Tradicionalmente associado \u00e0s gestantes, o sal\u00e1rio-maternidade tamb\u00e9m abrange outros casos, como ado\u00e7\u00e3o e situa\u00e7\u00f5es espec\u00edficas em que homens podem ser beneficiados. Compreender quem tem direito a esse benef\u00edcio \u00e9 essencial para garantir que todos os que se enquadram nos crit\u00e9rios possam usufruir desse direito.<\/p>\n\n\n\n<h2 class=\"wp-block-heading\">Quem tem direito ao sal\u00e1rio-maternidade?<\/h2>\n\n\n<div class=\"wp-block-image\">\n<figure class=\"aligncenter size-large\"><img loading=\"lazy\" decoding=\"async\" width=\"1024\" height=\"576\" src=\"https:\/\/www.em.com.br\/emfoco\/wp-content\/uploads\/2025\/06\/bolsa-familia_1748976654013-1024x576.jpg\" alt=\"\" class=\"wp-image-54996\" srcset=\"https:\/\/www.em.com.br\/emfoco\/wp-content\/uploads\/2025\/06\/bolsa-familia_1748976654013-1024x576.jpg 1024w, https:\/\/www.em.com.br\/emfoco\/wp-content\/uploads\/2025\/06\/bolsa-familia_1748976654013-300x169.jpg 300w, https:\/\/www.em.com.br\/emfoco\/wp-content\/uploads\/2025\/06\/bolsa-familia_1748976654013-768x432.jpg 768w, https:\/\/www.em.com.br\/emfoco\/wp-content\/uploads\/2025\/06\/bolsa-familia_1748976654013-750x422.jpg 750w, https:\/\/www.em.com.br\/emfoco\/wp-content\/uploads\/2025\/06\/bolsa-familia_1748976654013-1140x641.jpg 1140w, https:\/\/www.em.com.br\/emfoco\/wp-content\/uploads\/2025\/06\/bolsa-familia_1748976654013.jpg 1280w\" sizes=\"auto, (max-width: 1024px) 100vw, 1024px\" \/><figcaption class=\"wp-element-caption\">Fam\u00edlia &#8211; Cr\u00e9ditos: depositphotos.com \/ AllaSerebrina<\/figcaption><\/figure><\/div>\n\n\n<p>O direito ao sal\u00e1rio-maternidade \u00e9 assegurado a diferentes grupos de pessoas, cada um com suas particularidades. O benef\u00edcio \u00e9 acess\u00edvel a segurados do <strong><a href=\"https:\/\/www.em.com.br\/emfoco\/2025\/06\/06\/beneficiarios-do-inss-ja-podem-consultar-quando-vao-receber-em-junho\/\" target=\"_blank\" rel=\"noreferrer noopener\">INSS<\/a><\/strong>, incluindo trabalhadores formais, aut\u00f4nomos e desempregados que ainda mant\u00eam a qualidade de segurado. A seguir, detalhamos os principais grupos que podem requerer o benef\u00edcio.<\/p>\n\n\n\n<h2 class=\"wp-block-heading\">Gestantes: Como funciona o benef\u00edcio?<\/h2>\n\n\n\n<p>Para as gestantes, o sal\u00e1rio-maternidade \u00e9 concedido por um per\u00edodo de 120 dias, podendo ser solicitado a partir de 28 dias antes do parto. \u00c9 necess\u00e1rio que a gestante esteja contribuindo para o <strong>INSS <\/strong>ou tenha mantido a qualidade de segurada, mesmo que desempregada. O valor do benef\u00edcio varia conforme a categoria de contribui\u00e7\u00e3o, sendo geralmente equivalente ao sal\u00e1rio integral para empregadas formais.<\/p>\n\n\n\n<h2 class=\"wp-block-heading\">Adotantes: Quais s\u00e3o os direitos?<\/h2>\n\n\n\n<p>O sal\u00e1rio-maternidade tamb\u00e9m \u00e9 garantido para adotantes, <strong>independentemente da idade da crian\u00e7a adotada<\/strong>. O benef\u00edcio \u00e9 concedido por 120 dias, e o processo de solicita\u00e7\u00e3o \u00e9 semelhante ao das gestantes. O adotante deve ser segurado do <strong>INSS <\/strong>e apresentar a guarda judicial ou a certid\u00e3o de nascimento com a ado\u00e7\u00e3o j\u00e1 registrada. Este direito \u00e9 uma forma de incentivar a ado\u00e7\u00e3o e assegurar que os adotantes possam se dedicar integralmente \u00e0 adapta\u00e7\u00e3o da crian\u00e7a ao novo lar.<\/p>\n\n\n\n<h2 class=\"wp-block-heading\">Homens podem receber o sal\u00e1rio-maternidade?<\/h2>\n\n\n\n<p>Em casos espec\u00edficos, homens tamb\u00e9m podem ter direito ao <strong>sal\u00e1rio-maternidade<\/strong>. Isso ocorre principalmente em situa\u00e7\u00f5es de ado\u00e7\u00e3o, onde o adotante \u00e9 do sexo masculino e assume a guarda da crian\u00e7a. Al\u00e9m disso, em casos de falecimento da m\u00e3e durante o parto ou no per\u00edodo de recebimento do benef\u00edcio, o pai pode requerer o sal\u00e1rio-maternidade pelo tempo restante. Assim, o benef\u00edcio busca garantir que a crian\u00e7a tenha o suporte necess\u00e1rio em seus primeiros meses de vida.<\/p>\n\n\n\n<h2 class=\"wp-block-heading\">Como solicitar o sal\u00e1rio-maternidade?<\/h2>\n\n\n\n<p>O processo de solicita\u00e7\u00e3o do sal\u00e1rio-maternidade pode ser feito diretamente pelo site ou aplicativo do <strong>INSS<\/strong>, ou ainda nas ag\u00eancias f\u00edsicas, mediante agendamento. \u00c9 necess\u00e1rio apresentar documentos pessoais, comprovante de contribui\u00e7\u00e3o ao <strong>INSS <\/strong>e, conforme o caso, certid\u00e3o de nascimento ou guarda judicial. A an\u00e1lise do pedido pode levar alguns dias, e o benef\u00edcio \u00e9 pago diretamente na conta banc\u00e1ria do segurado.<\/p>\n\n\n\n<p>O sal\u00e1rio-maternidade \u00e9 um direito importante que visa proteger a renda familiar em momentos cruciais de transi\u00e7\u00e3o. Compreender quem tem direito ao benef\u00edcio e como solicit\u00e1-lo \u00e9 fundamental para garantir que todos os segurados possam usufruir desse suporte. A inclus\u00e3o de adotantes e homens em casos espec\u00edficos demonstra a evolu\u00e7\u00e3o das pol\u00edticas sociais, reconhecendo a diversidade das estruturas familiares contempor\u00e2neas.<\/p>\n","protected":false},"excerpt":{"rendered":"<p>O sal\u00e1rio-maternidade \u00e9 um benef\u00edcio previdenci\u00e1rio destinado a garantir a renda de trabalhadores durante o per\u00edodo de afastamento por motivo de nascimento de filho, ado\u00e7\u00e3o ou guarda judicial para fins de ado\u00e7\u00e3o. Este benef\u00edcio \u00e9 pago pela Previd\u00eancia Social e tem como objetivo proporcionar seguran\u00e7a financeira durante um momento de grande mudan\u00e7a na vida familiar. [&hellip;]<\/p>\n","protected":false},"author":20,"featured_media":57204,"comment_status":"open","ping_status":"open","sticky":false,"template":"","format":"standard","meta":{"jnews-multi-image_gallery":[],"jnews_single_post":{"format":"standard"},"jnews_primary_category":[],"jnews_social_meta":[],"jnews_override_counter":[],"footnotes":""},"categories":[28,1],"tags":[8646],"class_list":["post-57194","post","type-post","status-publish","format-standard","has-post-thumbnail","hentry","category-economia","category-noticias","tag-salario-maternidade"],"yoast_head":"<!-- This site is optimized with the Yoast SEO plugin v23.8 - https:\/\/yoast.com\/wordpress\/plugins\/seo\/ -->\n<title>Se voc\u00ea adotou ou teve filho pode garantir at\u00e9 quatro meses de sal\u00e1rio - Estado de Minas - Em foco<\/title>\n<meta name=\"description\" content=\"Gestantes, pais adotivos e at\u00e9 desempregados podem receber o sal\u00e1rio-maternidade. Veja quem tem direito e como solicitar o benef\u00edcio do INSS.\" \/>\n<meta name=\"robots\" content=\"index, follow, max-snippet:-1, max-image-preview:large, max-video-preview:-1\" \/>\n<link rel=\"canonical\" href=\"https:\/\/www.em.com.br\/emfoco\/2025\/06\/08\/se-voce-adotou-ou-teve-filho-pode-garantir-ate-quatro-meses-de-salario\/\" \/>\n<meta property=\"og:locale\" content=\"pt_BR\" \/>\n<meta property=\"og:type\" content=\"article\" \/>\n<meta property=\"og:title\" content=\"Se voc\u00ea adotou ou teve filho pode garantir at\u00e9 quatro meses de sal\u00e1rio - Estado de Minas - Em foco\" \/>\n<meta property=\"og:description\" content=\"Gestantes, pais adotivos e at\u00e9 desempregados podem receber o sal\u00e1rio-maternidade. Veja quem tem direito e como solicitar o benef\u00edcio do INSS.\" \/>\n<meta property=\"og:url\" content=\"https:\/\/www.em.com.br\/emfoco\/2025\/06\/08\/se-voce-adotou-ou-teve-filho-pode-garantir-ate-quatro-meses-de-salario\/\" \/>\n<meta property=\"og:site_name\" content=\"Estado de Minas - Em foco\" \/>\n<meta property=\"article:published_time\" content=\"2025-06-09T01:30:00+00:00\" \/>\n<meta property=\"article:modified_time\" content=\"2025-06-07T21:31:27+00:00\" \/>\n<meta property=\"og:image\" content=\"https:\/\/www.em.com.br\/emfoco\/wp-content\/uploads\/2025\/06\/pais_1749223256560.jpg\" \/>\n\t<meta property=\"og:image:width\" content=\"1280\" \/>\n\t<meta property=\"og:image:height\" content=\"720\" \/>\n\t<meta property=\"og:image:type\" content=\"image\/jpeg\" \/>\n<meta name=\"author\" content=\"Ingrid Diniz\" \/>\n<meta name=\"twitter:card\" content=\"summary_large_image\" \/>\n<meta name=\"twitter:label1\" content=\"Escrito por\" \/>\n\t<meta name=\"twitter:data1\" content=\"Ingrid Diniz\" \/>\n\t<meta name=\"twitter:label2\" content=\"Est. tempo de leitura\" \/>\n\t<meta name=\"twitter:data2\" content=\"4 minutos\" \/>\n<!-- \/ Yoast SEO plugin. -->","yoast_head_json":{"title":"Se voc\u00ea adotou ou teve filho pode garantir at\u00e9 quatro meses de sal\u00e1rio - Estado de Minas - Em foco","description":"Gestantes, pais adotivos e at\u00e9 desempregados podem receber o sal\u00e1rio-maternidade. Veja quem tem direito e como solicitar o benef\u00edcio do INSS.","robots":{"index":"index","follow":"follow","max-snippet":"max-snippet:-1","max-image-preview":"max-image-preview:large","max-video-preview":"max-video-preview:-1"},"canonical":"https:\/\/www.em.com.br\/emfoco\/2025\/06\/08\/se-voce-adotou-ou-teve-filho-pode-garantir-ate-quatro-meses-de-salario\/","og_locale":"pt_BR","og_type":"article","og_title":"Se voc\u00ea adotou ou teve filho pode garantir at\u00e9 quatro meses de sal\u00e1rio - Estado de Minas - Em foco","og_description":"Gestantes, pais adotivos e at\u00e9 desempregados podem receber o sal\u00e1rio-maternidade. Veja quem tem direito e como solicitar o benef\u00edcio do INSS.","og_url":"https:\/\/www.em.com.br\/emfoco\/2025\/06\/08\/se-voce-adotou-ou-teve-filho-pode-garantir-ate-quatro-meses-de-salario\/","og_site_name":"Estado de Minas - Em foco","article_published_time":"2025-06-09T01:30:00+00:00","article_modified_time":"2025-06-07T21:31:27+00:00","og_image":[{"width":1280,"height":720,"url":"https:\/\/www.em.com.br\/emfoco\/wp-content\/uploads\/2025\/06\/pais_1749223256560.jpg","type":"image\/jpeg"}],"author":"Ingrid Diniz","twitter_card":"summary_large_image","twitter_misc":{"Escrito por":"Ingrid Diniz","Est. tempo de leitura":"4 minutos"},"schema":{"@context":"https:\/\/schema.org","@graph":[{"@type":"WebPage","@id":"https:\/\/www.em.com.br\/emfoco\/2025\/06\/08\/se-voce-adotou-ou-teve-filho-pode-garantir-ate-quatro-meses-de-salario\/","url":"https:\/\/www.em.com.br\/emfoco\/2025\/06\/08\/se-voce-adotou-ou-teve-filho-pode-garantir-ate-quatro-meses-de-salario\/","name":"Se voc\u00ea adotou ou teve filho pode garantir at\u00e9 quatro meses de sal\u00e1rio - Estado de Minas - Em foco","isPartOf":{"@id":"https:\/\/www.em.com.br\/emfoco\/#website"},"primaryImageOfPage":{"@id":"https:\/\/www.em.com.br\/emfoco\/2025\/06\/08\/se-voce-adotou-ou-teve-filho-pode-garantir-ate-quatro-meses-de-salario\/#primaryimage"},"image":{"@id":"https:\/\/www.em.com.br\/emfoco\/2025\/06\/08\/se-voce-adotou-ou-teve-filho-pode-garantir-ate-quatro-meses-de-salario\/#primaryimage"},"thumbnailUrl":"https:\/\/www.em.com.br\/emfoco\/wp-content\/uploads\/2025\/06\/pais_1749223256560.jpg","datePublished":"2025-06-09T01:30:00+00:00","dateModified":"2025-06-07T21:31:27+00:00","author":{"@id":"https:\/\/www.em.com.br\/emfoco\/#\/schema\/person\/649e610b4eb8fff87ff394e54fe17b2b"},"description":"Gestantes, pais adotivos e at\u00e9 desempregados podem receber o sal\u00e1rio-maternidade. Veja quem tem direito e como solicitar o benef\u00edcio do INSS.","breadcrumb":{"@id":"https:\/\/www.em.com.br\/emfoco\/2025\/06\/08\/se-voce-adotou-ou-teve-filho-pode-garantir-ate-quatro-meses-de-salario\/#breadcrumb"},"inLanguage":"pt-BR","potentialAction":[{"@type":"ReadAction","target":["https:\/\/www.em.com.br\/emfoco\/2025\/06\/08\/se-voce-adotou-ou-teve-filho-pode-garantir-ate-quatro-meses-de-salario\/"]}]},{"@type":"ImageObject","inLanguage":"pt-BR","@id":"https:\/\/www.em.com.br\/emfoco\/2025\/06\/08\/se-voce-adotou-ou-teve-filho-pode-garantir-ate-quatro-meses-de-salario\/#primaryimage","url":"https:\/\/www.em.com.br\/emfoco\/wp-content\/uploads\/2025\/06\/pais_1749223256560.jpg","contentUrl":"https:\/\/www.em.com.br\/emfoco\/wp-content\/uploads\/2025\/06\/pais_1749223256560.jpg","width":1280,"height":720,"caption":"Clima em BH exige aten\u00e7\u00e3o para proteger sua fam\u00edlia - Cr\u00e9ditos: depositphotos.com \/ photobac"},{"@type":"BreadcrumbList","@id":"https:\/\/www.em.com.br\/emfoco\/2025\/06\/08\/se-voce-adotou-ou-teve-filho-pode-garantir-ate-quatro-meses-de-salario\/#breadcrumb","itemListElement":[{"@type":"ListItem","position":1,"name":"In\u00edcio","item":"https:\/\/www.em.com.br\/emfoco\/"},{"@type":"ListItem","position":2,"name":"Se voc\u00ea adotou ou teve filho pode garantir at\u00e9 quatro meses de sal\u00e1rio"}]},{"@type":"WebSite","@id":"https:\/\/www.em.com.br\/emfoco\/#website","url":"https:\/\/www.em.com.br\/emfoco\/","name":"Estado de Minas - Em foco","description":"Acompanhe as \u00faltimas not\u00edcias e fique bem informado sobre tudo o que acontece em Minas Gerais, Brasil e no mundo.","potentialAction":[{"@type":"SearchAction","target":{"@type":"EntryPoint","urlTemplate":"https:\/\/www.em.com.br\/emfoco\/?s={search_term_string}"},"query-input":{"@type":"PropertyValueSpecification","valueRequired":true,"valueName":"search_term_string"}}],"inLanguage":"pt-BR"},{"@type":"Person","@id":"https:\/\/www.em.com.br\/emfoco\/#\/schema\/person\/649e610b4eb8fff87ff394e54fe17b2b","name":"Ingrid Diniz","image":{"@type":"ImageObject","inLanguage":"pt-BR","@id":"https:\/\/www.em.com.br\/emfoco\/#\/schema\/person\/image\/","url":"https:\/\/secure.gravatar.com\/avatar\/a3baa1449ec5c39b4c42babc9d4f3951?s=96&d=mm&r=g","contentUrl":"https:\/\/secure.gravatar.com\/avatar\/a3baa1449ec5c39b4c42babc9d4f3951?s=96&d=mm&r=g","caption":"Ingrid Diniz"},"sameAs":["https:\/\/www.em.com.br\/"],"url":"https:\/\/www.em.com.br\/emfoco\/author\/ingridmyth\/"}]}},"_links":{"self":[{"href":"https:\/\/www.em.com.br\/emfoco\/wp-json\/wp\/v2\/posts\/57194","targetHints":{"allow":["GET"]}}],"collection":[{"href":"https:\/\/www.em.com.br\/emfoco\/wp-json\/wp\/v2\/posts"}],"about":[{"href":"https:\/\/www.em.com.br\/emfoco\/wp-json\/wp\/v2\/types\/post"}],"author":[{"embeddable":true,"href":"https:\/\/www.em.com.br\/emfoco\/wp-json\/wp\/v2\/users\/20"}],"replies":[{"embeddable":true,"href":"https:\/\/www.em.com.br\/emfoco\/wp-json\/wp\/v2\/comments?post=57194"}],"version-history":[{"count":1,"href":"https:\/\/www.em.com.br\/emfoco\/wp-json\/wp\/v2\/posts\/57194\/revisions"}],"predecessor-version":[{"id":57206,"href":"https:\/\/www.em.com.br\/emfoco\/wp-json\/wp\/v2\/posts\/57194\/revisions\/57206"}],"wp:featuredmedia":[{"embeddable":true,"href":"https:\/\/www.em.com.br\/emfoco\/wp-json\/wp\/v2\/media\/57204"}],"wp:attachment":[{"href":"https:\/\/www.em.com.br\/emfoco\/wp-json\/wp\/v2\/media?parent=57194"}],"wp:term":[{"taxonomy":"category","embeddable":true,"href":"https:\/\/www.em.com.br\/emfoco\/wp-json\/wp\/v2\/categories?post=57194"},{"taxonomy":"post_tag","embeddable":true,"href":"https:\/\/www.em.com.br\/emfoco\/wp-json\/wp\/v2\/tags?post=57194"}],"curies":[{"name":"wp","href":"https:\/\/api.w.org\/{rel}","templated":true}]}}