{"id":56948,"date":"2025-06-08T18:20:00","date_gmt":"2025-06-08T21:20:00","guid":{"rendered":"https:\/\/www.em.com.br\/emfoco\/?p=56948"},"modified":"2025-06-07T10:05:46","modified_gmt":"2025-06-07T13:05:46","slug":"a-cidade-mais-alta-de-minas-gerais-esta-chamando-atencao-dos-aventureiros","status":"publish","type":"post","link":"https:\/\/www.em.com.br\/emfoco\/2025\/06\/08\/a-cidade-mais-alta-de-minas-gerais-esta-chamando-atencao-dos-aventureiros\/","title":{"rendered":"A cidade mais alta de Minas Gerais est\u00e1 chamando aten\u00e7\u00e3o dos aventureiros"},"content":{"rendered":"\n<p>Localizada a 1500 metros de altitude,\u00a0<strong><a href=\"https:\/\/www.instagram.com\/prefeituradesenador\/\" target=\"_blank\" rel=\"noreferrer noopener\">Senador Amaral<\/a><\/strong>\u00a0\u00e9 a cidade mais alta de\u00a0<strong><a href=\"https:\/\/www.em.com.br\/emfoco\/2025\/06\/06\/a-cidade-de-minas-gerais-que-virou-ponto-obrigatorio-de-inverno\/\" target=\"_blank\" rel=\"noreferrer noopener\">Minas Gerais<\/a><\/strong>\u00a0e uma das mais elevadas do\u00a0<strong>Brasil<\/strong>. Este destino, ainda pouco explorado, atrai aqueles que buscam tranquilidade e um contato mais pr\u00f3ximo com a natureza. Situada a 450 km de\u00a0<strong>Belo Horizonte<\/strong>\u00a0e a 174 km de\u00a0<strong>S\u00e3o Paulo<\/strong>, a cidade oferece uma combina\u00e7\u00e3o \u00fanica de paisagens deslumbrantes e atividades ao ar livre.<\/p>\n\n\n\n<p>Rodeada pelas montanhas da&nbsp;<strong>Serra da Mantiqueira<\/strong>, Senador Amaral \u00e9 um para\u00edso para os amantes do ecoturismo. Com trilhas que variam de leves a desafiadoras, a regi\u00e3o \u00e9 ideal tanto para iniciantes quanto para aventureiros experientes. Al\u00e9m disso, a cidade oferece \u00e1reas espec\u00edficas para acampamento, proporcionando uma experi\u00eancia imersiva na natureza e a oportunidade de contemplar um dos c\u00e9us noturnos mais estrelados da regi\u00e3o.<\/p>\n\n\n\n<figure class=\"wp-block-embed is-type-video is-provider-tiktok wp-block-embed-tiktok\"><div class=\"wp-block-embed__wrapper\">\n<blockquote class=\"tiktok-embed\" cite=\"https:\/\/www.tiktok.com\/@mochileirosdeminas\/video\/7350667620313599238\" data-video-id=\"7350667620313599238\" data-embed-from=\"oembed\" style=\"max-width:605px; min-width:325px;\"> <section> <a target=\"_blank\" title=\"@mochileirosdeminas\" href=\"https:\/\/www.tiktok.com\/@mochileirosdeminas?refer=embed\">@mochileirosdeminas<\/a> <p>A Cidade mais alta de Minas Gerais! \ud83d\udd3a Estivemos em Senador Amaral e conhecemos diversos lugares. \u26f0\ufe0f Nos hospedamos na @pousada_ilhas_do_sol em um bangal\u00f4 em cima de um lago. \ud83e\udd70A Cidade mais alta de Minas Gerais! \ud83d\udd3a Estivemos em Senador Amaral e conhecemos diversos lugares. \u26f0\ufe0f Nos hospedamos na @pousada_ilhas_do_sol em um bangal\u00f4 em cima de um lago. \ud83e\udd70 Por l\u00e1 praticamos arco e flecha e at\u00e9 tivemos uma aula de astrofotografia com o @leofroesft. \u2728 No segundo dia nos hospedamos na @pousada_e_pesqueiro_do_caneca, um lugar lindo e muito confort\u00e1vel, com uma estrutura incr\u00edvel. \ud83c\udfa3 Conhecemos uma planta\u00e7\u00e3o de Cravos, Cravinas e Astrom\u00e9lias na @pousada_das_flores. \ud83c\udf39\ud83c\udf37 Para finalizar fomos at\u00e9 o @valedosreishotelfazenda e conhecemos um bunker com tuneis que passam por baixo de toda a propriedade. \ud83d\ude31 O que ser\u00e1 que eles sabem e n\u00f3s ainda n\u00e3o sabemos? \ud83d\ude28 Quer conhecer mais sobre esses lugares, ent\u00e3o siga a nossa p\u00e1gina para n\u00e3o perder os pr\u00f3ximos v\u00eddeos. \ud83d\ude4c\ud83c\udffb<\/p> <a target=\"_blank\" title=\"\u266c som original - MOCHILEIROS DE MINAS\" href=\"https:\/\/www.tiktok.com\/music\/som-original-7350667646098459397?refer=embed\">\u266c som original &#8211; MOCHILEIROS DE MINAS<\/a> <\/section> <\/blockquote> <script async src=\"https:\/\/www.tiktok.com\/embed.js\"><\/script>\n<\/div><\/figure>\n\n\n\n<h2 class=\"wp-block-heading\">Quais atividades ao ar livre Senador Amaral oferece?<\/h2>\n\n\n\n<p>O ecoturismo \u00e9 uma das principais atra\u00e7\u00f5es de Senador Amaral. Al\u00e9m das trilhas, a cidade oferece diversas atividades esportivas, como futebol, motocross, mountain biking e trekking. O campo de futebol local \u00e9 palco de partidas entre moradores e visitantes, enquanto o motocross movimenta os finais de semana com competi\u00e7\u00f5es apoiadas pela prefeitura.<\/p>\n\n\n\n<p>Para os ciclistas, as trilhas de mountain biking oferecem diferentes n\u00edveis de dificuldade, atraindo tanto amadores quanto profissionais. J\u00e1 o trekking \u00e9 uma excelente op\u00e7\u00e3o para explorar as belezas naturais da regi\u00e3o, com percursos que levam a mirantes secretos e cachoeiras incr\u00edveis.<\/p>\n\n\n\n<h2 class=\"wp-block-heading\">Como a agricultura familiar enriquece a experi\u00eancia em Senador Amaral?<\/h2>\n\n\n\n<p>A agricultura familiar \u00e9 uma marca registrada de Senador Amaral. Conhecida pelo cultivo de morangos e hortali\u00e7as, a cidade oferece aos visitantes a oportunidade de conhecer de perto as planta\u00e7\u00f5es. Algumas propriedades abrem suas portas para turistas interessados em vivenciar a experi\u00eancia da colheita e aprender sobre o dia a dia dos produtores locais.<\/p>\n\n\n\n<figure class=\"wp-block-image size-large\"><img loading=\"lazy\" decoding=\"async\" width=\"1024\" height=\"576\" src=\"https:\/\/www.em.com.br\/emfoco\/wp-content\/uploads\/2025\/06\/Araucaria.2-1-1024x576.jpg\" alt=\"\" class=\"wp-image-57006\" srcset=\"https:\/\/www.em.com.br\/emfoco\/wp-content\/uploads\/2025\/06\/Araucaria.2-1-1024x576.jpg 1024w, https:\/\/www.em.com.br\/emfoco\/wp-content\/uploads\/2025\/06\/Araucaria.2-1-300x169.jpg 300w, https:\/\/www.em.com.br\/emfoco\/wp-content\/uploads\/2025\/06\/Araucaria.2-1-768x432.jpg 768w, https:\/\/www.em.com.br\/emfoco\/wp-content\/uploads\/2025\/06\/Araucaria.2-1-750x422.jpg 750w, https:\/\/www.em.com.br\/emfoco\/wp-content\/uploads\/2025\/06\/Araucaria.2-1-1140x641.jpg 1140w, https:\/\/www.em.com.br\/emfoco\/wp-content\/uploads\/2025\/06\/Araucaria.2-1.jpg 1280w\" sizes=\"auto, (max-width: 1024px) 100vw, 1024px\" \/><figcaption class=\"wp-element-caption\">Montanhas &#8211; Cr\u00e9ditos: Divulga\u00e7\u00e3o\/Prefeitura Municipal de Senador Amaral<\/figcaption><\/figure>\n\n\n\n<p>Essa intera\u00e7\u00e3o com a agricultura local n\u00e3o s\u00f3 enriquece a experi\u00eancia dos visitantes, mas tamb\u00e9m fortalece a economia da regi\u00e3o, promovendo o turismo sustent\u00e1vel e o desenvolvimento comunit\u00e1rio.<\/p>\n\n\n\n<h2 class=\"wp-block-heading\">Por que visitar Senador Amaral?<\/h2>\n\n\n\n<p>Senador Amaral \u00e9 um destino que combina beleza natural, atividades ao ar livre e uma rica cultura agr\u00edcola. A cidade oferece uma experi\u00eancia \u00fanica para aqueles que buscam fugir da rotina e se conectar com a natureza. Com suas paisagens espetaculares, ar puro e um c\u00e9u noturno deslumbrante, Senador Amaral \u00e9 um ref\u00fagio perfeito na Serra da Mantiqueira.<\/p>\n\n\n\n<p>Al\u00e9m disso, eventos como a tradicional&nbsp;<strong>Corrida Superando Limites<\/strong>, que ocorre anualmente em junho, atraem turistas e atletas para percursos desafiadores, tornando a cidade um ponto de encontro para entusiastas de esportes e natureza.<\/p>\n","protected":false},"excerpt":{"rendered":"<p>Localizada a 1500 metros de altitude,\u00a0Senador Amaral\u00a0\u00e9 a cidade mais alta de\u00a0Minas Gerais\u00a0e uma das mais elevadas do\u00a0Brasil. Este destino, ainda pouco explorado, atrai aqueles que buscam tranquilidade e um contato mais pr\u00f3ximo com a natureza. Situada a 450 km de\u00a0Belo Horizonte\u00a0e a 174 km de\u00a0S\u00e3o Paulo, a cidade oferece uma combina\u00e7\u00e3o \u00fanica de paisagens [&hellip;]<\/p>\n","protected":false},"author":11,"featured_media":57005,"comment_status":"open","ping_status":"open","sticky":false,"template":"","format":"standard","meta":{"jnews-multi-image_gallery":[],"jnews_single_post":{"format":"standard"},"jnews_primary_category":[],"jnews_social_meta":[],"jnews_override_counter":[],"footnotes":""},"categories":[26,1],"tags":[8963,7920,207],"class_list":["post-56948","post","type-post","status-publish","format-standard","has-post-thumbnail","hentry","category-cidades","category-noticias","tag-cidade-de-minas-gerais","tag-cidade-mineira","tag-minas-gerais"],"yoast_head":"<!-- This site is optimized with the Yoast SEO plugin v23.8 - https:\/\/yoast.com\/wordpress\/plugins\/seo\/ -->\n<title>A cidade mais alta de Minas Gerais est\u00e1 chamando aten\u00e7\u00e3o dos aventureiros - Estado de Minas - Em foco<\/title>\n<meta name=\"description\" content=\"A cidade mais alta de Minas \u00e9 o ref\u00fagio ideal para quem busca natureza, aventura e ar puro. Veja o que fazer por l\u00e1.\" \/>\n<meta name=\"robots\" content=\"index, follow, max-snippet:-1, max-image-preview:large, max-video-preview:-1\" \/>\n<link rel=\"canonical\" href=\"https:\/\/www.em.com.br\/emfoco\/2025\/06\/08\/a-cidade-mais-alta-de-minas-gerais-esta-chamando-atencao-dos-aventureiros\/\" \/>\n<meta property=\"og:locale\" content=\"pt_BR\" \/>\n<meta property=\"og:type\" content=\"article\" \/>\n<meta property=\"og:title\" content=\"A cidade mais alta de Minas Gerais est\u00e1 chamando aten\u00e7\u00e3o dos aventureiros - Estado de Minas - Em foco\" \/>\n<meta property=\"og:description\" content=\"A cidade mais alta de Minas \u00e9 o ref\u00fagio ideal para quem busca natureza, aventura e ar puro. Veja o que fazer por l\u00e1.\" \/>\n<meta property=\"og:url\" content=\"https:\/\/www.em.com.br\/emfoco\/2025\/06\/08\/a-cidade-mais-alta-de-minas-gerais-esta-chamando-atencao-dos-aventureiros\/\" \/>\n<meta property=\"og:site_name\" content=\"Estado de Minas - Em foco\" \/>\n<meta property=\"article:published_time\" content=\"2025-06-08T21:20:00+00:00\" \/>\n<meta property=\"article:modified_time\" content=\"2025-06-07T13:05:46+00:00\" \/>\n<meta property=\"og:image\" content=\"https:\/\/www.em.com.br\/emfoco\/wp-content\/uploads\/2025\/06\/1444428267.jpg\" \/>\n\t<meta property=\"og:image:width\" content=\"1280\" \/>\n\t<meta property=\"og:image:height\" content=\"720\" \/>\n\t<meta property=\"og:image:type\" content=\"image\/jpeg\" \/>\n<meta name=\"author\" content=\"Andre\u0301 Rangel\u00a0\" \/>\n<meta name=\"twitter:card\" content=\"summary_large_image\" \/>\n<meta name=\"twitter:label1\" content=\"Escrito por\" \/>\n\t<meta name=\"twitter:data1\" content=\"Andre\u0301 Rangel\u00a0\" \/>\n\t<meta name=\"twitter:label2\" content=\"Est. tempo de leitura\" \/>\n\t<meta name=\"twitter:data2\" content=\"3 minutos\" \/>\n<!-- \/ Yoast SEO plugin. -->","yoast_head_json":{"title":"A cidade mais alta de Minas Gerais est\u00e1 chamando aten\u00e7\u00e3o dos aventureiros - Estado de Minas - Em foco","description":"A cidade mais alta de Minas \u00e9 o ref\u00fagio ideal para quem busca natureza, aventura e ar puro. Veja o que fazer por l\u00e1.","robots":{"index":"index","follow":"follow","max-snippet":"max-snippet:-1","max-image-preview":"max-image-preview:large","max-video-preview":"max-video-preview:-1"},"canonical":"https:\/\/www.em.com.br\/emfoco\/2025\/06\/08\/a-cidade-mais-alta-de-minas-gerais-esta-chamando-atencao-dos-aventureiros\/","og_locale":"pt_BR","og_type":"article","og_title":"A cidade mais alta de Minas Gerais est\u00e1 chamando aten\u00e7\u00e3o dos aventureiros - Estado de Minas - Em foco","og_description":"A cidade mais alta de Minas \u00e9 o ref\u00fagio ideal para quem busca natureza, aventura e ar puro. Veja o que fazer por l\u00e1.","og_url":"https:\/\/www.em.com.br\/emfoco\/2025\/06\/08\/a-cidade-mais-alta-de-minas-gerais-esta-chamando-atencao-dos-aventureiros\/","og_site_name":"Estado de Minas - Em foco","article_published_time":"2025-06-08T21:20:00+00:00","article_modified_time":"2025-06-07T13:05:46+00:00","og_image":[{"width":1280,"height":720,"url":"https:\/\/www.em.com.br\/emfoco\/wp-content\/uploads\/2025\/06\/1444428267.jpg","type":"image\/jpeg"}],"author":"Andre\u0301 Rangel\u00a0","twitter_card":"summary_large_image","twitter_misc":{"Escrito por":"Andre\u0301 Rangel\u00a0","Est. tempo de leitura":"3 minutos"},"schema":{"@context":"https:\/\/schema.org","@graph":[{"@type":"WebPage","@id":"https:\/\/www.em.com.br\/emfoco\/2025\/06\/08\/a-cidade-mais-alta-de-minas-gerais-esta-chamando-atencao-dos-aventureiros\/","url":"https:\/\/www.em.com.br\/emfoco\/2025\/06\/08\/a-cidade-mais-alta-de-minas-gerais-esta-chamando-atencao-dos-aventureiros\/","name":"A cidade mais alta de Minas Gerais est\u00e1 chamando aten\u00e7\u00e3o dos aventureiros - Estado de Minas - Em foco","isPartOf":{"@id":"https:\/\/www.em.com.br\/emfoco\/#website"},"primaryImageOfPage":{"@id":"https:\/\/www.em.com.br\/emfoco\/2025\/06\/08\/a-cidade-mais-alta-de-minas-gerais-esta-chamando-atencao-dos-aventureiros\/#primaryimage"},"image":{"@id":"https:\/\/www.em.com.br\/emfoco\/2025\/06\/08\/a-cidade-mais-alta-de-minas-gerais-esta-chamando-atencao-dos-aventureiros\/#primaryimage"},"thumbnailUrl":"https:\/\/www.em.com.br\/emfoco\/wp-content\/uploads\/2025\/06\/1444428267.jpg","datePublished":"2025-06-08T21:20:00+00:00","dateModified":"2025-06-07T13:05:46+00:00","author":{"@id":"https:\/\/www.em.com.br\/emfoco\/#\/schema\/person\/60eda09c1fedf0d6891f4cef4b60b8b8"},"description":"A cidade mais alta de Minas \u00e9 o ref\u00fagio ideal para quem busca natureza, aventura e ar puro. Veja o que fazer por l\u00e1.","breadcrumb":{"@id":"https:\/\/www.em.com.br\/emfoco\/2025\/06\/08\/a-cidade-mais-alta-de-minas-gerais-esta-chamando-atencao-dos-aventureiros\/#breadcrumb"},"inLanguage":"pt-BR","potentialAction":[{"@type":"ReadAction","target":["https:\/\/www.em.com.br\/emfoco\/2025\/06\/08\/a-cidade-mais-alta-de-minas-gerais-esta-chamando-atencao-dos-aventureiros\/"]}]},{"@type":"ImageObject","inLanguage":"pt-BR","@id":"https:\/\/www.em.com.br\/emfoco\/2025\/06\/08\/a-cidade-mais-alta-de-minas-gerais-esta-chamando-atencao-dos-aventureiros\/#primaryimage","url":"https:\/\/www.em.com.br\/emfoco\/wp-content\/uploads\/2025\/06\/1444428267.jpg","contentUrl":"https:\/\/www.em.com.br\/emfoco\/wp-content\/uploads\/2025\/06\/1444428267.jpg","width":1280,"height":720,"caption":"Sanador Amaral - Cr\u00e9ditos: Divulga\u00e7\u00e3o\/C\u00e2mara Municipal de Senador Amaral"},{"@type":"BreadcrumbList","@id":"https:\/\/www.em.com.br\/emfoco\/2025\/06\/08\/a-cidade-mais-alta-de-minas-gerais-esta-chamando-atencao-dos-aventureiros\/#breadcrumb","itemListElement":[{"@type":"ListItem","position":1,"name":"In\u00edcio","item":"https:\/\/www.em.com.br\/emfoco\/"},{"@type":"ListItem","position":2,"name":"A cidade mais alta de Minas Gerais est\u00e1 chamando aten\u00e7\u00e3o dos aventureiros"}]},{"@type":"WebSite","@id":"https:\/\/www.em.com.br\/emfoco\/#website","url":"https:\/\/www.em.com.br\/emfoco\/","name":"Estado de Minas - Em foco","description":"Acompanhe as \u00faltimas not\u00edcias e fique bem informado sobre tudo o que acontece em Minas Gerais, Brasil e no mundo.","potentialAction":[{"@type":"SearchAction","target":{"@type":"EntryPoint","urlTemplate":"https:\/\/www.em.com.br\/emfoco\/?s={search_term_string}"},"query-input":{"@type":"PropertyValueSpecification","valueRequired":true,"valueName":"search_term_string"}}],"inLanguage":"pt-BR"},{"@type":"Person","@id":"https:\/\/www.em.com.br\/emfoco\/#\/schema\/person\/60eda09c1fedf0d6891f4cef4b60b8b8","name":"Andre\u0301 Rangel\u00a0","image":{"@type":"ImageObject","inLanguage":"pt-BR","@id":"https:\/\/www.em.com.br\/emfoco\/#\/schema\/person\/image\/","url":"https:\/\/secure.gravatar.com\/avatar\/6234dc814c77c8ef6d8bba622c787efc?s=96&d=mm&r=g","contentUrl":"https:\/\/secure.gravatar.com\/avatar\/6234dc814c77c8ef6d8bba622c787efc?s=96&d=mm&r=g","caption":"Andre\u0301 Rangel\u00a0"},"url":"https:\/\/www.em.com.br\/emfoco\/author\/luizmyth\/"}]}},"_links":{"self":[{"href":"https:\/\/www.em.com.br\/emfoco\/wp-json\/wp\/v2\/posts\/56948","targetHints":{"allow":["GET"]}}],"collection":[{"href":"https:\/\/www.em.com.br\/emfoco\/wp-json\/wp\/v2\/posts"}],"about":[{"href":"https:\/\/www.em.com.br\/emfoco\/wp-json\/wp\/v2\/types\/post"}],"author":[{"embeddable":true,"href":"https:\/\/www.em.com.br\/emfoco\/wp-json\/wp\/v2\/users\/11"}],"replies":[{"embeddable":true,"href":"https:\/\/www.em.com.br\/emfoco\/wp-json\/wp\/v2\/comments?post=56948"}],"version-history":[{"count":5,"href":"https:\/\/www.em.com.br\/emfoco\/wp-json\/wp\/v2\/posts\/56948\/revisions"}],"predecessor-version":[{"id":57500,"href":"https:\/\/www.em.com.br\/emfoco\/wp-json\/wp\/v2\/posts\/56948\/revisions\/57500"}],"wp:featuredmedia":[{"embeddable":true,"href":"https:\/\/www.em.com.br\/emfoco\/wp-json\/wp\/v2\/media\/57005"}],"wp:attachment":[{"href":"https:\/\/www.em.com.br\/emfoco\/wp-json\/wp\/v2\/media?parent=56948"}],"wp:term":[{"taxonomy":"category","embeddable":true,"href":"https:\/\/www.em.com.br\/emfoco\/wp-json\/wp\/v2\/categories?post=56948"},{"taxonomy":"post_tag","embeddable":true,"href":"https:\/\/www.em.com.br\/emfoco\/wp-json\/wp\/v2\/tags?post=56948"}],"curies":[{"name":"wp","href":"https:\/\/api.w.org\/{rel}","templated":true}]}}