{"id":5674,"date":"2024-12-19T20:00:00","date_gmt":"2024-12-19T23:00:00","guid":{"rendered":"https:\/\/www.em.com.br\/emfoco\/?p=5674"},"modified":"2024-12-18T23:03:25","modified_gmt":"2024-12-19T02:03:25","slug":"cnh-mais-facil-ou-mais-dificil-confira","status":"publish","type":"post","link":"https:\/\/www.em.com.br\/emfoco\/2024\/12\/19\/cnh-mais-facil-ou-mais-dificil-confira\/","title":{"rendered":"CNH: mais f\u00e1cil ou mais dif\u00edcil? Confira!"},"content":{"rendered":"\n<p>A partir de 1\u00ba de janeiro de 2025, o cen\u00e1rio das carteiras de habilita\u00e7\u00e3o no <a href=\"https:\/\/www.em.com.br\/emfoco\/2024\/12\/17\/o-brasil-esta-pronto-para-os-carros-que-se-dirigem-sozinhos\/\" target=\"_blank\" rel=\"noreferrer noopener\">Brasil <\/a>sofrer\u00e1 uma mudan\u00e7a significativa. A introdu\u00e7\u00e3o das novas categorias de <a href=\"https:\/\/www.detran.sp.gov.br\/wps\/portal\/portaldetran\/cidadao\/habilitacao\/home\" target=\"_blank\" rel=\"noreferrer noopener\">CNH <\/a>para carros autom\u00e1ticos vem como uma resposta \u00e0s transforma\u00e7\u00f5es tecnol\u00f3gicas e \u00e0 crescente prefer\u00eancia dos motoristas por ve\u00edculos sem embreagem. Essa mudan\u00e7a ser\u00e1 refletida na divis\u00e3o da categoria B em duas subcategorias: B1 e B2.<\/p>\n\n\n\n<p>Essa altera\u00e7\u00e3o ocorre no contexto do Projeto de Lei 7.746\/17 e alinha o Brasil com pr\u00e1ticas j\u00e1 consolidadas em pa\u00edses como Jap\u00e3o, Alemanha e Austr\u00e1lia. A proposta visa ampliar as op\u00e7\u00f5es de forma\u00e7\u00e3o para os futuros motoristas, garantindo que eles sejam capacitados de acordo com o tipo de ve\u00edculo que pretendem conduzir.<\/p>\n\n\n\n<h2 class=\"wp-block-heading\">O Objetivo das Novas Categorias de Habilita\u00e7\u00e3o<\/h2>\n\n\n\n<p>A CNH para carros autom\u00e1ticos tem como objetivo prim\u00e1rio adequar a forma\u00e7\u00e3o dos novos condutores ao ve\u00edculo que usar\u00e3o no dia a dia. Atualmente, o aprendizado nas autoescolas \u00e9 majoritariamente voltado para carros manuais, o que pode n\u00e3o refletir a realidade de muitos motoristas que acabam dirigindo ve\u00edculos autom\u00e1ticos. Com essa nova modalidade, busca-se oferecer um ensino mais alinhado \u00e0s prefer\u00eancias do mercado atual.<\/p>\n\n\n\n<p>Al\u00e9m disso, a implementa\u00e7\u00e3o dessa mudan\u00e7a visa garantir que os motoristas tenham um entendimento mais profundo do funcionamento dos ve\u00edculos autom\u00e1ticos, um aspecto frequentemente negligenciado nas forma\u00e7\u00f5es atuais. A ideia \u00e9 que, com um treinamento mais direcionado, os motoristas se sintam mais seguros e confiantes ao volante.<\/p>\n\n\n<div class=\"wp-block-image\">\n<figure class=\"aligncenter size-large\"><img loading=\"lazy\" decoding=\"async\" width=\"1024\" height=\"576\" src=\"https:\/\/www.em.com.br\/emfoco\/wp-content\/uploads\/2024\/11\/CNH_1732946447629-1024x576.jpg\" alt=\"\" class=\"wp-image-2373\" srcset=\"https:\/\/www.em.com.br\/emfoco\/wp-content\/uploads\/2024\/11\/CNH_1732946447629-1024x576.jpg 1024w, https:\/\/www.em.com.br\/emfoco\/wp-content\/uploads\/2024\/11\/CNH_1732946447629-300x169.jpg 300w, https:\/\/www.em.com.br\/emfoco\/wp-content\/uploads\/2024\/11\/CNH_1732946447629-768x432.jpg 768w, https:\/\/www.em.com.br\/emfoco\/wp-content\/uploads\/2024\/11\/CNH_1732946447629-750x422.jpg 750w, https:\/\/www.em.com.br\/emfoco\/wp-content\/uploads\/2024\/11\/CNH_1732946447629-1140x641.jpg 1140w, https:\/\/www.em.com.br\/emfoco\/wp-content\/uploads\/2024\/11\/CNH_1732946447629.jpg 1280w\" sizes=\"auto, (max-width: 1024px) 100vw, 1024px\" \/><figcaption class=\"wp-element-caption\">CNH &#8211; Cr\u00e9ditos: depositphotos.com \/ rafapress<\/figcaption><\/figure><\/div>\n\n\n<h2 class=\"wp-block-heading\">O que Muda para os Motoristas Existentes?<\/h2>\n\n\n\n<p>Aqueles que j\u00e1 possuem a CNH categoria B n\u00e3o precisar\u00e3o se preocupar com mudan\u00e7as em suas habilita\u00e7\u00f5es. A nova divis\u00e3o em B1 e B2 afetar\u00e1 apenas os novos condutores, que a partir de 2025 ter\u00e3o que optar entre as novas categorias. A CNH B1 ser\u00e1 destinada exclusivamente a ve\u00edculos autom\u00e1ticos, enquanto a B2 permitir\u00e1 a condu\u00e7\u00e3o de ambos, autom\u00e1ticos e manuais.<\/p>\n\n\n\n<p>Al\u00e9m disso, os novos motoristas interessados em dirigir ve\u00edculos de carga ou para transporte de passageiros precisar\u00e3o de forma\u00e7\u00f5es espec\u00edficas e cursos adicionais. O objetivo dessas mudan\u00e7as \u00e9 assegurar que todos os motoristas possuam a qualifica\u00e7\u00e3o necess\u00e1ria para conduzir com seguran\u00e7a.<\/p>\n\n\n\n<h2 class=\"wp-block-heading\">Como Ser\u00e1 o Processo de Forma\u00e7\u00e3o?<\/h2>\n\n\n\n<p>O processo de forma\u00e7\u00e3o para a CNH de carros autom\u00e1ticos incluir\u00e1 tanto componentes te\u00f3ricos quanto pr\u00e1ticos adaptados para este tipo de ve\u00edculo. Isso significa que a grade curricular das autoescolas passar\u00e1 por ajustes para incorporar essas novas diretrizes, garantindo que os alunos recebam as instru\u00e7\u00f5es adequadas para operar ve\u00edculos autom\u00e1ticos.<\/p>\n\n\n\n<p>Outro ponto importante \u00e9 que as habilita\u00e7\u00f5es resultantes dessas novas diretrizes ser\u00e3o v\u00e1lidas por cinco anos, com a obrigatoriedade de realizar um curso de atualiza\u00e7\u00e3o ao final desse per\u00edodo. Isso visa manter os motoristas atualizados sobre as melhores pr\u00e1ticas de dire\u00e7\u00e3o e seguran\u00e7a no tr\u00e2nsito.<\/p>\n\n\n\n<h2 class=\"wp-block-heading\">Qual Ser\u00e1 o Impacto Desta Mudan\u00e7a?<\/h2>\n\n\n\n<p>Esta reforma na CNH brasileira busca modernizar o sistema de habilita\u00e7\u00e3o e atender melhor \u00e0s expectativas dos motoristas do s\u00e9culo XXI. Para muitos, essa ser\u00e1 uma oportunidade de obter uma forma\u00e7\u00e3o que reflita mais de perto suas necessidades di\u00e1rias no tr\u00e2nsito.<\/p>\n\n\n\n<p>Consequentemente, espera-se que isso resulte em um aumento na seguran\u00e7a e compet\u00eancia dos novos motoristas, al\u00e9m de fomentar uma maior aceita\u00e7\u00e3o e adapta\u00e7\u00e3o \u00e0s tecnologias automotivas modernas. Ao proporcionar uma forma\u00e7\u00e3o direcionada, o sistema de habilita\u00e7\u00e3o brasileiro d\u00e1 um passo significativo em dire\u00e7\u00e3o a um tr\u00e2nsito mais seguro e eficiente.<\/p>\n","protected":false},"excerpt":{"rendered":"<p>A partir de 1\u00ba de janeiro de 2025, o cen\u00e1rio das carteiras de habilita\u00e7\u00e3o no Brasil sofrer\u00e1 uma mudan\u00e7a significativa. A introdu\u00e7\u00e3o das novas categorias de CNH para carros autom\u00e1ticos vem como uma resposta \u00e0s transforma\u00e7\u00f5es tecnol\u00f3gicas e \u00e0 crescente prefer\u00eancia dos motoristas por ve\u00edculos sem embreagem. Essa mudan\u00e7a ser\u00e1 refletida na divis\u00e3o da categoria [&hellip;]<\/p>\n","protected":false},"author":7,"featured_media":5676,"comment_status":"open","ping_status":"open","sticky":false,"template":"","format":"standard","meta":{"jnews-multi-image_gallery":[],"jnews_single_post":{"format":"standard"},"jnews_primary_category":[],"jnews_social_meta":[],"jnews_override_counter":[],"footnotes":""},"categories":[27],"tags":[1728,1244,2189,830,1163,765],"class_list":["post-5674","post","type-post","status-publish","format-standard","has-post-thumbnail","hentry","category-carros","tag-carros-automaticos","tag-carteira-de-habilitacao","tag-categoria-b","tag-cnh","tag-legislacao","tag-transito"],"yoast_head":"<!-- This site is optimized with the Yoast SEO plugin v23.8 - https:\/\/yoast.com\/wordpress\/plugins\/seo\/ -->\n<title>CNH: mais f\u00e1cil ou mais dif\u00edcil? Confira! - Estado de Minas - Em foco<\/title>\n<meta name=\"description\" content=\"Entenda as novas categorias de CNH no Brasil, que passam a valer a partir de janeiro de 2025, e como elas afetam os motoristas.\" \/>\n<meta name=\"robots\" content=\"index, follow, max-snippet:-1, max-image-preview:large, max-video-preview:-1\" \/>\n<link rel=\"canonical\" href=\"https:\/\/www.em.com.br\/emfoco\/2024\/12\/19\/cnh-mais-facil-ou-mais-dificil-confira\/\" \/>\n<meta property=\"og:locale\" content=\"pt_BR\" \/>\n<meta property=\"og:type\" content=\"article\" \/>\n<meta property=\"og:title\" content=\"CNH: mais f\u00e1cil ou mais dif\u00edcil? Confira! - Estado de Minas - Em foco\" \/>\n<meta property=\"og:description\" content=\"Entenda as novas categorias de CNH no Brasil, que passam a valer a partir de janeiro de 2025, e como elas afetam os motoristas.\" \/>\n<meta property=\"og:url\" content=\"https:\/\/www.em.com.br\/emfoco\/2024\/12\/19\/cnh-mais-facil-ou-mais-dificil-confira\/\" \/>\n<meta property=\"og:site_name\" content=\"Estado de Minas - Em foco\" \/>\n<meta property=\"article:published_time\" content=\"2024-12-19T23:00:00+00:00\" \/>\n<meta property=\"article:modified_time\" content=\"2024-12-19T02:03:25+00:00\" \/>\n<meta property=\"og:image\" content=\"https:\/\/www.em.com.br\/emfoco\/wp-content\/uploads\/2024\/12\/CNH_1734573767548.png\" \/>\n\t<meta property=\"og:image:width\" content=\"1280\" \/>\n\t<meta property=\"og:image:height\" content=\"720\" \/>\n\t<meta property=\"og:image:type\" content=\"image\/png\" \/>\n<meta name=\"author\" content=\"Kelvin\" \/>\n<meta name=\"twitter:card\" content=\"summary_large_image\" \/>\n<meta name=\"twitter:label1\" content=\"Escrito por\" \/>\n\t<meta name=\"twitter:data1\" content=\"Kelvin\" \/>\n\t<meta name=\"twitter:label2\" content=\"Est. tempo de leitura\" \/>\n\t<meta name=\"twitter:data2\" content=\"4 minutos\" \/>\n<!-- \/ Yoast SEO plugin. -->","yoast_head_json":{"title":"CNH: mais f\u00e1cil ou mais dif\u00edcil? Confira! - Estado de Minas - Em foco","description":"Entenda as novas categorias de CNH no Brasil, que passam a valer a partir de janeiro de 2025, e como elas afetam os motoristas.","robots":{"index":"index","follow":"follow","max-snippet":"max-snippet:-1","max-image-preview":"max-image-preview:large","max-video-preview":"max-video-preview:-1"},"canonical":"https:\/\/www.em.com.br\/emfoco\/2024\/12\/19\/cnh-mais-facil-ou-mais-dificil-confira\/","og_locale":"pt_BR","og_type":"article","og_title":"CNH: mais f\u00e1cil ou mais dif\u00edcil? Confira! - Estado de Minas - Em foco","og_description":"Entenda as novas categorias de CNH no Brasil, que passam a valer a partir de janeiro de 2025, e como elas afetam os motoristas.","og_url":"https:\/\/www.em.com.br\/emfoco\/2024\/12\/19\/cnh-mais-facil-ou-mais-dificil-confira\/","og_site_name":"Estado de Minas - Em foco","article_published_time":"2024-12-19T23:00:00+00:00","article_modified_time":"2024-12-19T02:03:25+00:00","og_image":[{"width":1280,"height":720,"url":"https:\/\/www.em.com.br\/emfoco\/wp-content\/uploads\/2024\/12\/CNH_1734573767548.png","type":"image\/png"}],"author":"Kelvin","twitter_card":"summary_large_image","twitter_misc":{"Escrito por":"Kelvin","Est. tempo de leitura":"4 minutos"},"schema":{"@context":"https:\/\/schema.org","@graph":[{"@type":"WebPage","@id":"https:\/\/www.em.com.br\/emfoco\/2024\/12\/19\/cnh-mais-facil-ou-mais-dificil-confira\/","url":"https:\/\/www.em.com.br\/emfoco\/2024\/12\/19\/cnh-mais-facil-ou-mais-dificil-confira\/","name":"CNH: mais f\u00e1cil ou mais dif\u00edcil? Confira! - Estado de Minas - Em foco","isPartOf":{"@id":"https:\/\/www.em.com.br\/emfoco\/#website"},"primaryImageOfPage":{"@id":"https:\/\/www.em.com.br\/emfoco\/2024\/12\/19\/cnh-mais-facil-ou-mais-dificil-confira\/#primaryimage"},"image":{"@id":"https:\/\/www.em.com.br\/emfoco\/2024\/12\/19\/cnh-mais-facil-ou-mais-dificil-confira\/#primaryimage"},"thumbnailUrl":"https:\/\/www.em.com.br\/emfoco\/wp-content\/uploads\/2024\/12\/CNH_1734573767548.png","datePublished":"2024-12-19T23:00:00+00:00","dateModified":"2024-12-19T02:03:25+00:00","author":{"@id":"https:\/\/www.em.com.br\/emfoco\/#\/schema\/person\/fb0a7f48c6fbb94b83f413a80f61917d"},"description":"Entenda as novas categorias de CNH no Brasil, que passam a valer a partir de janeiro de 2025, e como elas afetam os motoristas.","breadcrumb":{"@id":"https:\/\/www.em.com.br\/emfoco\/2024\/12\/19\/cnh-mais-facil-ou-mais-dificil-confira\/#breadcrumb"},"inLanguage":"pt-BR","potentialAction":[{"@type":"ReadAction","target":["https:\/\/www.em.com.br\/emfoco\/2024\/12\/19\/cnh-mais-facil-ou-mais-dificil-confira\/"]}]},{"@type":"ImageObject","inLanguage":"pt-BR","@id":"https:\/\/www.em.com.br\/emfoco\/2024\/12\/19\/cnh-mais-facil-ou-mais-dificil-confira\/#primaryimage","url":"https:\/\/www.em.com.br\/emfoco\/wp-content\/uploads\/2024\/12\/CNH_1734573767548.png","contentUrl":"https:\/\/www.em.com.br\/emfoco\/wp-content\/uploads\/2024\/12\/CNH_1734573767548.png","width":1280,"height":720,"caption":"CNH - Cr\u00e9ditos: depositphotos.com \/ rafapress"},{"@type":"BreadcrumbList","@id":"https:\/\/www.em.com.br\/emfoco\/2024\/12\/19\/cnh-mais-facil-ou-mais-dificil-confira\/#breadcrumb","itemListElement":[{"@type":"ListItem","position":1,"name":"In\u00edcio","item":"https:\/\/www.em.com.br\/emfoco\/"},{"@type":"ListItem","position":2,"name":"CNH: mais f\u00e1cil ou mais dif\u00edcil? Confira!"}]},{"@type":"WebSite","@id":"https:\/\/www.em.com.br\/emfoco\/#website","url":"https:\/\/www.em.com.br\/emfoco\/","name":"Estado de Minas - Em foco","description":"Acompanhe as \u00faltimas not\u00edcias e fique bem informado sobre tudo o que acontece em Minas Gerais, Brasil e no mundo.","potentialAction":[{"@type":"SearchAction","target":{"@type":"EntryPoint","urlTemplate":"https:\/\/www.em.com.br\/emfoco\/?s={search_term_string}"},"query-input":{"@type":"PropertyValueSpecification","valueRequired":true,"valueName":"search_term_string"}}],"inLanguage":"pt-BR"},{"@type":"Person","@id":"https:\/\/www.em.com.br\/emfoco\/#\/schema\/person\/fb0a7f48c6fbb94b83f413a80f61917d","name":"Kelvin","image":{"@type":"ImageObject","inLanguage":"pt-BR","@id":"https:\/\/www.em.com.br\/emfoco\/#\/schema\/person\/image\/","url":"https:\/\/secure.gravatar.com\/avatar\/e74f84337e6bf6c4c5e88fbdffa05270?s=96&d=mm&r=g","contentUrl":"https:\/\/secure.gravatar.com\/avatar\/e74f84337e6bf6c4c5e88fbdffa05270?s=96&d=mm&r=g","caption":"Kelvin"},"sameAs":["https:\/\/www.em.com.br\/emfoco"],"url":"https:\/\/www.em.com.br\/emfoco\/author\/kelvinmyth\/"}]}},"_links":{"self":[{"href":"https:\/\/www.em.com.br\/emfoco\/wp-json\/wp\/v2\/posts\/5674","targetHints":{"allow":["GET"]}}],"collection":[{"href":"https:\/\/www.em.com.br\/emfoco\/wp-json\/wp\/v2\/posts"}],"about":[{"href":"https:\/\/www.em.com.br\/emfoco\/wp-json\/wp\/v2\/types\/post"}],"author":[{"embeddable":true,"href":"https:\/\/www.em.com.br\/emfoco\/wp-json\/wp\/v2\/users\/7"}],"replies":[{"embeddable":true,"href":"https:\/\/www.em.com.br\/emfoco\/wp-json\/wp\/v2\/comments?post=5674"}],"version-history":[{"count":2,"href":"https:\/\/www.em.com.br\/emfoco\/wp-json\/wp\/v2\/posts\/5674\/revisions"}],"predecessor-version":[{"id":5678,"href":"https:\/\/www.em.com.br\/emfoco\/wp-json\/wp\/v2\/posts\/5674\/revisions\/5678"}],"wp:featuredmedia":[{"embeddable":true,"href":"https:\/\/www.em.com.br\/emfoco\/wp-json\/wp\/v2\/media\/5676"}],"wp:attachment":[{"href":"https:\/\/www.em.com.br\/emfoco\/wp-json\/wp\/v2\/media?parent=5674"}],"wp:term":[{"taxonomy":"category","embeddable":true,"href":"https:\/\/www.em.com.br\/emfoco\/wp-json\/wp\/v2\/categories?post=5674"},{"taxonomy":"post_tag","embeddable":true,"href":"https:\/\/www.em.com.br\/emfoco\/wp-json\/wp\/v2\/tags?post=5674"}],"curies":[{"name":"wp","href":"https:\/\/api.w.org\/{rel}","templated":true}]}}