{"id":56725,"date":"2025-06-08T18:10:21","date_gmt":"2025-06-08T21:10:21","guid":{"rendered":"https:\/\/www.em.com.br\/emfoco\/?p=56725"},"modified":"2025-06-07T18:18:02","modified_gmt":"2025-06-07T21:18:02","slug":"voce-realmente-decide-o-que-compra-os-algoritmos-respondem","status":"publish","type":"post","link":"https:\/\/www.em.com.br\/emfoco\/2025\/06\/08\/voce-realmente-decide-o-que-compra-os-algoritmos-respondem\/","title":{"rendered":"Voc\u00ea realmente decide o que compra? Os algoritmos respondem"},"content":{"rendered":"\n<p>Os algoritmos s\u00e3o sequ\u00eancias de instru\u00e7\u00f5es ou regras definidas para resolver problemas ou realizar tarefas espec\u00edficas. No mundo digital, eles s\u00e3o fundamentais para o funcionamento de softwares, sistemas de busca e <a href=\"https:\/\/www.em.com.br\/emfoco\/2025\/05\/31\/o-alerta-mais-importante-para-quem-usa-redes-sociais-todos-os-dias\/\" target=\"_blank\" rel=\"noreferrer noopener\">redes sociais<\/a>. A influ\u00eancia dos <a href=\"https:\/\/mapa.cultura.gov.br\/projeto\/207128\/#info\" target=\"_blank\" rel=\"noreferrer noopener\">algoritmos <\/a>no cotidiano \u00e9 significativa, pois eles determinam o que se v\u00ea nas redes sociais, quais an\u00fancios s\u00e3o exibidos e at\u00e9 mesmo quais resultados aparecem em uma pesquisa online.<\/p>\n\n\n\n<p>Esses processos autom\u00e1ticos podem parecer invis\u00edveis, mas t\u00eam um impacto direto nas decis\u00f5es di\u00e1rias. Por exemplo, ao assistir a um v\u00eddeo no <strong>YouTube<\/strong>, o algoritmo sugere outros conte\u00fados com base no hist\u00f3rico de visualiza\u00e7\u00e3o. Isso pode criar uma bolha de informa\u00e7\u00f5es, onde o usu\u00e1rio \u00e9 exposto apenas a conte\u00fados que refor\u00e7am suas cren\u00e7as e interesses, limitando a diversidade de informa\u00e7\u00f5es.<\/p>\n\n\n\n<h2 class=\"wp-block-heading\">Como os algoritmos influenciam o comportamento de consumo?<\/h2>\n\n\n\n<p>Os algoritmos desempenham um papel crucial no comportamento de consumo, especialmente no com\u00e9rcio eletr\u00f4nico. Eles analisam dados de navega\u00e7\u00e3o, hist\u00f3rico de compras e prefer\u00eancias pessoais para oferecer recomenda\u00e7\u00f5es personalizadas. Isso n\u00e3o s\u00f3 aumenta as chances de compra, mas tamb\u00e9m molda o comportamento do consumidor, incentivando-o a adquirir produtos que talvez n\u00e3o estivesse considerando inicialmente.<\/p>\n\n\n\n<p>Al\u00e9m disso, plataformas como a <strong>Amazon<\/strong> e o <strong>Netflix<\/strong> utilizam algoritmos para sugerir produtos e conte\u00fados com base em padr\u00f5es de comportamento de outros usu\u00e1rios com perfis semelhantes. Essa personaliza\u00e7\u00e3o pode ser ben\u00e9fica, mas tamb\u00e9m levanta quest\u00f5es sobre privacidade e a quantidade de dados pessoais que s\u00e3o coletados e analisados sem o conhecimento expl\u00edcito do usu\u00e1rio.<\/p>\n\n\n\n<h2 class=\"wp-block-heading\">Os algoritmos podem manipular opini\u00f5es e decis\u00f5es?<\/h2>\n\n\n\n<p>Sim, os algoritmos t\u00eam o potencial de manipular opini\u00f5es e decis\u00f5es, especialmente em plataformas de redes sociais. Eles controlam quais postagens aparecem no feed de not\u00edcias, influenciando o que os usu\u00e1rios veem e, consequentemente, o que pensam. Isso pode ser usado para direcionar narrativas espec\u00edficas, promovendo determinados pontos de vista enquanto suprimem outros.<\/p>\n\n\n\n<p>Durante eventos pol\u00edticos, como elei\u00e7\u00f5es, os algoritmos podem amplificar conte\u00fados que favorecem um candidato ou partido, afetando a percep\u00e7\u00e3o p\u00fablica. Al\u00e9m disso, a dissemina\u00e7\u00e3o de fake news \u00e9 facilitada por algoritmos que priorizam conte\u00fados virais, independentemente de sua veracidade. Isso destaca a necessidade de maior transpar\u00eancia e regula\u00e7\u00e3o no uso de algoritmos em plataformas digitais.<\/p>\n\n\n\n<figure class=\"wp-block-image size-large\"><img loading=\"lazy\" decoding=\"async\" width=\"1024\" height=\"576\" src=\"https:\/\/www.em.com.br\/emfoco\/wp-content\/uploads\/2025\/06\/informacoes_1749219710542-1024x576.jpg\" alt=\"Voc\u00ea realmente decide o que compra? Os algoritmos respondem\" class=\"wp-image-56743\" srcset=\"https:\/\/www.em.com.br\/emfoco\/wp-content\/uploads\/2025\/06\/informacoes_1749219710542-1024x576.jpg 1024w, https:\/\/www.em.com.br\/emfoco\/wp-content\/uploads\/2025\/06\/informacoes_1749219710542-300x169.jpg 300w, https:\/\/www.em.com.br\/emfoco\/wp-content\/uploads\/2025\/06\/informacoes_1749219710542-768x432.jpg 768w, https:\/\/www.em.com.br\/emfoco\/wp-content\/uploads\/2025\/06\/informacoes_1749219710542-750x422.jpg 750w, https:\/\/www.em.com.br\/emfoco\/wp-content\/uploads\/2025\/06\/informacoes_1749219710542-1140x641.jpg 1140w, https:\/\/www.em.com.br\/emfoco\/wp-content\/uploads\/2025\/06\/informacoes_1749219710542.jpg 1280w\" sizes=\"auto, (max-width: 1024px) 100vw, 1024px\" \/><figcaption class=\"wp-element-caption\">Dados &#8211; Cr\u00e9ditos: depositphotos.com \/ SergeyNivens<\/figcaption><\/figure>\n\n\n\n<h2 class=\"wp-block-heading\">Quais s\u00e3o os riscos associados ao uso excessivo de algoritmos?<\/h2>\n\n\n\n<p>O uso excessivo de algoritmos traz diversos riscos, incluindo a perda de privacidade e a cria\u00e7\u00e3o de perfis detalhados dos usu\u00e1rios sem seu consentimento. A coleta e an\u00e1lise de grandes volumes de dados pessoais podem levar a viola\u00e7\u00f5es de privacidade e ao uso indevido dessas informa\u00e7\u00f5es por empresas ou governos.<\/p>\n\n\n\n<p>Outro risco \u00e9 a discrimina\u00e7\u00e3o algor\u00edtmica, onde os algoritmos, baseados em dados hist\u00f3ricos, podem perpetuar preconceitos e desigualdades. Isso ocorre quando os sistemas de intelig\u00eancia artificial s\u00e3o treinados com dados enviesados, resultando em decis\u00f5es que favorecem certos grupos em detrimento de outros. A falta de transpar\u00eancia nos processos algor\u00edtmicos tamb\u00e9m dificulta a identifica\u00e7\u00e3o e corre\u00e7\u00e3o desses problemas.<\/p>\n\n\n\n<h2 class=\"wp-block-heading\">Como aumentar a transpar\u00eancia e a \u00e9tica no uso de algoritmos?<\/h2>\n\n\n\n<p>Para aumentar a transpar\u00eancia e a \u00e9tica no uso de algoritmos, \u00e9 essencial que as empresas adotem pr\u00e1ticas de auditoria e monitoramento cont\u00ednuo. Isso inclui a revis\u00e3o dos dados utilizados para treinar algoritmos e a implementa\u00e7\u00e3o de mecanismos para detectar e corrigir vieses. A transpar\u00eancia pode ser promovida atrav\u00e9s da divulga\u00e7\u00e3o de informa\u00e7\u00f5es sobre como os algoritmos funcionam e quais dados s\u00e3o coletados.<\/p>\n\n\n\n<p>Al\u00e9m disso, a regulamenta\u00e7\u00e3o governamental pode desempenhar um papel importante na prote\u00e7\u00e3o dos direitos dos usu\u00e1rios. Leis que exigem a transpar\u00eancia nos processos algor\u00edtmicos e garantem o direito \u00e0 explica\u00e7\u00e3o das decis\u00f5es automatizadas s\u00e3o passos fundamentais para garantir que os algoritmos sejam usados de maneira justa e \u00e9tica.<\/p>\n\n\n\n<h2 class=\"wp-block-heading\">Os algoritmos podem ser totalmente imparciais?<\/h2>\n\n\n\n<p>Embora os algoritmos sejam projetados para serem objetivos, eles n\u00e3o s\u00e3o totalmente imparciais. Isso ocorre porque s\u00e3o criados por humanos, que inevitavelmente inserem seus pr\u00f3prios preconceitos e suposi\u00e7\u00f5es nos dados e nas regras que definem o funcionamento dos algoritmos. Al\u00e9m disso, os dados utilizados para treinar algoritmos podem conter vieses hist\u00f3ricos que s\u00e3o replicados nos resultados.<\/p>\n\n\n\n<p>Para mitigar esses problemas, \u00e9 necess\u00e1rio um esfor\u00e7o cont\u00ednuo para desenvolver algoritmos mais justos e inclusivos. Isso inclui a diversifica\u00e7\u00e3o das equipes de desenvolvimento e a implementa\u00e7\u00e3o de t\u00e9cnicas de aprendizado de m\u00e1quina que detectem e corrijam vieses. A imparcialidade completa pode ser um objetivo dif\u00edcil de alcan\u00e7ar, mas \u00e9 poss\u00edvel melhorar significativamente a equidade dos algoritmos com pr\u00e1ticas adequadas.<\/p>\n\n\n\n<h2 class=\"wp-block-heading\">Perguntas e Respostas<\/h2>\n\n\n\n<ol class=\"wp-block-list\">\n<li><strong>O que s\u00e3o algoritmos?<\/strong> <br>S\u00e3o sequ\u00eancias de instru\u00e7\u00f5es para resolver problemas ou realizar tarefas espec\u00edficas.<\/li>\n\n\n\n<li><strong>Como os algoritmos afetam o consumo?<\/strong> <br>Eles analisam dados pessoais para oferecer recomenda\u00e7\u00f5es personalizadas, influenciando decis\u00f5es de compra.<\/li>\n\n\n\n<li><strong>Os algoritmos podem manipular opini\u00f5es?<\/strong> <br>Sim, especialmente em redes sociais, onde controlam o que os usu\u00e1rios veem.<\/li>\n\n\n\n<li><strong>Quais s\u00e3o os riscos dos algoritmos?<\/strong> <br>Incluem perda de privacidade, discrimina\u00e7\u00e3o algor\u00edtmica e falta de transpar\u00eancia.<\/li>\n\n\n\n<li><strong>Como garantir a \u00e9tica nos algoritmos?<\/strong> <br>Atrav\u00e9s de auditorias, regulamenta\u00e7\u00e3o e transpar\u00eancia nos processos algor\u00edtmicos.<\/li>\n<\/ol>\n","protected":false},"excerpt":{"rendered":"<p>Os algoritmos s\u00e3o sequ\u00eancias de instru\u00e7\u00f5es ou regras definidas para resolver problemas ou realizar tarefas espec\u00edficas. No mundo digital, eles s\u00e3o fundamentais para o funcionamento de softwares, sistemas de busca e redes sociais. A influ\u00eancia dos algoritmos no cotidiano \u00e9 significativa, pois eles determinam o que se v\u00ea nas redes sociais, quais an\u00fancios s\u00e3o exibidos [&hellip;]<\/p>\n","protected":false},"author":18,"featured_media":56741,"comment_status":"open","ping_status":"open","sticky":false,"template":"","format":"standard","meta":{"jnews-multi-image_gallery":[],"jnews_single_post":{"format":"standard"},"jnews_primary_category":[],"jnews_social_meta":[],"jnews_override_counter":[],"footnotes":""},"categories":[4204],"tags":[6043,628,161],"class_list":["post-56725","post","type-post","status-publish","format-standard","has-post-thumbnail","hentry","category-tecnologia","tag-algoritmos","tag-dados","tag-tecnologia"],"yoast_head":"<!-- This site is optimized with the Yoast SEO plugin v23.8 - https:\/\/yoast.com\/wordpress\/plugins\/seo\/ -->\n<title>Voc\u00ea realmente decide o que compra? Os algoritmos respondem - Estado de Minas - Em foco<\/title>\n<meta name=\"description\" content=\"Da rede social ao carrinho de compras, os algoritmos est\u00e3o em tudo. Veja como eles agem e por que isso pode ser mais s\u00e9rio do que parece.\" \/>\n<meta name=\"robots\" content=\"index, follow, max-snippet:-1, max-image-preview:large, max-video-preview:-1\" \/>\n<link rel=\"canonical\" href=\"https:\/\/www.em.com.br\/emfoco\/2025\/06\/08\/voce-realmente-decide-o-que-compra-os-algoritmos-respondem\/\" \/>\n<meta property=\"og:locale\" content=\"pt_BR\" \/>\n<meta property=\"og:type\" content=\"article\" \/>\n<meta property=\"og:title\" content=\"Voc\u00ea realmente decide o que compra? Os algoritmos respondem - Estado de Minas - Em foco\" \/>\n<meta property=\"og:description\" content=\"Da rede social ao carrinho de compras, os algoritmos est\u00e3o em tudo. Veja como eles agem e por que isso pode ser mais s\u00e9rio do que parece.\" \/>\n<meta property=\"og:url\" content=\"https:\/\/www.em.com.br\/emfoco\/2025\/06\/08\/voce-realmente-decide-o-que-compra-os-algoritmos-respondem\/\" \/>\n<meta property=\"og:site_name\" content=\"Estado de Minas - Em foco\" \/>\n<meta property=\"article:published_time\" content=\"2025-06-08T21:10:21+00:00\" \/>\n<meta property=\"article:modified_time\" content=\"2025-06-07T21:18:02+00:00\" \/>\n<meta property=\"og:image\" content=\"https:\/\/www.em.com.br\/emfoco\/wp-content\/uploads\/2025\/06\/informacoes_1749219615386.jpg\" \/>\n\t<meta property=\"og:image:width\" content=\"1280\" \/>\n\t<meta property=\"og:image:height\" content=\"720\" \/>\n\t<meta property=\"og:image:type\" content=\"image\/jpeg\" \/>\n<meta name=\"author\" content=\"Julio Cesar\" \/>\n<meta name=\"twitter:card\" content=\"summary_large_image\" \/>\n<meta name=\"twitter:label1\" content=\"Escrito por\" \/>\n\t<meta name=\"twitter:data1\" content=\"Julio Cesar\" \/>\n\t<meta name=\"twitter:label2\" content=\"Est. tempo de leitura\" \/>\n\t<meta name=\"twitter:data2\" content=\"5 minutos\" \/>\n<!-- \/ Yoast SEO plugin. -->","yoast_head_json":{"title":"Voc\u00ea realmente decide o que compra? Os algoritmos respondem - Estado de Minas - Em foco","description":"Da rede social ao carrinho de compras, os algoritmos est\u00e3o em tudo. Veja como eles agem e por que isso pode ser mais s\u00e9rio do que parece.","robots":{"index":"index","follow":"follow","max-snippet":"max-snippet:-1","max-image-preview":"max-image-preview:large","max-video-preview":"max-video-preview:-1"},"canonical":"https:\/\/www.em.com.br\/emfoco\/2025\/06\/08\/voce-realmente-decide-o-que-compra-os-algoritmos-respondem\/","og_locale":"pt_BR","og_type":"article","og_title":"Voc\u00ea realmente decide o que compra? Os algoritmos respondem - Estado de Minas - Em foco","og_description":"Da rede social ao carrinho de compras, os algoritmos est\u00e3o em tudo. Veja como eles agem e por que isso pode ser mais s\u00e9rio do que parece.","og_url":"https:\/\/www.em.com.br\/emfoco\/2025\/06\/08\/voce-realmente-decide-o-que-compra-os-algoritmos-respondem\/","og_site_name":"Estado de Minas - Em foco","article_published_time":"2025-06-08T21:10:21+00:00","article_modified_time":"2025-06-07T21:18:02+00:00","og_image":[{"width":1280,"height":720,"url":"https:\/\/www.em.com.br\/emfoco\/wp-content\/uploads\/2025\/06\/informacoes_1749219615386.jpg","type":"image\/jpeg"}],"author":"Julio Cesar","twitter_card":"summary_large_image","twitter_misc":{"Escrito por":"Julio Cesar","Est. tempo de leitura":"5 minutos"},"schema":{"@context":"https:\/\/schema.org","@graph":[{"@type":"WebPage","@id":"https:\/\/www.em.com.br\/emfoco\/2025\/06\/08\/voce-realmente-decide-o-que-compra-os-algoritmos-respondem\/","url":"https:\/\/www.em.com.br\/emfoco\/2025\/06\/08\/voce-realmente-decide-o-que-compra-os-algoritmos-respondem\/","name":"Voc\u00ea realmente decide o que compra? Os algoritmos respondem - Estado de Minas - Em foco","isPartOf":{"@id":"https:\/\/www.em.com.br\/emfoco\/#website"},"primaryImageOfPage":{"@id":"https:\/\/www.em.com.br\/emfoco\/2025\/06\/08\/voce-realmente-decide-o-que-compra-os-algoritmos-respondem\/#primaryimage"},"image":{"@id":"https:\/\/www.em.com.br\/emfoco\/2025\/06\/08\/voce-realmente-decide-o-que-compra-os-algoritmos-respondem\/#primaryimage"},"thumbnailUrl":"https:\/\/www.em.com.br\/emfoco\/wp-content\/uploads\/2025\/06\/informacoes_1749219615386.jpg","datePublished":"2025-06-08T21:10:21+00:00","dateModified":"2025-06-07T21:18:02+00:00","author":{"@id":"https:\/\/www.em.com.br\/emfoco\/#\/schema\/person\/08c4a03e38018bbab9038d5f788321fc"},"description":"Da rede social ao carrinho de compras, os algoritmos est\u00e3o em tudo. Veja como eles agem e por que isso pode ser mais s\u00e9rio do que parece.","breadcrumb":{"@id":"https:\/\/www.em.com.br\/emfoco\/2025\/06\/08\/voce-realmente-decide-o-que-compra-os-algoritmos-respondem\/#breadcrumb"},"inLanguage":"pt-BR","potentialAction":[{"@type":"ReadAction","target":["https:\/\/www.em.com.br\/emfoco\/2025\/06\/08\/voce-realmente-decide-o-que-compra-os-algoritmos-respondem\/"]}]},{"@type":"ImageObject","inLanguage":"pt-BR","@id":"https:\/\/www.em.com.br\/emfoco\/2025\/06\/08\/voce-realmente-decide-o-que-compra-os-algoritmos-respondem\/#primaryimage","url":"https:\/\/www.em.com.br\/emfoco\/wp-content\/uploads\/2025\/06\/informacoes_1749219615386.jpg","contentUrl":"https:\/\/www.em.com.br\/emfoco\/wp-content\/uploads\/2025\/06\/informacoes_1749219615386.jpg","width":1280,"height":720,"caption":"Conectividade - Cr\u00e9ditos: depositphotos.com \/ violetkaipa"},{"@type":"BreadcrumbList","@id":"https:\/\/www.em.com.br\/emfoco\/2025\/06\/08\/voce-realmente-decide-o-que-compra-os-algoritmos-respondem\/#breadcrumb","itemListElement":[{"@type":"ListItem","position":1,"name":"In\u00edcio","item":"https:\/\/www.em.com.br\/emfoco\/"},{"@type":"ListItem","position":2,"name":"Voc\u00ea realmente decide o que compra? Os algoritmos respondem"}]},{"@type":"WebSite","@id":"https:\/\/www.em.com.br\/emfoco\/#website","url":"https:\/\/www.em.com.br\/emfoco\/","name":"Estado de Minas - Em foco","description":"Acompanhe as \u00faltimas not\u00edcias e fique bem informado sobre tudo o que acontece em Minas Gerais, Brasil e no mundo.","potentialAction":[{"@type":"SearchAction","target":{"@type":"EntryPoint","urlTemplate":"https:\/\/www.em.com.br\/emfoco\/?s={search_term_string}"},"query-input":{"@type":"PropertyValueSpecification","valueRequired":true,"valueName":"search_term_string"}}],"inLanguage":"pt-BR"},{"@type":"Person","@id":"https:\/\/www.em.com.br\/emfoco\/#\/schema\/person\/08c4a03e38018bbab9038d5f788321fc","name":"Julio Cesar","image":{"@type":"ImageObject","inLanguage":"pt-BR","@id":"https:\/\/www.em.com.br\/emfoco\/#\/schema\/person\/image\/","url":"https:\/\/secure.gravatar.com\/avatar\/ab1ea64f0d4f4c1385f8ef10d5a6e758?s=96&d=mm&r=g","contentUrl":"https:\/\/secure.gravatar.com\/avatar\/ab1ea64f0d4f4c1385f8ef10d5a6e758?s=96&d=mm&r=g","caption":"Julio Cesar"},"url":"https:\/\/www.em.com.br\/emfoco\/author\/juliomyth\/"}]}},"_links":{"self":[{"href":"https:\/\/www.em.com.br\/emfoco\/wp-json\/wp\/v2\/posts\/56725","targetHints":{"allow":["GET"]}}],"collection":[{"href":"https:\/\/www.em.com.br\/emfoco\/wp-json\/wp\/v2\/posts"}],"about":[{"href":"https:\/\/www.em.com.br\/emfoco\/wp-json\/wp\/v2\/types\/post"}],"author":[{"embeddable":true,"href":"https:\/\/www.em.com.br\/emfoco\/wp-json\/wp\/v2\/users\/18"}],"replies":[{"embeddable":true,"href":"https:\/\/www.em.com.br\/emfoco\/wp-json\/wp\/v2\/comments?post=56725"}],"version-history":[{"count":2,"href":"https:\/\/www.em.com.br\/emfoco\/wp-json\/wp\/v2\/posts\/56725\/revisions"}],"predecessor-version":[{"id":56750,"href":"https:\/\/www.em.com.br\/emfoco\/wp-json\/wp\/v2\/posts\/56725\/revisions\/56750"}],"wp:featuredmedia":[{"embeddable":true,"href":"https:\/\/www.em.com.br\/emfoco\/wp-json\/wp\/v2\/media\/56741"}],"wp:attachment":[{"href":"https:\/\/www.em.com.br\/emfoco\/wp-json\/wp\/v2\/media?parent=56725"}],"wp:term":[{"taxonomy":"category","embeddable":true,"href":"https:\/\/www.em.com.br\/emfoco\/wp-json\/wp\/v2\/categories?post=56725"},{"taxonomy":"post_tag","embeddable":true,"href":"https:\/\/www.em.com.br\/emfoco\/wp-json\/wp\/v2\/tags?post=56725"}],"curies":[{"name":"wp","href":"https:\/\/api.w.org\/{rel}","templated":true}]}}