{"id":56723,"date":"2025-06-09T17:30:00","date_gmt":"2025-06-09T20:30:00","guid":{"rendered":"https:\/\/www.em.com.br\/emfoco\/?p=56723"},"modified":"2025-06-08T10:20:08","modified_gmt":"2025-06-08T13:20:08","slug":"voce-sabia-que-o-habito-de-organizacao-em-excesso-pode-ser-sinal-de-transtorno-emocional","status":"publish","type":"post","link":"https:\/\/www.em.com.br\/emfoco\/2025\/06\/09\/voce-sabia-que-o-habito-de-organizacao-em-excesso-pode-ser-sinal-de-transtorno-emocional\/","title":{"rendered":"Voc\u00ea sabia que o h\u00e1bito de organiza\u00e7\u00e3o em excesso pode ser sinal de transtorno emocional?"},"content":{"rendered":"\n<p><strong>A mania de organiza\u00e7\u00e3o em excesso, muitas vezes referida como obsess\u00e3o por organiza\u00e7\u00e3o, \u00e9 um comportamento caracterizado pela necessidade compulsiva de manter tudo em ordem e limpo.<\/strong> Essa condi\u00e7\u00e3o pode ir al\u00e9m de uma simples prefer\u00eancia por organiza\u00e7\u00e3o, afetando a vida di\u00e1ria de uma pessoa. Indiv\u00edduos que sofrem dessa mania podem gastar uma quantidade significativa de tempo e energia organizando e reorganizando objetos, planejando atividades e garantindo que tudo esteja em seu devido lugar.<\/p>\n\n\n\n<p>Embora a organiza\u00e7\u00e3o seja geralmente vista como uma qualidade positiva, quando levada ao extremo, pode se tornar prejudicial. Pessoas com essa obsess\u00e3o podem experimentar <strong><a href=\"https:\/\/www.em.com.br\/emfoco\/2025\/06\/03\/comer-rapido-pode-ter-ligacao-com-ansiedade-e-impulsividade\/\" target=\"_blank\" rel=\"noreferrer noopener\">ansiedade <\/a><\/strong>intensa quando suas rotinas de organiza\u00e7\u00e3o s\u00e3o interrompidas ou quando o ambiente ao seu redor n\u00e3o est\u00e1 perfeitamente arrumado. Essa necessidade constante de controle pode interferir em relacionamentos pessoais e profissionais, al\u00e9m de impactar a sa\u00fade mental.<\/p>\n\n\n\n<h2 class=\"wp-block-heading\">Quais s\u00e3o as causas psicol\u00f3gicas da obsess\u00e3o por organiza\u00e7\u00e3o?<\/h2>\n\n\n\n<p><strong>A psicologia sugere que a obsess\u00e3o por organiza\u00e7\u00e3o pode estar ligada a transtornos de ansiedade, como o transtorno obsessivo-compulsivo (TOC).<\/strong> Indiv\u00edduos com TOC frequentemente sentem a necessidade de realizar rituais repetitivos, como organizar objetos de uma maneira espec\u00edfica, para aliviar a ansiedade. A organiza\u00e7\u00e3o excessiva pode ser uma manifesta\u00e7\u00e3o desses rituais.<\/p>\n\n\n\n<p>Al\u00e9m disso, experi\u00eancias de vida estressantes ou traum\u00e1ticas podem contribuir para o desenvolvimento dessa obsess\u00e3o. Em alguns casos, a organiza\u00e7\u00e3o pode servir como um mecanismo de enfrentamento, proporcionando uma sensa\u00e7\u00e3o de controle em um mundo percebido como ca\u00f3tico. A busca por perfei\u00e7\u00e3o e o medo de cometer erros tamb\u00e9m podem ser fatores motivadores para essa mania.<\/p>\n\n\n\n<figure class=\"wp-block-image size-large\"><img loading=\"lazy\" decoding=\"async\" width=\"1024\" height=\"576\" src=\"https:\/\/www.em.com.br\/emfoco\/wp-content\/uploads\/2025\/06\/OCD_1749219689461-1024x576.jpg\" alt=\"Voc\u00ea sabia que o h\u00e1bito de organiza\u00e7\u00e3o em excesso pode ser sinal de transtorno emocional?\" class=\"wp-image-56746\" srcset=\"https:\/\/www.em.com.br\/emfoco\/wp-content\/uploads\/2025\/06\/OCD_1749219689461-1024x576.jpg 1024w, https:\/\/www.em.com.br\/emfoco\/wp-content\/uploads\/2025\/06\/OCD_1749219689461-300x169.jpg 300w, https:\/\/www.em.com.br\/emfoco\/wp-content\/uploads\/2025\/06\/OCD_1749219689461-768x432.jpg 768w, https:\/\/www.em.com.br\/emfoco\/wp-content\/uploads\/2025\/06\/OCD_1749219689461-750x422.jpg 750w, https:\/\/www.em.com.br\/emfoco\/wp-content\/uploads\/2025\/06\/OCD_1749219689461-1140x641.jpg 1140w, https:\/\/www.em.com.br\/emfoco\/wp-content\/uploads\/2025\/06\/OCD_1749219689461.jpg 1280w\" sizes=\"auto, (max-width: 1024px) 100vw, 1024px\" \/><figcaption class=\"wp-element-caption\">Organiza\u00e7\u00e3o em excesso &#8211; Cr\u00e9ditos: depositphotos.com \/ JunoTanit<\/figcaption><\/figure>\n\n\n\n<h2 class=\"wp-block-heading\">Como a ci\u00eancia explica a necessidade de organiza\u00e7\u00e3o extrema?<\/h2>\n\n\n\n<p><strong>Do ponto de vista cient\u00edfico, a necessidade de organiza\u00e7\u00e3o extrema pode estar relacionada a desequil\u00edbrios qu\u00edmicos no c\u00e9rebro.<\/strong> Estudos indicam que n\u00edveis anormais de neurotransmissores, como a serotonina, podem influenciar comportamentos obsessivos. Al\u00e9m disso, pesquisas em neuroci\u00eancia sugerem que certas \u00e1reas do c\u00e9rebro, respons\u00e1veis pelo planejamento e controle de impulsos, podem funcionar de maneira diferente em pessoas com obsess\u00e3o por organiza\u00e7\u00e3o.<\/p>\n\n\n\n<p>Outro aspecto a considerar \u00e9 a influ\u00eancia gen\u00e9tica. Evid\u00eancias sugerem que a predisposi\u00e7\u00e3o para comportamentos obsessivos pode ser herdada, indicando que fatores gen\u00e9ticos desempenham um papel na manifesta\u00e7\u00e3o dessa mania. No entanto, \u00e9 importante notar que a gen\u00e9tica \u00e9 apenas uma parte do quadro, e fatores ambientais e psicol\u00f3gicos tamb\u00e9m s\u00e3o significativos.<\/p>\n\n\n\n<h2 class=\"wp-block-heading\">Quais s\u00e3o os impactos da obsess\u00e3o por organiza\u00e7\u00e3o na vida di\u00e1ria?<\/h2>\n\n\n\n<p><strong>A obsess\u00e3o por organiza\u00e7\u00e3o pode ter v\u00e1rios impactos negativos na vida di\u00e1ria de uma pessoa.<\/strong> Relacionamentos pessoais podem sofrer, pois amigos e familiares podem achar dif\u00edcil lidar com as exig\u00eancias de perfei\u00e7\u00e3o e controle. No ambiente de trabalho, essa obsess\u00e3o pode levar a um desempenho prejudicado, j\u00e1 que o tempo excessivo gasto em tarefas organizacionais pode interferir na produtividade.<\/p>\n\n\n\n<p>Al\u00e9m disso, a sa\u00fade mental pode ser afetada, com o aumento dos n\u00edveis de estresse e ansiedade. A busca incessante por ordem pode levar ao esgotamento emocional e f\u00edsico, tornando dif\u00edcil para o indiv\u00edduo relaxar e desfrutar de atividades di\u00e1rias. Em casos extremos, a obsess\u00e3o por organiza\u00e7\u00e3o pode evoluir para um transtorno mais grave, exigindo interven\u00e7\u00e3o profissional.<\/p>\n\n\n\n<h2 class=\"wp-block-heading\">Como lidar com a obsess\u00e3o por organiza\u00e7\u00e3o?<\/h2>\n\n\n\n<p><strong>Para aqueles que lutam com a obsess\u00e3o por organiza\u00e7\u00e3o, buscar ajuda profissional pode ser um passo importante.<\/strong> Terapias como a <strong><a href=\"https:\/\/vidasaudavel.einstein.br\/o-que-e-a-terapia-cognitiva-comportamental-tcc-e-como-ela-funciona\/\" target=\"_blank\" rel=\"noreferrer noopener\">terapia cognitivo-comportamental<\/a><\/strong> (TCC) t\u00eam se mostrado eficazes no tratamento de comportamentos obsessivos, ajudando os indiv\u00edduos a desenvolver estrat\u00e9gias para gerenciar sua ansiedade e reduzir a necessidade de controle.<\/p>\n\n\n\n<p>Al\u00e9m disso, t\u00e9cnicas de relaxamento, como medita\u00e7\u00e3o e exerc\u00edcios de respira\u00e7\u00e3o, podem ajudar a aliviar o estresse e promover uma sensa\u00e7\u00e3o de calma. Estabelecer limites claros e realistas para as atividades de organiza\u00e7\u00e3o tamb\u00e9m pode ser ben\u00e9fico, permitindo que o indiv\u00edduo encontre um equil\u00edbrio saud\u00e1vel entre ordem e flexibilidade.<\/p>\n","protected":false},"excerpt":{"rendered":"<p>A mania de organiza\u00e7\u00e3o em excesso, muitas vezes referida como obsess\u00e3o por organiza\u00e7\u00e3o, \u00e9 um comportamento caracterizado pela necessidade compulsiva de manter tudo em ordem e limpo. Essa condi\u00e7\u00e3o pode ir al\u00e9m de uma simples prefer\u00eancia por organiza\u00e7\u00e3o, afetando a vida di\u00e1ria de uma pessoa. Indiv\u00edduos que sofrem dessa mania podem gastar uma quantidade significativa [&hellip;]<\/p>\n","protected":false},"author":13,"featured_media":56744,"comment_status":"open","ping_status":"open","sticky":false,"template":"","format":"standard","meta":{"jnews-multi-image_gallery":[],"jnews_single_post":{"format":"standard"},"jnews_primary_category":[],"jnews_social_meta":[],"jnews_override_counter":[],"footnotes":""},"categories":[8819],"tags":[9991,410,9022],"class_list":["post-56723","post","type-post","status-publish","format-standard","has-post-thumbnail","hentry","category-curiosidades","tag-organizacao-extrema","tag-saude-mental","tag-toc"],"yoast_head":"<!-- This site is optimized with the Yoast SEO plugin v23.8 - https:\/\/yoast.com\/wordpress\/plugins\/seo\/ -->\n<title>Voc\u00ea sabia que o h\u00e1bito de organiza\u00e7\u00e3o em excesso pode ser sinal de transtorno emocional? - Estado de Minas - Em foco<\/title>\n<meta name=\"description\" content=\"Organiza\u00e7\u00e3o \u00e9 bom, mas em excesso pode indicar ansiedade ou TOC. Entenda quando o h\u00e1bito pode virar um problema.\" \/>\n<meta name=\"robots\" content=\"index, follow, max-snippet:-1, max-image-preview:large, max-video-preview:-1\" \/>\n<link rel=\"canonical\" href=\"https:\/\/www.em.com.br\/emfoco\/2025\/06\/09\/voce-sabia-que-o-habito-de-organizacao-em-excesso-pode-ser-sinal-de-transtorno-emocional\/\" \/>\n<meta property=\"og:locale\" content=\"pt_BR\" \/>\n<meta property=\"og:type\" content=\"article\" \/>\n<meta property=\"og:title\" content=\"Voc\u00ea sabia que o h\u00e1bito de organiza\u00e7\u00e3o em excesso pode ser sinal de transtorno emocional? - Estado de Minas - Em foco\" \/>\n<meta property=\"og:description\" content=\"Organiza\u00e7\u00e3o \u00e9 bom, mas em excesso pode indicar ansiedade ou TOC. Entenda quando o h\u00e1bito pode virar um problema.\" \/>\n<meta property=\"og:url\" content=\"https:\/\/www.em.com.br\/emfoco\/2025\/06\/09\/voce-sabia-que-o-habito-de-organizacao-em-excesso-pode-ser-sinal-de-transtorno-emocional\/\" \/>\n<meta property=\"og:site_name\" content=\"Estado de Minas - Em foco\" \/>\n<meta property=\"article:published_time\" content=\"2025-06-09T20:30:00+00:00\" \/>\n<meta property=\"article:modified_time\" content=\"2025-06-08T13:20:08+00:00\" \/>\n<meta property=\"og:image\" content=\"https:\/\/www.em.com.br\/emfoco\/wp-content\/uploads\/2025\/06\/OCD_1749219645623.jpg\" \/>\n\t<meta property=\"og:image:width\" content=\"1280\" \/>\n\t<meta property=\"og:image:height\" content=\"720\" \/>\n\t<meta property=\"og:image:type\" content=\"image\/jpeg\" \/>\n<meta name=\"author\" content=\"Gabriel Martins\" \/>\n<meta name=\"twitter:card\" content=\"summary_large_image\" \/>\n<meta name=\"twitter:label1\" content=\"Escrito por\" \/>\n\t<meta name=\"twitter:data1\" content=\"Gabriel Martins\" \/>\n\t<meta name=\"twitter:label2\" content=\"Est. tempo de leitura\" \/>\n\t<meta name=\"twitter:data2\" content=\"4 minutos\" \/>\n<!-- \/ Yoast SEO plugin. -->","yoast_head_json":{"title":"Voc\u00ea sabia que o h\u00e1bito de organiza\u00e7\u00e3o em excesso pode ser sinal de transtorno emocional? - Estado de Minas - Em foco","description":"Organiza\u00e7\u00e3o \u00e9 bom, mas em excesso pode indicar ansiedade ou TOC. Entenda quando o h\u00e1bito pode virar um problema.","robots":{"index":"index","follow":"follow","max-snippet":"max-snippet:-1","max-image-preview":"max-image-preview:large","max-video-preview":"max-video-preview:-1"},"canonical":"https:\/\/www.em.com.br\/emfoco\/2025\/06\/09\/voce-sabia-que-o-habito-de-organizacao-em-excesso-pode-ser-sinal-de-transtorno-emocional\/","og_locale":"pt_BR","og_type":"article","og_title":"Voc\u00ea sabia que o h\u00e1bito de organiza\u00e7\u00e3o em excesso pode ser sinal de transtorno emocional? - Estado de Minas - Em foco","og_description":"Organiza\u00e7\u00e3o \u00e9 bom, mas em excesso pode indicar ansiedade ou TOC. Entenda quando o h\u00e1bito pode virar um problema.","og_url":"https:\/\/www.em.com.br\/emfoco\/2025\/06\/09\/voce-sabia-que-o-habito-de-organizacao-em-excesso-pode-ser-sinal-de-transtorno-emocional\/","og_site_name":"Estado de Minas - Em foco","article_published_time":"2025-06-09T20:30:00+00:00","article_modified_time":"2025-06-08T13:20:08+00:00","og_image":[{"width":1280,"height":720,"url":"https:\/\/www.em.com.br\/emfoco\/wp-content\/uploads\/2025\/06\/OCD_1749219645623.jpg","type":"image\/jpeg"}],"author":"Gabriel Martins","twitter_card":"summary_large_image","twitter_misc":{"Escrito por":"Gabriel Martins","Est. tempo de leitura":"4 minutos"},"schema":{"@context":"https:\/\/schema.org","@graph":[{"@type":"WebPage","@id":"https:\/\/www.em.com.br\/emfoco\/2025\/06\/09\/voce-sabia-que-o-habito-de-organizacao-em-excesso-pode-ser-sinal-de-transtorno-emocional\/","url":"https:\/\/www.em.com.br\/emfoco\/2025\/06\/09\/voce-sabia-que-o-habito-de-organizacao-em-excesso-pode-ser-sinal-de-transtorno-emocional\/","name":"Voc\u00ea sabia que o h\u00e1bito de organiza\u00e7\u00e3o em excesso pode ser sinal de transtorno emocional? - Estado de Minas - Em foco","isPartOf":{"@id":"https:\/\/www.em.com.br\/emfoco\/#website"},"primaryImageOfPage":{"@id":"https:\/\/www.em.com.br\/emfoco\/2025\/06\/09\/voce-sabia-que-o-habito-de-organizacao-em-excesso-pode-ser-sinal-de-transtorno-emocional\/#primaryimage"},"image":{"@id":"https:\/\/www.em.com.br\/emfoco\/2025\/06\/09\/voce-sabia-que-o-habito-de-organizacao-em-excesso-pode-ser-sinal-de-transtorno-emocional\/#primaryimage"},"thumbnailUrl":"https:\/\/www.em.com.br\/emfoco\/wp-content\/uploads\/2025\/06\/OCD_1749219645623.jpg","datePublished":"2025-06-09T20:30:00+00:00","dateModified":"2025-06-08T13:20:08+00:00","author":{"@id":"https:\/\/www.em.com.br\/emfoco\/#\/schema\/person\/1c9ddeab18b98abeffef834667bcf08a"},"description":"Organiza\u00e7\u00e3o \u00e9 bom, mas em excesso pode indicar ansiedade ou TOC. Entenda quando o h\u00e1bito pode virar um problema.","breadcrumb":{"@id":"https:\/\/www.em.com.br\/emfoco\/2025\/06\/09\/voce-sabia-que-o-habito-de-organizacao-em-excesso-pode-ser-sinal-de-transtorno-emocional\/#breadcrumb"},"inLanguage":"pt-BR","potentialAction":[{"@type":"ReadAction","target":["https:\/\/www.em.com.br\/emfoco\/2025\/06\/09\/voce-sabia-que-o-habito-de-organizacao-em-excesso-pode-ser-sinal-de-transtorno-emocional\/"]}]},{"@type":"ImageObject","inLanguage":"pt-BR","@id":"https:\/\/www.em.com.br\/emfoco\/2025\/06\/09\/voce-sabia-que-o-habito-de-organizacao-em-excesso-pode-ser-sinal-de-transtorno-emocional\/#primaryimage","url":"https:\/\/www.em.com.br\/emfoco\/wp-content\/uploads\/2025\/06\/OCD_1749219645623.jpg","contentUrl":"https:\/\/www.em.com.br\/emfoco\/wp-content\/uploads\/2025\/06\/OCD_1749219645623.jpg","width":1280,"height":720,"caption":"Organiza\u00e7\u00e3o em excesso - Cr\u00e9ditos: depositphotos.com \/ microgen"},{"@type":"BreadcrumbList","@id":"https:\/\/www.em.com.br\/emfoco\/2025\/06\/09\/voce-sabia-que-o-habito-de-organizacao-em-excesso-pode-ser-sinal-de-transtorno-emocional\/#breadcrumb","itemListElement":[{"@type":"ListItem","position":1,"name":"In\u00edcio","item":"https:\/\/www.em.com.br\/emfoco\/"},{"@type":"ListItem","position":2,"name":"Voc\u00ea sabia que o h\u00e1bito de organiza\u00e7\u00e3o em excesso pode ser sinal de transtorno emocional?"}]},{"@type":"WebSite","@id":"https:\/\/www.em.com.br\/emfoco\/#website","url":"https:\/\/www.em.com.br\/emfoco\/","name":"Estado de Minas - Em foco","description":"Acompanhe as \u00faltimas not\u00edcias e fique bem informado sobre tudo o que acontece em Minas Gerais, Brasil e no mundo.","potentialAction":[{"@type":"SearchAction","target":{"@type":"EntryPoint","urlTemplate":"https:\/\/www.em.com.br\/emfoco\/?s={search_term_string}"},"query-input":{"@type":"PropertyValueSpecification","valueRequired":true,"valueName":"search_term_string"}}],"inLanguage":"pt-BR"},{"@type":"Person","@id":"https:\/\/www.em.com.br\/emfoco\/#\/schema\/person\/1c9ddeab18b98abeffef834667bcf08a","name":"Gabriel Martins","image":{"@type":"ImageObject","inLanguage":"pt-BR","@id":"https:\/\/www.em.com.br\/emfoco\/#\/schema\/person\/image\/","url":"https:\/\/secure.gravatar.com\/avatar\/f0f1e2efdfd88f1ad2cb08c5c2731e50?s=96&d=mm&r=g","contentUrl":"https:\/\/secure.gravatar.com\/avatar\/f0f1e2efdfd88f1ad2cb08c5c2731e50?s=96&d=mm&r=g","caption":"Gabriel Martins"},"sameAs":["https:\/\/www.em.com.br\/emfoco\/"],"url":"https:\/\/www.em.com.br\/emfoco\/author\/gabrielmartinsmyth\/"}]}},"_links":{"self":[{"href":"https:\/\/www.em.com.br\/emfoco\/wp-json\/wp\/v2\/posts\/56723","targetHints":{"allow":["GET"]}}],"collection":[{"href":"https:\/\/www.em.com.br\/emfoco\/wp-json\/wp\/v2\/posts"}],"about":[{"href":"https:\/\/www.em.com.br\/emfoco\/wp-json\/wp\/v2\/types\/post"}],"author":[{"embeddable":true,"href":"https:\/\/www.em.com.br\/emfoco\/wp-json\/wp\/v2\/users\/13"}],"replies":[{"embeddable":true,"href":"https:\/\/www.em.com.br\/emfoco\/wp-json\/wp\/v2\/comments?post=56723"}],"version-history":[{"count":2,"href":"https:\/\/www.em.com.br\/emfoco\/wp-json\/wp\/v2\/posts\/56723\/revisions"}],"predecessor-version":[{"id":56747,"href":"https:\/\/www.em.com.br\/emfoco\/wp-json\/wp\/v2\/posts\/56723\/revisions\/56747"}],"wp:featuredmedia":[{"embeddable":true,"href":"https:\/\/www.em.com.br\/emfoco\/wp-json\/wp\/v2\/media\/56744"}],"wp:attachment":[{"href":"https:\/\/www.em.com.br\/emfoco\/wp-json\/wp\/v2\/media?parent=56723"}],"wp:term":[{"taxonomy":"category","embeddable":true,"href":"https:\/\/www.em.com.br\/emfoco\/wp-json\/wp\/v2\/categories?post=56723"},{"taxonomy":"post_tag","embeddable":true,"href":"https:\/\/www.em.com.br\/emfoco\/wp-json\/wp\/v2\/tags?post=56723"}],"curies":[{"name":"wp","href":"https:\/\/api.w.org\/{rel}","templated":true}]}}