{"id":5668,"date":"2024-12-19T19:40:00","date_gmt":"2024-12-19T22:40:00","guid":{"rendered":"https:\/\/www.em.com.br\/emfoco\/?p=5668"},"modified":"2024-12-18T22:56:11","modified_gmt":"2024-12-19T01:56:11","slug":"lagoa-santa-celebrations","status":"publish","type":"post","link":"https:\/\/www.em.com.br\/emfoco\/2024\/12\/19\/lagoa-santa-celebrations\/","title":{"rendered":"Lagoa Santa Celebrations"},"content":{"rendered":"\n<h2 class=\"wp-block-heading\">Hist\u00f3ria e Comemora\u00e7\u00f5es de Lagoa Santa<\/h2>\n\n\n\n<p><a href=\"https:\/\/www.lagoasanta.mg.gov.br\/\" target=\"_blank\" rel=\"noreferrer noopener\">Lagoa Santa<\/a>, uma cidade rica em hist\u00f3ria e cultura, celebra seus 291 anos de funda\u00e7\u00e3o e 84 anos de emancipa\u00e7\u00e3o com eventos que refletem sua identidade \u00fanica. Com uma s\u00e9rie de atividades programadas, a cidade se prepara para dois dias de festividades intensas, que acontecer\u00e3o no <a href=\"https:\/\/www.em.com.br\/emfoco\/2024\/12\/17\/novo-salario-minimo-boa-noticia-para-os-beneficiarios-do-inss\/\" target=\"_blank\" rel=\"noreferrer noopener\">Novo <\/a>Poliesportivo e na Arena de Eventos.<\/p>\n\n\n\n<p>As comemora\u00e7\u00f5es, que destacam tanto a mem\u00f3ria hist\u00f3rica quanto o desenvolvimento contempor\u00e2neo da cidade, come\u00e7am no dia 16 de setembro, prometendo envolver moradores e visitantes em uma experi\u00eancia cultural e recreativa diversificada. A agenda inclui inaugura\u00e7\u00f5es de novos equipamentos p\u00fablicos e espet\u00e1culos musicais, entre outras atra\u00e7\u00f5es.<\/p>\n\n\n\n<h2 class=\"wp-block-heading\">Quais s\u00e3o as atra\u00e7\u00f5es do primeiro dia de comemora\u00e7\u00e3o?<\/h2>\n\n\n\n<p>No primeiro dia, a partir das 19h30, as festividades ter\u00e3o in\u00edcio com a inaugura\u00e7\u00e3o de espa\u00e7os municipais que aprimoram a infraestrutura local. Este \u00e9 um passo importante no progresso urbano da cidade, enfatizando a qualidade de vida dos moradores. Em seguida, a noite ser\u00e1 embalada pelo show do renomado cantor Fl\u00e1vio Venturini, que promete emocionar o p\u00fablico com sua m\u00fasica.<\/p>\n\n\n\n<p>Este evento inicial n\u00e3o s\u00f3 celebra os avan\u00e7os recentes, mas tamb\u00e9m consolida a import\u00e2ncia da arte e da cultura na vida urbana, criando um ambiente de celebra\u00e7\u00e3o e pertencimento para todos os presentes.<\/p>\n\n\n<div class=\"wp-block-image\">\n<figure class=\"aligncenter size-large\"><img loading=\"lazy\" decoding=\"async\" width=\"1024\" height=\"614\" src=\"https:\/\/www.em.com.br\/emfoco\/wp-content\/uploads\/2024\/12\/Festa_de_Nossa_Senhora_do_Rosario_-_Distrito_da_Lapinha_Lagoa_Santa-MG-1-1-1024x614.jpg\" alt=\"\" class=\"wp-image-5672\" srcset=\"https:\/\/www.em.com.br\/emfoco\/wp-content\/uploads\/2024\/12\/Festa_de_Nossa_Senhora_do_Rosario_-_Distrito_da_Lapinha_Lagoa_Santa-MG-1-1-1024x614.jpg 1024w, https:\/\/www.em.com.br\/emfoco\/wp-content\/uploads\/2024\/12\/Festa_de_Nossa_Senhora_do_Rosario_-_Distrito_da_Lapinha_Lagoa_Santa-MG-1-1-300x180.jpg 300w, https:\/\/www.em.com.br\/emfoco\/wp-content\/uploads\/2024\/12\/Festa_de_Nossa_Senhora_do_Rosario_-_Distrito_da_Lapinha_Lagoa_Santa-MG-1-1-768x460.jpg 768w, https:\/\/www.em.com.br\/emfoco\/wp-content\/uploads\/2024\/12\/Festa_de_Nossa_Senhora_do_Rosario_-_Distrito_da_Lapinha_Lagoa_Santa-MG-1-1-750x449.jpg 750w, https:\/\/www.em.com.br\/emfoco\/wp-content\/uploads\/2024\/12\/Festa_de_Nossa_Senhora_do_Rosario_-_Distrito_da_Lapinha_Lagoa_Santa-MG-1-1-1140x683.jpg 1140w, https:\/\/www.em.com.br\/emfoco\/wp-content\/uploads\/2024\/12\/Festa_de_Nossa_Senhora_do_Rosario_-_Distrito_da_Lapinha_Lagoa_Santa-MG-1-1.jpg 1200w\" sizes=\"auto, (max-width: 1024px) 100vw, 1024px\" \/><figcaption class=\"wp-element-caption\">Lagoa Santa &#8211; Wikimidia Commons<\/figcaption><\/figure><\/div>\n\n\n<h2 class=\"wp-block-heading\">Como ser\u00e1 o segundo dia de eventos?<\/h2>\n\n\n\n<p>No dia seguinte, 17 de setembro, as atividades come\u00e7am cedo, \u00e0s 9h, trazendo uma s\u00e9rie de iniciativas focadas no bem-estar e na valoriza\u00e7\u00e3o dos produtos locais. A feira agroecol\u00f3gica e as rotas tur\u00edsticas, Rota Rupestre e Rota das Doceeiras, destacam-se na programa\u00e7\u00e3o, oferecendo aos visitantes um vislumbre das tradi\u00e7\u00f5es e da produ\u00e7\u00e3o local.<\/p>\n\n\n\n<ol class=\"wp-block-list\">\n<li>Feira agroecol\u00f3gica para promover a sustentabilidade e a produ\u00e7\u00e3o agr\u00edcola local.<\/li>\n\n\n\n<li>Rota Rupestre, valorizando os s\u00edtios arqueol\u00f3gicos da regi\u00e3o.<\/li>\n\n\n\n<li>Rota das Doceeiras, uma celebra\u00e7\u00e3o dos sabores regionais aut\u00eanticos.<\/li>\n<\/ol>\n\n\n\n<h2 class=\"wp-block-heading\">Quais s\u00e3o as iniciativas de sa\u00fade e meio ambiente durante as comemora\u00e7\u00f5es?<\/h2>\n\n\n\n<p>Durante as festividades, Lagoa Santa oferece servi\u00e7os essenciais \u00e0 comunidade, com destaque para a\u00e7\u00f5es de sa\u00fade p\u00fablica. A vacina\u00e7\u00e3o antirr\u00e1bica e as orienta\u00e7\u00f5es sobre arboviroses est\u00e3o entre os servi\u00e7os prestados, juntamente com o atendimento do Vacim\u00f3vel, que facilita o acesso a imuniza\u00e7\u00f5es importantes.<\/p>\n\n\n\n<p>Al\u00e9m disso, a Secretaria de Meio Ambiente contribuir\u00e1 com a doa\u00e7\u00e3o de mudas, incentivando a preserva\u00e7\u00e3o e o cuidado com o meio ambiente, refor\u00e7ando a import\u00e2ncia da sustentabilidade para a cidade.<\/p>\n\n\n\n<h2 class=\"wp-block-heading\">Programa\u00e7\u00e3o cultural repleta de m\u00fasica e divers\u00e3o<\/h2>\n\n\n\n<p>\u00c0 tarde, a programa\u00e7\u00e3o musical continua com a apresenta\u00e7\u00e3o do cantor Clayton Homem \u00e0s 13h, trazendo ritmos vibrantes para animar os presentes. Mais tarde, a contadora de hist\u00f3rias Alessandra Visentin promete encantar o p\u00fablico infantil com suas narrativas cativantes, proporcionando momentos de divers\u00e3o para toda a fam\u00edlia.<\/p>\n\n\n\n<p>A cidade de Lagoa Santa, ao organizar um evento t\u00e3o variado, convida seus cidad\u00e3os e visitantes a participarem destas celebra\u00e7\u00f5es, que unem passado, presente e futuro em um s\u00f3 palco de festividades.<\/p>\n","protected":false},"excerpt":{"rendered":"<p>Hist\u00f3ria e Comemora\u00e7\u00f5es de Lagoa Santa Lagoa Santa, uma cidade rica em hist\u00f3ria e cultura, celebra seus 291 anos de funda\u00e7\u00e3o e 84 anos de emancipa\u00e7\u00e3o com eventos que refletem sua identidade \u00fanica. Com uma s\u00e9rie de atividades programadas, a cidade se prepara para dois dias de festividades intensas, que acontecer\u00e3o no Novo Poliesportivo e [&hellip;]<\/p>\n","protected":false},"author":7,"featured_media":5671,"comment_status":"open","ping_status":"open","sticky":false,"template":"","format":"standard","meta":{"jnews-multi-image_gallery":[],"jnews_single_post":{"format":"standard"},"jnews_primary_category":[],"jnews_social_meta":[],"jnews_override_counter":[],"footnotes":""},"categories":[26],"tags":[158,674,834],"class_list":["post-5668","post","type-post","status-publish","format-standard","has-post-thumbnail","hentry","category-cidades","tag-brasil","tag-lagoa-santa","tag-mineira"],"yoast_head":"<!-- This site is optimized with the Yoast SEO plugin v23.8 - https:\/\/yoast.com\/wordpress\/plugins\/seo\/ -->\n<title>Lagoa Santa Celebrations - Estado de Minas - Em foco<\/title>\n<meta name=\"description\" content=\"Conhe\u00e7a as festas em Lagoa Santa, Brasil, uma cidade rica em hist\u00f3ria e cultura, e descubra os lugares para visitar durante a sua estadia.\" \/>\n<meta name=\"robots\" content=\"index, follow, max-snippet:-1, max-image-preview:large, max-video-preview:-1\" \/>\n<link rel=\"canonical\" href=\"https:\/\/www.em.com.br\/emfoco\/2024\/12\/19\/lagoa-santa-celebrations\/\" \/>\n<meta property=\"og:locale\" content=\"pt_BR\" \/>\n<meta property=\"og:type\" content=\"article\" \/>\n<meta property=\"og:title\" content=\"Lagoa Santa Celebrations - Estado de Minas - Em foco\" \/>\n<meta property=\"og:description\" content=\"Conhe\u00e7a as festas em Lagoa Santa, Brasil, uma cidade rica em hist\u00f3ria e cultura, e descubra os lugares para visitar durante a sua estadia.\" \/>\n<meta property=\"og:url\" content=\"https:\/\/www.em.com.br\/emfoco\/2024\/12\/19\/lagoa-santa-celebrations\/\" \/>\n<meta property=\"og:site_name\" content=\"Estado de Minas - Em foco\" \/>\n<meta property=\"article:published_time\" content=\"2024-12-19T22:40:00+00:00\" \/>\n<meta property=\"article:modified_time\" content=\"2024-12-19T01:56:11+00:00\" \/>\n<meta property=\"og:image\" content=\"https:\/\/www.em.com.br\/emfoco\/wp-content\/uploads\/2024\/12\/Festa_de_Nossa_Senhora_do_Rosario_-_Distrito_da_Lapinha_Lagoa_Santa-MG-1.jpg\" \/>\n\t<meta property=\"og:image:width\" content=\"1200\" \/>\n\t<meta property=\"og:image:height\" content=\"900\" \/>\n\t<meta property=\"og:image:type\" content=\"image\/jpeg\" \/>\n<meta name=\"author\" content=\"Kelvin\" \/>\n<meta name=\"twitter:card\" content=\"summary_large_image\" \/>\n<meta name=\"twitter:label1\" content=\"Escrito por\" \/>\n\t<meta name=\"twitter:data1\" content=\"Kelvin\" \/>\n\t<meta name=\"twitter:label2\" content=\"Est. tempo de leitura\" \/>\n\t<meta name=\"twitter:data2\" content=\"4 minutos\" \/>\n<!-- \/ Yoast SEO plugin. -->","yoast_head_json":{"title":"Lagoa Santa Celebrations - Estado de Minas - Em foco","description":"Conhe\u00e7a as festas em Lagoa Santa, Brasil, uma cidade rica em hist\u00f3ria e cultura, e descubra os lugares para visitar durante a sua estadia.","robots":{"index":"index","follow":"follow","max-snippet":"max-snippet:-1","max-image-preview":"max-image-preview:large","max-video-preview":"max-video-preview:-1"},"canonical":"https:\/\/www.em.com.br\/emfoco\/2024\/12\/19\/lagoa-santa-celebrations\/","og_locale":"pt_BR","og_type":"article","og_title":"Lagoa Santa Celebrations - Estado de Minas - Em foco","og_description":"Conhe\u00e7a as festas em Lagoa Santa, Brasil, uma cidade rica em hist\u00f3ria e cultura, e descubra os lugares para visitar durante a sua estadia.","og_url":"https:\/\/www.em.com.br\/emfoco\/2024\/12\/19\/lagoa-santa-celebrations\/","og_site_name":"Estado de Minas - Em foco","article_published_time":"2024-12-19T22:40:00+00:00","article_modified_time":"2024-12-19T01:56:11+00:00","og_image":[{"width":1200,"height":900,"url":"https:\/\/www.em.com.br\/emfoco\/wp-content\/uploads\/2024\/12\/Festa_de_Nossa_Senhora_do_Rosario_-_Distrito_da_Lapinha_Lagoa_Santa-MG-1.jpg","type":"image\/jpeg"}],"author":"Kelvin","twitter_card":"summary_large_image","twitter_misc":{"Escrito por":"Kelvin","Est. tempo de leitura":"4 minutos"},"schema":{"@context":"https:\/\/schema.org","@graph":[{"@type":"WebPage","@id":"https:\/\/www.em.com.br\/emfoco\/2024\/12\/19\/lagoa-santa-celebrations\/","url":"https:\/\/www.em.com.br\/emfoco\/2024\/12\/19\/lagoa-santa-celebrations\/","name":"Lagoa Santa Celebrations - Estado de Minas - Em foco","isPartOf":{"@id":"https:\/\/www.em.com.br\/emfoco\/#website"},"primaryImageOfPage":{"@id":"https:\/\/www.em.com.br\/emfoco\/2024\/12\/19\/lagoa-santa-celebrations\/#primaryimage"},"image":{"@id":"https:\/\/www.em.com.br\/emfoco\/2024\/12\/19\/lagoa-santa-celebrations\/#primaryimage"},"thumbnailUrl":"https:\/\/www.em.com.br\/emfoco\/wp-content\/uploads\/2024\/12\/Festa_de_Nossa_Senhora_do_Rosario_-_Distrito_da_Lapinha_Lagoa_Santa-MG-1.jpg","datePublished":"2024-12-19T22:40:00+00:00","dateModified":"2024-12-19T01:56:11+00:00","author":{"@id":"https:\/\/www.em.com.br\/emfoco\/#\/schema\/person\/fb0a7f48c6fbb94b83f413a80f61917d"},"description":"Conhe\u00e7a as festas em Lagoa Santa, Brasil, uma cidade rica em hist\u00f3ria e cultura, e descubra os lugares para visitar durante a sua estadia.","breadcrumb":{"@id":"https:\/\/www.em.com.br\/emfoco\/2024\/12\/19\/lagoa-santa-celebrations\/#breadcrumb"},"inLanguage":"pt-BR","potentialAction":[{"@type":"ReadAction","target":["https:\/\/www.em.com.br\/emfoco\/2024\/12\/19\/lagoa-santa-celebrations\/"]}]},{"@type":"ImageObject","inLanguage":"pt-BR","@id":"https:\/\/www.em.com.br\/emfoco\/2024\/12\/19\/lagoa-santa-celebrations\/#primaryimage","url":"https:\/\/www.em.com.br\/emfoco\/wp-content\/uploads\/2024\/12\/Festa_de_Nossa_Senhora_do_Rosario_-_Distrito_da_Lapinha_Lagoa_Santa-MG-1.jpg","contentUrl":"https:\/\/www.em.com.br\/emfoco\/wp-content\/uploads\/2024\/12\/Festa_de_Nossa_Senhora_do_Rosario_-_Distrito_da_Lapinha_Lagoa_Santa-MG-1.jpg","width":1200,"height":900,"caption":"Lagoa Santa - Wikimidia Commons"},{"@type":"BreadcrumbList","@id":"https:\/\/www.em.com.br\/emfoco\/2024\/12\/19\/lagoa-santa-celebrations\/#breadcrumb","itemListElement":[{"@type":"ListItem","position":1,"name":"In\u00edcio","item":"https:\/\/www.em.com.br\/emfoco\/"},{"@type":"ListItem","position":2,"name":"Lagoa Santa Celebrations"}]},{"@type":"WebSite","@id":"https:\/\/www.em.com.br\/emfoco\/#website","url":"https:\/\/www.em.com.br\/emfoco\/","name":"Estado de Minas - Em foco","description":"Acompanhe as \u00faltimas not\u00edcias e fique bem informado sobre tudo o que acontece em Minas Gerais, Brasil e no mundo.","potentialAction":[{"@type":"SearchAction","target":{"@type":"EntryPoint","urlTemplate":"https:\/\/www.em.com.br\/emfoco\/?s={search_term_string}"},"query-input":{"@type":"PropertyValueSpecification","valueRequired":true,"valueName":"search_term_string"}}],"inLanguage":"pt-BR"},{"@type":"Person","@id":"https:\/\/www.em.com.br\/emfoco\/#\/schema\/person\/fb0a7f48c6fbb94b83f413a80f61917d","name":"Kelvin","image":{"@type":"ImageObject","inLanguage":"pt-BR","@id":"https:\/\/www.em.com.br\/emfoco\/#\/schema\/person\/image\/","url":"https:\/\/secure.gravatar.com\/avatar\/e74f84337e6bf6c4c5e88fbdffa05270?s=96&d=mm&r=g","contentUrl":"https:\/\/secure.gravatar.com\/avatar\/e74f84337e6bf6c4c5e88fbdffa05270?s=96&d=mm&r=g","caption":"Kelvin"},"sameAs":["https:\/\/www.em.com.br\/emfoco"],"url":"https:\/\/www.em.com.br\/emfoco\/author\/kelvinmyth\/"}]}},"_links":{"self":[{"href":"https:\/\/www.em.com.br\/emfoco\/wp-json\/wp\/v2\/posts\/5668","targetHints":{"allow":["GET"]}}],"collection":[{"href":"https:\/\/www.em.com.br\/emfoco\/wp-json\/wp\/v2\/posts"}],"about":[{"href":"https:\/\/www.em.com.br\/emfoco\/wp-json\/wp\/v2\/types\/post"}],"author":[{"embeddable":true,"href":"https:\/\/www.em.com.br\/emfoco\/wp-json\/wp\/v2\/users\/7"}],"replies":[{"embeddable":true,"href":"https:\/\/www.em.com.br\/emfoco\/wp-json\/wp\/v2\/comments?post=5668"}],"version-history":[{"count":2,"href":"https:\/\/www.em.com.br\/emfoco\/wp-json\/wp\/v2\/posts\/5668\/revisions"}],"predecessor-version":[{"id":5673,"href":"https:\/\/www.em.com.br\/emfoco\/wp-json\/wp\/v2\/posts\/5668\/revisions\/5673"}],"wp:featuredmedia":[{"embeddable":true,"href":"https:\/\/www.em.com.br\/emfoco\/wp-json\/wp\/v2\/media\/5671"}],"wp:attachment":[{"href":"https:\/\/www.em.com.br\/emfoco\/wp-json\/wp\/v2\/media?parent=5668"}],"wp:term":[{"taxonomy":"category","embeddable":true,"href":"https:\/\/www.em.com.br\/emfoco\/wp-json\/wp\/v2\/categories?post=5668"},{"taxonomy":"post_tag","embeddable":true,"href":"https:\/\/www.em.com.br\/emfoco\/wp-json\/wp\/v2\/tags?post=5668"}],"curies":[{"name":"wp","href":"https:\/\/api.w.org\/{rel}","templated":true}]}}