{"id":56676,"date":"2025-06-09T09:10:00","date_gmt":"2025-06-09T12:10:00","guid":{"rendered":"https:\/\/www.em.com.br\/emfoco\/?p=56676"},"modified":"2025-06-08T10:13:20","modified_gmt":"2025-06-08T13:13:20","slug":"voce-sabia-que-sonhar-que-esta-caindo-e-um-dos-sinais-mais-comuns-de-ansiedade","status":"publish","type":"post","link":"https:\/\/www.em.com.br\/emfoco\/2025\/06\/09\/voce-sabia-que-sonhar-que-esta-caindo-e-um-dos-sinais-mais-comuns-de-ansiedade\/","title":{"rendered":"Voc\u00ea sabia que sonhar que est\u00e1 caindo \u00e9 um dos sinais mais comuns de ansiedade?"},"content":{"rendered":"\n<p>Sonhar que est\u00e1 caindo \u00e9 uma experi\u00eancia comum e muitas vezes assustadora. Este tipo de sonho pode ser interpretado de v\u00e1rias maneiras, dependendo do contexto e das emo\u00e7\u00f5es envolvidas. <strong>A sensa\u00e7\u00e3o de queda pode simbolizar uma perda de controle ou inseguran\u00e7a em alguma \u00e1rea da vida.<\/strong> Al\u00e9m disso, a ci\u00eancia e a psicologia oferecem explica\u00e7\u00f5es interessantes para esse fen\u00f4meno on\u00edrico.<\/p>\n\n\n\n<p>Na psicologia, sonhar que est\u00e1 caindo pode refletir sentimentos de <strong><a href=\"https:\/\/www.em.com.br\/emfoco\/2025\/06\/03\/comer-rapido-pode-ter-ligacao-com-ansiedade-e-impulsividade\/\" target=\"_blank\" rel=\"noreferrer noopener\">ansiedade <\/a><\/strong>ou medo de falhar. \u00c9 poss\u00edvel que a pessoa esteja enfrentando desafios ou mudan\u00e7as significativas, o que gera uma sensa\u00e7\u00e3o de instabilidade. J\u00e1 do ponto de vista fisiol\u00f3gico, a queda nos sonhos pode estar relacionada a mudan\u00e7as na press\u00e3o arterial ou na frequ\u00eancia card\u00edaca durante o sono.<\/p>\n\n\n\n<h2 class=\"wp-block-heading\">Por que a sensa\u00e7\u00e3o de queda \u00e9 t\u00e3o comum nos sonhos?<\/h2>\n\n\n\n<p><strong>A sensa\u00e7\u00e3o de queda nos sonhos \u00e9 bastante comum e pode ser explicada por v\u00e1rios fatores.<\/strong> Durante o sono, especialmente na fase REM, o corpo passa por mudan\u00e7as fisiol\u00f3gicas que podem provocar essa sensa\u00e7\u00e3o. A transi\u00e7\u00e3o entre diferentes est\u00e1gios do sono pode causar uma breve perda de equil\u00edbrio, que \u00e9 interpretada pelo c\u00e9rebro como uma queda.<\/p>\n\n\n\n<p>Al\u00e9m disso, a sensa\u00e7\u00e3o de queda pode ser uma resposta do c\u00e9rebro a est\u00edmulos externos, como um movimento brusco ou um som alto. O c\u00e9rebro, ao tentar interpretar esses est\u00edmulos, pode criar a ilus\u00e3o de que o corpo est\u00e1 caindo. Essa experi\u00eancia \u00e9 geralmente acompanhada por um despertar s\u00fabito, conhecido como &#8220;sobressalto h\u00edpnico&#8221;.<\/p>\n\n\n\n<figure class=\"wp-block-image size-large\"><img loading=\"lazy\" decoding=\"async\" width=\"1024\" height=\"576\" src=\"https:\/\/www.em.com.br\/emfoco\/wp-content\/uploads\/2025\/06\/dreaming_1749218939423-1024x576.jpg\" alt=\"Voc\u00ea sabia que sonhar que est\u00e1 caindo \u00e9 um dos sinais mais comuns de ansiedade?\" class=\"wp-image-56715\" srcset=\"https:\/\/www.em.com.br\/emfoco\/wp-content\/uploads\/2025\/06\/dreaming_1749218939423-1024x576.jpg 1024w, https:\/\/www.em.com.br\/emfoco\/wp-content\/uploads\/2025\/06\/dreaming_1749218939423-300x169.jpg 300w, https:\/\/www.em.com.br\/emfoco\/wp-content\/uploads\/2025\/06\/dreaming_1749218939423-768x432.jpg 768w, https:\/\/www.em.com.br\/emfoco\/wp-content\/uploads\/2025\/06\/dreaming_1749218939423-750x422.jpg 750w, https:\/\/www.em.com.br\/emfoco\/wp-content\/uploads\/2025\/06\/dreaming_1749218939423-1140x642.jpg 1140w, https:\/\/www.em.com.br\/emfoco\/wp-content\/uploads\/2025\/06\/dreaming_1749218939423.jpg 1279w\" sizes=\"auto, (max-width: 1024px) 100vw, 1024px\" \/><figcaption class=\"wp-element-caption\">Imagem ilustrativa de mulher sonhando &#8211; Cr\u00e9ditos: depositphotos.com \/ SashaMedvedev<\/figcaption><\/figure>\n\n\n\n<h2 class=\"wp-block-heading\">Como a psicologia interpreta os sonhos de queda?<\/h2>\n\n\n\n<p><strong>Na psicologia, os sonhos de queda s\u00e3o frequentemente associados a sentimentos de inseguran\u00e7a e perda de controle.<\/strong> Esses sonhos podem indicar que a pessoa est\u00e1 passando por um per\u00edodo de incerteza ou enfrentando desafios que parecem insuper\u00e1veis. A queda simboliza a falta de apoio ou a sensa\u00e7\u00e3o de que algo importante est\u00e1 fora de alcance.<\/p>\n\n\n\n<p>Os psic\u00f3logos tamb\u00e9m sugerem que sonhar com queda pode ser uma manifesta\u00e7\u00e3o de medos subconscientes. Esses medos podem estar relacionados a quest\u00f5es pessoais, como relacionamentos ou carreira, onde a pessoa sente que n\u00e3o est\u00e1 no controle da situa\u00e7\u00e3o. Trabalhar essas quest\u00f5es na vida desperta pode ajudar a reduzir a frequ\u00eancia desses sonhos.<\/p>\n\n\n\n<h2 class=\"wp-block-heading\">Existem maneiras de evitar sonhar que est\u00e1 caindo?<\/h2>\n\n\n\n<p><strong>Embora n\u00e3o seja poss\u00edvel controlar completamente os sonhos, algumas pr\u00e1ticas podem ajudar a reduzir a frequ\u00eancia de sonhos perturbadores, como o de queda.<\/strong> Manter uma rotina de sono saud\u00e1vel, com hor\u00e1rios regulares para dormir e acordar, pode melhorar a qualidade do sono e diminuir a ocorr\u00eancia de sonhos angustiantes.<\/p>\n\n\n\n<p>Pr\u00e1ticas de relaxamento, como <strong><a href=\"https:\/\/www.tuasaude.com\/como-meditar\/\" target=\"_blank\" rel=\"noreferrer noopener\">medita\u00e7\u00e3o <\/a><\/strong>ou exerc\u00edcios de respira\u00e7\u00e3o, antes de dormir, tamb\u00e9m podem ser ben\u00e9ficas. Elas ajudam a acalmar a mente e reduzir a ansiedade, que s\u00e3o fatores que podem contribuir para sonhos de queda. Al\u00e9m disso, evitar o consumo de cafe\u00edna e \u00e1lcool antes de dormir pode melhorar a qualidade do sono.<\/p>\n\n\n\n<h2 class=\"wp-block-heading\">O que fazer ap\u00f3s ter um sonho de queda?<\/h2>\n\n\n\n<p><strong>Ap\u00f3s ter um sonho de queda, \u00e9 importante n\u00e3o se alarmar.<\/strong> Esses sonhos s\u00e3o normais e n\u00e3o indicam necessariamente algo negativo. Refletir sobre o que est\u00e1 acontecendo na vida desperta pode ajudar a identificar poss\u00edveis fontes de estresse ou ansiedade que possam estar contribuindo para esses sonhos.<\/p>\n\n\n\n<p>Conversar com um profissional, como um psic\u00f3logo, pode ser \u00fatil se os sonhos de queda forem frequentes e perturbadores. Eles podem ajudar a explorar as causas subjacentes e desenvolver estrat\u00e9gias para lidar com os sentimentos associados. Lembrar que os sonhos s\u00e3o uma parte natural do sono e podem oferecer insights valiosos sobre o estado emocional e mental.<\/p>\n","protected":false},"excerpt":{"rendered":"<p>Sonhar que est\u00e1 caindo \u00e9 uma experi\u00eancia comum e muitas vezes assustadora. Este tipo de sonho pode ser interpretado de v\u00e1rias maneiras, dependendo do contexto e das emo\u00e7\u00f5es envolvidas. A sensa\u00e7\u00e3o de queda pode simbolizar uma perda de controle ou inseguran\u00e7a em alguma \u00e1rea da vida. Al\u00e9m disso, a ci\u00eancia e a psicologia oferecem explica\u00e7\u00f5es [&hellip;]<\/p>\n","protected":false},"author":13,"featured_media":56714,"comment_status":"open","ping_status":"open","sticky":false,"template":"","format":"standard","meta":{"jnews-multi-image_gallery":[],"jnews_single_post":{"format":"standard"},"jnews_primary_category":[],"jnews_social_meta":[],"jnews_override_counter":[],"footnotes":""},"categories":[8819],"tags":[9696,5155,2185,9980],"class_list":["post-56676","post","type-post","status-publish","format-standard","has-post-thumbnail","hentry","category-curiosidades","tag-interpretacao-de-sonhos","tag-psicologia","tag-sonhos","tag-sonhos-com-queda"],"yoast_head":"<!-- This site is optimized with the Yoast SEO plugin v23.8 - https:\/\/yoast.com\/wordpress\/plugins\/seo\/ -->\n<title>Voc\u00ea sabia que sonhar que est\u00e1 caindo \u00e9 um dos sinais mais comuns de ansiedade? - Estado de Minas - Em foco<\/title>\n<meta name=\"description\" content=\"Sonhar com queda pode estar ligado a ansiedade, estresse ou instabilidade emocional. Veja o que isso diz sobre sua mente.\" \/>\n<meta name=\"robots\" content=\"index, follow, max-snippet:-1, max-image-preview:large, max-video-preview:-1\" \/>\n<link rel=\"canonical\" href=\"https:\/\/www.em.com.br\/emfoco\/2025\/06\/09\/voce-sabia-que-sonhar-que-esta-caindo-e-um-dos-sinais-mais-comuns-de-ansiedade\/\" \/>\n<meta property=\"og:locale\" content=\"pt_BR\" \/>\n<meta property=\"og:type\" content=\"article\" \/>\n<meta property=\"og:title\" content=\"Voc\u00ea sabia que sonhar que est\u00e1 caindo \u00e9 um dos sinais mais comuns de ansiedade? - Estado de Minas - Em foco\" \/>\n<meta property=\"og:description\" content=\"Sonhar com queda pode estar ligado a ansiedade, estresse ou instabilidade emocional. Veja o que isso diz sobre sua mente.\" \/>\n<meta property=\"og:url\" content=\"https:\/\/www.em.com.br\/emfoco\/2025\/06\/09\/voce-sabia-que-sonhar-que-esta-caindo-e-um-dos-sinais-mais-comuns-de-ansiedade\/\" \/>\n<meta property=\"og:site_name\" content=\"Estado de Minas - Em foco\" \/>\n<meta property=\"article:published_time\" content=\"2025-06-09T12:10:00+00:00\" \/>\n<meta property=\"article:modified_time\" content=\"2025-06-08T13:13:20+00:00\" \/>\n<meta property=\"og:image\" content=\"https:\/\/www.em.com.br\/emfoco\/wp-content\/uploads\/2025\/06\/dreaming_1749218909442.jpg\" \/>\n\t<meta property=\"og:image:width\" content=\"1280\" \/>\n\t<meta property=\"og:image:height\" content=\"720\" \/>\n\t<meta property=\"og:image:type\" content=\"image\/jpeg\" \/>\n<meta name=\"author\" content=\"Gabriel Martins\" \/>\n<meta name=\"twitter:card\" content=\"summary_large_image\" \/>\n<meta name=\"twitter:label1\" content=\"Escrito por\" \/>\n\t<meta name=\"twitter:data1\" content=\"Gabriel Martins\" \/>\n\t<meta name=\"twitter:label2\" content=\"Est. tempo de leitura\" \/>\n\t<meta name=\"twitter:data2\" content=\"4 minutos\" \/>\n<!-- \/ Yoast SEO plugin. -->","yoast_head_json":{"title":"Voc\u00ea sabia que sonhar que est\u00e1 caindo \u00e9 um dos sinais mais comuns de ansiedade? - Estado de Minas - Em foco","description":"Sonhar com queda pode estar ligado a ansiedade, estresse ou instabilidade emocional. Veja o que isso diz sobre sua mente.","robots":{"index":"index","follow":"follow","max-snippet":"max-snippet:-1","max-image-preview":"max-image-preview:large","max-video-preview":"max-video-preview:-1"},"canonical":"https:\/\/www.em.com.br\/emfoco\/2025\/06\/09\/voce-sabia-que-sonhar-que-esta-caindo-e-um-dos-sinais-mais-comuns-de-ansiedade\/","og_locale":"pt_BR","og_type":"article","og_title":"Voc\u00ea sabia que sonhar que est\u00e1 caindo \u00e9 um dos sinais mais comuns de ansiedade? - Estado de Minas - Em foco","og_description":"Sonhar com queda pode estar ligado a ansiedade, estresse ou instabilidade emocional. Veja o que isso diz sobre sua mente.","og_url":"https:\/\/www.em.com.br\/emfoco\/2025\/06\/09\/voce-sabia-que-sonhar-que-esta-caindo-e-um-dos-sinais-mais-comuns-de-ansiedade\/","og_site_name":"Estado de Minas - Em foco","article_published_time":"2025-06-09T12:10:00+00:00","article_modified_time":"2025-06-08T13:13:20+00:00","og_image":[{"width":1280,"height":720,"url":"https:\/\/www.em.com.br\/emfoco\/wp-content\/uploads\/2025\/06\/dreaming_1749218909442.jpg","type":"image\/jpeg"}],"author":"Gabriel Martins","twitter_card":"summary_large_image","twitter_misc":{"Escrito por":"Gabriel Martins","Est. tempo de leitura":"4 minutos"},"schema":{"@context":"https:\/\/schema.org","@graph":[{"@type":"WebPage","@id":"https:\/\/www.em.com.br\/emfoco\/2025\/06\/09\/voce-sabia-que-sonhar-que-esta-caindo-e-um-dos-sinais-mais-comuns-de-ansiedade\/","url":"https:\/\/www.em.com.br\/emfoco\/2025\/06\/09\/voce-sabia-que-sonhar-que-esta-caindo-e-um-dos-sinais-mais-comuns-de-ansiedade\/","name":"Voc\u00ea sabia que sonhar que est\u00e1 caindo \u00e9 um dos sinais mais comuns de ansiedade? - Estado de Minas - Em foco","isPartOf":{"@id":"https:\/\/www.em.com.br\/emfoco\/#website"},"primaryImageOfPage":{"@id":"https:\/\/www.em.com.br\/emfoco\/2025\/06\/09\/voce-sabia-que-sonhar-que-esta-caindo-e-um-dos-sinais-mais-comuns-de-ansiedade\/#primaryimage"},"image":{"@id":"https:\/\/www.em.com.br\/emfoco\/2025\/06\/09\/voce-sabia-que-sonhar-que-esta-caindo-e-um-dos-sinais-mais-comuns-de-ansiedade\/#primaryimage"},"thumbnailUrl":"https:\/\/www.em.com.br\/emfoco\/wp-content\/uploads\/2025\/06\/dreaming_1749218909442.jpg","datePublished":"2025-06-09T12:10:00+00:00","dateModified":"2025-06-08T13:13:20+00:00","author":{"@id":"https:\/\/www.em.com.br\/emfoco\/#\/schema\/person\/1c9ddeab18b98abeffef834667bcf08a"},"description":"Sonhar com queda pode estar ligado a ansiedade, estresse ou instabilidade emocional. Veja o que isso diz sobre sua mente.","breadcrumb":{"@id":"https:\/\/www.em.com.br\/emfoco\/2025\/06\/09\/voce-sabia-que-sonhar-que-esta-caindo-e-um-dos-sinais-mais-comuns-de-ansiedade\/#breadcrumb"},"inLanguage":"pt-BR","potentialAction":[{"@type":"ReadAction","target":["https:\/\/www.em.com.br\/emfoco\/2025\/06\/09\/voce-sabia-que-sonhar-que-esta-caindo-e-um-dos-sinais-mais-comuns-de-ansiedade\/"]}]},{"@type":"ImageObject","inLanguage":"pt-BR","@id":"https:\/\/www.em.com.br\/emfoco\/2025\/06\/09\/voce-sabia-que-sonhar-que-esta-caindo-e-um-dos-sinais-mais-comuns-de-ansiedade\/#primaryimage","url":"https:\/\/www.em.com.br\/emfoco\/wp-content\/uploads\/2025\/06\/dreaming_1749218909442.jpg","contentUrl":"https:\/\/www.em.com.br\/emfoco\/wp-content\/uploads\/2025\/06\/dreaming_1749218909442.jpg","width":1280,"height":720,"caption":"Interpreta\u00e7\u00e3o pr\u00e1tica que conecta sonhos a decis\u00f5es cotidianas - Cr\u00e9ditos: depositphotos.com \/ fergregory"},{"@type":"BreadcrumbList","@id":"https:\/\/www.em.com.br\/emfoco\/2025\/06\/09\/voce-sabia-que-sonhar-que-esta-caindo-e-um-dos-sinais-mais-comuns-de-ansiedade\/#breadcrumb","itemListElement":[{"@type":"ListItem","position":1,"name":"In\u00edcio","item":"https:\/\/www.em.com.br\/emfoco\/"},{"@type":"ListItem","position":2,"name":"Voc\u00ea sabia que sonhar que est\u00e1 caindo \u00e9 um dos sinais mais comuns de ansiedade?"}]},{"@type":"WebSite","@id":"https:\/\/www.em.com.br\/emfoco\/#website","url":"https:\/\/www.em.com.br\/emfoco\/","name":"Estado de Minas - Em foco","description":"Acompanhe as \u00faltimas not\u00edcias e fique bem informado sobre tudo o que acontece em Minas Gerais, Brasil e no mundo.","potentialAction":[{"@type":"SearchAction","target":{"@type":"EntryPoint","urlTemplate":"https:\/\/www.em.com.br\/emfoco\/?s={search_term_string}"},"query-input":{"@type":"PropertyValueSpecification","valueRequired":true,"valueName":"search_term_string"}}],"inLanguage":"pt-BR"},{"@type":"Person","@id":"https:\/\/www.em.com.br\/emfoco\/#\/schema\/person\/1c9ddeab18b98abeffef834667bcf08a","name":"Gabriel Martins","image":{"@type":"ImageObject","inLanguage":"pt-BR","@id":"https:\/\/www.em.com.br\/emfoco\/#\/schema\/person\/image\/","url":"https:\/\/secure.gravatar.com\/avatar\/f0f1e2efdfd88f1ad2cb08c5c2731e50?s=96&d=mm&r=g","contentUrl":"https:\/\/secure.gravatar.com\/avatar\/f0f1e2efdfd88f1ad2cb08c5c2731e50?s=96&d=mm&r=g","caption":"Gabriel Martins"},"sameAs":["https:\/\/www.em.com.br\/emfoco\/"],"url":"https:\/\/www.em.com.br\/emfoco\/author\/gabrielmartinsmyth\/"}]}},"_links":{"self":[{"href":"https:\/\/www.em.com.br\/emfoco\/wp-json\/wp\/v2\/posts\/56676","targetHints":{"allow":["GET"]}}],"collection":[{"href":"https:\/\/www.em.com.br\/emfoco\/wp-json\/wp\/v2\/posts"}],"about":[{"href":"https:\/\/www.em.com.br\/emfoco\/wp-json\/wp\/v2\/types\/post"}],"author":[{"embeddable":true,"href":"https:\/\/www.em.com.br\/emfoco\/wp-json\/wp\/v2\/users\/13"}],"replies":[{"embeddable":true,"href":"https:\/\/www.em.com.br\/emfoco\/wp-json\/wp\/v2\/comments?post=56676"}],"version-history":[{"count":2,"href":"https:\/\/www.em.com.br\/emfoco\/wp-json\/wp\/v2\/posts\/56676\/revisions"}],"predecessor-version":[{"id":56716,"href":"https:\/\/www.em.com.br\/emfoco\/wp-json\/wp\/v2\/posts\/56676\/revisions\/56716"}],"wp:featuredmedia":[{"embeddable":true,"href":"https:\/\/www.em.com.br\/emfoco\/wp-json\/wp\/v2\/media\/56714"}],"wp:attachment":[{"href":"https:\/\/www.em.com.br\/emfoco\/wp-json\/wp\/v2\/media?parent=56676"}],"wp:term":[{"taxonomy":"category","embeddable":true,"href":"https:\/\/www.em.com.br\/emfoco\/wp-json\/wp\/v2\/categories?post=56676"},{"taxonomy":"post_tag","embeddable":true,"href":"https:\/\/www.em.com.br\/emfoco\/wp-json\/wp\/v2\/tags?post=56676"}],"curies":[{"name":"wp","href":"https:\/\/api.w.org\/{rel}","templated":true}]}}