{"id":56664,"date":"2025-06-08T10:10:57","date_gmt":"2025-06-08T13:10:57","guid":{"rendered":"https:\/\/www.em.com.br\/emfoco\/?p=56664"},"modified":"2025-06-07T18:17:25","modified_gmt":"2025-06-07T21:17:25","slug":"o-truque-silencioso-que-encarece-suas-compras-todo-mes","status":"publish","type":"post","link":"https:\/\/www.em.com.br\/emfoco\/2025\/06\/08\/o-truque-silencioso-que-encarece-suas-compras-todo-mes\/","title":{"rendered":"O truque silencioso que encarece suas compras todo m\u00eas"},"content":{"rendered":"\n<p>Nos \u00faltimos anos, os <a href=\"https:\/\/www.ms.gov.br\/noticias\/itens-da-cesta-basica-variam-ate-181-em-supermercados-de-campo-grande\" target=\"_blank\" rel=\"noreferrer noopener\">supermercados<\/a> t\u00eam implementado altera\u00e7\u00f5es discretas que impactam diretamente o valor final das compras dos consumidores. Essas mudan\u00e7as, muitas vezes impercept\u00edveis \u00e0 primeira vista, incluem ajustes na disposi\u00e7\u00e3o dos produtos, tamanhos de embalagens e estrat\u00e9gias de precifica\u00e7\u00e3o. A motiva\u00e7\u00e3o por tr\u00e1s dessas altera\u00e7\u00f5es est\u00e1 ligada \u00e0 busca por maximizar lucros e <strong>melhorar<\/strong> a experi\u00eancia de compra.<\/p>\n\n\n\n<p>Al\u00e9m disso, a concorr\u00eancia acirrada no setor varejista for\u00e7a os <a href=\"https:\/\/www.em.com.br\/emfoco\/2025\/05\/12\/saiba-como-ganhar-dinheiro-gasto-em-supermercados-de-volta\/\" target=\"_blank\" rel=\"noreferrer noopener\">supermercados<\/a> a serem criativos em suas abordagens. Pequenas mudan\u00e7as, como a reorganiza\u00e7\u00e3o das prateleiras para destacar produtos de maior margem de lucro, s\u00e3o exemplos de como essas estrat\u00e9gias s\u00e3o aplicadas. A adapta\u00e7\u00e3o \u00e0s novas tend\u00eancias de consumo e o uso de tecnologia tamb\u00e9m desempenham um papel crucial nessas transforma\u00e7\u00f5es.<\/p>\n\n\n\n<h2 class=\"wp-block-heading\">Como a disposi\u00e7\u00e3o dos produtos afeta o comportamento do consumidor?<\/h2>\n\n\n\n<p>A forma como os produtos s\u00e3o organizados nas prateleiras pode influenciar significativamente as decis\u00f5es de compra dos consumidores. Supermercados frequentemente utilizam t\u00e9cnicas de merchandising visual para atrair a aten\u00e7\u00e3o dos clientes para itens espec\u00edficos. Produtos de maior valor agregado s\u00e3o geralmente posicionados \u00e0 altura dos olhos, enquanto itens essenciais podem ser colocados em locais menos acess\u00edveis.<\/p>\n\n\n\n<p>Essa estrat\u00e9gia n\u00e3o apenas incentiva a compra de produtos mais caros, mas tamb\u00e9m aumenta o tempo que os consumidores passam dentro da loja, potencialmente levando a compras por impulso. A disposi\u00e7\u00e3o dos produtos \u00e9 cuidadosamente planejada para otimizar o fluxo de tr\u00e1fego e maximizar as vendas.<\/p>\n\n\n\n<h2 class=\"wp-block-heading\">Quais s\u00e3o as mudan\u00e7as nos tamanhos das embalagens?<\/h2>\n\n\n\n<p>Uma das estrat\u00e9gias adotadas pelos supermercados \u00e9 a altera\u00e7\u00e3o nos tamanhos das embalagens. Muitas vezes, os consumidores n\u00e3o percebem que o tamanho de um produto foi reduzido, enquanto o pre\u00e7o permanece o mesmo ou at\u00e9 aumenta. Essa pr\u00e1tica, conhecida como <strong>&#8220;redufla\u00e7\u00e3o&#8221;<\/strong>, permite que as empresas mantenham suas margens de lucro sem aumentar ostensivamente os pre\u00e7os.<\/p>\n\n\n\n<p>Essa t\u00e9cnica \u00e9 particularmente comum em produtos aliment\u00edcios e de higiene pessoal. Ao reduzir o conte\u00fado das embalagens, os supermercados conseguem ajustar seus custos operacionais e lidar com a infla\u00e7\u00e3o sem causar um impacto direto nos pre\u00e7os percebidos pelos consumidores.<\/p>\n\n\n\n<figure class=\"wp-block-image size-large\"><img loading=\"lazy\" decoding=\"async\" width=\"1024\" height=\"576\" src=\"https:\/\/www.em.com.br\/emfoco\/wp-content\/uploads\/2025\/06\/mercado-caro_1749216955410-1024x576.jpg\" alt=\"O truque silencioso que encarece suas compras todo m\u00eas\" class=\"wp-image-56671\" srcset=\"https:\/\/www.em.com.br\/emfoco\/wp-content\/uploads\/2025\/06\/mercado-caro_1749216955410-1024x576.jpg 1024w, https:\/\/www.em.com.br\/emfoco\/wp-content\/uploads\/2025\/06\/mercado-caro_1749216955410-300x169.jpg 300w, https:\/\/www.em.com.br\/emfoco\/wp-content\/uploads\/2025\/06\/mercado-caro_1749216955410-768x432.jpg 768w, https:\/\/www.em.com.br\/emfoco\/wp-content\/uploads\/2025\/06\/mercado-caro_1749216955410-750x422.jpg 750w, https:\/\/www.em.com.br\/emfoco\/wp-content\/uploads\/2025\/06\/mercado-caro_1749216955410-1140x642.jpg 1140w, https:\/\/www.em.com.br\/emfoco\/wp-content\/uploads\/2025\/06\/mercado-caro_1749216955410.jpg 1279w\" sizes=\"auto, (max-width: 1024px) 100vw, 1024px\" \/><figcaption class=\"wp-element-caption\">Prateleira do mercado &#8211; Cr\u00e9ditos: depositphotos.com \/ madvideos.gmail.com<\/figcaption><\/figure>\n\n\n\n<h2 class=\"wp-block-heading\">Qual o papel da tecnologia nas mudan\u00e7as dos supermercados?<\/h2>\n\n\n\n<p>A tecnologia tem sido uma aliada importante na implementa\u00e7\u00e3o de mudan\u00e7as nos supermercados. Ferramentas de an\u00e1lise de dados permitem que os varejistas compreendam melhor os padr\u00f5es de compra dos consumidores e ajustem suas estrat\u00e9gias de acordo. Al\u00e9m disso, sistemas de precifica\u00e7\u00e3o din\u00e2mica podem alterar os pre\u00e7os em tempo real com base na demanda e no estoque dispon\u00edvel.<\/p>\n\n\n\n<p>Outra inova\u00e7\u00e3o tecnol\u00f3gica \u00e9 o uso de aplicativos de fidelidade e cupons digitais, que incentivam os consumidores a gastar mais em troca de descontos ou recompensas. Essas ferramentas n\u00e3o apenas aumentam as vendas, mas tamb\u00e9m ajudam a coletar dados valiosos sobre o comportamento do consumidor.<\/p>\n\n\n\n<h2 class=\"wp-block-heading\">Como as estrat\u00e9gias de precifica\u00e7\u00e3o afetam o valor final da compra?<\/h2>\n\n\n\n<p>Os supermercados utilizam diversas estrat\u00e9gias de precifica\u00e7\u00e3o para influenciar o valor final da compra. Promo\u00e7\u00f5es e descontos s\u00e3o frequentemente usados para atrair consumidores, mas muitas vezes esses pre\u00e7os promocionais s\u00e3o compensados por aumentos em outros produtos. A precifica\u00e7\u00e3o psicol\u00f3gica, como o uso de pre\u00e7os terminados em 9, tamb\u00e9m \u00e9 uma t\u00e9cnica comum para fazer os pre\u00e7os parecerem mais baixos do que realmente s\u00e3o.<\/p>\n\n\n\n<p>Al\u00e9m disso, os supermercados podem oferecer pacotes promocionais que, \u00e0 primeira vista, parecem uma boa oferta, mas que podem n\u00e3o representar uma economia real. Essas estrat\u00e9gias s\u00e3o projetadas para maximizar o gasto do consumidor enquanto mant\u00eam a percep\u00e7\u00e3o de valor.<\/p>\n\n\n\n<h2 class=\"wp-block-heading\">Quais s\u00e3o as tend\u00eancias futuras para os supermercados?<\/h2>\n\n\n\n<p>O futuro dos supermercados est\u00e1 intimamente ligado \u00e0 inova\u00e7\u00e3o e \u00e0 adapta\u00e7\u00e3o \u00e0s novas demandas dos consumidores. Espera-se que a automa\u00e7\u00e3o continue a desempenhar um papel crescente, com o uso de caixas de autoatendimento e sistemas de pagamento sem contato. Al\u00e9m disso, a sustentabilidade est\u00e1 se tornando uma prioridade, com muitos supermercados adotando pr\u00e1ticas mais ecol\u00f3gicas e reduzindo o uso de embalagens pl\u00e1sticas.<\/p>\n\n\n\n<p>Outra tend\u00eancia \u00e9 a personaliza\u00e7\u00e3o da experi\u00eancia de compra, com o uso de intelig\u00eancia artificial para oferecer recomenda\u00e7\u00f5es personalizadas e promo\u00e7\u00f5es baseadas no hist\u00f3rico de compras do consumidor. Essas mudan\u00e7as visam n\u00e3o apenas melhorar a efici\u00eancia operacional, mas tamb\u00e9m criar uma experi\u00eancia de compra mais envolvente e satisfat\u00f3ria.<\/p>\n\n\n\n<h2 class=\"wp-block-heading\">Perguntas e Respostas<\/h2>\n\n\n\n<ol class=\"wp-block-list\">\n<li><strong>O que \u00e9 redufla\u00e7\u00e3o?<\/strong> <br>Redufla\u00e7\u00e3o \u00e9 a pr\u00e1tica de reduzir o tamanho das embalagens dos produtos enquanto mant\u00e9m o pre\u00e7o inalterado ou at\u00e9 o aumenta.<\/li>\n\n\n\n<li><strong>Como a tecnologia est\u00e1 transformando os supermercados?<\/strong> <br>A tecnologia est\u00e1 permitindo uma an\u00e1lise mais precisa dos padr\u00f5es de compra, al\u00e9m de facilitar a implementa\u00e7\u00e3o de precifica\u00e7\u00e3o din\u00e2mica e programas de fidelidade digital.<\/li>\n\n\n\n<li><strong>Quais s\u00e3o as tend\u00eancias de sustentabilidade nos supermercados?<\/strong> <br>Os supermercados est\u00e3o adotando pr\u00e1ticas mais ecol\u00f3gicas, como a redu\u00e7\u00e3o do uso de pl\u00e1sticos e a implementa\u00e7\u00e3o de embalagens sustent\u00e1veis.<\/li>\n\n\n\n<li><strong>O que \u00e9 precifica\u00e7\u00e3o psicol\u00f3gica?<\/strong> <br>\u00c9 uma estrat\u00e9gia de precifica\u00e7\u00e3o que utiliza pre\u00e7os terminados em 9 para fazer os produtos parecerem mais baratos do que realmente s\u00e3o.<\/li>\n<\/ol>\n","protected":false},"excerpt":{"rendered":"<p>Nos \u00faltimos anos, os supermercados t\u00eam implementado altera\u00e7\u00f5es discretas que impactam diretamente o valor final das compras dos consumidores. Essas mudan\u00e7as, muitas vezes impercept\u00edveis \u00e0 primeira vista, incluem ajustes na disposi\u00e7\u00e3o dos produtos, tamanhos de embalagens e estrat\u00e9gias de precifica\u00e7\u00e3o. A motiva\u00e7\u00e3o por tr\u00e1s dessas altera\u00e7\u00f5es est\u00e1 ligada \u00e0 busca por maximizar lucros e melhorar [&hellip;]<\/p>\n","protected":false},"author":18,"featured_media":56669,"comment_status":"open","ping_status":"open","sticky":false,"template":"","format":"standard","meta":{"jnews-multi-image_gallery":[],"jnews_single_post":{"format":"standard"},"jnews_primary_category":[],"jnews_social_meta":[],"jnews_override_counter":[],"footnotes":""},"categories":[1],"tags":[7168,1553,8605],"class_list":["post-56664","post","type-post","status-publish","format-standard","has-post-thumbnail","hentry","category-noticias","tag-aumento-de-precos","tag-precos","tag-supermercados"],"yoast_head":"<!-- This site is optimized with the Yoast SEO plugin v23.8 - https:\/\/yoast.com\/wordpress\/plugins\/seo\/ -->\n<title>O truque silencioso que encarece suas compras todo m\u00eas - Estado de Minas - Em foco<\/title>\n<meta name=\"description\" content=\"Supermercados est\u00e3o aplicando mudan\u00e7as sutis que impactam seu bolso. Veja os truques mais usados que passam despercebidos.\" \/>\n<meta name=\"robots\" content=\"index, follow, max-snippet:-1, max-image-preview:large, max-video-preview:-1\" \/>\n<link rel=\"canonical\" href=\"https:\/\/www.em.com.br\/emfoco\/2025\/06\/08\/o-truque-silencioso-que-encarece-suas-compras-todo-mes\/\" \/>\n<meta property=\"og:locale\" content=\"pt_BR\" \/>\n<meta property=\"og:type\" content=\"article\" \/>\n<meta property=\"og:title\" content=\"O truque silencioso que encarece suas compras todo m\u00eas - Estado de Minas - Em foco\" \/>\n<meta property=\"og:description\" content=\"Supermercados est\u00e3o aplicando mudan\u00e7as sutis que impactam seu bolso. Veja os truques mais usados que passam despercebidos.\" \/>\n<meta property=\"og:url\" content=\"https:\/\/www.em.com.br\/emfoco\/2025\/06\/08\/o-truque-silencioso-que-encarece-suas-compras-todo-mes\/\" \/>\n<meta property=\"og:site_name\" content=\"Estado de Minas - Em foco\" \/>\n<meta property=\"article:published_time\" content=\"2025-06-08T13:10:57+00:00\" \/>\n<meta property=\"article:modified_time\" content=\"2025-06-07T21:17:25+00:00\" \/>\n<meta property=\"og:image\" content=\"https:\/\/www.em.com.br\/emfoco\/wp-content\/uploads\/2025\/06\/mercado-caro_1749216704246.jpg\" \/>\n\t<meta property=\"og:image:width\" content=\"1280\" \/>\n\t<meta property=\"og:image:height\" content=\"720\" \/>\n\t<meta property=\"og:image:type\" content=\"image\/jpeg\" \/>\n<meta name=\"author\" content=\"Julio Cesar\" \/>\n<meta name=\"twitter:card\" content=\"summary_large_image\" \/>\n<meta name=\"twitter:label1\" content=\"Escrito por\" \/>\n\t<meta name=\"twitter:data1\" content=\"Julio Cesar\" \/>\n\t<meta name=\"twitter:label2\" content=\"Est. tempo de leitura\" \/>\n\t<meta name=\"twitter:data2\" content=\"5 minutos\" \/>\n<!-- \/ Yoast SEO plugin. -->","yoast_head_json":{"title":"O truque silencioso que encarece suas compras todo m\u00eas - Estado de Minas - Em foco","description":"Supermercados est\u00e3o aplicando mudan\u00e7as sutis que impactam seu bolso. Veja os truques mais usados que passam despercebidos.","robots":{"index":"index","follow":"follow","max-snippet":"max-snippet:-1","max-image-preview":"max-image-preview:large","max-video-preview":"max-video-preview:-1"},"canonical":"https:\/\/www.em.com.br\/emfoco\/2025\/06\/08\/o-truque-silencioso-que-encarece-suas-compras-todo-mes\/","og_locale":"pt_BR","og_type":"article","og_title":"O truque silencioso que encarece suas compras todo m\u00eas - Estado de Minas - Em foco","og_description":"Supermercados est\u00e3o aplicando mudan\u00e7as sutis que impactam seu bolso. Veja os truques mais usados que passam despercebidos.","og_url":"https:\/\/www.em.com.br\/emfoco\/2025\/06\/08\/o-truque-silencioso-que-encarece-suas-compras-todo-mes\/","og_site_name":"Estado de Minas - Em foco","article_published_time":"2025-06-08T13:10:57+00:00","article_modified_time":"2025-06-07T21:17:25+00:00","og_image":[{"width":1280,"height":720,"url":"https:\/\/www.em.com.br\/emfoco\/wp-content\/uploads\/2025\/06\/mercado-caro_1749216704246.jpg","type":"image\/jpeg"}],"author":"Julio Cesar","twitter_card":"summary_large_image","twitter_misc":{"Escrito por":"Julio Cesar","Est. tempo de leitura":"5 minutos"},"schema":{"@context":"https:\/\/schema.org","@graph":[{"@type":"WebPage","@id":"https:\/\/www.em.com.br\/emfoco\/2025\/06\/08\/o-truque-silencioso-que-encarece-suas-compras-todo-mes\/","url":"https:\/\/www.em.com.br\/emfoco\/2025\/06\/08\/o-truque-silencioso-que-encarece-suas-compras-todo-mes\/","name":"O truque silencioso que encarece suas compras todo m\u00eas - Estado de Minas - Em foco","isPartOf":{"@id":"https:\/\/www.em.com.br\/emfoco\/#website"},"primaryImageOfPage":{"@id":"https:\/\/www.em.com.br\/emfoco\/2025\/06\/08\/o-truque-silencioso-que-encarece-suas-compras-todo-mes\/#primaryimage"},"image":{"@id":"https:\/\/www.em.com.br\/emfoco\/2025\/06\/08\/o-truque-silencioso-que-encarece-suas-compras-todo-mes\/#primaryimage"},"thumbnailUrl":"https:\/\/www.em.com.br\/emfoco\/wp-content\/uploads\/2025\/06\/mercado-caro_1749216704246.jpg","datePublished":"2025-06-08T13:10:57+00:00","dateModified":"2025-06-07T21:17:25+00:00","author":{"@id":"https:\/\/www.em.com.br\/emfoco\/#\/schema\/person\/08c4a03e38018bbab9038d5f788321fc"},"description":"Supermercados est\u00e3o aplicando mudan\u00e7as sutis que impactam seu bolso. Veja os truques mais usados que passam despercebidos.","breadcrumb":{"@id":"https:\/\/www.em.com.br\/emfoco\/2025\/06\/08\/o-truque-silencioso-que-encarece-suas-compras-todo-mes\/#breadcrumb"},"inLanguage":"pt-BR","potentialAction":[{"@type":"ReadAction","target":["https:\/\/www.em.com.br\/emfoco\/2025\/06\/08\/o-truque-silencioso-que-encarece-suas-compras-todo-mes\/"]}]},{"@type":"ImageObject","inLanguage":"pt-BR","@id":"https:\/\/www.em.com.br\/emfoco\/2025\/06\/08\/o-truque-silencioso-que-encarece-suas-compras-todo-mes\/#primaryimage","url":"https:\/\/www.em.com.br\/emfoco\/wp-content\/uploads\/2025\/06\/mercado-caro_1749216704246.jpg","contentUrl":"https:\/\/www.em.com.br\/emfoco\/wp-content\/uploads\/2025\/06\/mercado-caro_1749216704246.jpg","width":1280,"height":720,"caption":"Mercado mais caro - Cr\u00e9ditos: depositphotos.com \/ rochu_2008"},{"@type":"BreadcrumbList","@id":"https:\/\/www.em.com.br\/emfoco\/2025\/06\/08\/o-truque-silencioso-que-encarece-suas-compras-todo-mes\/#breadcrumb","itemListElement":[{"@type":"ListItem","position":1,"name":"In\u00edcio","item":"https:\/\/www.em.com.br\/emfoco\/"},{"@type":"ListItem","position":2,"name":"O truque silencioso que encarece suas compras todo m\u00eas"}]},{"@type":"WebSite","@id":"https:\/\/www.em.com.br\/emfoco\/#website","url":"https:\/\/www.em.com.br\/emfoco\/","name":"Estado de Minas - Em foco","description":"Acompanhe as \u00faltimas not\u00edcias e fique bem informado sobre tudo o que acontece em Minas Gerais, Brasil e no mundo.","potentialAction":[{"@type":"SearchAction","target":{"@type":"EntryPoint","urlTemplate":"https:\/\/www.em.com.br\/emfoco\/?s={search_term_string}"},"query-input":{"@type":"PropertyValueSpecification","valueRequired":true,"valueName":"search_term_string"}}],"inLanguage":"pt-BR"},{"@type":"Person","@id":"https:\/\/www.em.com.br\/emfoco\/#\/schema\/person\/08c4a03e38018bbab9038d5f788321fc","name":"Julio Cesar","image":{"@type":"ImageObject","inLanguage":"pt-BR","@id":"https:\/\/www.em.com.br\/emfoco\/#\/schema\/person\/image\/","url":"https:\/\/secure.gravatar.com\/avatar\/ab1ea64f0d4f4c1385f8ef10d5a6e758?s=96&d=mm&r=g","contentUrl":"https:\/\/secure.gravatar.com\/avatar\/ab1ea64f0d4f4c1385f8ef10d5a6e758?s=96&d=mm&r=g","caption":"Julio Cesar"},"url":"https:\/\/www.em.com.br\/emfoco\/author\/juliomyth\/"}]}},"_links":{"self":[{"href":"https:\/\/www.em.com.br\/emfoco\/wp-json\/wp\/v2\/posts\/56664","targetHints":{"allow":["GET"]}}],"collection":[{"href":"https:\/\/www.em.com.br\/emfoco\/wp-json\/wp\/v2\/posts"}],"about":[{"href":"https:\/\/www.em.com.br\/emfoco\/wp-json\/wp\/v2\/types\/post"}],"author":[{"embeddable":true,"href":"https:\/\/www.em.com.br\/emfoco\/wp-json\/wp\/v2\/users\/18"}],"replies":[{"embeddable":true,"href":"https:\/\/www.em.com.br\/emfoco\/wp-json\/wp\/v2\/comments?post=56664"}],"version-history":[{"count":2,"href":"https:\/\/www.em.com.br\/emfoco\/wp-json\/wp\/v2\/posts\/56664\/revisions"}],"predecessor-version":[{"id":56674,"href":"https:\/\/www.em.com.br\/emfoco\/wp-json\/wp\/v2\/posts\/56664\/revisions\/56674"}],"wp:featuredmedia":[{"embeddable":true,"href":"https:\/\/www.em.com.br\/emfoco\/wp-json\/wp\/v2\/media\/56669"}],"wp:attachment":[{"href":"https:\/\/www.em.com.br\/emfoco\/wp-json\/wp\/v2\/media?parent=56664"}],"wp:term":[{"taxonomy":"category","embeddable":true,"href":"https:\/\/www.em.com.br\/emfoco\/wp-json\/wp\/v2\/categories?post=56664"},{"taxonomy":"post_tag","embeddable":true,"href":"https:\/\/www.em.com.br\/emfoco\/wp-json\/wp\/v2\/tags?post=56664"}],"curies":[{"name":"wp","href":"https:\/\/api.w.org\/{rel}","templated":true}]}}