{"id":56654,"date":"2025-06-09T16:00:00","date_gmt":"2025-06-09T19:00:00","guid":{"rendered":"https:\/\/www.em.com.br\/emfoco\/?p=56654"},"modified":"2025-06-08T10:19:37","modified_gmt":"2025-06-08T13:19:37","slug":"conheca-o-passo-a-passo-para-o-cultivo-de-tagetes-a-planta-que-ira-transformar-seu-jardim","status":"publish","type":"post","link":"https:\/\/www.em.com.br\/emfoco\/2025\/06\/09\/conheca-o-passo-a-passo-para-o-cultivo-de-tagetes-a-planta-que-ira-transformar-seu-jardim\/","title":{"rendered":"Conhe\u00e7a o passo a passo para o cultivo de tagetes, a planta que ir\u00e1 transformar seu jardim"},"content":{"rendered":"\n<p>Os tagetes, conhecidos popularmente como cravos-de-defunto, s\u00e3o plantas ornamentais que oferecem uma s\u00e9rie de benef\u00edcios para quem decide cultiv\u00e1-las em casa. <strong>Al\u00e9m de sua beleza vibrante, essas flores s\u00e3o reconhecidas por suas propriedades repelentes de insetos, tornando-se uma escolha ideal para jardins e hortas.<\/strong> Plantar tagetes pode ajudar a proteger outras plantas de pragas indesejadas, promovendo um ambiente mais saud\u00e1vel e equilibrado.<\/p>\n\n\n\n<p><strong>Outro ponto positivo \u00e9 a facilidade de cultivo.<\/strong> Os tagetes s\u00e3o plantas resistentes que se adaptam bem a diferentes tipos de solo e condi\u00e7\u00f5es clim\u00e1ticas. Isso faz com que sejam uma excelente op\u00e7\u00e3o para jardineiros iniciantes ou para aqueles que buscam uma planta de baixa manuten\u00e7\u00e3o. Com um pouco de cuidado e aten\u00e7\u00e3o, \u00e9 poss\u00edvel desfrutar de suas flores coloridas durante boa parte do ano.<\/p>\n\n\n\n<h2 class=\"wp-block-heading\">Quais s\u00e3o os passos para plantar tagetes em casa?<\/h2>\n\n\n\n<p><strong>Para iniciar o cultivo de tagetes, \u00e9 importante seguir alguns passos b\u00e1sicos que garantir\u00e3o o sucesso do plantio.<\/strong> Primeiramente, escolha um local adequado, que receba luz solar direta por pelo menos seis horas di\u00e1rias. A luz \u00e9 essencial para o desenvolvimento saud\u00e1vel das plantas e para a produ\u00e7\u00e3o de flores vibrantes.<\/p>\n\n\n\n<p><strong>Em seguida, prepare o solo.<\/strong> Os tagetes preferem solos bem drenados e ricos em mat\u00e9ria org\u00e2nica. Caso o solo do seu jardim n\u00e3o seja ideal, considere adicionar <strong><a href=\"https:\/\/rehagro.com.br\/blog\/composto-organico-quais-os-beneficios-como-e-feito\/\" target=\"_blank\" rel=\"noreferrer noopener\">composto org\u00e2nico<\/a><\/strong> ou areia para melhorar a drenagem. Ap\u00f3s preparar o solo, plante as sementes ou mudas de tagetes, mantendo uma dist\u00e2ncia de cerca de 20 a 30 cent\u00edmetros entre cada planta para permitir um bom crescimento.<\/p>\n\n\n\n<figure class=\"wp-block-image size-large\"><img loading=\"lazy\" decoding=\"async\" width=\"1024\" height=\"576\" src=\"https:\/\/www.em.com.br\/emfoco\/wp-content\/uploads\/2025\/06\/tagetes_1749216372829-1024x576.jpg\" alt=\"Conhe\u00e7a o passo a passo para o cultivo de tagetes, a planta que ir\u00e1 transformar seu jardim\" class=\"wp-image-56663\" srcset=\"https:\/\/www.em.com.br\/emfoco\/wp-content\/uploads\/2025\/06\/tagetes_1749216372829-1024x576.jpg 1024w, https:\/\/www.em.com.br\/emfoco\/wp-content\/uploads\/2025\/06\/tagetes_1749216372829-300x169.jpg 300w, https:\/\/www.em.com.br\/emfoco\/wp-content\/uploads\/2025\/06\/tagetes_1749216372829-768x432.jpg 768w, https:\/\/www.em.com.br\/emfoco\/wp-content\/uploads\/2025\/06\/tagetes_1749216372829-750x422.jpg 750w, https:\/\/www.em.com.br\/emfoco\/wp-content\/uploads\/2025\/06\/tagetes_1749216372829-1140x641.jpg 1140w, https:\/\/www.em.com.br\/emfoco\/wp-content\/uploads\/2025\/06\/tagetes_1749216372829.jpg 1280w\" sizes=\"auto, (max-width: 1024px) 100vw, 1024px\" \/><figcaption class=\"wp-element-caption\">Tagetes &#8211; Cr\u00e9ditos: depositphotos.com \/ vitma1978<\/figcaption><\/figure>\n\n\n\n<h2 class=\"wp-block-heading\">Como cuidar dos tagetes ap\u00f3s o plantio?<\/h2>\n\n\n\n<p><strong>O cuidado com os tagetes ap\u00f3s o plantio \u00e9 relativamente simples.<\/strong> A rega deve ser feita de forma regular, especialmente durante os per\u00edodos mais quentes e secos. No entanto, \u00e9 importante evitar o encharcamento do solo, pois isso pode levar ao apodrecimento das ra\u00edzes. Uma dica \u00e9 regar as plantas pela manh\u00e3, permitindo que o excesso de \u00e1gua evapore ao longo do dia.<\/p>\n\n\n\n<p>Al\u00e9m da rega, <strong>a remo\u00e7\u00e3o de flores murchas \u00e9 uma pr\u00e1tica recomendada para estimular a produ\u00e7\u00e3o de novas flores.<\/strong> Essa t\u00e9cnica, conhecida como deadheading, ajuda a manter a planta saud\u00e1vel e com uma apar\u00eancia mais atraente. A aduba\u00e7\u00e3o tamb\u00e9m pode ser feita ocasionalmente, utilizando fertilizantes equilibrados para promover um crescimento vigoroso.<\/p>\n\n\n\n<h2 class=\"wp-block-heading\">Quais s\u00e3o os benef\u00edcios adicionais de cultivar tagetes?<\/h2>\n\n\n\n<p>Al\u00e9m de sua fun\u00e7\u00e3o ornamental e repelente de insetos, <strong>os tagetes oferecem outros benef\u00edcios interessantes.<\/strong> Eles s\u00e3o conhecidos por atrair polinizadores, como abelhas e borboletas, contribuindo para a biodiversidade do jardim. Isso \u00e9 especialmente vantajoso para hortas, pois os polinizadores s\u00e3o essenciais para a produ\u00e7\u00e3o de frutas e vegetais.<\/p>\n\n\n\n<p><strong>Os tagetes tamb\u00e9m possuem propriedades medicinais.<\/strong> Algumas variedades s\u00e3o utilizadas na medicina tradicional para tratar problemas digestivos e inflama\u00e7\u00f5es. No entanto, \u00e9 importante consultar um profissional de sa\u00fade antes de utilizar plantas para fins medicinais. Por fim, os tagetes podem ser usados na <strong><a href=\"https:\/\/www.em.com.br\/emfoco\/2025\/01\/14\/uma-jornada-pela-culinaria-mais-acolhedora-do-brasil\/\" target=\"_blank\" rel=\"noreferrer noopener\">culin\u00e1ria<\/a><\/strong>, adicionando um toque de cor e sabor a saladas e pratos diversos.<\/p>\n\n\n\n<h2 class=\"wp-block-heading\">O que considerar ao cultivar tagetes em diferentes climas?<\/h2>\n\n\n\n<p><strong>Os tagetes s\u00e3o plantas vers\u00e1teis que se adaptam a uma ampla gama de climas, mas algumas considera\u00e7\u00f5es devem ser feitas para garantir seu sucesso em diferentes regi\u00f5es.<\/strong> Em climas mais frios, \u00e9 recomend\u00e1vel iniciar o cultivo em ambientes internos, como estufas, e transplantar as mudas para o jardim ap\u00f3s a \u00faltima geada da primavera.<\/p>\n\n\n\n<p>Em regi\u00f5es de clima quente e seco, <strong>a aten\u00e7\u00e3o \u00e0 rega \u00e9 crucial para evitar que as plantas sofram com a falta de \u00e1gua.<\/strong> A cobertura do solo com palha ou outro material org\u00e2nico pode ajudar a manter a umidade e proteger as ra\u00edzes do calor excessivo. Com esses cuidados, os tagetes podem prosperar e trazer cor e vida a qualquer jardim.<\/p>\n","protected":false},"excerpt":{"rendered":"<p>Os tagetes, conhecidos popularmente como cravos-de-defunto, s\u00e3o plantas ornamentais que oferecem uma s\u00e9rie de benef\u00edcios para quem decide cultiv\u00e1-las em casa. Al\u00e9m de sua beleza vibrante, essas flores s\u00e3o reconhecidas por suas propriedades repelentes de insetos, tornando-se uma escolha ideal para jardins e hortas. Plantar tagetes pode ajudar a proteger outras plantas de pragas indesejadas, [&hellip;]<\/p>\n","protected":false},"author":13,"featured_media":56662,"comment_status":"open","ping_status":"open","sticky":false,"template":"","format":"standard","meta":{"jnews-multi-image_gallery":[],"jnews_single_post":{"format":"standard"},"jnews_primary_category":[],"jnews_social_meta":[],"jnews_override_counter":[],"footnotes":""},"categories":[8819],"tags":[3357,3358,7741,9979],"class_list":["post-56654","post","type-post","status-publish","format-standard","has-post-thumbnail","hentry","category-curiosidades","tag-flores","tag-jardinagem","tag-plantas-repelentes","tag-tagetes"],"yoast_head":"<!-- This site is optimized with the Yoast SEO plugin v23.8 - https:\/\/yoast.com\/wordpress\/plugins\/seo\/ -->\n<title>Conhe\u00e7a o passo a passo para o cultivo de tagetes, a planta que ir\u00e1 transformar seu jardim - Estado de Minas - Em foco<\/title>\n<meta name=\"description\" content=\"Os tagetes embelezam o jardim, repelem pragas e atraem polinizadores. Veja como plantar essa flor poderosa.\" \/>\n<meta name=\"robots\" content=\"index, follow, max-snippet:-1, max-image-preview:large, max-video-preview:-1\" \/>\n<link rel=\"canonical\" href=\"https:\/\/www.em.com.br\/emfoco\/2025\/06\/09\/conheca-o-passo-a-passo-para-o-cultivo-de-tagetes-a-planta-que-ira-transformar-seu-jardim\/\" \/>\n<meta property=\"og:locale\" content=\"pt_BR\" \/>\n<meta property=\"og:type\" content=\"article\" \/>\n<meta property=\"og:title\" content=\"Conhe\u00e7a o passo a passo para o cultivo de tagetes, a planta que ir\u00e1 transformar seu jardim - Estado de Minas - Em foco\" \/>\n<meta property=\"og:description\" content=\"Os tagetes embelezam o jardim, repelem pragas e atraem polinizadores. Veja como plantar essa flor poderosa.\" \/>\n<meta property=\"og:url\" content=\"https:\/\/www.em.com.br\/emfoco\/2025\/06\/09\/conheca-o-passo-a-passo-para-o-cultivo-de-tagetes-a-planta-que-ira-transformar-seu-jardim\/\" \/>\n<meta property=\"og:site_name\" content=\"Estado de Minas - Em foco\" \/>\n<meta property=\"article:published_time\" content=\"2025-06-09T19:00:00+00:00\" \/>\n<meta property=\"article:modified_time\" content=\"2025-06-08T13:19:37+00:00\" \/>\n<meta property=\"og:image\" content=\"https:\/\/www.em.com.br\/emfoco\/wp-content\/uploads\/2025\/06\/tagetes_1749216290393.jpg\" \/>\n\t<meta property=\"og:image:width\" content=\"1280\" \/>\n\t<meta property=\"og:image:height\" content=\"720\" \/>\n\t<meta property=\"og:image:type\" content=\"image\/jpeg\" \/>\n<meta name=\"author\" content=\"Gabriel Martins\" \/>\n<meta name=\"twitter:card\" content=\"summary_large_image\" \/>\n<meta name=\"twitter:label1\" content=\"Escrito por\" \/>\n\t<meta name=\"twitter:data1\" content=\"Gabriel Martins\" \/>\n\t<meta name=\"twitter:label2\" content=\"Est. tempo de leitura\" \/>\n\t<meta name=\"twitter:data2\" content=\"4 minutos\" \/>\n<!-- \/ Yoast SEO plugin. -->","yoast_head_json":{"title":"Conhe\u00e7a o passo a passo para o cultivo de tagetes, a planta que ir\u00e1 transformar seu jardim - Estado de Minas - Em foco","description":"Os tagetes embelezam o jardim, repelem pragas e atraem polinizadores. Veja como plantar essa flor poderosa.","robots":{"index":"index","follow":"follow","max-snippet":"max-snippet:-1","max-image-preview":"max-image-preview:large","max-video-preview":"max-video-preview:-1"},"canonical":"https:\/\/www.em.com.br\/emfoco\/2025\/06\/09\/conheca-o-passo-a-passo-para-o-cultivo-de-tagetes-a-planta-que-ira-transformar-seu-jardim\/","og_locale":"pt_BR","og_type":"article","og_title":"Conhe\u00e7a o passo a passo para o cultivo de tagetes, a planta que ir\u00e1 transformar seu jardim - Estado de Minas - Em foco","og_description":"Os tagetes embelezam o jardim, repelem pragas e atraem polinizadores. Veja como plantar essa flor poderosa.","og_url":"https:\/\/www.em.com.br\/emfoco\/2025\/06\/09\/conheca-o-passo-a-passo-para-o-cultivo-de-tagetes-a-planta-que-ira-transformar-seu-jardim\/","og_site_name":"Estado de Minas - Em foco","article_published_time":"2025-06-09T19:00:00+00:00","article_modified_time":"2025-06-08T13:19:37+00:00","og_image":[{"width":1280,"height":720,"url":"https:\/\/www.em.com.br\/emfoco\/wp-content\/uploads\/2025\/06\/tagetes_1749216290393.jpg","type":"image\/jpeg"}],"author":"Gabriel Martins","twitter_card":"summary_large_image","twitter_misc":{"Escrito por":"Gabriel Martins","Est. tempo de leitura":"4 minutos"},"schema":{"@context":"https:\/\/schema.org","@graph":[{"@type":"WebPage","@id":"https:\/\/www.em.com.br\/emfoco\/2025\/06\/09\/conheca-o-passo-a-passo-para-o-cultivo-de-tagetes-a-planta-que-ira-transformar-seu-jardim\/","url":"https:\/\/www.em.com.br\/emfoco\/2025\/06\/09\/conheca-o-passo-a-passo-para-o-cultivo-de-tagetes-a-planta-que-ira-transformar-seu-jardim\/","name":"Conhe\u00e7a o passo a passo para o cultivo de tagetes, a planta que ir\u00e1 transformar seu jardim - Estado de Minas - Em foco","isPartOf":{"@id":"https:\/\/www.em.com.br\/emfoco\/#website"},"primaryImageOfPage":{"@id":"https:\/\/www.em.com.br\/emfoco\/2025\/06\/09\/conheca-o-passo-a-passo-para-o-cultivo-de-tagetes-a-planta-que-ira-transformar-seu-jardim\/#primaryimage"},"image":{"@id":"https:\/\/www.em.com.br\/emfoco\/2025\/06\/09\/conheca-o-passo-a-passo-para-o-cultivo-de-tagetes-a-planta-que-ira-transformar-seu-jardim\/#primaryimage"},"thumbnailUrl":"https:\/\/www.em.com.br\/emfoco\/wp-content\/uploads\/2025\/06\/tagetes_1749216290393.jpg","datePublished":"2025-06-09T19:00:00+00:00","dateModified":"2025-06-08T13:19:37+00:00","author":{"@id":"https:\/\/www.em.com.br\/emfoco\/#\/schema\/person\/1c9ddeab18b98abeffef834667bcf08a"},"description":"Os tagetes embelezam o jardim, repelem pragas e atraem polinizadores. Veja como plantar essa flor poderosa.","breadcrumb":{"@id":"https:\/\/www.em.com.br\/emfoco\/2025\/06\/09\/conheca-o-passo-a-passo-para-o-cultivo-de-tagetes-a-planta-que-ira-transformar-seu-jardim\/#breadcrumb"},"inLanguage":"pt-BR","potentialAction":[{"@type":"ReadAction","target":["https:\/\/www.em.com.br\/emfoco\/2025\/06\/09\/conheca-o-passo-a-passo-para-o-cultivo-de-tagetes-a-planta-que-ira-transformar-seu-jardim\/"]}]},{"@type":"ImageObject","inLanguage":"pt-BR","@id":"https:\/\/www.em.com.br\/emfoco\/2025\/06\/09\/conheca-o-passo-a-passo-para-o-cultivo-de-tagetes-a-planta-que-ira-transformar-seu-jardim\/#primaryimage","url":"https:\/\/www.em.com.br\/emfoco\/wp-content\/uploads\/2025\/06\/tagetes_1749216290393.jpg","contentUrl":"https:\/\/www.em.com.br\/emfoco\/wp-content\/uploads\/2025\/06\/tagetes_1749216290393.jpg","width":1280,"height":720,"caption":"Tagetes - Cr\u00e9ditos: depositphotos.com \/ Camel20000"},{"@type":"BreadcrumbList","@id":"https:\/\/www.em.com.br\/emfoco\/2025\/06\/09\/conheca-o-passo-a-passo-para-o-cultivo-de-tagetes-a-planta-que-ira-transformar-seu-jardim\/#breadcrumb","itemListElement":[{"@type":"ListItem","position":1,"name":"In\u00edcio","item":"https:\/\/www.em.com.br\/emfoco\/"},{"@type":"ListItem","position":2,"name":"Conhe\u00e7a o passo a passo para o cultivo de tagetes, a planta que ir\u00e1 transformar seu jardim"}]},{"@type":"WebSite","@id":"https:\/\/www.em.com.br\/emfoco\/#website","url":"https:\/\/www.em.com.br\/emfoco\/","name":"Estado de Minas - Em foco","description":"Acompanhe as \u00faltimas not\u00edcias e fique bem informado sobre tudo o que acontece em Minas Gerais, Brasil e no mundo.","potentialAction":[{"@type":"SearchAction","target":{"@type":"EntryPoint","urlTemplate":"https:\/\/www.em.com.br\/emfoco\/?s={search_term_string}"},"query-input":{"@type":"PropertyValueSpecification","valueRequired":true,"valueName":"search_term_string"}}],"inLanguage":"pt-BR"},{"@type":"Person","@id":"https:\/\/www.em.com.br\/emfoco\/#\/schema\/person\/1c9ddeab18b98abeffef834667bcf08a","name":"Gabriel Martins","image":{"@type":"ImageObject","inLanguage":"pt-BR","@id":"https:\/\/www.em.com.br\/emfoco\/#\/schema\/person\/image\/","url":"https:\/\/secure.gravatar.com\/avatar\/f0f1e2efdfd88f1ad2cb08c5c2731e50?s=96&d=mm&r=g","contentUrl":"https:\/\/secure.gravatar.com\/avatar\/f0f1e2efdfd88f1ad2cb08c5c2731e50?s=96&d=mm&r=g","caption":"Gabriel Martins"},"sameAs":["https:\/\/www.em.com.br\/emfoco\/"],"url":"https:\/\/www.em.com.br\/emfoco\/author\/gabrielmartinsmyth\/"}]}},"_links":{"self":[{"href":"https:\/\/www.em.com.br\/emfoco\/wp-json\/wp\/v2\/posts\/56654","targetHints":{"allow":["GET"]}}],"collection":[{"href":"https:\/\/www.em.com.br\/emfoco\/wp-json\/wp\/v2\/posts"}],"about":[{"href":"https:\/\/www.em.com.br\/emfoco\/wp-json\/wp\/v2\/types\/post"}],"author":[{"embeddable":true,"href":"https:\/\/www.em.com.br\/emfoco\/wp-json\/wp\/v2\/users\/13"}],"replies":[{"embeddable":true,"href":"https:\/\/www.em.com.br\/emfoco\/wp-json\/wp\/v2\/comments?post=56654"}],"version-history":[{"count":2,"href":"https:\/\/www.em.com.br\/emfoco\/wp-json\/wp\/v2\/posts\/56654\/revisions"}],"predecessor-version":[{"id":56665,"href":"https:\/\/www.em.com.br\/emfoco\/wp-json\/wp\/v2\/posts\/56654\/revisions\/56665"}],"wp:featuredmedia":[{"embeddable":true,"href":"https:\/\/www.em.com.br\/emfoco\/wp-json\/wp\/v2\/media\/56662"}],"wp:attachment":[{"href":"https:\/\/www.em.com.br\/emfoco\/wp-json\/wp\/v2\/media?parent=56654"}],"wp:term":[{"taxonomy":"category","embeddable":true,"href":"https:\/\/www.em.com.br\/emfoco\/wp-json\/wp\/v2\/categories?post=56654"},{"taxonomy":"post_tag","embeddable":true,"href":"https:\/\/www.em.com.br\/emfoco\/wp-json\/wp\/v2\/tags?post=56654"}],"curies":[{"name":"wp","href":"https:\/\/api.w.org\/{rel}","templated":true}]}}