{"id":56649,"date":"2025-06-09T17:20:00","date_gmt":"2025-06-09T20:20:00","guid":{"rendered":"https:\/\/www.em.com.br\/emfoco\/?p=56649"},"modified":"2025-06-09T12:02:55","modified_gmt":"2025-06-09T15:02:55","slug":"essa-planta-tem-propriedades-medicinais-culinarias-e-ainda-perfuma-sua-casa","status":"publish","type":"post","link":"https:\/\/www.em.com.br\/emfoco\/2025\/06\/09\/essa-planta-tem-propriedades-medicinais-culinarias-e-ainda-perfuma-sua-casa\/","title":{"rendered":"Essa planta tem propriedades medicinais, culin\u00e1rias e ainda perfuma sua casa!"},"content":{"rendered":"\n<p><strong>O cravo, conhecido por seu aroma marcante e suas flores vibrantes, \u00e9 uma planta que pode ser facilmente cultivada em casa.<\/strong> Al\u00e9m de embelezar o ambiente, o cravo possui propriedades medicinais e \u00e9 utilizado na <strong><a href=\"https:\/\/www.em.com.br\/emfoco\/2025\/01\/14\/uma-jornada-pela-culinaria-mais-acolhedora-do-brasil\/\" target=\"_blank\" rel=\"noreferrer noopener\">culin\u00e1ria<\/a><\/strong>. Plantar cravo em casa pode ser uma atividade relaxante e recompensadora, proporcionando um toque especial ao jardim ou \u00e0 varanda.<\/p>\n\n\n\n<p>Para aqueles que desejam iniciar no cultivo de plantas, o cravo \u00e9 uma excelente escolha. <strong>Ele n\u00e3o exige muitos cuidados e pode se adaptar a diferentes tipos de solo e clima.<\/strong> Com algumas dicas simples, \u00e9 poss\u00edvel ter cravos saud\u00e1veis e floridos durante boa parte do ano.<\/p>\n\n\n\n<h2 class=\"wp-block-heading\">Quais s\u00e3o os materiais necess\u00e1rios para plantar cravo?<\/h2>\n\n\n\n<p>Antes de come\u00e7ar o plantio, \u00e9 importante reunir os materiais necess\u00e1rios. Isso inclui:<\/p>\n\n\n\n<ul class=\"wp-block-list\">\n<li><strong>Sementes ou mudas de cravo:<\/strong> podem ser adquiridas em lojas de jardinagem ou pela internet.<\/li>\n\n\n\n<li><strong>Vasos ou jardineiras:<\/strong> escolha recipientes com furos para drenagem.<\/li>\n\n\n\n<li><strong>Terra adubada:<\/strong> utilize um substrato rico em nutrientes para garantir o crescimento saud\u00e1vel das plantas.<\/li>\n\n\n\n<li><strong>Regador:<\/strong> para manter a umidade do solo.<\/li>\n\n\n\n<li><strong>P\u00e1 de jardinagem:<\/strong> facilita o manuseio da terra e o plantio das sementes ou mudas.<\/li>\n<\/ul>\n\n\n\n<figure class=\"wp-block-image size-large\"><img loading=\"lazy\" decoding=\"async\" width=\"1024\" height=\"576\" src=\"https:\/\/www.em.com.br\/emfoco\/wp-content\/uploads\/2025\/04\/Clove_1745346597447-1024x576.jpg\" alt=\"Aprenda a cultivar cravos de forma f\u00e1cil e sem experi\u00eancia\" class=\"wp-image-40606\" srcset=\"https:\/\/www.em.com.br\/emfoco\/wp-content\/uploads\/2025\/04\/Clove_1745346597447-1024x576.jpg 1024w, https:\/\/www.em.com.br\/emfoco\/wp-content\/uploads\/2025\/04\/Clove_1745346597447-300x169.jpg 300w, https:\/\/www.em.com.br\/emfoco\/wp-content\/uploads\/2025\/04\/Clove_1745346597447-768x432.jpg 768w, https:\/\/www.em.com.br\/emfoco\/wp-content\/uploads\/2025\/04\/Clove_1745346597447-750x422.jpg 750w, https:\/\/www.em.com.br\/emfoco\/wp-content\/uploads\/2025\/04\/Clove_1745346597447-1140x641.jpg 1140w, https:\/\/www.em.com.br\/emfoco\/wp-content\/uploads\/2025\/04\/Clove_1745346597447.jpg 1280w\" sizes=\"auto, (max-width: 1024px) 100vw, 1024px\" \/><figcaption class=\"wp-element-caption\">Cravos &#8211; Cr\u00e9ditos: depositphotos.com \/ gresey<\/figcaption><\/figure>\n\n\n\n<h2 class=\"wp-block-heading\">Como preparar o solo para o plantio de cravo?<\/h2>\n\n\n\n<p><strong>Preparar o solo adequadamente \u00e9 crucial para o sucesso do cultivo de cravos.<\/strong> Comece escolhendo um substrato de qualidade, que seja bem drenado e rico em mat\u00e9ria org\u00e2nica. Misture a terra com um pouco de areia para melhorar a drenagem, evitando o ac\u00famulo de \u00e1gua que pode prejudicar as ra\u00edzes.<\/p>\n\n\n\n<p><strong>Se optar por plantar em vasos, certifique-se de que eles possuam furos no fundo para facilitar a sa\u00edda do excesso de \u00e1gua.<\/strong> Coloque uma camada de pedras ou cascalho no fundo do vaso antes de adicionar a terra, o que ajudar\u00e1 na drenagem.<\/p>\n\n\n\n<h2 class=\"wp-block-heading\">Qual \u00e9 o passo a passo para plantar cravo?<\/h2>\n\n\n\n<p>Com os materiais e o solo preparados, \u00e9 hora de plantar os cravos. Siga este passo a passo:<\/p>\n\n\n\n<ol class=\"wp-block-list\">\n<li><strong>Escolha o local:<\/strong> os cravos precisam de luz solar direta por pelo menos 4 a 6 horas di\u00e1rias. Escolha um local que receba bastante luz.<\/li>\n\n\n\n<li><strong>Plante as sementes ou mudas:<\/strong> se estiver usando sementes, plante-as a cerca de 1 cm de profundidade. Para mudas, fa\u00e7a um buraco suficiente para acomodar as ra\u00edzes.<\/li>\n\n\n\n<li><strong>Regue adequadamente:<\/strong> mantenha o solo \u00famido, mas evite encharcar. Regue sempre que a superf\u00edcie do solo estiver seca.<\/li>\n\n\n\n<li><strong>Cuide das plantas:<\/strong> remova ervas daninhas e folhas secas regularmente para manter as plantas saud\u00e1veis.<\/li>\n<\/ol>\n\n\n\n<h2 class=\"wp-block-heading\">Como cuidar dos cravos ap\u00f3s o plantio?<\/h2>\n\n\n\n<p><strong>Ap\u00f3s o plantio, os cuidados com os cravos s\u00e3o simples, mas essenciais para garantir seu desenvolvimento.<\/strong> Al\u00e9m de regar regularmente, \u00e9 importante adubar a planta a cada dois meses com um fertilizante balanceado. Isso ajudar\u00e1 a manter as flores vibrantes e saud\u00e1veis.<\/p>\n\n\n\n<p>Fique atento a <strong>pragas <\/strong>e <strong>doen\u00e7as<\/strong>, como <a href=\"https:\/\/www.embrapa.br\/agencia-de-informacao-tecnologica\/cultivos\/trigo\/producao\/insetos\/pulgoes\" target=\"_blank\" rel=\"noreferrer noopener\"><strong>pulg\u00f5es<\/strong> <\/a>e <strong>fungos<\/strong>, que podem afetar o cravo. Caso note algum problema, trate a planta com produtos espec\u00edficos encontrados em lojas de jardinagem. <strong>Com esses cuidados, os cravos florescer\u00e3o lindamente, trazendo beleza e aroma ao ambiente.<\/strong><\/p>\n","protected":false},"excerpt":{"rendered":"<p>O cravo, conhecido por seu aroma marcante e suas flores vibrantes, \u00e9 uma planta que pode ser facilmente cultivada em casa. Al\u00e9m de embelezar o ambiente, o cravo possui propriedades medicinais e \u00e9 utilizado na culin\u00e1ria. Plantar cravo em casa pode ser uma atividade relaxante e recompensadora, proporcionando um toque especial ao jardim ou \u00e0 [&hellip;]<\/p>\n","protected":false},"author":13,"featured_media":40605,"comment_status":"open","ping_status":"open","sticky":false,"template":"","format":"standard","meta":{"jnews-multi-image_gallery":[],"jnews_single_post":{"format":"standard"},"jnews_primary_category":[],"jnews_social_meta":[],"jnews_override_counter":[],"footnotes":""},"categories":[8819],"tags":[5423,3357,3358,3324],"class_list":["post-56649","post","type-post","status-publish","format-standard","has-post-thumbnail","hentry","category-curiosidades","tag-cravo","tag-flores","tag-jardinagem","tag-plantas"],"yoast_head":"<!-- This site is optimized with the Yoast SEO plugin v23.8 - https:\/\/yoast.com\/wordpress\/plugins\/seo\/ -->\n<title>Essa planta tem propriedades medicinais, culin\u00e1rias e ainda perfuma sua casa! - Estado de Minas - Em foco<\/title>\n<meta name=\"description\" content=\"Essa flor colorida e arom\u00e1tica pode transformar seu jardim com pouco esfor\u00e7o. Veja o passo a passo para cultivar cravo em casa.\" \/>\n<meta name=\"robots\" content=\"index, follow, max-snippet:-1, max-image-preview:large, max-video-preview:-1\" \/>\n<link rel=\"canonical\" href=\"https:\/\/www.em.com.br\/emfoco\/2025\/06\/09\/essa-planta-tem-propriedades-medicinais-culinarias-e-ainda-perfuma-sua-casa\/\" \/>\n<meta property=\"og:locale\" content=\"pt_BR\" \/>\n<meta property=\"og:type\" content=\"article\" \/>\n<meta property=\"og:title\" content=\"Essa planta tem propriedades medicinais, culin\u00e1rias e ainda perfuma sua casa! - Estado de Minas - Em foco\" \/>\n<meta property=\"og:description\" content=\"Essa flor colorida e arom\u00e1tica pode transformar seu jardim com pouco esfor\u00e7o. Veja o passo a passo para cultivar cravo em casa.\" \/>\n<meta property=\"og:url\" content=\"https:\/\/www.em.com.br\/emfoco\/2025\/06\/09\/essa-planta-tem-propriedades-medicinais-culinarias-e-ainda-perfuma-sua-casa\/\" \/>\n<meta property=\"og:site_name\" content=\"Estado de Minas - Em foco\" \/>\n<meta property=\"article:published_time\" content=\"2025-06-09T20:20:00+00:00\" \/>\n<meta property=\"article:modified_time\" content=\"2025-06-09T15:02:55+00:00\" \/>\n<meta property=\"og:image\" content=\"https:\/\/www.em.com.br\/emfoco\/wp-content\/uploads\/2025\/04\/Clove_1745346573402.jpg\" \/>\n\t<meta property=\"og:image:width\" content=\"1280\" \/>\n\t<meta property=\"og:image:height\" content=\"720\" \/>\n\t<meta property=\"og:image:type\" content=\"image\/jpeg\" \/>\n<meta name=\"author\" content=\"Gabriel Martins\" \/>\n<meta name=\"twitter:card\" content=\"summary_large_image\" \/>\n<meta name=\"twitter:label1\" content=\"Escrito por\" \/>\n\t<meta name=\"twitter:data1\" content=\"Gabriel Martins\" \/>\n\t<meta name=\"twitter:label2\" content=\"Est. tempo de leitura\" \/>\n\t<meta name=\"twitter:data2\" content=\"4 minutos\" \/>\n<!-- \/ Yoast SEO plugin. -->","yoast_head_json":{"title":"Essa planta tem propriedades medicinais, culin\u00e1rias e ainda perfuma sua casa! - Estado de Minas - Em foco","description":"Essa flor colorida e arom\u00e1tica pode transformar seu jardim com pouco esfor\u00e7o. Veja o passo a passo para cultivar cravo em casa.","robots":{"index":"index","follow":"follow","max-snippet":"max-snippet:-1","max-image-preview":"max-image-preview:large","max-video-preview":"max-video-preview:-1"},"canonical":"https:\/\/www.em.com.br\/emfoco\/2025\/06\/09\/essa-planta-tem-propriedades-medicinais-culinarias-e-ainda-perfuma-sua-casa\/","og_locale":"pt_BR","og_type":"article","og_title":"Essa planta tem propriedades medicinais, culin\u00e1rias e ainda perfuma sua casa! - Estado de Minas - Em foco","og_description":"Essa flor colorida e arom\u00e1tica pode transformar seu jardim com pouco esfor\u00e7o. Veja o passo a passo para cultivar cravo em casa.","og_url":"https:\/\/www.em.com.br\/emfoco\/2025\/06\/09\/essa-planta-tem-propriedades-medicinais-culinarias-e-ainda-perfuma-sua-casa\/","og_site_name":"Estado de Minas - Em foco","article_published_time":"2025-06-09T20:20:00+00:00","article_modified_time":"2025-06-09T15:02:55+00:00","og_image":[{"width":1280,"height":720,"url":"https:\/\/www.em.com.br\/emfoco\/wp-content\/uploads\/2025\/04\/Clove_1745346573402.jpg","type":"image\/jpeg"}],"author":"Gabriel Martins","twitter_card":"summary_large_image","twitter_misc":{"Escrito por":"Gabriel Martins","Est. tempo de leitura":"4 minutos"},"schema":{"@context":"https:\/\/schema.org","@graph":[{"@type":"WebPage","@id":"https:\/\/www.em.com.br\/emfoco\/2025\/06\/09\/essa-planta-tem-propriedades-medicinais-culinarias-e-ainda-perfuma-sua-casa\/","url":"https:\/\/www.em.com.br\/emfoco\/2025\/06\/09\/essa-planta-tem-propriedades-medicinais-culinarias-e-ainda-perfuma-sua-casa\/","name":"Essa planta tem propriedades medicinais, culin\u00e1rias e ainda perfuma sua casa! - Estado de Minas - Em foco","isPartOf":{"@id":"https:\/\/www.em.com.br\/emfoco\/#website"},"primaryImageOfPage":{"@id":"https:\/\/www.em.com.br\/emfoco\/2025\/06\/09\/essa-planta-tem-propriedades-medicinais-culinarias-e-ainda-perfuma-sua-casa\/#primaryimage"},"image":{"@id":"https:\/\/www.em.com.br\/emfoco\/2025\/06\/09\/essa-planta-tem-propriedades-medicinais-culinarias-e-ainda-perfuma-sua-casa\/#primaryimage"},"thumbnailUrl":"https:\/\/www.em.com.br\/emfoco\/wp-content\/uploads\/2025\/04\/Clove_1745346573402.jpg","datePublished":"2025-06-09T20:20:00+00:00","dateModified":"2025-06-09T15:02:55+00:00","author":{"@id":"https:\/\/www.em.com.br\/emfoco\/#\/schema\/person\/1c9ddeab18b98abeffef834667bcf08a"},"description":"Essa flor colorida e arom\u00e1tica pode transformar seu jardim com pouco esfor\u00e7o. Veja o passo a passo para cultivar cravo em casa.","breadcrumb":{"@id":"https:\/\/www.em.com.br\/emfoco\/2025\/06\/09\/essa-planta-tem-propriedades-medicinais-culinarias-e-ainda-perfuma-sua-casa\/#breadcrumb"},"inLanguage":"pt-BR","potentialAction":[{"@type":"ReadAction","target":["https:\/\/www.em.com.br\/emfoco\/2025\/06\/09\/essa-planta-tem-propriedades-medicinais-culinarias-e-ainda-perfuma-sua-casa\/"]}]},{"@type":"ImageObject","inLanguage":"pt-BR","@id":"https:\/\/www.em.com.br\/emfoco\/2025\/06\/09\/essa-planta-tem-propriedades-medicinais-culinarias-e-ainda-perfuma-sua-casa\/#primaryimage","url":"https:\/\/www.em.com.br\/emfoco\/wp-content\/uploads\/2025\/04\/Clove_1745346573402.jpg","contentUrl":"https:\/\/www.em.com.br\/emfoco\/wp-content\/uploads\/2025\/04\/Clove_1745346573402.jpg","width":1280,"height":720,"caption":"Cravos - Cr\u00e9ditos: depositphotos.com \/ lenyvavsha"},{"@type":"BreadcrumbList","@id":"https:\/\/www.em.com.br\/emfoco\/2025\/06\/09\/essa-planta-tem-propriedades-medicinais-culinarias-e-ainda-perfuma-sua-casa\/#breadcrumb","itemListElement":[{"@type":"ListItem","position":1,"name":"In\u00edcio","item":"https:\/\/www.em.com.br\/emfoco\/"},{"@type":"ListItem","position":2,"name":"Essa planta tem propriedades medicinais, culin\u00e1rias e ainda perfuma sua casa!"}]},{"@type":"WebSite","@id":"https:\/\/www.em.com.br\/emfoco\/#website","url":"https:\/\/www.em.com.br\/emfoco\/","name":"Estado de Minas - Em foco","description":"Acompanhe as \u00faltimas not\u00edcias e fique bem informado sobre tudo o que acontece em Minas Gerais, Brasil e no mundo.","potentialAction":[{"@type":"SearchAction","target":{"@type":"EntryPoint","urlTemplate":"https:\/\/www.em.com.br\/emfoco\/?s={search_term_string}"},"query-input":{"@type":"PropertyValueSpecification","valueRequired":true,"valueName":"search_term_string"}}],"inLanguage":"pt-BR"},{"@type":"Person","@id":"https:\/\/www.em.com.br\/emfoco\/#\/schema\/person\/1c9ddeab18b98abeffef834667bcf08a","name":"Gabriel Martins","image":{"@type":"ImageObject","inLanguage":"pt-BR","@id":"https:\/\/www.em.com.br\/emfoco\/#\/schema\/person\/image\/","url":"https:\/\/secure.gravatar.com\/avatar\/f0f1e2efdfd88f1ad2cb08c5c2731e50?s=96&d=mm&r=g","contentUrl":"https:\/\/secure.gravatar.com\/avatar\/f0f1e2efdfd88f1ad2cb08c5c2731e50?s=96&d=mm&r=g","caption":"Gabriel Martins"},"sameAs":["https:\/\/www.em.com.br\/emfoco\/"],"url":"https:\/\/www.em.com.br\/emfoco\/author\/gabrielmartinsmyth\/"}]}},"_links":{"self":[{"href":"https:\/\/www.em.com.br\/emfoco\/wp-json\/wp\/v2\/posts\/56649","targetHints":{"allow":["GET"]}}],"collection":[{"href":"https:\/\/www.em.com.br\/emfoco\/wp-json\/wp\/v2\/posts"}],"about":[{"href":"https:\/\/www.em.com.br\/emfoco\/wp-json\/wp\/v2\/types\/post"}],"author":[{"embeddable":true,"href":"https:\/\/www.em.com.br\/emfoco\/wp-json\/wp\/v2\/users\/13"}],"replies":[{"embeddable":true,"href":"https:\/\/www.em.com.br\/emfoco\/wp-json\/wp\/v2\/comments?post=56649"}],"version-history":[{"count":3,"href":"https:\/\/www.em.com.br\/emfoco\/wp-json\/wp\/v2\/posts\/56649\/revisions"}],"predecessor-version":[{"id":57822,"href":"https:\/\/www.em.com.br\/emfoco\/wp-json\/wp\/v2\/posts\/56649\/revisions\/57822"}],"wp:featuredmedia":[{"embeddable":true,"href":"https:\/\/www.em.com.br\/emfoco\/wp-json\/wp\/v2\/media\/40605"}],"wp:attachment":[{"href":"https:\/\/www.em.com.br\/emfoco\/wp-json\/wp\/v2\/media?parent=56649"}],"wp:term":[{"taxonomy":"category","embeddable":true,"href":"https:\/\/www.em.com.br\/emfoco\/wp-json\/wp\/v2\/categories?post=56649"},{"taxonomy":"post_tag","embeddable":true,"href":"https:\/\/www.em.com.br\/emfoco\/wp-json\/wp\/v2\/tags?post=56649"}],"curies":[{"name":"wp","href":"https:\/\/api.w.org\/{rel}","templated":true}]}}