{"id":56621,"date":"2025-06-08T12:30:23","date_gmt":"2025-06-08T15:30:23","guid":{"rendered":"https:\/\/www.em.com.br\/emfoco\/?p=56621"},"modified":"2025-06-07T18:20:04","modified_gmt":"2025-06-07T21:20:04","slug":"qual-fruta-limpa-o-intestino-e-melhora-a-digestao","status":"publish","type":"post","link":"https:\/\/www.em.com.br\/emfoco\/2025\/06\/08\/qual-fruta-limpa-o-intestino-e-melhora-a-digestao\/","title":{"rendered":"Qual fruta limpa o intestino e melhora a digest\u00e3o?"},"content":{"rendered":"\n<p>O c\u00f3lon, tamb\u00e9m conhecido como intestino grosso, desempenha um papel crucial no sistema digestivo humano. Sua principal fun\u00e7\u00e3o \u00e9 absorver \u00e1gua e nutrientes dos alimentos digeridos, al\u00e9m de formar e eliminar as fezes. Um c\u00f3lon saud\u00e1vel \u00e9 essencial para o bem-estar geral, pois ajuda a prevenir problemas digestivos, como constipa\u00e7\u00e3o e incha\u00e7o.<\/p>\n\n\n\n<p>Quando a dieta \u00e9 pobre em fibras, o c\u00f3lon pode ficar sobrecarregado, levando a um ac\u00famulo de toxinas e res\u00edduos. Isso pode resultar em desconforto abdominal e outros problemas de sa\u00fade. Portanto, manter uma dieta rica em fibras \u00e9 fundamental para garantir o bom funcionamento do c\u00f3lon e a sa\u00fade digestiva.<\/p>\n\n\n\n<h2 class=\"wp-block-heading\">Como a ameixa pode ajudar na limpeza do c\u00f3lon?<\/h2>\n\n\n\n<p>A <strong>ameixa<\/strong> \u00e9 amplamente reconhecida por suas propriedades <a href=\"https:\/\/www.em.com.br\/emfoco\/2025\/05\/26\/o-que-significa-a-sensacao-de-borboletas-no-estomago\/\" target=\"_blank\" rel=\"noreferrer noopener\">ben\u00e9ficas <\/a>para a sa\u00fade intestinal. Rica em fibras sol\u00faveis e insol\u00faveis, a ameixa ajuda a aumentar o volume das fezes e facilita sua passagem pelo c\u00f3lon. Al\u00e9m disso, a presen\u00e7a de sorbitol, um tipo de a\u00e7\u00facar natural, contribui para o efeito laxante suave, promovendo a regularidade intestinal.<\/p>\n\n\n\n<p>Estudos cient\u00edficos indicam que o consumo regular de ameixas pode melhorar significativamente a fun\u00e7\u00e3o intestinal. A combina\u00e7\u00e3o de fibras e sorbitol torna a ameixa uma escolha eficaz para quem busca um m\u00e9todo natural de desintoxica\u00e7\u00e3o do c\u00f3lon, sem a necessidade de produtos artificiais.<\/p>\n\n\n<div class=\"wp-block-image\">\n<figure class=\"aligncenter size-large\"><img loading=\"lazy\" decoding=\"async\" width=\"1024\" height=\"576\" src=\"https:\/\/www.em.com.br\/emfoco\/wp-content\/uploads\/2025\/06\/dor-no-estomago_1749213468789-1024x576.jpg\" alt=\"Qual fruta limpa o intestino e melhora a digest\u00e3o?\" class=\"wp-image-56629\" srcset=\"https:\/\/www.em.com.br\/emfoco\/wp-content\/uploads\/2025\/06\/dor-no-estomago_1749213468789-1024x576.jpg 1024w, https:\/\/www.em.com.br\/emfoco\/wp-content\/uploads\/2025\/06\/dor-no-estomago_1749213468789-300x169.jpg 300w, https:\/\/www.em.com.br\/emfoco\/wp-content\/uploads\/2025\/06\/dor-no-estomago_1749213468789-768x432.jpg 768w, https:\/\/www.em.com.br\/emfoco\/wp-content\/uploads\/2025\/06\/dor-no-estomago_1749213468789-750x422.jpg 750w, https:\/\/www.em.com.br\/emfoco\/wp-content\/uploads\/2025\/06\/dor-no-estomago_1749213468789-1140x641.jpg 1140w, https:\/\/www.em.com.br\/emfoco\/wp-content\/uploads\/2025\/06\/dor-no-estomago_1749213468789.jpg 1280w\" sizes=\"auto, (max-width: 1024px) 100vw, 1024px\" \/><figcaption class=\"wp-element-caption\">Qual fruta limpa o intestino e melhora a digest\u00e3o? &#8211; Cr\u00e9ditos: depositphotos.com \/ Milkos<\/figcaption><\/figure><\/div>\n\n\n<h2 class=\"wp-block-heading\">Por que a ameixa \u00e9 considerada a melhor fruta para desintoxicar o c\u00f3lon?<\/h2>\n\n\n\n<p>A ameixa se destaca entre as frutas por sua capacidade de limpar o c\u00f3lon de forma natural e eficaz. Al\u00e9m das fibras e do sorbitol, a ameixa cont\u00e9m antioxidantes que ajudam a proteger as c\u00e9lulas do c\u00f3lon contra danos causados por radicais livres. Esses compostos antioxidantes tamb\u00e9m contribuem para a redu\u00e7\u00e3o da inflama\u00e7\u00e3o no trato digestivo.<\/p>\n\n\n\n<p>O consumo regular de ameixas, seja na forma fresca ou seca, pode promover um ambiente intestinal saud\u00e1vel, reduzindo o risco de doen\u00e7as digestivas. A combina\u00e7\u00e3o de nutrientes presentes na ameixa faz dela uma aliada poderosa na manuten\u00e7\u00e3o da sa\u00fade do c\u00f3lon.<\/p>\n\n\n\n<h2 class=\"wp-block-heading\">Quais s\u00e3o os benef\u00edcios adicionais de consumir ameixas?<\/h2>\n\n\n\n<p>Al\u00e9m de sua capacidade de limpar o c\u00f3lon, a ameixa oferece uma s\u00e9rie de outros benef\u00edcios \u00e0 sa\u00fade. Ela \u00e9 uma excelente fonte de vitaminas e minerais, como vitamina K, vitamina A, pot\u00e1ssio e ferro, que s\u00e3o essenciais para o funcionamento adequado do corpo.<\/p>\n\n\n\n<p>O consumo de ameixas tamb\u00e9m est\u00e1 associado \u00e0 melhora da sa\u00fade \u00f3ssea, gra\u00e7as \u00e0 presen\u00e7a de nutrientes que ajudam a aumentar a densidade \u00f3ssea. Al\u00e9m disso, as ameixas podem contribuir para a sa\u00fade cardiovascular, ajudando a regular os n\u00edveis de colesterol e press\u00e3o arterial.<\/p>\n\n\n\n<h2 class=\"wp-block-heading\">Como incluir ameixas na dieta di\u00e1ria?<\/h2>\n\n\n\n<p>Incorporar ameixas na dieta di\u00e1ria \u00e9 simples e pode ser feito de v\u00e1rias maneiras. As <a href=\"https:\/\/www.uol.com.br\/vivabem\/noticias\/redacao\/2022\/10\/10\/conheca-alimentos-que-favorecem-o-bom-funcionamento-do-intestino.htm\" target=\"_blank\" rel=\"noreferrer noopener\">ameixas <\/a>secas s\u00e3o uma op\u00e7\u00e3o pr\u00e1tica e podem ser consumidas como lanche entre as refei\u00e7\u00f5es. Elas tamb\u00e9m podem ser adicionadas a cereais, iogurtes ou saladas para um toque doce e nutritivo.<\/p>\n\n\n\n<p>Para quem prefere ameixas frescas, elas podem ser consumidas diretamente ou usadas em receitas de sobremesas e pratos principais. \u00c9 importante lembrar que, para potencializar os efeitos ben\u00e9ficos das ameixas, \u00e9 essencial manter uma boa hidrata\u00e7\u00e3o e uma dieta balanceada, rica em outros alimentos fibrosos.<\/p>\n\n\n<div class=\"wp-block-image\">\n<figure class=\"aligncenter size-large\"><img loading=\"lazy\" decoding=\"async\" width=\"1024\" height=\"576\" src=\"https:\/\/www.em.com.br\/emfoco\/wp-content\/uploads\/2025\/06\/ameixas-secas_1749213639724-1024x576.jpg\" alt=\"ameixas secas\" class=\"wp-image-56631\" srcset=\"https:\/\/www.em.com.br\/emfoco\/wp-content\/uploads\/2025\/06\/ameixas-secas_1749213639724-1024x576.jpg 1024w, https:\/\/www.em.com.br\/emfoco\/wp-content\/uploads\/2025\/06\/ameixas-secas_1749213639724-300x169.jpg 300w, https:\/\/www.em.com.br\/emfoco\/wp-content\/uploads\/2025\/06\/ameixas-secas_1749213639724-768x432.jpg 768w, https:\/\/www.em.com.br\/emfoco\/wp-content\/uploads\/2025\/06\/ameixas-secas_1749213639724-750x422.jpg 750w, https:\/\/www.em.com.br\/emfoco\/wp-content\/uploads\/2025\/06\/ameixas-secas_1749213639724-1140x641.jpg 1140w, https:\/\/www.em.com.br\/emfoco\/wp-content\/uploads\/2025\/06\/ameixas-secas_1749213639724.jpg 1280w\" sizes=\"auto, (max-width: 1024px) 100vw, 1024px\" \/><figcaption class=\"wp-element-caption\">Ameixas secas &#8211; Cr\u00e9ditos: depositphotos.com \/ Izzzy71<\/figcaption><\/figure><\/div>\n\n\n<h2 class=\"wp-block-heading\">Quais s\u00e3o as dicas para potencializar os efeitos da ameixa no c\u00f3lon?<\/h2>\n\n\n\n<p>Para maximizar os benef\u00edcios das ameixas na sa\u00fade do c\u00f3lon, \u00e9 recomend\u00e1vel seguir algumas pr\u00e1ticas saud\u00e1veis. Beber bastante \u00e1gua ao longo do dia ajuda a facilitar a passagem das fibras pelo sistema digestivo, promovendo uma limpeza mais eficaz do c\u00f3lon.<\/p>\n\n\n\n<p>Al\u00e9m disso, manter uma alimenta\u00e7\u00e3o balanceada, rica em frutas, vegetais e gr\u00e3os integrais, complementa os efeitos das ameixas. A pr\u00e1tica regular de atividade f\u00edsica tamb\u00e9m \u00e9 fundamental, pois estimula o movimento intestinal e contribui para a sa\u00fade digestiva geral.<\/p>\n\n\n\n<h2 class=\"wp-block-heading\">FAQ &#8211; Perguntas Frequentes<\/h2>\n\n\n\n<ul class=\"wp-block-list\">\n<li><strong>Qual \u00e9 a melhor forma de consumir ameixas para a sa\u00fade do c\u00f3lon?<\/strong> As ameixas secas s\u00e3o uma op\u00e7\u00e3o pr\u00e1tica e eficaz, mas as frescas tamb\u00e9m oferecem benef\u00edcios significativos.<\/li>\n\n\n\n<li><strong>Quantas ameixas devo consumir por dia?<\/strong> Recomenda-se consumir cerca de 4 a 5 ameixas secas por dia para obter os benef\u00edcios desejados.<\/li>\n\n\n\n<li><strong>Posso consumir ameixas se tiver problemas digestivos?<\/strong> Sim, mas \u00e9 sempre bom consultar um m\u00e9dico antes de fazer mudan\u00e7as significativas na dieta.<\/li>\n\n\n\n<li><strong>As ameixas t\u00eam efeitos colaterais?<\/strong> O consumo excessivo pode causar desconforto abdominal e diarreia devido ao sorbitol.<\/li>\n<\/ul>\n","protected":false},"excerpt":{"rendered":"<p>O c\u00f3lon, tamb\u00e9m conhecido como intestino grosso, desempenha um papel crucial no sistema digestivo humano. Sua principal fun\u00e7\u00e3o \u00e9 absorver \u00e1gua e nutrientes dos alimentos digeridos, al\u00e9m de formar e eliminar as fezes. Um c\u00f3lon saud\u00e1vel \u00e9 essencial para o bem-estar geral, pois ajuda a prevenir problemas digestivos, como constipa\u00e7\u00e3o e incha\u00e7o. Quando a dieta [&hellip;]<\/p>\n","protected":false},"author":15,"featured_media":56628,"comment_status":"open","ping_status":"open","sticky":false,"template":"","format":"standard","meta":{"jnews-multi-image_gallery":[],"jnews_single_post":{"format":"standard"},"jnews_primary_category":[],"jnews_social_meta":[],"jnews_override_counter":[],"footnotes":""},"categories":[8819],"tags":[8595,9976,3079,9977,9978],"class_list":["post-56621","post","type-post","status-publish","format-standard","has-post-thumbnail","hentry","category-curiosidades","tag-ameixa","tag-colon","tag-desintoxicacao","tag-intestino-grosso","tag-saudade-digestiva"],"yoast_head":"<!-- This site is optimized with the Yoast SEO plugin v23.8 - https:\/\/yoast.com\/wordpress\/plugins\/seo\/ -->\n<title>Qual fruta limpa o intestino e melhora a digest\u00e3o? - Estado de Minas - Em foco<\/title>\n<meta name=\"description\" content=\"Saiba por que a ameixa, fresca ou seca, \u00e9 a fruta mais indicada para manter o intestino saud\u00e1vel e o c\u00f3lon limpo todos os dias.\" \/>\n<meta name=\"robots\" content=\"index, follow, max-snippet:-1, max-image-preview:large, max-video-preview:-1\" \/>\n<link rel=\"canonical\" href=\"https:\/\/www.em.com.br\/emfoco\/2025\/06\/08\/qual-fruta-limpa-o-intestino-e-melhora-a-digestao\/\" \/>\n<meta property=\"og:locale\" content=\"pt_BR\" \/>\n<meta property=\"og:type\" content=\"article\" \/>\n<meta property=\"og:title\" content=\"Qual fruta limpa o intestino e melhora a digest\u00e3o? - Estado de Minas - Em foco\" \/>\n<meta property=\"og:description\" content=\"Saiba por que a ameixa, fresca ou seca, \u00e9 a fruta mais indicada para manter o intestino saud\u00e1vel e o c\u00f3lon limpo todos os dias.\" \/>\n<meta property=\"og:url\" content=\"https:\/\/www.em.com.br\/emfoco\/2025\/06\/08\/qual-fruta-limpa-o-intestino-e-melhora-a-digestao\/\" \/>\n<meta property=\"og:site_name\" content=\"Estado de Minas - Em foco\" \/>\n<meta property=\"article:published_time\" content=\"2025-06-08T15:30:23+00:00\" \/>\n<meta property=\"article:modified_time\" content=\"2025-06-07T21:20:04+00:00\" \/>\n<meta property=\"og:image\" content=\"https:\/\/www.em.com.br\/emfoco\/wp-content\/uploads\/2025\/06\/dor-no-estomago_1749213429761-1.jpg\" \/>\n\t<meta property=\"og:image:width\" content=\"1280\" \/>\n\t<meta property=\"og:image:height\" content=\"720\" \/>\n\t<meta property=\"og:image:type\" content=\"image\/jpeg\" \/>\n<meta name=\"author\" content=\"Douglas Myth\" \/>\n<meta name=\"twitter:card\" content=\"summary_large_image\" \/>\n<meta name=\"twitter:label1\" content=\"Escrito por\" \/>\n\t<meta name=\"twitter:data1\" content=\"Douglas Myth\" \/>\n\t<meta name=\"twitter:label2\" content=\"Est. tempo de leitura\" \/>\n\t<meta name=\"twitter:data2\" content=\"5 minutos\" \/>\n<!-- \/ Yoast SEO plugin. -->","yoast_head_json":{"title":"Qual fruta limpa o intestino e melhora a digest\u00e3o? - Estado de Minas - Em foco","description":"Saiba por que a ameixa, fresca ou seca, \u00e9 a fruta mais indicada para manter o intestino saud\u00e1vel e o c\u00f3lon limpo todos os dias.","robots":{"index":"index","follow":"follow","max-snippet":"max-snippet:-1","max-image-preview":"max-image-preview:large","max-video-preview":"max-video-preview:-1"},"canonical":"https:\/\/www.em.com.br\/emfoco\/2025\/06\/08\/qual-fruta-limpa-o-intestino-e-melhora-a-digestao\/","og_locale":"pt_BR","og_type":"article","og_title":"Qual fruta limpa o intestino e melhora a digest\u00e3o? - Estado de Minas - Em foco","og_description":"Saiba por que a ameixa, fresca ou seca, \u00e9 a fruta mais indicada para manter o intestino saud\u00e1vel e o c\u00f3lon limpo todos os dias.","og_url":"https:\/\/www.em.com.br\/emfoco\/2025\/06\/08\/qual-fruta-limpa-o-intestino-e-melhora-a-digestao\/","og_site_name":"Estado de Minas - Em foco","article_published_time":"2025-06-08T15:30:23+00:00","article_modified_time":"2025-06-07T21:20:04+00:00","og_image":[{"width":1280,"height":720,"url":"https:\/\/www.em.com.br\/emfoco\/wp-content\/uploads\/2025\/06\/dor-no-estomago_1749213429761-1.jpg","type":"image\/jpeg"}],"author":"Douglas Myth","twitter_card":"summary_large_image","twitter_misc":{"Escrito por":"Douglas Myth","Est. tempo de leitura":"5 minutos"},"schema":{"@context":"https:\/\/schema.org","@graph":[{"@type":"WebPage","@id":"https:\/\/www.em.com.br\/emfoco\/2025\/06\/08\/qual-fruta-limpa-o-intestino-e-melhora-a-digestao\/","url":"https:\/\/www.em.com.br\/emfoco\/2025\/06\/08\/qual-fruta-limpa-o-intestino-e-melhora-a-digestao\/","name":"Qual fruta limpa o intestino e melhora a digest\u00e3o? - Estado de Minas - Em foco","isPartOf":{"@id":"https:\/\/www.em.com.br\/emfoco\/#website"},"primaryImageOfPage":{"@id":"https:\/\/www.em.com.br\/emfoco\/2025\/06\/08\/qual-fruta-limpa-o-intestino-e-melhora-a-digestao\/#primaryimage"},"image":{"@id":"https:\/\/www.em.com.br\/emfoco\/2025\/06\/08\/qual-fruta-limpa-o-intestino-e-melhora-a-digestao\/#primaryimage"},"thumbnailUrl":"https:\/\/www.em.com.br\/emfoco\/wp-content\/uploads\/2025\/06\/dor-no-estomago_1749213429761-1.jpg","datePublished":"2025-06-08T15:30:23+00:00","dateModified":"2025-06-07T21:20:04+00:00","author":{"@id":"https:\/\/www.em.com.br\/emfoco\/#\/schema\/person\/bba594b7eebe9b9885fec3a5c7837089"},"description":"Saiba por que a ameixa, fresca ou seca, \u00e9 a fruta mais indicada para manter o intestino saud\u00e1vel e o c\u00f3lon limpo todos os dias.","breadcrumb":{"@id":"https:\/\/www.em.com.br\/emfoco\/2025\/06\/08\/qual-fruta-limpa-o-intestino-e-melhora-a-digestao\/#breadcrumb"},"inLanguage":"pt-BR","potentialAction":[{"@type":"ReadAction","target":["https:\/\/www.em.com.br\/emfoco\/2025\/06\/08\/qual-fruta-limpa-o-intestino-e-melhora-a-digestao\/"]}]},{"@type":"ImageObject","inLanguage":"pt-BR","@id":"https:\/\/www.em.com.br\/emfoco\/2025\/06\/08\/qual-fruta-limpa-o-intestino-e-melhora-a-digestao\/#primaryimage","url":"https:\/\/www.em.com.br\/emfoco\/wp-content\/uploads\/2025\/06\/dor-no-estomago_1749213429761-1.jpg","contentUrl":"https:\/\/www.em.com.br\/emfoco\/wp-content\/uploads\/2025\/06\/dor-no-estomago_1749213429761-1.jpg","width":1280,"height":720,"caption":"Qual fruta limpa o intestino e melhora a digest\u00e3o? - Cr\u00e9ditos: depositphotos.com \/ AndrewLozovyi"},{"@type":"BreadcrumbList","@id":"https:\/\/www.em.com.br\/emfoco\/2025\/06\/08\/qual-fruta-limpa-o-intestino-e-melhora-a-digestao\/#breadcrumb","itemListElement":[{"@type":"ListItem","position":1,"name":"In\u00edcio","item":"https:\/\/www.em.com.br\/emfoco\/"},{"@type":"ListItem","position":2,"name":"Qual fruta limpa o intestino e melhora a digest\u00e3o?"}]},{"@type":"WebSite","@id":"https:\/\/www.em.com.br\/emfoco\/#website","url":"https:\/\/www.em.com.br\/emfoco\/","name":"Estado de Minas - Em foco","description":"Acompanhe as \u00faltimas not\u00edcias e fique bem informado sobre tudo o que acontece em Minas Gerais, Brasil e no mundo.","potentialAction":[{"@type":"SearchAction","target":{"@type":"EntryPoint","urlTemplate":"https:\/\/www.em.com.br\/emfoco\/?s={search_term_string}"},"query-input":{"@type":"PropertyValueSpecification","valueRequired":true,"valueName":"search_term_string"}}],"inLanguage":"pt-BR"},{"@type":"Person","@id":"https:\/\/www.em.com.br\/emfoco\/#\/schema\/person\/bba594b7eebe9b9885fec3a5c7837089","name":"Douglas Myth","image":{"@type":"ImageObject","inLanguage":"pt-BR","@id":"https:\/\/www.em.com.br\/emfoco\/#\/schema\/person\/image\/","url":"https:\/\/secure.gravatar.com\/avatar\/1ac3cf50d0e68642c697dc0c960c802f?s=96&d=mm&r=g","contentUrl":"https:\/\/secure.gravatar.com\/avatar\/1ac3cf50d0e68642c697dc0c960c802f?s=96&d=mm&r=g","caption":"Douglas Myth"},"url":"https:\/\/www.em.com.br\/emfoco\/author\/douglasmyth\/"}]}},"_links":{"self":[{"href":"https:\/\/www.em.com.br\/emfoco\/wp-json\/wp\/v2\/posts\/56621","targetHints":{"allow":["GET"]}}],"collection":[{"href":"https:\/\/www.em.com.br\/emfoco\/wp-json\/wp\/v2\/posts"}],"about":[{"href":"https:\/\/www.em.com.br\/emfoco\/wp-json\/wp\/v2\/types\/post"}],"author":[{"embeddable":true,"href":"https:\/\/www.em.com.br\/emfoco\/wp-json\/wp\/v2\/users\/15"}],"replies":[{"embeddable":true,"href":"https:\/\/www.em.com.br\/emfoco\/wp-json\/wp\/v2\/comments?post=56621"}],"version-history":[{"count":2,"href":"https:\/\/www.em.com.br\/emfoco\/wp-json\/wp\/v2\/posts\/56621\/revisions"}],"predecessor-version":[{"id":56633,"href":"https:\/\/www.em.com.br\/emfoco\/wp-json\/wp\/v2\/posts\/56621\/revisions\/56633"}],"wp:featuredmedia":[{"embeddable":true,"href":"https:\/\/www.em.com.br\/emfoco\/wp-json\/wp\/v2\/media\/56628"}],"wp:attachment":[{"href":"https:\/\/www.em.com.br\/emfoco\/wp-json\/wp\/v2\/media?parent=56621"}],"wp:term":[{"taxonomy":"category","embeddable":true,"href":"https:\/\/www.em.com.br\/emfoco\/wp-json\/wp\/v2\/categories?post=56621"},{"taxonomy":"post_tag","embeddable":true,"href":"https:\/\/www.em.com.br\/emfoco\/wp-json\/wp\/v2\/tags?post=56621"}],"curies":[{"name":"wp","href":"https:\/\/api.w.org\/{rel}","templated":true}]}}