{"id":56605,"date":"2025-06-09T16:40:00","date_gmt":"2025-06-09T19:40:00","guid":{"rendered":"https:\/\/www.em.com.br\/emfoco\/?p=56605"},"modified":"2025-06-08T10:50:13","modified_gmt":"2025-06-08T13:50:13","slug":"quer-uma-dieta-equilibrada-e-com-mais-sabor-comece-a-incluir-iogurte-natural-todos-os-dias-e-veja-a-transformacao","status":"publish","type":"post","link":"https:\/\/www.em.com.br\/emfoco\/2025\/06\/09\/quer-uma-dieta-equilibrada-e-com-mais-sabor-comece-a-incluir-iogurte-natural-todos-os-dias-e-veja-a-transformacao\/","title":{"rendered":"Quer uma dieta equilibrada e com mais sabor? Comece a incluir iogurte natural todos os dias e veja a transforma\u00e7\u00e3o"},"content":{"rendered":"\n<p>O iogurte natural \u00e9 um produto l\u00e1cteo obtido atrav\u00e9s da fermenta\u00e7\u00e3o do leite por bact\u00e9rias espec\u00edficas, como <strong>Lactobacillus bulgaricus<\/strong> e <strong>Streptococcus thermophilus<\/strong>. Este alimento \u00e9 amplamente reconhecido por seus benef\u00edcios \u00e0 sa\u00fade, sendo uma <strong>excelente fonte de prote\u00ednas, c\u00e1lcio e <a href=\"https:\/\/www.tuasaude.com\/o-que-sao-os-probioticos\/\" target=\"_blank\" rel=\"noreferrer noopener\">probi\u00f3ticos<\/a><\/strong>. <strong>O consumo regular de iogurte natural pode contribuir para a manuten\u00e7\u00e3o de uma flora intestinal saud\u00e1vel, melhorar a digest\u00e3o e fortalecer o sistema imunol\u00f3gico.<\/strong><\/p>\n\n\n\n<p>Al\u00e9m disso, o iogurte natural \u00e9 uma op\u00e7\u00e3o vers\u00e1til na dieta, podendo ser consumido puro ou como ingrediente em diversas receitas. Por ser menos processado e conter menos aditivos do que outras variedades de iogurte, <strong>ele \u00e9 uma escolha mais saud\u00e1vel para aqueles que buscam uma alimenta\u00e7\u00e3o equilibrada.<\/strong><\/p>\n\n\n\n<h2 class=\"wp-block-heading\">Quais s\u00e3o os principais benef\u00edcios do iogurte natural para a sa\u00fade?<\/h2>\n\n\n\n<p><strong>O iogurte natural oferece uma s\u00e9rie de benef\u00edcios para a sa\u00fade<\/strong>, que v\u00e3o al\u00e9m da simples nutri\u00e7\u00e3o. Primeiramente, ele \u00e9 uma <strong>excelente fonte de c\u00e1lcio, essencial para a sa\u00fade dos ossos e dentes<\/strong>. O consumo adequado de c\u00e1lcio pode ajudar a prevenir doen\u00e7as como a osteoporose.<\/p>\n\n\n\n<p>Outro benef\u00edcio significativo \u00e9 a presen\u00e7a de <strong>probi\u00f3ticos<\/strong>, que s\u00e3o bact\u00e9rias ben\u00e9ficas para o intestino. Os probi\u00f3ticos ajudam a equilibrar a flora intestinal, melhorando a digest\u00e3o e potencialmente aliviando problemas como a s\u00edndrome do intestino irrit\u00e1vel. Al\u00e9m disso, eles podem fortalecer o sistema imunol\u00f3gico, tornando o corpo mais resistente a infec\u00e7\u00f5es.<\/p>\n\n\n\n<p>O iogurte natural tamb\u00e9m \u00e9 uma <strong>boa fonte de prote\u00ednas, que s\u00e3o essenciais para a constru\u00e7\u00e3o e repara\u00e7\u00e3o dos tecidos corporais<\/strong>. As prote\u00ednas do iogurte s\u00e3o de alta qualidade, contendo todos os amino\u00e1cidos essenciais que o corpo necessita.<\/p>\n\n\n\n<figure class=\"wp-block-image size-large\"><img loading=\"lazy\" decoding=\"async\" width=\"1024\" height=\"576\" src=\"https:\/\/www.em.com.br\/emfoco\/wp-content\/uploads\/2025\/05\/natural-yogurt_1746710257661-1024x576.jpg\" alt=\"5 motivos para incluir iogurte natural na sua alimenta\u00e7\u00e3o agora\" class=\"wp-image-45589\" srcset=\"https:\/\/www.em.com.br\/emfoco\/wp-content\/uploads\/2025\/05\/natural-yogurt_1746710257661-1024x576.jpg 1024w, https:\/\/www.em.com.br\/emfoco\/wp-content\/uploads\/2025\/05\/natural-yogurt_1746710257661-300x169.jpg 300w, https:\/\/www.em.com.br\/emfoco\/wp-content\/uploads\/2025\/05\/natural-yogurt_1746710257661-768x432.jpg 768w, https:\/\/www.em.com.br\/emfoco\/wp-content\/uploads\/2025\/05\/natural-yogurt_1746710257661-750x422.jpg 750w, https:\/\/www.em.com.br\/emfoco\/wp-content\/uploads\/2025\/05\/natural-yogurt_1746710257661-1140x641.jpg 1140w, https:\/\/www.em.com.br\/emfoco\/wp-content\/uploads\/2025\/05\/natural-yogurt_1746710257661.jpg 1280w\" sizes=\"auto, (max-width: 1024px) 100vw, 1024px\" \/><figcaption class=\"wp-element-caption\">Iogurte natural com granola &#8211; Cr\u00e9ditos: depositphotos.com \/ VitalikRadko<\/figcaption><\/figure>\n\n\n\n<h2 class=\"wp-block-heading\">Como incorporar o iogurte natural em uma receita saud\u00e1vel?<\/h2>\n\n\n\n<p>Uma maneira deliciosa e saud\u00e1vel de incorporar o iogurte natural na dieta \u00e9 atrav\u00e9s de uma receita de <em>smoothie<\/em> de frutas. <strong>Este <em>smoothie<\/em> \u00e9 f\u00e1cil de preparar e pode ser uma excelente op\u00e7\u00e3o para o caf\u00e9 da manh\u00e3 ou um lanche nutritivo.<\/strong><\/p>\n\n\n\n<ol class=\"wp-block-list\">\n<li>1 x\u00edcara de iogurte natural<\/li>\n\n\n\n<li>1 banana madura<\/li>\n\n\n\n<li>1\/2 x\u00edcara de frutas vermelhas (como morangos, framboesas ou mirtilos)<\/li>\n\n\n\n<li>1 colher de sopa de mel ou outro ado\u00e7ante natural, se desejado<\/li>\n\n\n\n<li>1\/2 x\u00edcara de \u00e1gua ou leite de am\u00eandoas para ajustar a consist\u00eancia<\/li>\n<\/ol>\n\n\n\n<p>Para preparar, basta adicionar todos os ingredientes no liquidificador e bater at\u00e9 obter uma mistura homog\u00eanea. Sirva imediatamente e <strong>aproveite os benef\u00edcios nutricionais deste <em>smoothie<\/em> refrescante.<\/strong><\/p>\n\n\n\n<h2 class=\"wp-block-heading\">Por que escolher iogurte natural em vez de outras variedades?<\/h2>\n\n\n\n<p><strong>Optar pelo iogurte natural em vez de outras variedades pode ser uma escolha mais saud\u00e1vel<\/strong> por v\u00e1rias raz\u00f5es. Primeiramente, o iogurte natural <strong>n\u00e3o cont\u00e9m a\u00e7\u00facares adicionados<\/strong>, ao contr\u00e1rio de muitos iogurtes aromatizados dispon\u00edveis no mercado. Isso ajuda a reduzir a ingest\u00e3o de a\u00e7\u00facar, o que \u00e9 ben\u00e9fico para a sa\u00fade geral e para a manuten\u00e7\u00e3o de um peso saud\u00e1vel.<\/p>\n\n\n\n<p>Al\u00e9m disso, o iogurte natural \u00e9 menos processado e geralmente n\u00e3o cont\u00e9m conservantes ou corantes artificiais. <strong>Isso significa que ele preserva mais dos nutrientes naturais do leite, oferecendo um perfil nutricional mais completo.<\/strong><\/p>\n\n\n\n<h2 class=\"wp-block-heading\">Como o iogurte natural pode ser inclu\u00eddo em uma dieta equilibrada?<\/h2>\n\n\n\n<p>O iogurte natural pode ser facilmente incorporado em uma dieta equilibrada de v\u00e1rias maneiras. <strong>Ele pode ser consumido puro, adicionado a frutas e cereais no caf\u00e9 da manh\u00e3, ou usado como base para molhos e <em>smoothies<\/em><\/strong>. Al\u00e9m disso, pode substituir ingredientes mais cal\u00f3ricos em receitas, como maionese ou creme de leite, contribuindo para uma alimenta\u00e7\u00e3o mais saud\u00e1vel.<\/p>\n\n\n\n<p>Por ser uma fonte rica de nutrientes essenciais, o iogurte natural pode ajudar a atender \u00e0s necessidades di\u00e1rias de prote\u00ednas e c\u00e1lcio, al\u00e9m de <strong>fornecer probi\u00f3ticos ben\u00e9ficos para a sa\u00fade intestinal<\/strong>. <strong>Incorpor\u00e1-lo regularmente na dieta pode trazer diversos benef\u00edcios para a sa\u00fade e <a href=\"https:\/\/www.em.com.br\/emfoco\/2025\/05\/29\/como-a-gratidao-afeta-nosso-bem-estar\/\" target=\"_blank\" rel=\"noreferrer noopener\">bem-estar geral<\/a>.<\/strong><\/p>\n","protected":false},"excerpt":{"rendered":"<p>O iogurte natural \u00e9 um produto l\u00e1cteo obtido atrav\u00e9s da fermenta\u00e7\u00e3o do leite por bact\u00e9rias espec\u00edficas, como Lactobacillus bulgaricus e Streptococcus thermophilus. Este alimento \u00e9 amplamente reconhecido por seus benef\u00edcios \u00e0 sa\u00fade, sendo uma excelente fonte de prote\u00ednas, c\u00e1lcio e probi\u00f3ticos. O consumo regular de iogurte natural pode contribuir para a manuten\u00e7\u00e3o de uma flora [&hellip;]<\/p>\n","protected":false},"author":13,"featured_media":45588,"comment_status":"open","ping_status":"open","sticky":false,"template":"","format":"standard","meta":{"jnews-multi-image_gallery":[],"jnews_single_post":{"format":"standard"},"jnews_primary_category":[],"jnews_social_meta":[],"jnews_override_counter":[],"footnotes":""},"categories":[9053],"tags":[8431,3509,8432,415],"class_list":["post-56605","post","type-post","status-publish","format-standard","has-post-thumbnail","hentry","category-saude","tag-iogurte-natural","tag-nutricao","tag-probioticos","tag-saude"],"yoast_head":"<!-- This site is optimized with the Yoast SEO plugin v23.8 - https:\/\/yoast.com\/wordpress\/plugins\/seo\/ -->\n<title>Quer uma dieta equilibrada e com mais sabor? Comece a incluir iogurte natural todos os dias e veja a transforma\u00e7\u00e3o - Estado de Minas - Em foco<\/title>\n<meta name=\"description\" content=\"O iogurte natural fortalece o intestino e a imunidade com nutrientes essenciais. Veja os benef\u00edcios desse alimento completo.\" \/>\n<meta name=\"robots\" content=\"index, follow, max-snippet:-1, max-image-preview:large, max-video-preview:-1\" \/>\n<link rel=\"canonical\" href=\"https:\/\/www.em.com.br\/emfoco\/2025\/06\/09\/quer-uma-dieta-equilibrada-e-com-mais-sabor-comece-a-incluir-iogurte-natural-todos-os-dias-e-veja-a-transformacao\/\" \/>\n<meta property=\"og:locale\" content=\"pt_BR\" \/>\n<meta property=\"og:type\" content=\"article\" \/>\n<meta property=\"og:title\" content=\"Quer uma dieta equilibrada e com mais sabor? Comece a incluir iogurte natural todos os dias e veja a transforma\u00e7\u00e3o - Estado de Minas - Em foco\" \/>\n<meta property=\"og:description\" content=\"O iogurte natural fortalece o intestino e a imunidade com nutrientes essenciais. Veja os benef\u00edcios desse alimento completo.\" \/>\n<meta property=\"og:url\" content=\"https:\/\/www.em.com.br\/emfoco\/2025\/06\/09\/quer-uma-dieta-equilibrada-e-com-mais-sabor-comece-a-incluir-iogurte-natural-todos-os-dias-e-veja-a-transformacao\/\" \/>\n<meta property=\"og:site_name\" content=\"Estado de Minas - Em foco\" \/>\n<meta property=\"article:published_time\" content=\"2025-06-09T19:40:00+00:00\" \/>\n<meta property=\"article:modified_time\" content=\"2025-06-08T13:50:13+00:00\" \/>\n<meta property=\"og:image\" content=\"https:\/\/www.em.com.br\/emfoco\/wp-content\/uploads\/2025\/05\/natural-yogurt_1746710228853.jpg\" \/>\n\t<meta property=\"og:image:width\" content=\"1280\" \/>\n\t<meta property=\"og:image:height\" content=\"720\" \/>\n\t<meta property=\"og:image:type\" content=\"image\/jpeg\" \/>\n<meta name=\"author\" content=\"Gabriel Martins\" \/>\n<meta name=\"twitter:card\" content=\"summary_large_image\" \/>\n<meta name=\"twitter:label1\" content=\"Escrito por\" \/>\n\t<meta name=\"twitter:data1\" content=\"Gabriel Martins\" \/>\n\t<meta name=\"twitter:label2\" content=\"Est. tempo de leitura\" \/>\n\t<meta name=\"twitter:data2\" content=\"4 minutos\" \/>\n<!-- \/ Yoast SEO plugin. -->","yoast_head_json":{"title":"Quer uma dieta equilibrada e com mais sabor? Comece a incluir iogurte natural todos os dias e veja a transforma\u00e7\u00e3o - Estado de Minas - Em foco","description":"O iogurte natural fortalece o intestino e a imunidade com nutrientes essenciais. Veja os benef\u00edcios desse alimento completo.","robots":{"index":"index","follow":"follow","max-snippet":"max-snippet:-1","max-image-preview":"max-image-preview:large","max-video-preview":"max-video-preview:-1"},"canonical":"https:\/\/www.em.com.br\/emfoco\/2025\/06\/09\/quer-uma-dieta-equilibrada-e-com-mais-sabor-comece-a-incluir-iogurte-natural-todos-os-dias-e-veja-a-transformacao\/","og_locale":"pt_BR","og_type":"article","og_title":"Quer uma dieta equilibrada e com mais sabor? Comece a incluir iogurte natural todos os dias e veja a transforma\u00e7\u00e3o - Estado de Minas - Em foco","og_description":"O iogurte natural fortalece o intestino e a imunidade com nutrientes essenciais. Veja os benef\u00edcios desse alimento completo.","og_url":"https:\/\/www.em.com.br\/emfoco\/2025\/06\/09\/quer-uma-dieta-equilibrada-e-com-mais-sabor-comece-a-incluir-iogurte-natural-todos-os-dias-e-veja-a-transformacao\/","og_site_name":"Estado de Minas - Em foco","article_published_time":"2025-06-09T19:40:00+00:00","article_modified_time":"2025-06-08T13:50:13+00:00","og_image":[{"width":1280,"height":720,"url":"https:\/\/www.em.com.br\/emfoco\/wp-content\/uploads\/2025\/05\/natural-yogurt_1746710228853.jpg","type":"image\/jpeg"}],"author":"Gabriel Martins","twitter_card":"summary_large_image","twitter_misc":{"Escrito por":"Gabriel Martins","Est. tempo de leitura":"4 minutos"},"schema":{"@context":"https:\/\/schema.org","@graph":[{"@type":"WebPage","@id":"https:\/\/www.em.com.br\/emfoco\/2025\/06\/09\/quer-uma-dieta-equilibrada-e-com-mais-sabor-comece-a-incluir-iogurte-natural-todos-os-dias-e-veja-a-transformacao\/","url":"https:\/\/www.em.com.br\/emfoco\/2025\/06\/09\/quer-uma-dieta-equilibrada-e-com-mais-sabor-comece-a-incluir-iogurte-natural-todos-os-dias-e-veja-a-transformacao\/","name":"Quer uma dieta equilibrada e com mais sabor? Comece a incluir iogurte natural todos os dias e veja a transforma\u00e7\u00e3o - Estado de Minas - Em foco","isPartOf":{"@id":"https:\/\/www.em.com.br\/emfoco\/#website"},"primaryImageOfPage":{"@id":"https:\/\/www.em.com.br\/emfoco\/2025\/06\/09\/quer-uma-dieta-equilibrada-e-com-mais-sabor-comece-a-incluir-iogurte-natural-todos-os-dias-e-veja-a-transformacao\/#primaryimage"},"image":{"@id":"https:\/\/www.em.com.br\/emfoco\/2025\/06\/09\/quer-uma-dieta-equilibrada-e-com-mais-sabor-comece-a-incluir-iogurte-natural-todos-os-dias-e-veja-a-transformacao\/#primaryimage"},"thumbnailUrl":"https:\/\/www.em.com.br\/emfoco\/wp-content\/uploads\/2025\/05\/natural-yogurt_1746710228853.jpg","datePublished":"2025-06-09T19:40:00+00:00","dateModified":"2025-06-08T13:50:13+00:00","author":{"@id":"https:\/\/www.em.com.br\/emfoco\/#\/schema\/person\/1c9ddeab18b98abeffef834667bcf08a"},"description":"O iogurte natural fortalece o intestino e a imunidade com nutrientes essenciais. Veja os benef\u00edcios desse alimento completo.","breadcrumb":{"@id":"https:\/\/www.em.com.br\/emfoco\/2025\/06\/09\/quer-uma-dieta-equilibrada-e-com-mais-sabor-comece-a-incluir-iogurte-natural-todos-os-dias-e-veja-a-transformacao\/#breadcrumb"},"inLanguage":"pt-BR","potentialAction":[{"@type":"ReadAction","target":["https:\/\/www.em.com.br\/emfoco\/2025\/06\/09\/quer-uma-dieta-equilibrada-e-com-mais-sabor-comece-a-incluir-iogurte-natural-todos-os-dias-e-veja-a-transformacao\/"]}]},{"@type":"ImageObject","inLanguage":"pt-BR","@id":"https:\/\/www.em.com.br\/emfoco\/2025\/06\/09\/quer-uma-dieta-equilibrada-e-com-mais-sabor-comece-a-incluir-iogurte-natural-todos-os-dias-e-veja-a-transformacao\/#primaryimage","url":"https:\/\/www.em.com.br\/emfoco\/wp-content\/uploads\/2025\/05\/natural-yogurt_1746710228853.jpg","contentUrl":"https:\/\/www.em.com.br\/emfoco\/wp-content\/uploads\/2025\/05\/natural-yogurt_1746710228853.jpg","width":1280,"height":720,"caption":"Microbiota intestinal fortalecida que melhora a resposta imune - Cr\u00e9ditos: depositphotos.com \/ ivan_dzyuba"},{"@type":"BreadcrumbList","@id":"https:\/\/www.em.com.br\/emfoco\/2025\/06\/09\/quer-uma-dieta-equilibrada-e-com-mais-sabor-comece-a-incluir-iogurte-natural-todos-os-dias-e-veja-a-transformacao\/#breadcrumb","itemListElement":[{"@type":"ListItem","position":1,"name":"In\u00edcio","item":"https:\/\/www.em.com.br\/emfoco\/"},{"@type":"ListItem","position":2,"name":"Quer uma dieta equilibrada e com mais sabor? Comece a incluir iogurte natural todos os dias e veja a transforma\u00e7\u00e3o"}]},{"@type":"WebSite","@id":"https:\/\/www.em.com.br\/emfoco\/#website","url":"https:\/\/www.em.com.br\/emfoco\/","name":"Estado de Minas - Em foco","description":"Acompanhe as \u00faltimas not\u00edcias e fique bem informado sobre tudo o que acontece em Minas Gerais, Brasil e no mundo.","potentialAction":[{"@type":"SearchAction","target":{"@type":"EntryPoint","urlTemplate":"https:\/\/www.em.com.br\/emfoco\/?s={search_term_string}"},"query-input":{"@type":"PropertyValueSpecification","valueRequired":true,"valueName":"search_term_string"}}],"inLanguage":"pt-BR"},{"@type":"Person","@id":"https:\/\/www.em.com.br\/emfoco\/#\/schema\/person\/1c9ddeab18b98abeffef834667bcf08a","name":"Gabriel Martins","image":{"@type":"ImageObject","inLanguage":"pt-BR","@id":"https:\/\/www.em.com.br\/emfoco\/#\/schema\/person\/image\/","url":"https:\/\/secure.gravatar.com\/avatar\/f0f1e2efdfd88f1ad2cb08c5c2731e50?s=96&d=mm&r=g","contentUrl":"https:\/\/secure.gravatar.com\/avatar\/f0f1e2efdfd88f1ad2cb08c5c2731e50?s=96&d=mm&r=g","caption":"Gabriel Martins"},"sameAs":["https:\/\/www.em.com.br\/emfoco\/"],"url":"https:\/\/www.em.com.br\/emfoco\/author\/gabrielmartinsmyth\/"}]}},"_links":{"self":[{"href":"https:\/\/www.em.com.br\/emfoco\/wp-json\/wp\/v2\/posts\/56605","targetHints":{"allow":["GET"]}}],"collection":[{"href":"https:\/\/www.em.com.br\/emfoco\/wp-json\/wp\/v2\/posts"}],"about":[{"href":"https:\/\/www.em.com.br\/emfoco\/wp-json\/wp\/v2\/types\/post"}],"author":[{"embeddable":true,"href":"https:\/\/www.em.com.br\/emfoco\/wp-json\/wp\/v2\/users\/13"}],"replies":[{"embeddable":true,"href":"https:\/\/www.em.com.br\/emfoco\/wp-json\/wp\/v2\/comments?post=56605"}],"version-history":[{"count":2,"href":"https:\/\/www.em.com.br\/emfoco\/wp-json\/wp\/v2\/posts\/56605\/revisions"}],"predecessor-version":[{"id":56635,"href":"https:\/\/www.em.com.br\/emfoco\/wp-json\/wp\/v2\/posts\/56605\/revisions\/56635"}],"wp:featuredmedia":[{"embeddable":true,"href":"https:\/\/www.em.com.br\/emfoco\/wp-json\/wp\/v2\/media\/45588"}],"wp:attachment":[{"href":"https:\/\/www.em.com.br\/emfoco\/wp-json\/wp\/v2\/media?parent=56605"}],"wp:term":[{"taxonomy":"category","embeddable":true,"href":"https:\/\/www.em.com.br\/emfoco\/wp-json\/wp\/v2\/categories?post=56605"},{"taxonomy":"post_tag","embeddable":true,"href":"https:\/\/www.em.com.br\/emfoco\/wp-json\/wp\/v2\/tags?post=56605"}],"curies":[{"name":"wp","href":"https:\/\/api.w.org\/{rel}","templated":true}]}}