{"id":56281,"date":"2025-06-07T18:10:34","date_gmt":"2025-06-07T21:10:34","guid":{"rendered":"https:\/\/www.em.com.br\/emfoco\/?p=56281"},"modified":"2025-06-06T20:03:05","modified_gmt":"2025-06-06T23:03:05","slug":"voce-sabe-de-onde-veio-o-a-origem-surpreende-ate-hoje","status":"publish","type":"post","link":"https:\/\/www.em.com.br\/emfoco\/2025\/06\/07\/voce-sabe-de-onde-veio-o-a-origem-surpreende-ate-hoje\/","title":{"rendered":"Voc\u00ea sabe de onde veio o @? A origem surpreende at\u00e9 hoje"},"content":{"rendered":"\n<p>O s\u00edmbolo <strong>@<\/strong>, amplamente reconhecido hoje em dia, tem uma <a href=\"https:\/\/exame.com\/hub-faculdade-exame\/humano-vs-maquina-proliferacao-tecnologia\/\" target=\"_blank\" rel=\"noreferrer noopener\">hist\u00f3ria <\/a>rica e multifacetada. Sua origem remonta a s\u00e9culos atr\u00e1s, sendo utilizado inicialmente por mercadores <a href=\"https:\/\/www.em.com.br\/emfoco\/2025\/06\/02\/voce-sabe-onde-fica-o-berco-da-civilizacao-ocidental-conheca-essa-capital-e-entenda-sua-historia\/\" target=\"_blank\" rel=\"noreferrer noopener\">europeus <\/a>durante a Idade M\u00e9dia. Naquela \u00e9poca, o s\u00edmbolo era empregado como uma abrevia\u00e7\u00e3o para a palavra latina &#8220;ad&#8221;, que significa &#8220;a&#8221; ou &#8220;em dire\u00e7\u00e3o a&#8221;. Essa utiliza\u00e7\u00e3o facilitava a comunica\u00e7\u00e3o em transa\u00e7\u00f5es comerciais, especialmente na <strong>Espanha<\/strong> e em <strong>Portugal<\/strong>.<\/p>\n\n\n\n<p>Com o passar do tempo, o @ foi incorporado a outros contextos. Nos <strong>Estados Unidos<\/strong>, por exemplo, ele foi adotado como uma unidade de medida para o peso de produtos agr\u00edcolas, como o trigo. Essa versatilidade hist\u00f3rica do s\u00edmbolo demonstra sua capacidade de adapta\u00e7\u00e3o a diferentes necessidades ao longo dos anos, preparando o terreno para seu uso moderno e global.<\/p>\n\n\n\n<h2 class=\"wp-block-heading\">Como o @ se tornou um s\u00edmbolo global?<\/h2>\n\n\n\n<p>A transforma\u00e7\u00e3o do @ em um s\u00edmbolo global ocorreu com o advento da internet e do correio eletr\u00f4nico. Em <strong>1971<\/strong>, <strong>Ray Tomlinson<\/strong>, um programador americano, escolheu o @ para separar o nome do usu\u00e1rio do nome do servidor em endere\u00e7os de e-mail. Essa escolha foi feita porque o s\u00edmbolo n\u00e3o era amplamente utilizado em outros contextos computacionais, evitando confus\u00f5es.<\/p>\n\n\n\n<p>O uso do @ em endere\u00e7os de e-mail rapidamente se espalhou com a populariza\u00e7\u00e3o da internet, tornando-se um elemento essencial da comunica\u00e7\u00e3o digital. Sua presen\u00e7a em plataformas de redes sociais, como o <strong>Twitter<\/strong>, onde \u00e9 usado para mencionar outros usu\u00e1rios, consolidou ainda mais seu status como um \u00edcone universalmente reconhecido.<\/p>\n\n\n\n<h2 class=\"wp-block-heading\">Por que o @ foi escolhido para e-mails?<\/h2>\n\n\n\n<p>A escolha do @ para separar o nome do usu\u00e1rio do servidor em endere\u00e7os de e-mail foi uma decis\u00e3o pr\u00e1tica. Ray Tomlinson buscava um s\u00edmbolo que n\u00e3o fosse amplamente utilizado em outros contextos, evitando assim conflitos com a sintaxe de programa\u00e7\u00e3o. O @, que j\u00e1 estava presente nos teclados, era uma escolha l\u00f3gica e dispon\u00edvel.<\/p>\n\n\n\n<p>Al\u00e9m disso, o significado original do @ como &#8220;em dire\u00e7\u00e3o a&#8221; ou &#8220;em&#8221; fazia sentido no contexto dos e-mails, indicando que a mensagem estava sendo enviada &#8220;em dire\u00e7\u00e3o a&#8221; um servidor espec\u00edfico. Essa combina\u00e7\u00e3o de disponibilidade e significado tornou o @ a escolha ideal para o novo sistema de comunica\u00e7\u00e3o.<\/p>\n\n\n\n<figure class=\"wp-block-image size-large\"><img loading=\"lazy\" decoding=\"async\" width=\"1024\" height=\"576\" src=\"https:\/\/www.em.com.br\/emfoco\/wp-content\/uploads\/2025\/06\/e-mail_1749146300191-1024x576.jpg\" alt=\"Voc\u00ea sabe de onde veio o @? A origem surpreende at\u00e9 hoje\" class=\"wp-image-56290\" srcset=\"https:\/\/www.em.com.br\/emfoco\/wp-content\/uploads\/2025\/06\/e-mail_1749146300191-1024x576.jpg 1024w, https:\/\/www.em.com.br\/emfoco\/wp-content\/uploads\/2025\/06\/e-mail_1749146300191-300x169.jpg 300w, https:\/\/www.em.com.br\/emfoco\/wp-content\/uploads\/2025\/06\/e-mail_1749146300191-768x432.jpg 768w, https:\/\/www.em.com.br\/emfoco\/wp-content\/uploads\/2025\/06\/e-mail_1749146300191-750x422.jpg 750w, https:\/\/www.em.com.br\/emfoco\/wp-content\/uploads\/2025\/06\/e-mail_1749146300191-1140x641.jpg 1140w, https:\/\/www.em.com.br\/emfoco\/wp-content\/uploads\/2025\/06\/e-mail_1749146300191.jpg 1280w\" sizes=\"auto, (max-width: 1024px) 100vw, 1024px\" \/><figcaption class=\"wp-element-caption\">Digitando &#8211; Cr\u00e9ditos: depositphotos.com \/ AllaSerebrina<\/figcaption><\/figure>\n\n\n\n<h2 class=\"wp-block-heading\">Qual \u00e9 o impacto cultural do @?<\/h2>\n\n\n\n<p>O @ transcendeu seu uso t\u00e9cnico para se tornar um s\u00edmbolo culturalmente significativo. Em muitos idiomas, ele ganhou apelidos carinhosos, como &#8220;arroba&#8221; em portugu\u00eas e &#8220;snabel-a&#8221; em sueco, que significa &#8220;a com tromba&#8221;. Essa personifica\u00e7\u00e3o do s\u00edmbolo reflete sua integra\u00e7\u00e3o na vida cotidiana das pessoas ao redor do mundo.<\/p>\n\n\n\n<p>Al\u00e9m disso, o @ \u00e9 frequentemente utilizado em arte e design gr\u00e1fico, simbolizando a era digital e a conectividade global. Sua presen\u00e7a em logotipos e campanhas publicit\u00e1rias destaca sua relev\u00e2ncia como um \u00edcone da modernidade e da comunica\u00e7\u00e3o instant\u00e2nea.<\/p>\n\n\n\n<h2 class=\"wp-block-heading\">O @ tem outros usos al\u00e9m do e-mail?<\/h2>\n\n\n\n<p>Sim, o @ encontrou diversos usos al\u00e9m do e-mail. Em plataformas de redes sociais, ele \u00e9 amplamente utilizado para mencionar ou &#8220;taggear&#8221; outros usu\u00e1rios, facilitando a intera\u00e7\u00e3o e a comunica\u00e7\u00e3o. Isso \u00e9 particularmente comum no Twitter, onde o @ \u00e9 um elemento central da din\u00e2mica de conversa\u00e7\u00e3o.<\/p>\n\n\n\n<p>Al\u00e9m disso, o @ \u00e9 usado em programa\u00e7\u00e3o e desenvolvimento de software, especialmente em linguagens como <strong>Python<\/strong> e <strong>Java<\/strong>, onde pode indicar decoradores ou anota\u00e7\u00f5es. Sua versatilidade e simplicidade continuam a garantir seu uso em diversos contextos tecnol\u00f3gicos.<\/p>\n\n\n\n<h2 class=\"wp-block-heading\">Como o @ \u00e9 visto em diferentes culturas?<\/h2>\n\n\n\n<p>O @ \u00e9 visto de maneiras variadas em diferentes culturas, muitas vezes recebendo nomes que refletem caracter\u00edsticas f\u00edsicas ou culturais. Na <strong>Alemanha<\/strong>, por exemplo, \u00e9 chamado de &#8220;Klammeraffe&#8221;, que significa &#8220;macaco-aranha&#8221;, devido \u00e0 sua forma. Na <strong>It\u00e1lia<\/strong>, \u00e9 conhecido como &#8220;chiocciola&#8221;, que significa &#8220;caracol&#8221;.<\/p>\n\n\n\n<p>Esses nomes criativos e variados demonstram como o @ foi adotado e adaptado por diferentes culturas, cada uma trazendo seu pr\u00f3prio toque ao s\u00edmbolo. Essa diversidade de interpreta\u00e7\u00f5es destaca a universalidade do @ como um \u00edcone de comunica\u00e7\u00e3o global.<\/p>\n\n\n\n<h2 class=\"wp-block-heading\">Perguntas e respostas<\/h2>\n\n\n\n<ol class=\"wp-block-list\">\n<li><strong>Qual era o uso original do @ na Idade M\u00e9dia?<\/strong> <br>Era usado como uma abrevia\u00e7\u00e3o para a palavra latina &#8220;ad&#8221;, significando &#8220;a&#8221; ou &#8220;em dire\u00e7\u00e3o a&#8221;.<\/li>\n\n\n\n<li><strong>Quem foi respons\u00e1vel por popularizar o @ em endere\u00e7os de e-mail?<\/strong> <br>Ray Tomlinson, um programador americano, foi quem escolheu o @ para separar o nome do usu\u00e1rio do servidor.<\/li>\n\n\n\n<li><strong>Como o @ \u00e9 utilizado em redes sociais?<\/strong> <br>Ele \u00e9 usado para mencionar ou &#8220;taggear&#8221; outros usu\u00e1rios, facilitando a intera\u00e7\u00e3o.<\/li>\n\n\n\n<li><strong>Quais s\u00e3o alguns dos apelidos do @ em diferentes idiomas?<\/strong> <br>Em portugu\u00eas \u00e9 &#8220;arroba&#8221;, em sueco \u00e9 &#8220;snabel-a&#8221;, e em italiano \u00e9 &#8220;chiocciola&#8221;.<\/li>\n\n\n\n<li><strong>O @ tem aplica\u00e7\u00f5es em programa\u00e7\u00e3o?<\/strong> <br>Sim, \u00e9 usado em linguagens como Python e Java para indicar decoradores ou anota\u00e7\u00f5es.<\/li>\n<\/ol>\n","protected":false},"excerpt":{"rendered":"<p>O s\u00edmbolo @, amplamente reconhecido hoje em dia, tem uma hist\u00f3ria rica e multifacetada. Sua origem remonta a s\u00e9culos atr\u00e1s, sendo utilizado inicialmente por mercadores europeus durante a Idade M\u00e9dia. Naquela \u00e9poca, o s\u00edmbolo era empregado como uma abrevia\u00e7\u00e3o para a palavra latina &#8220;ad&#8221;, que significa &#8220;a&#8221; ou &#8220;em dire\u00e7\u00e3o a&#8221;. Essa utiliza\u00e7\u00e3o facilitava a [&hellip;]<\/p>\n","protected":false},"author":18,"featured_media":56287,"comment_status":"open","ping_status":"open","sticky":false,"template":"","format":"standard","meta":{"jnews-multi-image_gallery":[],"jnews_single_post":{"format":"standard"},"jnews_primary_category":[],"jnews_social_meta":[],"jnews_override_counter":[],"footnotes":""},"categories":[4204],"tags":[4313,237,161],"class_list":["post-56281","post","type-post","status-publish","format-standard","has-post-thumbnail","hentry","category-tecnologia","tag-computador","tag-historia","tag-tecnologia"],"yoast_head":"<!-- This site is optimized with the Yoast SEO plugin v23.8 - https:\/\/yoast.com\/wordpress\/plugins\/seo\/ -->\n<title>Voc\u00ea sabe de onde veio o @? A origem surpreende at\u00e9 hoje - Estado de Minas - Em foco<\/title>\n<meta name=\"description\" content=\"O @ virou sin\u00f4nimo de internet, mas sua hist\u00f3ria come\u00e7ou s\u00e9culos antes. Veja curiosidades e usos que v\u00e3o al\u00e9m do digital.\" \/>\n<meta name=\"robots\" content=\"index, follow, max-snippet:-1, max-image-preview:large, max-video-preview:-1\" \/>\n<link rel=\"canonical\" href=\"https:\/\/www.em.com.br\/emfoco\/2025\/06\/07\/voce-sabe-de-onde-veio-o-a-origem-surpreende-ate-hoje\/\" \/>\n<meta property=\"og:locale\" content=\"pt_BR\" \/>\n<meta property=\"og:type\" content=\"article\" \/>\n<meta property=\"og:title\" content=\"Voc\u00ea sabe de onde veio o @? A origem surpreende at\u00e9 hoje - Estado de Minas - Em foco\" \/>\n<meta property=\"og:description\" content=\"O @ virou sin\u00f4nimo de internet, mas sua hist\u00f3ria come\u00e7ou s\u00e9culos antes. Veja curiosidades e usos que v\u00e3o al\u00e9m do digital.\" \/>\n<meta property=\"og:url\" content=\"https:\/\/www.em.com.br\/emfoco\/2025\/06\/07\/voce-sabe-de-onde-veio-o-a-origem-surpreende-ate-hoje\/\" \/>\n<meta property=\"og:site_name\" content=\"Estado de Minas - Em foco\" \/>\n<meta property=\"article:published_time\" content=\"2025-06-07T21:10:34+00:00\" \/>\n<meta property=\"article:modified_time\" content=\"2025-06-06T23:03:05+00:00\" \/>\n<meta property=\"og:image\" content=\"https:\/\/www.em.com.br\/emfoco\/wp-content\/uploads\/2025\/06\/e-mails_1749146213475.jpg\" \/>\n\t<meta property=\"og:image:width\" content=\"1280\" \/>\n\t<meta property=\"og:image:height\" content=\"720\" \/>\n\t<meta property=\"og:image:type\" content=\"image\/jpeg\" \/>\n<meta name=\"author\" content=\"Julio Cesar\" \/>\n<meta name=\"twitter:card\" content=\"summary_large_image\" \/>\n<meta name=\"twitter:label1\" content=\"Escrito por\" \/>\n\t<meta name=\"twitter:data1\" content=\"Julio Cesar\" \/>\n\t<meta name=\"twitter:label2\" content=\"Est. tempo de leitura\" \/>\n\t<meta name=\"twitter:data2\" content=\"5 minutos\" \/>\n<!-- \/ Yoast SEO plugin. -->","yoast_head_json":{"title":"Voc\u00ea sabe de onde veio o @? A origem surpreende at\u00e9 hoje - Estado de Minas - Em foco","description":"O @ virou sin\u00f4nimo de internet, mas sua hist\u00f3ria come\u00e7ou s\u00e9culos antes. Veja curiosidades e usos que v\u00e3o al\u00e9m do digital.","robots":{"index":"index","follow":"follow","max-snippet":"max-snippet:-1","max-image-preview":"max-image-preview:large","max-video-preview":"max-video-preview:-1"},"canonical":"https:\/\/www.em.com.br\/emfoco\/2025\/06\/07\/voce-sabe-de-onde-veio-o-a-origem-surpreende-ate-hoje\/","og_locale":"pt_BR","og_type":"article","og_title":"Voc\u00ea sabe de onde veio o @? A origem surpreende at\u00e9 hoje - Estado de Minas - Em foco","og_description":"O @ virou sin\u00f4nimo de internet, mas sua hist\u00f3ria come\u00e7ou s\u00e9culos antes. Veja curiosidades e usos que v\u00e3o al\u00e9m do digital.","og_url":"https:\/\/www.em.com.br\/emfoco\/2025\/06\/07\/voce-sabe-de-onde-veio-o-a-origem-surpreende-ate-hoje\/","og_site_name":"Estado de Minas - Em foco","article_published_time":"2025-06-07T21:10:34+00:00","article_modified_time":"2025-06-06T23:03:05+00:00","og_image":[{"width":1280,"height":720,"url":"https:\/\/www.em.com.br\/emfoco\/wp-content\/uploads\/2025\/06\/e-mails_1749146213475.jpg","type":"image\/jpeg"}],"author":"Julio Cesar","twitter_card":"summary_large_image","twitter_misc":{"Escrito por":"Julio Cesar","Est. tempo de leitura":"5 minutos"},"schema":{"@context":"https:\/\/schema.org","@graph":[{"@type":"WebPage","@id":"https:\/\/www.em.com.br\/emfoco\/2025\/06\/07\/voce-sabe-de-onde-veio-o-a-origem-surpreende-ate-hoje\/","url":"https:\/\/www.em.com.br\/emfoco\/2025\/06\/07\/voce-sabe-de-onde-veio-o-a-origem-surpreende-ate-hoje\/","name":"Voc\u00ea sabe de onde veio o @? A origem surpreende at\u00e9 hoje - Estado de Minas - Em foco","isPartOf":{"@id":"https:\/\/www.em.com.br\/emfoco\/#website"},"primaryImageOfPage":{"@id":"https:\/\/www.em.com.br\/emfoco\/2025\/06\/07\/voce-sabe-de-onde-veio-o-a-origem-surpreende-ate-hoje\/#primaryimage"},"image":{"@id":"https:\/\/www.em.com.br\/emfoco\/2025\/06\/07\/voce-sabe-de-onde-veio-o-a-origem-surpreende-ate-hoje\/#primaryimage"},"thumbnailUrl":"https:\/\/www.em.com.br\/emfoco\/wp-content\/uploads\/2025\/06\/e-mails_1749146213475.jpg","datePublished":"2025-06-07T21:10:34+00:00","dateModified":"2025-06-06T23:03:05+00:00","author":{"@id":"https:\/\/www.em.com.br\/emfoco\/#\/schema\/person\/08c4a03e38018bbab9038d5f788321fc"},"description":"O @ virou sin\u00f4nimo de internet, mas sua hist\u00f3ria come\u00e7ou s\u00e9culos antes. Veja curiosidades e usos que v\u00e3o al\u00e9m do digital.","breadcrumb":{"@id":"https:\/\/www.em.com.br\/emfoco\/2025\/06\/07\/voce-sabe-de-onde-veio-o-a-origem-surpreende-ate-hoje\/#breadcrumb"},"inLanguage":"pt-BR","potentialAction":[{"@type":"ReadAction","target":["https:\/\/www.em.com.br\/emfoco\/2025\/06\/07\/voce-sabe-de-onde-veio-o-a-origem-surpreende-ate-hoje\/"]}]},{"@type":"ImageObject","inLanguage":"pt-BR","@id":"https:\/\/www.em.com.br\/emfoco\/2025\/06\/07\/voce-sabe-de-onde-veio-o-a-origem-surpreende-ate-hoje\/#primaryimage","url":"https:\/\/www.em.com.br\/emfoco\/wp-content\/uploads\/2025\/06\/e-mails_1749146213475.jpg","contentUrl":"https:\/\/www.em.com.br\/emfoco\/wp-content\/uploads\/2025\/06\/e-mails_1749146213475.jpg","width":1280,"height":720,"caption":"Arroba - Cr\u00e9ditos: depositphotos.com \/ jbouzou"},{"@type":"BreadcrumbList","@id":"https:\/\/www.em.com.br\/emfoco\/2025\/06\/07\/voce-sabe-de-onde-veio-o-a-origem-surpreende-ate-hoje\/#breadcrumb","itemListElement":[{"@type":"ListItem","position":1,"name":"In\u00edcio","item":"https:\/\/www.em.com.br\/emfoco\/"},{"@type":"ListItem","position":2,"name":"Voc\u00ea sabe de onde veio o @? A origem surpreende at\u00e9 hoje"}]},{"@type":"WebSite","@id":"https:\/\/www.em.com.br\/emfoco\/#website","url":"https:\/\/www.em.com.br\/emfoco\/","name":"Estado de Minas - Em foco","description":"Acompanhe as \u00faltimas not\u00edcias e fique bem informado sobre tudo o que acontece em Minas Gerais, Brasil e no mundo.","potentialAction":[{"@type":"SearchAction","target":{"@type":"EntryPoint","urlTemplate":"https:\/\/www.em.com.br\/emfoco\/?s={search_term_string}"},"query-input":{"@type":"PropertyValueSpecification","valueRequired":true,"valueName":"search_term_string"}}],"inLanguage":"pt-BR"},{"@type":"Person","@id":"https:\/\/www.em.com.br\/emfoco\/#\/schema\/person\/08c4a03e38018bbab9038d5f788321fc","name":"Julio Cesar","image":{"@type":"ImageObject","inLanguage":"pt-BR","@id":"https:\/\/www.em.com.br\/emfoco\/#\/schema\/person\/image\/","url":"https:\/\/secure.gravatar.com\/avatar\/ab1ea64f0d4f4c1385f8ef10d5a6e758?s=96&d=mm&r=g","contentUrl":"https:\/\/secure.gravatar.com\/avatar\/ab1ea64f0d4f4c1385f8ef10d5a6e758?s=96&d=mm&r=g","caption":"Julio Cesar"},"url":"https:\/\/www.em.com.br\/emfoco\/author\/juliomyth\/"}]}},"_links":{"self":[{"href":"https:\/\/www.em.com.br\/emfoco\/wp-json\/wp\/v2\/posts\/56281","targetHints":{"allow":["GET"]}}],"collection":[{"href":"https:\/\/www.em.com.br\/emfoco\/wp-json\/wp\/v2\/posts"}],"about":[{"href":"https:\/\/www.em.com.br\/emfoco\/wp-json\/wp\/v2\/types\/post"}],"author":[{"embeddable":true,"href":"https:\/\/www.em.com.br\/emfoco\/wp-json\/wp\/v2\/users\/18"}],"replies":[{"embeddable":true,"href":"https:\/\/www.em.com.br\/emfoco\/wp-json\/wp\/v2\/comments?post=56281"}],"version-history":[{"count":1,"href":"https:\/\/www.em.com.br\/emfoco\/wp-json\/wp\/v2\/posts\/56281\/revisions"}],"predecessor-version":[{"id":56292,"href":"https:\/\/www.em.com.br\/emfoco\/wp-json\/wp\/v2\/posts\/56281\/revisions\/56292"}],"wp:featuredmedia":[{"embeddable":true,"href":"https:\/\/www.em.com.br\/emfoco\/wp-json\/wp\/v2\/media\/56287"}],"wp:attachment":[{"href":"https:\/\/www.em.com.br\/emfoco\/wp-json\/wp\/v2\/media?parent=56281"}],"wp:term":[{"taxonomy":"category","embeddable":true,"href":"https:\/\/www.em.com.br\/emfoco\/wp-json\/wp\/v2\/categories?post=56281"},{"taxonomy":"post_tag","embeddable":true,"href":"https:\/\/www.em.com.br\/emfoco\/wp-json\/wp\/v2\/tags?post=56281"}],"curies":[{"name":"wp","href":"https:\/\/api.w.org\/{rel}","templated":true}]}}