{"id":56245,"date":"2025-06-07T20:20:00","date_gmt":"2025-06-07T23:20:00","guid":{"rendered":"https:\/\/www.em.com.br\/emfoco\/?p=56245"},"modified":"2025-06-06T19:42:14","modified_gmt":"2025-06-06T22:42:14","slug":"a-lua-de-morango-acontece-na-proxima-terca-10-e-com-misterio-que-so-acontece-a-cada-18-anos","status":"publish","type":"post","link":"https:\/\/www.em.com.br\/emfoco\/2025\/06\/07\/a-lua-de-morango-acontece-na-proxima-terca-10-e-com-misterio-que-so-acontece-a-cada-18-anos\/","title":{"rendered":"A Lua de Morango acontece na pr\u00f3xima ter\u00e7a (10) e com mist\u00e9rio que s\u00f3 acontece a cada 18 anos"},"content":{"rendered":"\n<p>Em junho de\u00a0<strong>2025<\/strong>, um evento astron\u00f4mico especial, conhecido como\u00a0<strong><a href=\"https:\/\/www.tecmundo.com.br\/ciencia\/404947-lua-de-morango-a-lua-cheia-mais-alta-em-decadas-acontece-na-proxima-terca-10.htm\" target=\"_blank\" rel=\"noreferrer noopener\">Lua de Morango<\/a><\/strong>, iluminar\u00e1 o c\u00e9u noturno. Este fen\u00f4meno ocorre quando a \u00faltima lua cheia da primavera no hemisf\u00e9rio Norte se torna vis\u00edvel, oferecendo uma vis\u00e3o deslumbrante para observadores em todo o mundo. A Lua de Morango deste ano ser\u00e1 not\u00e1vel por sua posi\u00e7\u00e3o no c\u00e9u, sendo uma das mais baixas vistas no hemisf\u00e9rio Norte em d\u00e9cadas.<\/p>\n\n\n\n<p>O nome &#8220;Lua de Morango&#8221; tem origem nas tradi\u00e7\u00f5es dos povos nativos da&nbsp;<strong>Am\u00e9rica do Norte<\/strong>, que associavam a lua cheia de junho \u00e0 \u00e9poca de colheita de morangos. No entanto, este nome n\u00e3o \u00e9 utilizado no hemisf\u00e9rio Sul, onde a lua cheia de junho n\u00e3o possui uma designa\u00e7\u00e3o espec\u00edfica. Este evento oferece uma oportunidade \u00fanica para apreciar a beleza do c\u00e9u e explorar as tradi\u00e7\u00f5es culturais associadas a ele.<\/p>\n\n\n\n<h2 class=\"wp-block-heading\">O que \u00e9 a grande paralisa\u00e7\u00e3o lunar?<\/h2>\n\n\n\n<p>A Lua de Morango de 2025 coincide com um fen\u00f4meno chamado grande paralisa\u00e7\u00e3o lunar. Este evento ocorre a cada&nbsp;<strong>18,6 anos<\/strong>&nbsp;e \u00e9 caracterizado por uma oscila\u00e7\u00e3o na \u00f3rbita da Lua, influenciada pela gravidade do Sol. Durante este ciclo, a Lua atinge posi\u00e7\u00f5es extremas no c\u00e9u, aparecendo mais baixa ou mais alta do que o normal, dependendo do hemisf\u00e9rio.<\/p>\n\n\n\n<p>No hemisf\u00e9rio Norte, a Lua de Morango ser\u00e1 uma das mais baixas no c\u00e9u em d\u00e9cadas, enquanto no hemisf\u00e9rio Sul, ela ser\u00e1 uma das mais altas. Este fen\u00f4meno n\u00e3o s\u00f3 oferece uma vis\u00e3o espetacular, mas tamb\u00e9m destaca a complexidade dos movimentos celestiais e sua influ\u00eancia na observa\u00e7\u00e3o astron\u00f4mica.<\/p>\n\n\n\n<figure class=\"wp-block-image size-large\"><img loading=\"lazy\" decoding=\"async\" width=\"1024\" height=\"576\" src=\"https:\/\/www.em.com.br\/emfoco\/wp-content\/uploads\/2025\/06\/Lua-de-Morango_1749150612253-1024x576.jpg\" alt=\"\" class=\"wp-image-56308\" srcset=\"https:\/\/www.em.com.br\/emfoco\/wp-content\/uploads\/2025\/06\/Lua-de-Morango_1749150612253-1024x576.jpg 1024w, https:\/\/www.em.com.br\/emfoco\/wp-content\/uploads\/2025\/06\/Lua-de-Morango_1749150612253-300x169.jpg 300w, https:\/\/www.em.com.br\/emfoco\/wp-content\/uploads\/2025\/06\/Lua-de-Morango_1749150612253-768x432.jpg 768w, https:\/\/www.em.com.br\/emfoco\/wp-content\/uploads\/2025\/06\/Lua-de-Morango_1749150612253-750x422.jpg 750w, https:\/\/www.em.com.br\/emfoco\/wp-content\/uploads\/2025\/06\/Lua-de-Morango_1749150612253-1140x641.jpg 1140w, https:\/\/www.em.com.br\/emfoco\/wp-content\/uploads\/2025\/06\/Lua-de-Morango_1749150612253.jpg 1280w\" sizes=\"auto, (max-width: 1024px) 100vw, 1024px\" \/><figcaption class=\"wp-element-caption\">Lua de Morango &#8211; Cr\u00e9ditos: depositphotos.com \/ Chayananelixir@gmail.com<\/figcaption><\/figure>\n\n\n\n<h2 class=\"wp-block-heading\">Por que a Lua de Morango \u00e9 especial?<\/h2>\n\n\n\n<p>A Lua de Morango n\u00e3o \u00e9 apenas um evento visualmente impressionante, mas tamb\u00e9m um momento de conex\u00e3o cultural e hist\u00f3rica. O nome foi popularizado pela revista&nbsp;<strong>Maine Farmer&#8217;s Almanac<\/strong>, que desde&nbsp;<strong>1818<\/strong>&nbsp;tem documentado tradi\u00e7\u00f5es e nomes dados \u00e0s luas cheias por diversas culturas ind\u00edgenas. Al\u00e9m de &#8220;Lua de Morango&#8221;, outros nomes incluem Lua das Flores, Lua Quente e Lua do Plantio, refletindo a diversidade de interpreta\u00e7\u00f5es culturais.<\/p>\n\n\n\n<p>Na&nbsp;<strong>Europa<\/strong>, o m\u00eas de junho tamb\u00e9m est\u00e1 associado \u00e0 colheita de mel, o que levou ao nome Lua de Mel ou Lua de Hidromel. Este \u00faltimo termo refere-se a uma bebida fermentada de \u00e1gua e mel, considerada uma das mais antigas do mundo. Assim, a Lua de Morango \u00e9 um exemplo de como os fen\u00f4menos naturais podem ser entrela\u00e7ados com tradi\u00e7\u00f5es culturais e hist\u00f3ricas.<\/p>\n\n\n\n<h2 class=\"wp-block-heading\">Como observar a Lua de Morango?<\/h2>\n\n\n\n<p>Para aqueles interessados em observar a Lua de Morango, a\u00a0<a href=\"https:\/\/www.em.com.br\/emfoco\/2025\/05\/17\/nasa-revela-qual-e-a-unica-obra-humana-vista-do-espaco-e-nao-sao-as-piramides-do-egito\/\" target=\"_blank\" rel=\"noreferrer noopener\"><strong>NASA<\/strong>\u00a0<\/a>recomenda encontrar um local com uma boa vis\u00e3o do horizonte, como um quintal, uma colina ou at\u00e9 mesmo a entrada da garagem. A Lua come\u00e7ar\u00e1 a aparecer na noite do dia\u00a0<strong>10 de junho<\/strong>, mas seu \u00e1pice ser\u00e1 na madrugada do dia\u00a0<strong>11<\/strong>, \u00e0s 4h46.<\/p>\n\n\n\n<p>Al\u00e9m da Lua, os observadores tamb\u00e9m poder\u00e3o ver a estrela&nbsp;<strong>Antares<\/strong>, localizada na constela\u00e7\u00e3o de Escorpi\u00e3o, pr\u00f3xima \u00e0 Lua. Em algumas regi\u00f5es, a posi\u00e7\u00e3o da Lua pode at\u00e9 ocultar a estrela, proporcionando um espet\u00e1culo ainda mais fascinante para os entusiastas da astronomia.<\/p>\n\n\n\n<h2 class=\"wp-block-heading\">Qual \u00e9 a import\u00e2ncia dos ciclos lunares?<\/h2>\n\n\n\n<p>Os ciclos lunares, como a grande paralisa\u00e7\u00e3o lunar, desempenham um papel crucial na din\u00e2mica da Terra. Eles influenciam as mar\u00e9s, a agricultura e at\u00e9 mesmo aspectos culturais e religiosos. A Lua de Morango de 2025, com sua posi\u00e7\u00e3o extrema no c\u00e9u, \u00e9 um lembrete da complexidade e beleza do cosmos.<\/p>\n\n\n\n<p>Entender esses ciclos ajuda a apreciar a interconex\u00e3o entre a Terra e seus vizinhos celestiais. A observa\u00e7\u00e3o da Lua de Morango \u00e9 uma oportunidade para refletir sobre a nossa posi\u00e7\u00e3o no universo e a import\u00e2ncia de preservar o conhecimento astron\u00f4mico para as futuras gera\u00e7\u00f5es.<\/p>\n","protected":false},"excerpt":{"rendered":"<p>Em junho de\u00a02025, um evento astron\u00f4mico especial, conhecido como\u00a0Lua de Morango, iluminar\u00e1 o c\u00e9u noturno. Este fen\u00f4meno ocorre quando a \u00faltima lua cheia da primavera no hemisf\u00e9rio Norte se torna vis\u00edvel, oferecendo uma vis\u00e3o deslumbrante para observadores em todo o mundo. A Lua de Morango deste ano ser\u00e1 not\u00e1vel por sua posi\u00e7\u00e3o no c\u00e9u, sendo [&hellip;]<\/p>\n","protected":false},"author":11,"featured_media":56310,"comment_status":"open","ping_status":"open","sticky":false,"template":"","format":"standard","meta":{"jnews-multi-image_gallery":[],"jnews_single_post":{"format":"standard"},"jnews_primary_category":[],"jnews_social_meta":[],"jnews_override_counter":[],"footnotes":""},"categories":[8819,1],"tags":[3938,9964,621],"class_list":["post-56245","post","type-post","status-publish","format-standard","has-post-thumbnail","hentry","category-curiosidades","category-noticias","tag-lua","tag-lua-de-morango","tag-super-lua"],"yoast_head":"<!-- This site is optimized with the Yoast SEO plugin v23.8 - https:\/\/yoast.com\/wordpress\/plugins\/seo\/ -->\n<title>A Lua de Morango acontece na pr\u00f3xima ter\u00e7a (10) e com mist\u00e9rio que s\u00f3 acontece a cada 18 anos - Estado de Minas - Em foco<\/title>\n<meta name=\"description\" content=\"A Lua de Morango de 2025 ser\u00e1 uma das mais baixas em d\u00e9cadas e vem acompanhada de um fen\u00f4meno raro e intrigante.\" \/>\n<meta name=\"robots\" content=\"index, follow, max-snippet:-1, max-image-preview:large, max-video-preview:-1\" \/>\n<link rel=\"canonical\" href=\"https:\/\/www.em.com.br\/emfoco\/2025\/06\/07\/a-lua-de-morango-acontece-na-proxima-terca-10-e-com-misterio-que-so-acontece-a-cada-18-anos\/\" \/>\n<meta property=\"og:locale\" content=\"pt_BR\" \/>\n<meta property=\"og:type\" content=\"article\" \/>\n<meta property=\"og:title\" content=\"A Lua de Morango acontece na pr\u00f3xima ter\u00e7a (10) e com mist\u00e9rio que s\u00f3 acontece a cada 18 anos - Estado de Minas - Em foco\" \/>\n<meta property=\"og:description\" content=\"A Lua de Morango de 2025 ser\u00e1 uma das mais baixas em d\u00e9cadas e vem acompanhada de um fen\u00f4meno raro e intrigante.\" \/>\n<meta property=\"og:url\" content=\"https:\/\/www.em.com.br\/emfoco\/2025\/06\/07\/a-lua-de-morango-acontece-na-proxima-terca-10-e-com-misterio-que-so-acontece-a-cada-18-anos\/\" \/>\n<meta property=\"og:site_name\" content=\"Estado de Minas - Em foco\" \/>\n<meta property=\"article:published_time\" content=\"2025-06-07T23:20:00+00:00\" \/>\n<meta property=\"article:modified_time\" content=\"2025-06-06T22:42:14+00:00\" \/>\n<meta property=\"og:image\" content=\"https:\/\/www.em.com.br\/emfoco\/wp-content\/uploads\/2025\/06\/Lua-de-Morango_1749150653865.jpg\" \/>\n\t<meta property=\"og:image:width\" content=\"1280\" \/>\n\t<meta property=\"og:image:height\" content=\"720\" \/>\n\t<meta property=\"og:image:type\" content=\"image\/jpeg\" \/>\n<meta name=\"author\" content=\"Andre\u0301 Rangel\u00a0\" \/>\n<meta name=\"twitter:card\" content=\"summary_large_image\" \/>\n<meta name=\"twitter:label1\" content=\"Escrito por\" \/>\n\t<meta name=\"twitter:data1\" content=\"Andre\u0301 Rangel\u00a0\" \/>\n\t<meta name=\"twitter:label2\" content=\"Est. tempo de leitura\" \/>\n\t<meta name=\"twitter:data2\" content=\"4 minutos\" \/>\n<!-- \/ Yoast SEO plugin. -->","yoast_head_json":{"title":"A Lua de Morango acontece na pr\u00f3xima ter\u00e7a (10) e com mist\u00e9rio que s\u00f3 acontece a cada 18 anos - Estado de Minas - Em foco","description":"A Lua de Morango de 2025 ser\u00e1 uma das mais baixas em d\u00e9cadas e vem acompanhada de um fen\u00f4meno raro e intrigante.","robots":{"index":"index","follow":"follow","max-snippet":"max-snippet:-1","max-image-preview":"max-image-preview:large","max-video-preview":"max-video-preview:-1"},"canonical":"https:\/\/www.em.com.br\/emfoco\/2025\/06\/07\/a-lua-de-morango-acontece-na-proxima-terca-10-e-com-misterio-que-so-acontece-a-cada-18-anos\/","og_locale":"pt_BR","og_type":"article","og_title":"A Lua de Morango acontece na pr\u00f3xima ter\u00e7a (10) e com mist\u00e9rio que s\u00f3 acontece a cada 18 anos - Estado de Minas - Em foco","og_description":"A Lua de Morango de 2025 ser\u00e1 uma das mais baixas em d\u00e9cadas e vem acompanhada de um fen\u00f4meno raro e intrigante.","og_url":"https:\/\/www.em.com.br\/emfoco\/2025\/06\/07\/a-lua-de-morango-acontece-na-proxima-terca-10-e-com-misterio-que-so-acontece-a-cada-18-anos\/","og_site_name":"Estado de Minas - Em foco","article_published_time":"2025-06-07T23:20:00+00:00","article_modified_time":"2025-06-06T22:42:14+00:00","og_image":[{"width":1280,"height":720,"url":"https:\/\/www.em.com.br\/emfoco\/wp-content\/uploads\/2025\/06\/Lua-de-Morango_1749150653865.jpg","type":"image\/jpeg"}],"author":"Andre\u0301 Rangel\u00a0","twitter_card":"summary_large_image","twitter_misc":{"Escrito por":"Andre\u0301 Rangel\u00a0","Est. tempo de leitura":"4 minutos"},"schema":{"@context":"https:\/\/schema.org","@graph":[{"@type":"WebPage","@id":"https:\/\/www.em.com.br\/emfoco\/2025\/06\/07\/a-lua-de-morango-acontece-na-proxima-terca-10-e-com-misterio-que-so-acontece-a-cada-18-anos\/","url":"https:\/\/www.em.com.br\/emfoco\/2025\/06\/07\/a-lua-de-morango-acontece-na-proxima-terca-10-e-com-misterio-que-so-acontece-a-cada-18-anos\/","name":"A Lua de Morango acontece na pr\u00f3xima ter\u00e7a (10) e com mist\u00e9rio que s\u00f3 acontece a cada 18 anos - Estado de Minas - Em foco","isPartOf":{"@id":"https:\/\/www.em.com.br\/emfoco\/#website"},"primaryImageOfPage":{"@id":"https:\/\/www.em.com.br\/emfoco\/2025\/06\/07\/a-lua-de-morango-acontece-na-proxima-terca-10-e-com-misterio-que-so-acontece-a-cada-18-anos\/#primaryimage"},"image":{"@id":"https:\/\/www.em.com.br\/emfoco\/2025\/06\/07\/a-lua-de-morango-acontece-na-proxima-terca-10-e-com-misterio-que-so-acontece-a-cada-18-anos\/#primaryimage"},"thumbnailUrl":"https:\/\/www.em.com.br\/emfoco\/wp-content\/uploads\/2025\/06\/Lua-de-Morango_1749150653865.jpg","datePublished":"2025-06-07T23:20:00+00:00","dateModified":"2025-06-06T22:42:14+00:00","author":{"@id":"https:\/\/www.em.com.br\/emfoco\/#\/schema\/person\/60eda09c1fedf0d6891f4cef4b60b8b8"},"description":"A Lua de Morango de 2025 ser\u00e1 uma das mais baixas em d\u00e9cadas e vem acompanhada de um fen\u00f4meno raro e intrigante.","breadcrumb":{"@id":"https:\/\/www.em.com.br\/emfoco\/2025\/06\/07\/a-lua-de-morango-acontece-na-proxima-terca-10-e-com-misterio-que-so-acontece-a-cada-18-anos\/#breadcrumb"},"inLanguage":"pt-BR","potentialAction":[{"@type":"ReadAction","target":["https:\/\/www.em.com.br\/emfoco\/2025\/06\/07\/a-lua-de-morango-acontece-na-proxima-terca-10-e-com-misterio-que-so-acontece-a-cada-18-anos\/"]}]},{"@type":"ImageObject","inLanguage":"pt-BR","@id":"https:\/\/www.em.com.br\/emfoco\/2025\/06\/07\/a-lua-de-morango-acontece-na-proxima-terca-10-e-com-misterio-que-so-acontece-a-cada-18-anos\/#primaryimage","url":"https:\/\/www.em.com.br\/emfoco\/wp-content\/uploads\/2025\/06\/Lua-de-Morango_1749150653865.jpg","contentUrl":"https:\/\/www.em.com.br\/emfoco\/wp-content\/uploads\/2025\/06\/Lua-de-Morango_1749150653865.jpg","width":1280,"height":720,"caption":"Lua de Morango - Cr\u00e9ditos: depositphotos.com \/ Chayananelixir@gmail.com"},{"@type":"BreadcrumbList","@id":"https:\/\/www.em.com.br\/emfoco\/2025\/06\/07\/a-lua-de-morango-acontece-na-proxima-terca-10-e-com-misterio-que-so-acontece-a-cada-18-anos\/#breadcrumb","itemListElement":[{"@type":"ListItem","position":1,"name":"In\u00edcio","item":"https:\/\/www.em.com.br\/emfoco\/"},{"@type":"ListItem","position":2,"name":"A Lua de Morango acontece na pr\u00f3xima ter\u00e7a (10) e com mist\u00e9rio que s\u00f3 acontece a cada 18 anos"}]},{"@type":"WebSite","@id":"https:\/\/www.em.com.br\/emfoco\/#website","url":"https:\/\/www.em.com.br\/emfoco\/","name":"Estado de Minas - Em foco","description":"Acompanhe as \u00faltimas not\u00edcias e fique bem informado sobre tudo o que acontece em Minas Gerais, Brasil e no mundo.","potentialAction":[{"@type":"SearchAction","target":{"@type":"EntryPoint","urlTemplate":"https:\/\/www.em.com.br\/emfoco\/?s={search_term_string}"},"query-input":{"@type":"PropertyValueSpecification","valueRequired":true,"valueName":"search_term_string"}}],"inLanguage":"pt-BR"},{"@type":"Person","@id":"https:\/\/www.em.com.br\/emfoco\/#\/schema\/person\/60eda09c1fedf0d6891f4cef4b60b8b8","name":"Andre\u0301 Rangel\u00a0","image":{"@type":"ImageObject","inLanguage":"pt-BR","@id":"https:\/\/www.em.com.br\/emfoco\/#\/schema\/person\/image\/","url":"https:\/\/secure.gravatar.com\/avatar\/6234dc814c77c8ef6d8bba622c787efc?s=96&d=mm&r=g","contentUrl":"https:\/\/secure.gravatar.com\/avatar\/6234dc814c77c8ef6d8bba622c787efc?s=96&d=mm&r=g","caption":"Andre\u0301 Rangel\u00a0"},"url":"https:\/\/www.em.com.br\/emfoco\/author\/luizmyth\/"}]}},"_links":{"self":[{"href":"https:\/\/www.em.com.br\/emfoco\/wp-json\/wp\/v2\/posts\/56245","targetHints":{"allow":["GET"]}}],"collection":[{"href":"https:\/\/www.em.com.br\/emfoco\/wp-json\/wp\/v2\/posts"}],"about":[{"href":"https:\/\/www.em.com.br\/emfoco\/wp-json\/wp\/v2\/types\/post"}],"author":[{"embeddable":true,"href":"https:\/\/www.em.com.br\/emfoco\/wp-json\/wp\/v2\/users\/11"}],"replies":[{"embeddable":true,"href":"https:\/\/www.em.com.br\/emfoco\/wp-json\/wp\/v2\/comments?post=56245"}],"version-history":[{"count":5,"href":"https:\/\/www.em.com.br\/emfoco\/wp-json\/wp\/v2\/posts\/56245\/revisions"}],"predecessor-version":[{"id":56311,"href":"https:\/\/www.em.com.br\/emfoco\/wp-json\/wp\/v2\/posts\/56245\/revisions\/56311"}],"wp:featuredmedia":[{"embeddable":true,"href":"https:\/\/www.em.com.br\/emfoco\/wp-json\/wp\/v2\/media\/56310"}],"wp:attachment":[{"href":"https:\/\/www.em.com.br\/emfoco\/wp-json\/wp\/v2\/media?parent=56245"}],"wp:term":[{"taxonomy":"category","embeddable":true,"href":"https:\/\/www.em.com.br\/emfoco\/wp-json\/wp\/v2\/categories?post=56245"},{"taxonomy":"post_tag","embeddable":true,"href":"https:\/\/www.em.com.br\/emfoco\/wp-json\/wp\/v2\/tags?post=56245"}],"curies":[{"name":"wp","href":"https:\/\/api.w.org\/{rel}","templated":true}]}}