{"id":56235,"date":"2025-06-07T10:10:11","date_gmt":"2025-06-07T13:10:11","guid":{"rendered":"https:\/\/www.em.com.br\/emfoco\/?p=56235"},"modified":"2025-06-07T07:02:24","modified_gmt":"2025-06-07T10:02:24","slug":"como-proteger-seus-dados-em-um-mundo-cada-vez-mais-exposto","status":"publish","type":"post","link":"https:\/\/www.em.com.br\/emfoco\/2025\/06\/07\/como-proteger-seus-dados-em-um-mundo-cada-vez-mais-exposto\/","title":{"rendered":"Como proteger seus dados em um mundo cada vez mais exposto"},"content":{"rendered":"\n<p>Nos \u00faltimos anos, a <a href=\"https:\/\/www.em.com.br\/emfoco\/2025\/04\/25\/whatsapp-lanca-ferramenta-de-privacidade-que-vai-transformar-suas-conversas\/\" target=\"_blank\" rel=\"noreferrer noopener\">privacidade<\/a> dos usu\u00e1rios tem sido uma preocupa\u00e7\u00e3o crescente, especialmente com as atualiza\u00e7\u00f5es frequentes em aplicativos populares. Recentemente, v\u00e1rias plataformas realizaram mudan\u00e7as significativas em suas pol\u00edticas de privacidade, afetando milh\u00f5es de usu\u00e1rios globalmente. Essas altera\u00e7\u00f5es visam, em parte, atender a novas regulamenta\u00e7\u00f5es de prote\u00e7\u00e3o de dados, mas tamb\u00e9m levantam quest\u00f5es sobre a quantidade de <a href=\"https:\/\/www.gov.br\/governodigital\/pt-br\/identidade\/gerenciar-o-uso-dos-seus-dados-pessoais\" target=\"_blank\" rel=\"noreferrer noopener\">informa\u00e7\u00f5es pessoais<\/a> coletadas e como s\u00e3o utilizadas.<\/p>\n\n\n\n<p>Empresas como o <strong>Facebook<\/strong> e o <strong>Google<\/strong> ajustaram suas configura\u00e7\u00f5es de privacidade, o que gerou debates sobre a transpar\u00eancia e o controle dos dados pelos usu\u00e1rios. As atualiza\u00e7\u00f5es incluem novos termos de servi\u00e7o que, muitas vezes, s\u00e3o aceitos sem a devida leitura, resultando em um consentimento que pode n\u00e3o ser totalmente informado. A complexidade dos termos e a falta de clareza podem deixar os usu\u00e1rios vulner\u00e1veis a pr\u00e1ticas de coleta de dados que n\u00e3o compreendem completamente.<\/p>\n\n\n\n<h2 class=\"wp-block-heading\">Quais s\u00e3o as principais preocupa\u00e7\u00f5es dos usu\u00e1rios com essas mudan\u00e7as?<\/h2>\n\n\n\n<p>Uma das principais preocupa\u00e7\u00f5es dos usu\u00e1rios \u00e9 a falta de controle sobre seus pr\u00f3prios dados. Com as novas atualiza\u00e7\u00f5es, muitos se sentem inseguros sobre quais informa\u00e7\u00f5es est\u00e3o sendo coletadas e como ser\u00e3o utilizadas. Al\u00e9m disso, h\u00e1 um receio crescente de que dados pessoais possam ser compartilhados com terceiros sem o consentimento expl\u00edcito dos usu\u00e1rios.<\/p>\n\n\n\n<p>Outro ponto de preocupa\u00e7\u00e3o \u00e9 a seguran\u00e7a dos dados armazenados. Com o aumento das viola\u00e7\u00f5es de dados e ciberataques, os usu\u00e1rios est\u00e3o cada vez mais c\u00e9ticos sobre a capacidade das empresas de proteger suas informa\u00e7\u00f5es pessoais. A confian\u00e7a, que j\u00e1 era fr\u00e1gil, pode ser ainda mais abalada quando as atualiza\u00e7\u00f5es n\u00e3o s\u00e3o comunicadas de forma clara e transparente.<\/p>\n\n\n\n<h2 class=\"wp-block-heading\">Como as empresas est\u00e3o respondendo \u00e0s cr\u00edticas sobre privacidade?<\/h2>\n\n\n\n<p>Em resposta \u00e0s cr\u00edticas, muitas empresas est\u00e3o adotando medidas para melhorar a transpar\u00eancia e o controle dos usu\u00e1rios sobre seus dados. Algumas plataformas, como o <strong>WhatsApp<\/strong>, introduziram novos recursos que permitem aos usu\u00e1rios gerenciar melhor suas configura\u00e7\u00f5es de privacidade, como a capacidade de escolher quem pode ver suas informa\u00e7\u00f5es pessoais.<\/p>\n\n\n\n<p>Al\u00e9m disso, empresas est\u00e3o investindo em campanhas de conscientiza\u00e7\u00e3o para educar os usu\u00e1rios sobre como proteger suas informa\u00e7\u00f5es online. A implementa\u00e7\u00e3o de criptografia de ponta a ponta e outras tecnologias de seguran\u00e7a tamb\u00e9m tem sido uma estrat\u00e9gia comum para aumentar a confian\u00e7a dos usu\u00e1rios em rela\u00e7\u00e3o \u00e0 prote\u00e7\u00e3o de seus dados.<\/p>\n\n\n\n<figure class=\"wp-block-image size-large\"><img loading=\"lazy\" decoding=\"async\" width=\"1024\" height=\"576\" src=\"https:\/\/www.em.com.br\/emfoco\/wp-content\/uploads\/2025\/06\/PRIVACIDADE_1749144144480-1024x576.jpg\" alt=\"Atualiza\u00e7\u00f5es de privacidade podem afetar seus dados pessoais\" class=\"wp-image-56248\" srcset=\"https:\/\/www.em.com.br\/emfoco\/wp-content\/uploads\/2025\/06\/PRIVACIDADE_1749144144480-1024x576.jpg 1024w, https:\/\/www.em.com.br\/emfoco\/wp-content\/uploads\/2025\/06\/PRIVACIDADE_1749144144480-300x169.jpg 300w, https:\/\/www.em.com.br\/emfoco\/wp-content\/uploads\/2025\/06\/PRIVACIDADE_1749144144480-768x432.jpg 768w, https:\/\/www.em.com.br\/emfoco\/wp-content\/uploads\/2025\/06\/PRIVACIDADE_1749144144480-750x422.jpg 750w, https:\/\/www.em.com.br\/emfoco\/wp-content\/uploads\/2025\/06\/PRIVACIDADE_1749144144480-1140x641.jpg 1140w, https:\/\/www.em.com.br\/emfoco\/wp-content\/uploads\/2025\/06\/PRIVACIDADE_1749144144480.jpg 1280w\" sizes=\"auto, (max-width: 1024px) 100vw, 1024px\" \/><figcaption class=\"wp-element-caption\">Leis de privacidade &#8211; Cr\u00e9ditos: depositphotos.com \/ IgorVetushko<\/figcaption><\/figure>\n\n\n\n<h2 class=\"wp-block-heading\">Quais s\u00e3o as implica\u00e7\u00f5es legais das mudan\u00e7as de privacidade?<\/h2>\n\n\n\n<p>As atualiza\u00e7\u00f5es de privacidade n\u00e3o afetam apenas os usu\u00e1rios, mas tamb\u00e9m t\u00eam implica\u00e7\u00f5es legais significativas para as empresas. Com a introdu\u00e7\u00e3o de regulamenta\u00e7\u00f5es como o <strong>GDPR<\/strong> na <strong>Uni\u00e3o Europeia<\/strong> e a <strong>LGPD<\/strong> no <strong>Brasil<\/strong>, as empresas s\u00e3o obrigadas a cumprir normas rigorosas de prote\u00e7\u00e3o de dados, sob pena de multas substanciais.<\/p>\n\n\n\n<p>Essas leis exigem que as empresas obtenham consentimento expl\u00edcito dos usu\u00e1rios antes de coletar seus dados e garantam que as informa\u00e7\u00f5es sejam armazenadas de forma segura. As empresas que n\u00e3o cumprirem essas regulamenta\u00e7\u00f5es podem enfrentar consequ\u00eancias legais severas, al\u00e9m de danos \u00e0 sua reputa\u00e7\u00e3o.<\/p>\n\n\n\n<h2 class=\"wp-block-heading\">O que os usu\u00e1rios podem fazer para proteger sua privacidade?<\/h2>\n\n\n\n<p>Os usu\u00e1rios t\u00eam um papel ativo na prote\u00e7\u00e3o de sua privacidade online. Uma das primeiras medidas \u00e9 revisar regularmente as configura\u00e7\u00f5es de privacidade dos aplicativos que utilizam. Muitos aplicativos oferecem op\u00e7\u00f5es para limitar a quantidade de dados compartilhados e ajustar quem pode ver suas informa\u00e7\u00f5es pessoais.<\/p>\n\n\n\n<p>Al\u00e9m disso, \u00e9 importante estar ciente das permiss\u00f5es concedidas aos aplicativos durante a instala\u00e7\u00e3o. Optar por autentica\u00e7\u00e3o de dois fatores e utilizar senhas fortes e \u00fanicas para cada conta tamb\u00e9m s\u00e3o pr\u00e1ticas recomendadas para aumentar a seguran\u00e7a dos dados pessoais. Manter-se informado sobre as atualiza\u00e7\u00f5es de privacidade e os direitos do usu\u00e1rio \u00e9 essencial para garantir uma experi\u00eancia online mais segura.<\/p>\n\n\n\n<h2 class=\"wp-block-heading\">Como as atualiza\u00e7\u00f5es de privacidade podem evoluir no futuro?<\/h2>\n\n\n\n<p>O futuro das atualiza\u00e7\u00f5es de privacidade parece estar direcionado para um maior controle do usu\u00e1rio e transpar\u00eancia. Com o avan\u00e7o da tecnologia, espera-se que as empresas desenvolvam solu\u00e7\u00f5es mais inovadoras para proteger os dados dos usu\u00e1rios, ao mesmo tempo em que oferecem experi\u00eancias personalizadas.<\/p>\n\n\n\n<p>Intelig\u00eancia artificial e aprendizado de m\u00e1quina podem desempenhar um papel crucial na cria\u00e7\u00e3o de sistemas de privacidade mais robustos, que se adaptem automaticamente \u00e0s prefer\u00eancias dos usu\u00e1rios. A colabora\u00e7\u00e3o entre empresas, governos e organiza\u00e7\u00f5es de direitos digitais ser\u00e1 fundamental para estabelecer padr\u00f5es globais de privacidade que protejam os interesses dos usu\u00e1rios em todo o mundo.<\/p>\n\n\n\n<h2 class=\"wp-block-heading\">Perguntas e Respostas<\/h2>\n\n\n\n<ol class=\"wp-block-list\">\n<li><strong>O que \u00e9 o GDPR?<\/strong> <br>O GDPR \u00e9 o Regulamento Geral sobre a Prote\u00e7\u00e3o de Dados, uma lei da Uni\u00e3o Europeia que estabelece diretrizes para a coleta e processamento de informa\u00e7\u00f5es pessoais.<\/li>\n\n\n\n<li><strong>Como o WhatsApp protege a privacidade dos usu\u00e1rios?<\/strong> <br>O WhatsApp utiliza criptografia de ponta a ponta para garantir que apenas o remetente e o destinat\u00e1rio possam ler as mensagens.<\/li>\n\n\n\n<li><strong>Quais s\u00e3o os riscos de n\u00e3o revisar as configura\u00e7\u00f5es de privacidade?<\/strong> <br>N\u00e3o revisar as configura\u00e7\u00f5es pode resultar em compartilhamento indesejado de dados pessoais e maior exposi\u00e7\u00e3o a ciberataques.<\/li>\n\n\n\n<li><strong>Como a LGPD afeta as empresas no Brasil?<\/strong> <br>A LGPD imp\u00f5e \u00e0s empresas a obriga\u00e7\u00e3o de proteger os dados pessoais dos usu\u00e1rios e pode aplicar multas em caso de n\u00e3o conformidade.<\/li>\n\n\n\n<li><strong>Quais s\u00e3o as vantagens da autentica\u00e7\u00e3o de dois fatores?<\/strong> <br>A autentica\u00e7\u00e3o de dois fatores adiciona uma camada extra de seguran\u00e7a, tornando mais dif\u00edcil para invasores acessarem contas pessoais.<\/li>\n<\/ol>\n","protected":false},"excerpt":{"rendered":"<p>Nos \u00faltimos anos, a privacidade dos usu\u00e1rios tem sido uma preocupa\u00e7\u00e3o crescente, especialmente com as atualiza\u00e7\u00f5es frequentes em aplicativos populares. Recentemente, v\u00e1rias plataformas realizaram mudan\u00e7as significativas em suas pol\u00edticas de privacidade, afetando milh\u00f5es de usu\u00e1rios globalmente. Essas altera\u00e7\u00f5es visam, em parte, atender a novas regulamenta\u00e7\u00f5es de prote\u00e7\u00e3o de dados, mas tamb\u00e9m levantam quest\u00f5es sobre a [&hellip;]<\/p>\n","protected":false},"author":18,"featured_media":56237,"comment_status":"open","ping_status":"open","sticky":false,"template":"","format":"standard","meta":{"jnews-multi-image_gallery":[],"jnews_single_post":{"format":"standard"},"jnews_primary_category":[],"jnews_social_meta":[],"jnews_override_counter":[],"footnotes":""},"categories":[1],"tags":[1663,1483,850,2814],"class_list":["post-56235","post","type-post","status-publish","format-standard","has-post-thumbnail","hentry","category-noticias","tag-aplicativos","tag-dados-pessoais","tag-privacidade","tag-whatsapp"],"yoast_head":"<!-- This site is optimized with the Yoast SEO plugin v23.8 - https:\/\/yoast.com\/wordpress\/plugins\/seo\/ -->\n<title>Como proteger seus dados em um mundo cada vez mais exposto - Estado de Minas - Em foco<\/title>\n<meta name=\"description\" content=\"Voc\u00ea leu os novos termos antes de aceitar? Veja como isso pode afetar sua privacidade e o que fazer para se proteger.\" \/>\n<meta name=\"robots\" content=\"index, follow, max-snippet:-1, max-image-preview:large, max-video-preview:-1\" \/>\n<link rel=\"canonical\" href=\"https:\/\/www.em.com.br\/emfoco\/2025\/06\/07\/como-proteger-seus-dados-em-um-mundo-cada-vez-mais-exposto\/\" \/>\n<meta property=\"og:locale\" content=\"pt_BR\" \/>\n<meta property=\"og:type\" content=\"article\" \/>\n<meta property=\"og:title\" content=\"Como proteger seus dados em um mundo cada vez mais exposto - Estado de Minas - Em foco\" \/>\n<meta property=\"og:description\" content=\"Voc\u00ea leu os novos termos antes de aceitar? Veja como isso pode afetar sua privacidade e o que fazer para se proteger.\" \/>\n<meta property=\"og:url\" content=\"https:\/\/www.em.com.br\/emfoco\/2025\/06\/07\/como-proteger-seus-dados-em-um-mundo-cada-vez-mais-exposto\/\" \/>\n<meta property=\"og:site_name\" content=\"Estado de Minas - Em foco\" \/>\n<meta property=\"article:published_time\" content=\"2025-06-07T13:10:11+00:00\" \/>\n<meta property=\"article:modified_time\" content=\"2025-06-07T10:02:24+00:00\" \/>\n<meta property=\"og:image\" content=\"https:\/\/www.em.com.br\/emfoco\/wp-content\/uploads\/2025\/06\/whatsapp_1749144040011.jpg\" \/>\n\t<meta property=\"og:image:width\" content=\"1280\" \/>\n\t<meta property=\"og:image:height\" content=\"720\" \/>\n\t<meta property=\"og:image:type\" content=\"image\/jpeg\" \/>\n<meta name=\"author\" content=\"Julio Cesar\" \/>\n<meta name=\"twitter:card\" content=\"summary_large_image\" \/>\n<meta name=\"twitter:label1\" content=\"Escrito por\" \/>\n\t<meta name=\"twitter:data1\" content=\"Julio Cesar\" \/>\n\t<meta name=\"twitter:label2\" content=\"Est. tempo de leitura\" \/>\n\t<meta name=\"twitter:data2\" content=\"6 minutos\" \/>\n<!-- \/ Yoast SEO plugin. -->","yoast_head_json":{"title":"Como proteger seus dados em um mundo cada vez mais exposto - Estado de Minas - Em foco","description":"Voc\u00ea leu os novos termos antes de aceitar? Veja como isso pode afetar sua privacidade e o que fazer para se proteger.","robots":{"index":"index","follow":"follow","max-snippet":"max-snippet:-1","max-image-preview":"max-image-preview:large","max-video-preview":"max-video-preview:-1"},"canonical":"https:\/\/www.em.com.br\/emfoco\/2025\/06\/07\/como-proteger-seus-dados-em-um-mundo-cada-vez-mais-exposto\/","og_locale":"pt_BR","og_type":"article","og_title":"Como proteger seus dados em um mundo cada vez mais exposto - Estado de Minas - Em foco","og_description":"Voc\u00ea leu os novos termos antes de aceitar? Veja como isso pode afetar sua privacidade e o que fazer para se proteger.","og_url":"https:\/\/www.em.com.br\/emfoco\/2025\/06\/07\/como-proteger-seus-dados-em-um-mundo-cada-vez-mais-exposto\/","og_site_name":"Estado de Minas - Em foco","article_published_time":"2025-06-07T13:10:11+00:00","article_modified_time":"2025-06-07T10:02:24+00:00","og_image":[{"width":1280,"height":720,"url":"https:\/\/www.em.com.br\/emfoco\/wp-content\/uploads\/2025\/06\/whatsapp_1749144040011.jpg","type":"image\/jpeg"}],"author":"Julio Cesar","twitter_card":"summary_large_image","twitter_misc":{"Escrito por":"Julio Cesar","Est. tempo de leitura":"6 minutos"},"schema":{"@context":"https:\/\/schema.org","@graph":[{"@type":"WebPage","@id":"https:\/\/www.em.com.br\/emfoco\/2025\/06\/07\/como-proteger-seus-dados-em-um-mundo-cada-vez-mais-exposto\/","url":"https:\/\/www.em.com.br\/emfoco\/2025\/06\/07\/como-proteger-seus-dados-em-um-mundo-cada-vez-mais-exposto\/","name":"Como proteger seus dados em um mundo cada vez mais exposto - Estado de Minas - Em foco","isPartOf":{"@id":"https:\/\/www.em.com.br\/emfoco\/#website"},"primaryImageOfPage":{"@id":"https:\/\/www.em.com.br\/emfoco\/2025\/06\/07\/como-proteger-seus-dados-em-um-mundo-cada-vez-mais-exposto\/#primaryimage"},"image":{"@id":"https:\/\/www.em.com.br\/emfoco\/2025\/06\/07\/como-proteger-seus-dados-em-um-mundo-cada-vez-mais-exposto\/#primaryimage"},"thumbnailUrl":"https:\/\/www.em.com.br\/emfoco\/wp-content\/uploads\/2025\/06\/whatsapp_1749144040011.jpg","datePublished":"2025-06-07T13:10:11+00:00","dateModified":"2025-06-07T10:02:24+00:00","author":{"@id":"https:\/\/www.em.com.br\/emfoco\/#\/schema\/person\/08c4a03e38018bbab9038d5f788321fc"},"description":"Voc\u00ea leu os novos termos antes de aceitar? Veja como isso pode afetar sua privacidade e o que fazer para se proteger.","breadcrumb":{"@id":"https:\/\/www.em.com.br\/emfoco\/2025\/06\/07\/como-proteger-seus-dados-em-um-mundo-cada-vez-mais-exposto\/#breadcrumb"},"inLanguage":"pt-BR","potentialAction":[{"@type":"ReadAction","target":["https:\/\/www.em.com.br\/emfoco\/2025\/06\/07\/como-proteger-seus-dados-em-um-mundo-cada-vez-mais-exposto\/"]}]},{"@type":"ImageObject","inLanguage":"pt-BR","@id":"https:\/\/www.em.com.br\/emfoco\/2025\/06\/07\/como-proteger-seus-dados-em-um-mundo-cada-vez-mais-exposto\/#primaryimage","url":"https:\/\/www.em.com.br\/emfoco\/wp-content\/uploads\/2025\/06\/whatsapp_1749144040011.jpg","contentUrl":"https:\/\/www.em.com.br\/emfoco\/wp-content\/uploads\/2025\/06\/whatsapp_1749144040011.jpg","width":1280,"height":720,"caption":"Whatsapp - Cr\u00e9ditos: depositphotos.com \/ Primakov"},{"@type":"BreadcrumbList","@id":"https:\/\/www.em.com.br\/emfoco\/2025\/06\/07\/como-proteger-seus-dados-em-um-mundo-cada-vez-mais-exposto\/#breadcrumb","itemListElement":[{"@type":"ListItem","position":1,"name":"In\u00edcio","item":"https:\/\/www.em.com.br\/emfoco\/"},{"@type":"ListItem","position":2,"name":"Como proteger seus dados em um mundo cada vez mais exposto"}]},{"@type":"WebSite","@id":"https:\/\/www.em.com.br\/emfoco\/#website","url":"https:\/\/www.em.com.br\/emfoco\/","name":"Estado de Minas - Em foco","description":"Acompanhe as \u00faltimas not\u00edcias e fique bem informado sobre tudo o que acontece em Minas Gerais, Brasil e no mundo.","potentialAction":[{"@type":"SearchAction","target":{"@type":"EntryPoint","urlTemplate":"https:\/\/www.em.com.br\/emfoco\/?s={search_term_string}"},"query-input":{"@type":"PropertyValueSpecification","valueRequired":true,"valueName":"search_term_string"}}],"inLanguage":"pt-BR"},{"@type":"Person","@id":"https:\/\/www.em.com.br\/emfoco\/#\/schema\/person\/08c4a03e38018bbab9038d5f788321fc","name":"Julio Cesar","image":{"@type":"ImageObject","inLanguage":"pt-BR","@id":"https:\/\/www.em.com.br\/emfoco\/#\/schema\/person\/image\/","url":"https:\/\/secure.gravatar.com\/avatar\/ab1ea64f0d4f4c1385f8ef10d5a6e758?s=96&d=mm&r=g","contentUrl":"https:\/\/secure.gravatar.com\/avatar\/ab1ea64f0d4f4c1385f8ef10d5a6e758?s=96&d=mm&r=g","caption":"Julio Cesar"},"url":"https:\/\/www.em.com.br\/emfoco\/author\/juliomyth\/"}]}},"_links":{"self":[{"href":"https:\/\/www.em.com.br\/emfoco\/wp-json\/wp\/v2\/posts\/56235","targetHints":{"allow":["GET"]}}],"collection":[{"href":"https:\/\/www.em.com.br\/emfoco\/wp-json\/wp\/v2\/posts"}],"about":[{"href":"https:\/\/www.em.com.br\/emfoco\/wp-json\/wp\/v2\/types\/post"}],"author":[{"embeddable":true,"href":"https:\/\/www.em.com.br\/emfoco\/wp-json\/wp\/v2\/users\/18"}],"replies":[{"embeddable":true,"href":"https:\/\/www.em.com.br\/emfoco\/wp-json\/wp\/v2\/comments?post=56235"}],"version-history":[{"count":3,"href":"https:\/\/www.em.com.br\/emfoco\/wp-json\/wp\/v2\/posts\/56235\/revisions"}],"predecessor-version":[{"id":57132,"href":"https:\/\/www.em.com.br\/emfoco\/wp-json\/wp\/v2\/posts\/56235\/revisions\/57132"}],"wp:featuredmedia":[{"embeddable":true,"href":"https:\/\/www.em.com.br\/emfoco\/wp-json\/wp\/v2\/media\/56237"}],"wp:attachment":[{"href":"https:\/\/www.em.com.br\/emfoco\/wp-json\/wp\/v2\/media?parent=56235"}],"wp:term":[{"taxonomy":"category","embeddable":true,"href":"https:\/\/www.em.com.br\/emfoco\/wp-json\/wp\/v2\/categories?post=56235"},{"taxonomy":"post_tag","embeddable":true,"href":"https:\/\/www.em.com.br\/emfoco\/wp-json\/wp\/v2\/tags?post=56235"}],"curies":[{"name":"wp","href":"https:\/\/api.w.org\/{rel}","templated":true}]}}