{"id":56144,"date":"2025-06-05T12:25:16","date_gmt":"2025-06-05T15:25:16","guid":{"rendered":"https:\/\/www.em.com.br\/emfoco\/?p=56144"},"modified":"2025-06-05T12:25:17","modified_gmt":"2025-06-05T15:25:17","slug":"famosa-rede-de-farmacias-fechara-271-lojas-ate-o-final-de-2025","status":"publish","type":"post","link":"https:\/\/www.em.com.br\/emfoco\/2025\/06\/05\/famosa-rede-de-farmacias-fechara-271-lojas-ate-o-final-de-2025\/","title":{"rendered":"Famosa rede de farm\u00e1cias fechar\u00e1 271 lojas at\u00e9 o final de 2025"},"content":{"rendered":"\n<p>Em\u00a0<strong>2025<\/strong>, a\u00a0<a href=\"https:\/\/www.startse.com\/artigos\/o-futuro-das-farmacias-por-que-a-cvs-esta-fechando-centenas-de-lojas-nos-eua\/\" target=\"_blank\" rel=\"noreferrer noopener\"><strong>CVS<\/strong>\u00a0<\/a>planeja fechar 271 lojas em todo o territ\u00f3rio dos\u00a0<strong>Estados Unidos<\/strong>, incluindo cinco localizadas no estado de\u00a0<strong>Nova York<\/strong>. Este movimento faz parte de uma estrat\u00e9gia mais ampla da empresa para reduzir suas opera\u00e7\u00f5es, ap\u00f3s o fechamento de aproximadamente 900 lojas entre\u00a0<strong>2022<\/strong>\u00a0e\u00a0<strong>2024<\/strong>. As lojas afetadas em Nova York est\u00e3o situadas em\u00a0<strong>North Tonawanda<\/strong>,\u00a0<strong>Staten Island<\/strong>,\u00a0<strong>Manhattan<\/strong>\u00a0e duas em\u00a0<strong>Albany<\/strong>.<\/p>\n\n\n\n<p>Os fechamentos s\u00e3o parte de um plano de reestrutura\u00e7\u00e3o empresarial que visa simplificar o modelo de neg\u00f3cios da CVS e gerar economias significativas. A empresa est\u00e1 buscando consolidar sua presen\u00e7a no varejo enquanto investe em novos modelos de atendimento, como cl\u00ednicas dentro das lojas e servi\u00e7os digitais. Apesar das redu\u00e7\u00f5es, a CVS pretende abrir 30 novas farm\u00e1cias em 2025, muitas delas dentro de lojas&nbsp;<strong>Target<\/strong>.<\/p>\n\n\n\n<h2 class=\"wp-block-heading\">Por que a CVS est\u00e1 fechando lojas?<\/h2>\n\n\n\n<p>As decis\u00f5es de fechamento de lojas da CVS s\u00e3o influenciadas por v\u00e1rios fatores, incluindo mudan\u00e7as populacionais, padr\u00f5es de compra dos consumidores, densidade de lojas e farm\u00e1cias, acesso a cuidados farmac\u00eauticos e necessidades de sa\u00fade da comunidade. Esses fechamentos refletem uma tend\u00eancia mais ampla no setor de farm\u00e1cias, onde grandes redes est\u00e3o ajustando suas opera\u00e7\u00f5es para enfrentar desafios econ\u00f4micos e mudan\u00e7as no comportamento dos consumidores.<\/p>\n\n\n\n<p>Al\u00e9m disso, o aumento de incidentes de furtos em lojas e o decl\u00ednio geral na qualidade de vida em algumas \u00e1reas urbanas contribu\u00edram para a redu\u00e7\u00e3o do n\u00famero de farm\u00e1cias em cidades como Nova York. A CVS, assim como outras redes, est\u00e1 se adaptando a essas mudan\u00e7as para manter a viabilidade de seus neg\u00f3cios.<\/p>\n\n\n\n<figure class=\"wp-block-image size-large\"><img loading=\"lazy\" decoding=\"async\" width=\"1024\" height=\"576\" src=\"https:\/\/www.em.com.br\/emfoco\/wp-content\/uploads\/2025\/06\/farmacia-_1749140417351-1024x576.jpg\" alt=\"\" class=\"wp-image-56145\" srcset=\"https:\/\/www.em.com.br\/emfoco\/wp-content\/uploads\/2025\/06\/farmacia-_1749140417351-1024x576.jpg 1024w, https:\/\/www.em.com.br\/emfoco\/wp-content\/uploads\/2025\/06\/farmacia-_1749140417351-300x169.jpg 300w, https:\/\/www.em.com.br\/emfoco\/wp-content\/uploads\/2025\/06\/farmacia-_1749140417351-768x432.jpg 768w, https:\/\/www.em.com.br\/emfoco\/wp-content\/uploads\/2025\/06\/farmacia-_1749140417351-750x422.jpg 750w, https:\/\/www.em.com.br\/emfoco\/wp-content\/uploads\/2025\/06\/farmacia-_1749140417351-1140x641.jpg 1140w, https:\/\/www.em.com.br\/emfoco\/wp-content\/uploads\/2025\/06\/farmacia-_1749140417351.jpg 1280w\" sizes=\"auto, (max-width: 1024px) 100vw, 1024px\" \/><figcaption class=\"wp-element-caption\">Rem\u00e9dio &#8211; Cr\u00e9ditos: depositphotos.com \/ alfexe<\/figcaption><\/figure>\n\n\n\n<h2 class=\"wp-block-heading\">Quais s\u00e3o as implica\u00e7\u00f5es para os consumidores?<\/h2>\n\n\n\n<p>O fechamento de lojas da CVS pode ter v\u00e1rias implica\u00e7\u00f5es para os consumidores, especialmente em \u00e1reas onde a densidade de farm\u00e1cias \u00e9 menor. Os clientes podem enfrentar dificuldades para acessar medicamentos e servi\u00e7os farmac\u00eauticos, o que pode impactar negativamente a sa\u00fade da comunidade. No entanto, a CVS est\u00e1 investindo em novos modelos de atendimento que podem mitigar alguns desses impactos, como o aumento de cl\u00ednicas nas lojas e a expans\u00e3o de servi\u00e7os digitais.<\/p>\n\n\n\n<p>Al\u00e9m disso, a empresa est\u00e1 trabalhando para garantir que a transi\u00e7\u00e3o seja suave para os clientes, mantendo o acesso a prescri\u00e7\u00f5es e vacinas durante o processo de fechamento. A CVS tamb\u00e9m est\u00e1 adquirindo farm\u00e1cias de outras redes, como a&nbsp;<strong>Rite Aid<\/strong>, para expandir sua presen\u00e7a em \u00e1reas estrat\u00e9gicas.<\/p>\n\n\n\n<h2 class=\"wp-block-heading\">Como a CVS se compara a outras redes de farm\u00e1cias?<\/h2>\n\n\n\n<p>Assim como a CVS, outras grandes redes de farm\u00e1cias est\u00e3o passando por transforma\u00e7\u00f5es significativas. A&nbsp;<strong>Walgreens<\/strong>, por exemplo, anunciou o fechamento de mais de 1.200 lojas, enquanto a Rite Aid est\u00e1 em processo de fal\u00eancia e fechamento de suas opera\u00e7\u00f5es. A Rite Aid, que j\u00e1 foi a terceira maior rede de farm\u00e1cias dos&nbsp;<strong>EUA<\/strong>, est\u00e1 vendendo ativos e eliminando empregos para lidar com suas dificuldades financeiras.<\/p>\n\n\n\n<p>Essas mudan\u00e7as refletem uma transforma\u00e7\u00e3o no setor de farm\u00e1cias, impulsionada por concorrentes online, mudan\u00e7as no comportamento dos consumidores e press\u00f5es financeiras persistentes. As redes est\u00e3o buscando novas formas de se adaptar a esse cen\u00e1rio em evolu\u00e7\u00e3o, investindo em tecnologia e novos modelos de atendimento para se manterem competitivas.<\/p>\n\n\n\n<h2 class=\"wp-block-heading\">Qual \u00e9 o futuro das farm\u00e1cias de varejo nos Estados Unidos?<\/h2>\n\n\n\n<p>O setor de farm\u00e1cias de varejo nos Estados Unidos est\u00e1 em meio a uma transforma\u00e7\u00e3o significativa. As redes est\u00e3o reavaliando suas estrat\u00e9gias para se adaptarem a um ambiente de neg\u00f3cios em r\u00e1pida mudan\u00e7a. A consolida\u00e7\u00e3o de opera\u00e7\u00f5es, o investimento em tecnologia e a adapta\u00e7\u00e3o a novos modelos de atendimento s\u00e3o passos cruciais para garantir a sustentabilidade a longo prazo.<\/p>\n\n\n\n<p>Enquanto algumas lojas fecham, outras oportunidades surgem, como a integra\u00e7\u00e3o de servi\u00e7os de sa\u00fade mais abrangentes e a digitaliza\u00e7\u00e3o dos servi\u00e7os farmac\u00eauticos. O futuro das farm\u00e1cias de varejo depender\u00e1 de sua capacidade de inovar e responder \u00e0s necessidades em constante evolu\u00e7\u00e3o dos consumidores.<\/p>\n","protected":false},"excerpt":{"rendered":"<p>Em\u00a02025, a\u00a0CVS\u00a0planeja fechar 271 lojas em todo o territ\u00f3rio dos\u00a0Estados Unidos, incluindo cinco localizadas no estado de\u00a0Nova York. Este movimento faz parte de uma estrat\u00e9gia mais ampla da empresa para reduzir suas opera\u00e7\u00f5es, ap\u00f3s o fechamento de aproximadamente 900 lojas entre\u00a02022\u00a0e\u00a02024. As lojas afetadas em Nova York est\u00e3o situadas em\u00a0North Tonawanda,\u00a0Staten Island,\u00a0Manhattan\u00a0e duas em\u00a0Albany. Os [&hellip;]<\/p>\n","protected":false},"author":11,"featured_media":56147,"comment_status":"open","ping_status":"open","sticky":false,"template":"","format":"standard","meta":{"jnews-multi-image_gallery":[],"jnews_single_post":{"format":"standard"},"jnews_primary_category":[],"jnews_social_meta":[],"jnews_override_counter":[],"footnotes":""},"categories":[8819,1],"tags":[5478,9932,9676,8606],"class_list":["post-56144","post","type-post","status-publish","format-standard","has-post-thumbnail","hentry","category-curiosidades","category-noticias","tag-falencia","tag-farmacia","tag-loja","tag-remedios"],"yoast_head":"<!-- This site is optimized with the Yoast SEO plugin v23.8 - https:\/\/yoast.com\/wordpress\/plugins\/seo\/ -->\n<title>Famosa rede de farm\u00e1cias fechar\u00e1 271 lojas at\u00e9 o final de 2025 - Estado de Minas - Em foco<\/title>\n<meta name=\"description\" content=\"Fechamento de 271 lojas CVS em 2025 impacta clientes e gera d\u00favidas sobre o futuro das farm\u00e1cias. Veja o que est\u00e1 por tr\u00e1s disso.\" \/>\n<meta name=\"robots\" content=\"index, follow, max-snippet:-1, max-image-preview:large, max-video-preview:-1\" \/>\n<link rel=\"canonical\" href=\"https:\/\/www.em.com.br\/emfoco\/2025\/06\/05\/famosa-rede-de-farmacias-fechara-271-lojas-ate-o-final-de-2025\/\" \/>\n<meta property=\"og:locale\" content=\"pt_BR\" \/>\n<meta property=\"og:type\" content=\"article\" \/>\n<meta property=\"og:title\" content=\"Famosa rede de farm\u00e1cias fechar\u00e1 271 lojas at\u00e9 o final de 2025 - Estado de Minas - Em foco\" \/>\n<meta property=\"og:description\" content=\"Fechamento de 271 lojas CVS em 2025 impacta clientes e gera d\u00favidas sobre o futuro das farm\u00e1cias. Veja o que est\u00e1 por tr\u00e1s disso.\" \/>\n<meta property=\"og:url\" content=\"https:\/\/www.em.com.br\/emfoco\/2025\/06\/05\/famosa-rede-de-farmacias-fechara-271-lojas-ate-o-final-de-2025\/\" \/>\n<meta property=\"og:site_name\" content=\"Estado de Minas - Em foco\" \/>\n<meta property=\"article:published_time\" content=\"2025-06-05T15:25:16+00:00\" \/>\n<meta property=\"article:modified_time\" content=\"2025-06-05T15:25:17+00:00\" \/>\n<meta property=\"og:image\" content=\"https:\/\/www.em.com.br\/emfoco\/wp-content\/uploads\/2025\/06\/farmacia-_1749140465151.jpg\" \/>\n\t<meta property=\"og:image:width\" content=\"1280\" \/>\n\t<meta property=\"og:image:height\" content=\"720\" \/>\n\t<meta property=\"og:image:type\" content=\"image\/jpeg\" \/>\n<meta name=\"author\" content=\"Andre\u0301 Rangel\u00a0\" \/>\n<meta name=\"twitter:card\" content=\"summary_large_image\" \/>\n<meta name=\"twitter:label1\" content=\"Escrito por\" \/>\n\t<meta name=\"twitter:data1\" content=\"Andre\u0301 Rangel\u00a0\" \/>\n\t<meta name=\"twitter:label2\" content=\"Est. tempo de leitura\" \/>\n\t<meta name=\"twitter:data2\" content=\"4 minutos\" \/>\n<!-- \/ Yoast SEO plugin. -->","yoast_head_json":{"title":"Famosa rede de farm\u00e1cias fechar\u00e1 271 lojas at\u00e9 o final de 2025 - Estado de Minas - Em foco","description":"Fechamento de 271 lojas CVS em 2025 impacta clientes e gera d\u00favidas sobre o futuro das farm\u00e1cias. Veja o que est\u00e1 por tr\u00e1s disso.","robots":{"index":"index","follow":"follow","max-snippet":"max-snippet:-1","max-image-preview":"max-image-preview:large","max-video-preview":"max-video-preview:-1"},"canonical":"https:\/\/www.em.com.br\/emfoco\/2025\/06\/05\/famosa-rede-de-farmacias-fechara-271-lojas-ate-o-final-de-2025\/","og_locale":"pt_BR","og_type":"article","og_title":"Famosa rede de farm\u00e1cias fechar\u00e1 271 lojas at\u00e9 o final de 2025 - Estado de Minas - Em foco","og_description":"Fechamento de 271 lojas CVS em 2025 impacta clientes e gera d\u00favidas sobre o futuro das farm\u00e1cias. Veja o que est\u00e1 por tr\u00e1s disso.","og_url":"https:\/\/www.em.com.br\/emfoco\/2025\/06\/05\/famosa-rede-de-farmacias-fechara-271-lojas-ate-o-final-de-2025\/","og_site_name":"Estado de Minas - Em foco","article_published_time":"2025-06-05T15:25:16+00:00","article_modified_time":"2025-06-05T15:25:17+00:00","og_image":[{"width":1280,"height":720,"url":"https:\/\/www.em.com.br\/emfoco\/wp-content\/uploads\/2025\/06\/farmacia-_1749140465151.jpg","type":"image\/jpeg"}],"author":"Andre\u0301 Rangel\u00a0","twitter_card":"summary_large_image","twitter_misc":{"Escrito por":"Andre\u0301 Rangel\u00a0","Est. tempo de leitura":"4 minutos"},"schema":{"@context":"https:\/\/schema.org","@graph":[{"@type":"WebPage","@id":"https:\/\/www.em.com.br\/emfoco\/2025\/06\/05\/famosa-rede-de-farmacias-fechara-271-lojas-ate-o-final-de-2025\/","url":"https:\/\/www.em.com.br\/emfoco\/2025\/06\/05\/famosa-rede-de-farmacias-fechara-271-lojas-ate-o-final-de-2025\/","name":"Famosa rede de farm\u00e1cias fechar\u00e1 271 lojas at\u00e9 o final de 2025 - Estado de Minas - Em foco","isPartOf":{"@id":"https:\/\/www.em.com.br\/emfoco\/#website"},"primaryImageOfPage":{"@id":"https:\/\/www.em.com.br\/emfoco\/2025\/06\/05\/famosa-rede-de-farmacias-fechara-271-lojas-ate-o-final-de-2025\/#primaryimage"},"image":{"@id":"https:\/\/www.em.com.br\/emfoco\/2025\/06\/05\/famosa-rede-de-farmacias-fechara-271-lojas-ate-o-final-de-2025\/#primaryimage"},"thumbnailUrl":"https:\/\/www.em.com.br\/emfoco\/wp-content\/uploads\/2025\/06\/farmacia-_1749140465151.jpg","datePublished":"2025-06-05T15:25:16+00:00","dateModified":"2025-06-05T15:25:17+00:00","author":{"@id":"https:\/\/www.em.com.br\/emfoco\/#\/schema\/person\/60eda09c1fedf0d6891f4cef4b60b8b8"},"description":"Fechamento de 271 lojas CVS em 2025 impacta clientes e gera d\u00favidas sobre o futuro das farm\u00e1cias. Veja o que est\u00e1 por tr\u00e1s disso.","breadcrumb":{"@id":"https:\/\/www.em.com.br\/emfoco\/2025\/06\/05\/famosa-rede-de-farmacias-fechara-271-lojas-ate-o-final-de-2025\/#breadcrumb"},"inLanguage":"pt-BR","potentialAction":[{"@type":"ReadAction","target":["https:\/\/www.em.com.br\/emfoco\/2025\/06\/05\/famosa-rede-de-farmacias-fechara-271-lojas-ate-o-final-de-2025\/"]}]},{"@type":"ImageObject","inLanguage":"pt-BR","@id":"https:\/\/www.em.com.br\/emfoco\/2025\/06\/05\/famosa-rede-de-farmacias-fechara-271-lojas-ate-o-final-de-2025\/#primaryimage","url":"https:\/\/www.em.com.br\/emfoco\/wp-content\/uploads\/2025\/06\/farmacia-_1749140465151.jpg","contentUrl":"https:\/\/www.em.com.br\/emfoco\/wp-content\/uploads\/2025\/06\/farmacia-_1749140465151.jpg","width":1280,"height":720,"caption":"Gigante farmac\u00eautica reduz 1.200 lojas - Cr\u00e9ditos: depositphotos.com \/ gemphoto"},{"@type":"BreadcrumbList","@id":"https:\/\/www.em.com.br\/emfoco\/2025\/06\/05\/famosa-rede-de-farmacias-fechara-271-lojas-ate-o-final-de-2025\/#breadcrumb","itemListElement":[{"@type":"ListItem","position":1,"name":"In\u00edcio","item":"https:\/\/www.em.com.br\/emfoco\/"},{"@type":"ListItem","position":2,"name":"Famosa rede de farm\u00e1cias fechar\u00e1 271 lojas at\u00e9 o final de 2025"}]},{"@type":"WebSite","@id":"https:\/\/www.em.com.br\/emfoco\/#website","url":"https:\/\/www.em.com.br\/emfoco\/","name":"Estado de Minas - Em foco","description":"Acompanhe as \u00faltimas not\u00edcias e fique bem informado sobre tudo o que acontece em Minas Gerais, Brasil e no mundo.","potentialAction":[{"@type":"SearchAction","target":{"@type":"EntryPoint","urlTemplate":"https:\/\/www.em.com.br\/emfoco\/?s={search_term_string}"},"query-input":{"@type":"PropertyValueSpecification","valueRequired":true,"valueName":"search_term_string"}}],"inLanguage":"pt-BR"},{"@type":"Person","@id":"https:\/\/www.em.com.br\/emfoco\/#\/schema\/person\/60eda09c1fedf0d6891f4cef4b60b8b8","name":"Andre\u0301 Rangel\u00a0","image":{"@type":"ImageObject","inLanguage":"pt-BR","@id":"https:\/\/www.em.com.br\/emfoco\/#\/schema\/person\/image\/","url":"https:\/\/secure.gravatar.com\/avatar\/6234dc814c77c8ef6d8bba622c787efc?s=96&d=mm&r=g","contentUrl":"https:\/\/secure.gravatar.com\/avatar\/6234dc814c77c8ef6d8bba622c787efc?s=96&d=mm&r=g","caption":"Andre\u0301 Rangel\u00a0"},"url":"https:\/\/www.em.com.br\/emfoco\/author\/luizmyth\/"}]}},"_links":{"self":[{"href":"https:\/\/www.em.com.br\/emfoco\/wp-json\/wp\/v2\/posts\/56144","targetHints":{"allow":["GET"]}}],"collection":[{"href":"https:\/\/www.em.com.br\/emfoco\/wp-json\/wp\/v2\/posts"}],"about":[{"href":"https:\/\/www.em.com.br\/emfoco\/wp-json\/wp\/v2\/types\/post"}],"author":[{"embeddable":true,"href":"https:\/\/www.em.com.br\/emfoco\/wp-json\/wp\/v2\/users\/11"}],"replies":[{"embeddable":true,"href":"https:\/\/www.em.com.br\/emfoco\/wp-json\/wp\/v2\/comments?post=56144"}],"version-history":[{"count":2,"href":"https:\/\/www.em.com.br\/emfoco\/wp-json\/wp\/v2\/posts\/56144\/revisions"}],"predecessor-version":[{"id":56150,"href":"https:\/\/www.em.com.br\/emfoco\/wp-json\/wp\/v2\/posts\/56144\/revisions\/56150"}],"wp:featuredmedia":[{"embeddable":true,"href":"https:\/\/www.em.com.br\/emfoco\/wp-json\/wp\/v2\/media\/56147"}],"wp:attachment":[{"href":"https:\/\/www.em.com.br\/emfoco\/wp-json\/wp\/v2\/media?parent=56144"}],"wp:term":[{"taxonomy":"category","embeddable":true,"href":"https:\/\/www.em.com.br\/emfoco\/wp-json\/wp\/v2\/categories?post=56144"},{"taxonomy":"post_tag","embeddable":true,"href":"https:\/\/www.em.com.br\/emfoco\/wp-json\/wp\/v2\/tags?post=56144"}],"curies":[{"name":"wp","href":"https:\/\/api.w.org\/{rel}","templated":true}]}}