{"id":56053,"date":"2025-06-08T18:00:00","date_gmt":"2025-06-08T21:00:00","guid":{"rendered":"https:\/\/www.em.com.br\/emfoco\/?p=56053"},"modified":"2025-06-07T18:28:05","modified_gmt":"2025-06-07T21:28:05","slug":"6-beneficios-do-vinagre-de-maca-que-vao-transformar-sua-saude-em-poucos-dias","status":"publish","type":"post","link":"https:\/\/www.em.com.br\/emfoco\/2025\/06\/08\/6-beneficios-do-vinagre-de-maca-que-vao-transformar-sua-saude-em-poucos-dias\/","title":{"rendered":"6 benef\u00edcios do vinagre de ma\u00e7\u00e3 que v\u00e3o transformar sua sa\u00fade em poucos dias"},"content":{"rendered":"\n<p><strong>O vinagre de ma\u00e7\u00e3 \u00e9 um l\u00edquido obtido atrav\u00e9s da fermenta\u00e7\u00e3o das ma\u00e7\u00e3s.<\/strong> Durante esse processo, as ma\u00e7\u00e3s s\u00e3o esmagadas e o suco \u00e9 extra\u00eddo. Em seguida, bact\u00e9rias e leveduras s\u00e3o adicionadas para iniciar a fermenta\u00e7\u00e3o alco\u00f3lica, transformando os a\u00e7\u00facares em \u00e1lcool. Posteriormente, uma segunda fermenta\u00e7\u00e3o ocorre, convertendo o \u00e1lcool em \u00e1cido ac\u00e9tico, que \u00e9 o principal componente do vinagre e respons\u00e1vel por seu sabor caracter\u00edstico.<\/p>\n\n\n\n<p>Este produto \u00e9 amplamente utilizado na culin\u00e1ria e em rem\u00e9dios caseiros devido \u00e0s suas propriedades ben\u00e9ficas para a sa\u00fade. A popularidade do vinagre de ma\u00e7\u00e3 tem crescido ao longo dos anos, n\u00e3o apenas por seu uso culin\u00e1rio, mas tamb\u00e9m por seus potenciais benef\u00edcios terap\u00eauticos.<\/p>\n\n\n\n<h2 class=\"wp-block-heading\">Quais s\u00e3o os principais benef\u00edcios do vinagre de ma\u00e7\u00e3 para a sa\u00fade?<\/h2>\n\n\n\n<p><strong>O vinagre de ma\u00e7\u00e3 \u00e9 conhecido por oferecer uma variedade de benef\u00edcios \u00e0 sa\u00fade.<\/strong> Um dos mais destacados \u00e9 sua capacidade de ajudar na <strong>perda de peso<\/strong>. Estudos sugerem que o consumo de vinagre de ma\u00e7\u00e3 pode aumentar a sensa\u00e7\u00e3o de saciedade, reduzindo assim a ingest\u00e3o cal\u00f3rica ao longo do dia.<\/p>\n\n\n\n<p>Al\u00e9m disso, o vinagre de ma\u00e7\u00e3 pode auxiliar no controle dos n\u00edveis de a\u00e7\u00facar no sangue. <strong>Ele pode melhorar a sensibilidade \u00e0 insulina,<\/strong> o que \u00e9 particularmente ben\u00e9fico para pessoas com<a href=\"https:\/\/altadiagnosticos.com.br\/saude\/diabetes-tipo-2\" target=\"_blank\" rel=\"noreferrer noopener\"> <strong>diabetes tipo 2<\/strong><\/a>. <strong>O \u00e1cido ac\u00e9tico presente no vinagre tamb\u00e9m pode ajudar a reduzir os n\u00edveis de colesterol e melhorar a sa\u00fade cardiovascular.<\/strong><\/p>\n\n\n\n<figure class=\"wp-block-image size-large\"><img loading=\"lazy\" decoding=\"async\" width=\"1024\" height=\"576\" src=\"https:\/\/www.em.com.br\/emfoco\/wp-content\/uploads\/2025\/06\/apple-cider-vinegar_1749133650826-1024x576.jpg\" alt=\"6 benef\u00edcios do vinagre de ma\u00e7\u00e3 que v\u00e3o transformar sua sa\u00fade em poucos dias\" class=\"wp-image-56075\" srcset=\"https:\/\/www.em.com.br\/emfoco\/wp-content\/uploads\/2025\/06\/apple-cider-vinegar_1749133650826-1024x576.jpg 1024w, https:\/\/www.em.com.br\/emfoco\/wp-content\/uploads\/2025\/06\/apple-cider-vinegar_1749133650826-300x169.jpg 300w, https:\/\/www.em.com.br\/emfoco\/wp-content\/uploads\/2025\/06\/apple-cider-vinegar_1749133650826-768x432.jpg 768w, https:\/\/www.em.com.br\/emfoco\/wp-content\/uploads\/2025\/06\/apple-cider-vinegar_1749133650826-750x422.jpg 750w, https:\/\/www.em.com.br\/emfoco\/wp-content\/uploads\/2025\/06\/apple-cider-vinegar_1749133650826-1140x641.jpg 1140w, https:\/\/www.em.com.br\/emfoco\/wp-content\/uploads\/2025\/06\/apple-cider-vinegar_1749133650826.jpg 1280w\" sizes=\"auto, (max-width: 1024px) 100vw, 1024px\" \/><figcaption class=\"wp-element-caption\">Vinagre de ma\u00e7\u00e3 &#8211; Cr\u00e9ditos: depositphotos.com \/ MadeleineSteinbach<\/figcaption><\/figure>\n\n\n\n<p>Outro benef\u00edcio importante \u00e9 a sua a\u00e7\u00e3o antimicrobiana. <strong>O vinagre de ma\u00e7\u00e3 pode ajudar a matar pat\u00f3genos, incluindo bact\u00e9rias,<\/strong> o que o torna \u00fatil para desinfetar e tratar infec\u00e7\u00f5es menores. <strong>Ele tamb\u00e9m \u00e9 utilizado como um t\u00f4nico digestivo,<\/strong> ajudando a aliviar problemas como indigest\u00e3o e refluxo \u00e1cido.<\/p>\n\n\n\n<h2 class=\"wp-block-heading\">Como o vinagre de ma\u00e7\u00e3 pode ser incorporado na dieta di\u00e1ria?<\/h2>\n\n\n\n<p><strong>Incorporar o vinagre de ma\u00e7\u00e3 na dieta di\u00e1ria pode ser simples e saboroso.<\/strong> Uma maneira popular de consumi-lo \u00e9 adicionando uma colher de sopa a um copo de \u00e1gua e bebendo antes das refei\u00e7\u00f5es. Isso pode ajudar na digest\u00e3o e na regula\u00e7\u00e3o do apetite.<\/p>\n\n\n\n<p>O vinagre de ma\u00e7\u00e3 tamb\u00e9m pode ser usado como tempero em saladas. Mistur\u00e1-lo com azeite de oliva, mostarda e mel cria um molho delicioso e saud\u00e1vel. Al\u00e9m disso, ele pode ser utilizado em marinadas para carnes, proporcionando um sabor \u00fanico e ajudando a amaciar a carne.<\/p>\n\n\n\n<h2 class=\"wp-block-heading\">Qual \u00e9 uma receita saud\u00e1vel que utiliza vinagre de ma\u00e7\u00e3?<\/h2>\n\n\n\n<p><strong>Uma receita saud\u00e1vel e f\u00e1cil de preparar que utiliza vinagre de ma\u00e7\u00e3 \u00e9 a salada de <a href=\"https:\/\/www.em.com.br\/emfoco\/2025\/05\/25\/entenda-como-a-quinoa-pode-transformar-sua-saude-cardiovascular\/\" target=\"_blank\" rel=\"noreferrer noopener\">quinoa <\/a>com legumes.<\/strong> Para preparar, cozinhe uma x\u00edcara de quinoa conforme as instru\u00e7\u00f5es da embalagem. Em uma tigela grande, misture a quinoa cozida com uma x\u00edcara de tomates cereja cortados ao meio, meia x\u00edcara de pepino picado, um quarto de x\u00edcara de cebola roxa fatiada e um punhado de folhas de hortel\u00e3.<\/p>\n\n\n\n<p>Para o molho, <strong>misture duas colheres de sopa de vinagre de ma\u00e7\u00e3, tr\u00eas colheres de sopa de azeite de oliva, uma colher de ch\u00e1 de mostarda dijon, sal e pimenta a gosto.<\/strong> Despeje o molho sobre a salada e misture bem. Esta salada \u00e9 refrescante, nutritiva e perfeita para uma refei\u00e7\u00e3o leve.<\/p>\n\n\n\n<h2 class=\"wp-block-heading\">Quais precau\u00e7\u00f5es devem ser tomadas ao consumir vinagre de ma\u00e7\u00e3?<\/h2>\n\n\n\n<p>Embora o vinagre de ma\u00e7\u00e3 ofere\u00e7a muitos benef\u00edcios, \u00e9 importante consumi-lo com modera\u00e7\u00e3o. <strong>O \u00e1cido ac\u00e9tico pode causar irrita\u00e7\u00e3o na garganta e no est\u00f4mago se consumido em excesso.<\/strong> Recomenda-se diluir o vinagre em \u00e1gua antes de ingeri-lo.<\/p>\n\n\n\n<p>Al\u00e9m disso, <strong>o consumo excessivo pode levar \u00e0 eros\u00e3o do esmalte dos dentes.<\/strong> Para evitar isso, \u00e9 aconselh\u00e1vel enxaguar a boca com \u00e1gua ap\u00f3s consumir vinagre de ma\u00e7\u00e3. <strong>Pessoas com condi\u00e7\u00f5es de sa\u00fade espec\u00edficas devem consultar um m\u00e9dico<\/strong> antes de adicionar o vinagre de ma\u00e7\u00e3 \u00e0 sua dieta.<\/p>\n","protected":false},"excerpt":{"rendered":"<p>O vinagre de ma\u00e7\u00e3 \u00e9 um l\u00edquido obtido atrav\u00e9s da fermenta\u00e7\u00e3o das ma\u00e7\u00e3s. Durante esse processo, as ma\u00e7\u00e3s s\u00e3o esmagadas e o suco \u00e9 extra\u00eddo. Em seguida, bact\u00e9rias e leveduras s\u00e3o adicionadas para iniciar a fermenta\u00e7\u00e3o alco\u00f3lica, transformando os a\u00e7\u00facares em \u00e1lcool. Posteriormente, uma segunda fermenta\u00e7\u00e3o ocorre, convertendo o \u00e1lcool em \u00e1cido ac\u00e9tico, que \u00e9 [&hellip;]<\/p>\n","protected":false},"author":13,"featured_media":56071,"comment_status":"open","ping_status":"open","sticky":false,"template":"","format":"standard","meta":{"jnews-multi-image_gallery":[],"jnews_single_post":{"format":"standard"},"jnews_primary_category":[],"jnews_social_meta":[],"jnews_override_counter":[],"footnotes":""},"categories":[9053],"tags":[248,8142,415,5907],"class_list":["post-56053","post","type-post","status-publish","format-standard","has-post-thumbnail","hentry","category-saude","tag-culinaria","tag-perda-de-peso","tag-saude","tag-vinagre-de-maca"],"yoast_head":"<!-- This site is optimized with the Yoast SEO plugin v23.8 - https:\/\/yoast.com\/wordpress\/plugins\/seo\/ -->\n<title>6 benef\u00edcios do vinagre de ma\u00e7\u00e3 que v\u00e3o transformar sua sa\u00fade em poucos dias - Estado de Minas - Em foco<\/title>\n<meta name=\"description\" content=\"Vinagre de ma\u00e7\u00e3 ajuda na digest\u00e3o, controla o apetite e melhora os n\u00edveis de a\u00e7\u00facar no sangue. Veja como usar com seguran\u00e7a.\" \/>\n<meta name=\"robots\" content=\"index, follow, max-snippet:-1, max-image-preview:large, max-video-preview:-1\" \/>\n<link rel=\"canonical\" href=\"https:\/\/www.em.com.br\/emfoco\/2025\/06\/08\/6-beneficios-do-vinagre-de-maca-que-vao-transformar-sua-saude-em-poucos-dias\/\" \/>\n<meta property=\"og:locale\" content=\"pt_BR\" \/>\n<meta property=\"og:type\" content=\"article\" \/>\n<meta property=\"og:title\" content=\"6 benef\u00edcios do vinagre de ma\u00e7\u00e3 que v\u00e3o transformar sua sa\u00fade em poucos dias - Estado de Minas - Em foco\" \/>\n<meta property=\"og:description\" content=\"Vinagre de ma\u00e7\u00e3 ajuda na digest\u00e3o, controla o apetite e melhora os n\u00edveis de a\u00e7\u00facar no sangue. Veja como usar com seguran\u00e7a.\" \/>\n<meta property=\"og:url\" content=\"https:\/\/www.em.com.br\/emfoco\/2025\/06\/08\/6-beneficios-do-vinagre-de-maca-que-vao-transformar-sua-saude-em-poucos-dias\/\" \/>\n<meta property=\"og:site_name\" content=\"Estado de Minas - Em foco\" \/>\n<meta property=\"article:published_time\" content=\"2025-06-08T21:00:00+00:00\" \/>\n<meta property=\"article:modified_time\" content=\"2025-06-07T21:28:05+00:00\" \/>\n<meta property=\"og:image\" content=\"https:\/\/www.em.com.br\/emfoco\/wp-content\/uploads\/2025\/06\/apple-cider-vinegar_1749133612291.jpg\" \/>\n\t<meta property=\"og:image:width\" content=\"1280\" \/>\n\t<meta property=\"og:image:height\" content=\"720\" \/>\n\t<meta property=\"og:image:type\" content=\"image\/jpeg\" \/>\n<meta name=\"author\" content=\"Gabriel Martins\" \/>\n<meta name=\"twitter:card\" content=\"summary_large_image\" \/>\n<meta name=\"twitter:label1\" content=\"Escrito por\" \/>\n\t<meta name=\"twitter:data1\" content=\"Gabriel Martins\" \/>\n\t<meta name=\"twitter:label2\" content=\"Est. tempo de leitura\" \/>\n\t<meta name=\"twitter:data2\" content=\"4 minutos\" \/>\n<!-- \/ Yoast SEO plugin. -->","yoast_head_json":{"title":"6 benef\u00edcios do vinagre de ma\u00e7\u00e3 que v\u00e3o transformar sua sa\u00fade em poucos dias - Estado de Minas - Em foco","description":"Vinagre de ma\u00e7\u00e3 ajuda na digest\u00e3o, controla o apetite e melhora os n\u00edveis de a\u00e7\u00facar no sangue. Veja como usar com seguran\u00e7a.","robots":{"index":"index","follow":"follow","max-snippet":"max-snippet:-1","max-image-preview":"max-image-preview:large","max-video-preview":"max-video-preview:-1"},"canonical":"https:\/\/www.em.com.br\/emfoco\/2025\/06\/08\/6-beneficios-do-vinagre-de-maca-que-vao-transformar-sua-saude-em-poucos-dias\/","og_locale":"pt_BR","og_type":"article","og_title":"6 benef\u00edcios do vinagre de ma\u00e7\u00e3 que v\u00e3o transformar sua sa\u00fade em poucos dias - Estado de Minas - Em foco","og_description":"Vinagre de ma\u00e7\u00e3 ajuda na digest\u00e3o, controla o apetite e melhora os n\u00edveis de a\u00e7\u00facar no sangue. Veja como usar com seguran\u00e7a.","og_url":"https:\/\/www.em.com.br\/emfoco\/2025\/06\/08\/6-beneficios-do-vinagre-de-maca-que-vao-transformar-sua-saude-em-poucos-dias\/","og_site_name":"Estado de Minas - Em foco","article_published_time":"2025-06-08T21:00:00+00:00","article_modified_time":"2025-06-07T21:28:05+00:00","og_image":[{"width":1280,"height":720,"url":"https:\/\/www.em.com.br\/emfoco\/wp-content\/uploads\/2025\/06\/apple-cider-vinegar_1749133612291.jpg","type":"image\/jpeg"}],"author":"Gabriel Martins","twitter_card":"summary_large_image","twitter_misc":{"Escrito por":"Gabriel Martins","Est. tempo de leitura":"4 minutos"},"schema":{"@context":"https:\/\/schema.org","@graph":[{"@type":"WebPage","@id":"https:\/\/www.em.com.br\/emfoco\/2025\/06\/08\/6-beneficios-do-vinagre-de-maca-que-vao-transformar-sua-saude-em-poucos-dias\/","url":"https:\/\/www.em.com.br\/emfoco\/2025\/06\/08\/6-beneficios-do-vinagre-de-maca-que-vao-transformar-sua-saude-em-poucos-dias\/","name":"6 benef\u00edcios do vinagre de ma\u00e7\u00e3 que v\u00e3o transformar sua sa\u00fade em poucos dias - Estado de Minas - Em foco","isPartOf":{"@id":"https:\/\/www.em.com.br\/emfoco\/#website"},"primaryImageOfPage":{"@id":"https:\/\/www.em.com.br\/emfoco\/2025\/06\/08\/6-beneficios-do-vinagre-de-maca-que-vao-transformar-sua-saude-em-poucos-dias\/#primaryimage"},"image":{"@id":"https:\/\/www.em.com.br\/emfoco\/2025\/06\/08\/6-beneficios-do-vinagre-de-maca-que-vao-transformar-sua-saude-em-poucos-dias\/#primaryimage"},"thumbnailUrl":"https:\/\/www.em.com.br\/emfoco\/wp-content\/uploads\/2025\/06\/apple-cider-vinegar_1749133612291.jpg","datePublished":"2025-06-08T21:00:00+00:00","dateModified":"2025-06-07T21:28:05+00:00","author":{"@id":"https:\/\/www.em.com.br\/emfoco\/#\/schema\/person\/1c9ddeab18b98abeffef834667bcf08a"},"description":"Vinagre de ma\u00e7\u00e3 ajuda na digest\u00e3o, controla o apetite e melhora os n\u00edveis de a\u00e7\u00facar no sangue. Veja como usar com seguran\u00e7a.","breadcrumb":{"@id":"https:\/\/www.em.com.br\/emfoco\/2025\/06\/08\/6-beneficios-do-vinagre-de-maca-que-vao-transformar-sua-saude-em-poucos-dias\/#breadcrumb"},"inLanguage":"pt-BR","potentialAction":[{"@type":"ReadAction","target":["https:\/\/www.em.com.br\/emfoco\/2025\/06\/08\/6-beneficios-do-vinagre-de-maca-que-vao-transformar-sua-saude-em-poucos-dias\/"]}]},{"@type":"ImageObject","inLanguage":"pt-BR","@id":"https:\/\/www.em.com.br\/emfoco\/2025\/06\/08\/6-beneficios-do-vinagre-de-maca-que-vao-transformar-sua-saude-em-poucos-dias\/#primaryimage","url":"https:\/\/www.em.com.br\/emfoco\/wp-content\/uploads\/2025\/06\/apple-cider-vinegar_1749133612291.jpg","contentUrl":"https:\/\/www.em.com.br\/emfoco\/wp-content\/uploads\/2025\/06\/apple-cider-vinegar_1749133612291.jpg","width":1280,"height":720,"caption":"Vinagre de ma\u00e7\u00e3 - Cr\u00e9ditos: depositphotos.com \/ Thamkc"},{"@type":"BreadcrumbList","@id":"https:\/\/www.em.com.br\/emfoco\/2025\/06\/08\/6-beneficios-do-vinagre-de-maca-que-vao-transformar-sua-saude-em-poucos-dias\/#breadcrumb","itemListElement":[{"@type":"ListItem","position":1,"name":"In\u00edcio","item":"https:\/\/www.em.com.br\/emfoco\/"},{"@type":"ListItem","position":2,"name":"6 benef\u00edcios do vinagre de ma\u00e7\u00e3 que v\u00e3o transformar sua sa\u00fade em poucos dias"}]},{"@type":"WebSite","@id":"https:\/\/www.em.com.br\/emfoco\/#website","url":"https:\/\/www.em.com.br\/emfoco\/","name":"Estado de Minas - Em foco","description":"Acompanhe as \u00faltimas not\u00edcias e fique bem informado sobre tudo o que acontece em Minas Gerais, Brasil e no mundo.","potentialAction":[{"@type":"SearchAction","target":{"@type":"EntryPoint","urlTemplate":"https:\/\/www.em.com.br\/emfoco\/?s={search_term_string}"},"query-input":{"@type":"PropertyValueSpecification","valueRequired":true,"valueName":"search_term_string"}}],"inLanguage":"pt-BR"},{"@type":"Person","@id":"https:\/\/www.em.com.br\/emfoco\/#\/schema\/person\/1c9ddeab18b98abeffef834667bcf08a","name":"Gabriel Martins","image":{"@type":"ImageObject","inLanguage":"pt-BR","@id":"https:\/\/www.em.com.br\/emfoco\/#\/schema\/person\/image\/","url":"https:\/\/secure.gravatar.com\/avatar\/f0f1e2efdfd88f1ad2cb08c5c2731e50?s=96&d=mm&r=g","contentUrl":"https:\/\/secure.gravatar.com\/avatar\/f0f1e2efdfd88f1ad2cb08c5c2731e50?s=96&d=mm&r=g","caption":"Gabriel Martins"},"sameAs":["https:\/\/www.em.com.br\/emfoco\/"],"url":"https:\/\/www.em.com.br\/emfoco\/author\/gabrielmartinsmyth\/"}]}},"_links":{"self":[{"href":"https:\/\/www.em.com.br\/emfoco\/wp-json\/wp\/v2\/posts\/56053","targetHints":{"allow":["GET"]}}],"collection":[{"href":"https:\/\/www.em.com.br\/emfoco\/wp-json\/wp\/v2\/posts"}],"about":[{"href":"https:\/\/www.em.com.br\/emfoco\/wp-json\/wp\/v2\/types\/post"}],"author":[{"embeddable":true,"href":"https:\/\/www.em.com.br\/emfoco\/wp-json\/wp\/v2\/users\/13"}],"replies":[{"embeddable":true,"href":"https:\/\/www.em.com.br\/emfoco\/wp-json\/wp\/v2\/comments?post=56053"}],"version-history":[{"count":2,"href":"https:\/\/www.em.com.br\/emfoco\/wp-json\/wp\/v2\/posts\/56053\/revisions"}],"predecessor-version":[{"id":56079,"href":"https:\/\/www.em.com.br\/emfoco\/wp-json\/wp\/v2\/posts\/56053\/revisions\/56079"}],"wp:featuredmedia":[{"embeddable":true,"href":"https:\/\/www.em.com.br\/emfoco\/wp-json\/wp\/v2\/media\/56071"}],"wp:attachment":[{"href":"https:\/\/www.em.com.br\/emfoco\/wp-json\/wp\/v2\/media?parent=56053"}],"wp:term":[{"taxonomy":"category","embeddable":true,"href":"https:\/\/www.em.com.br\/emfoco\/wp-json\/wp\/v2\/categories?post=56053"},{"taxonomy":"post_tag","embeddable":true,"href":"https:\/\/www.em.com.br\/emfoco\/wp-json\/wp\/v2\/tags?post=56053"}],"curies":[{"name":"wp","href":"https:\/\/api.w.org\/{rel}","templated":true}]}}