{"id":55989,"date":"2025-06-08T15:20:00","date_gmt":"2025-06-08T18:20:00","guid":{"rendered":"https:\/\/www.em.com.br\/emfoco\/?p=55989"},"modified":"2025-06-07T18:27:13","modified_gmt":"2025-06-07T21:27:13","slug":"junho-chegou-e-promete-ser-um-mes-agitado-com-as-estreias-mais-aguardadas-do-ano","status":"publish","type":"post","link":"https:\/\/www.em.com.br\/emfoco\/2025\/06\/08\/junho-chegou-e-promete-ser-um-mes-agitado-com-as-estreias-mais-aguardadas-do-ano\/","title":{"rendered":"Junho chegou e promete ser um m\u00eas agitado com as estreias mais aguardadas do ano"},"content":{"rendered":"\n<p>Com a chegada de junho, o cinema mundial se prepara para uma nova leva de lan\u00e7amentos. Este m\u00eas marca a transi\u00e7\u00e3o entre a primeira e a segunda metade do ano, trazendo consigo uma variedade de filmes que prometem agradar a diferentes p\u00fablicos. Entre blockbusters e produ\u00e7\u00f5es independentes, junho de 2025 reserva surpresas para os amantes da s\u00e9tima arte.<\/p>\n\n\n\n<p>O primeiro semestre de 2025 apresentou uma mistura de sucessos e decep\u00e7\u00f5es. Enquanto a <strong><a href=\"https:\/\/www.em.com.br\/emfoco\/2025\/06\/04\/prepare-se-para-uma-maratona-intensa-com-as-novidades-do-disney\/\" target=\"_blank\" rel=\"noreferrer noopener\">Disney <\/a><\/strong>teve um in\u00edcio hesitante, a <strong>Warner Bros.<\/strong> surpreendeu com sucessos inesperados. Agora, com o ver\u00e3o norte-americano em pleno vapor, a expectativa \u00e9 alta para as novas estreias que prometem agitar as bilheterias.<\/p>\n\n\n\n<h2 class=\"wp-block-heading\">Quais s\u00e3o os destaques do in\u00edcio de junho?<\/h2>\n\n\n\n<p>No in\u00edcio do m\u00eas, o p\u00fablico pode esperar por lan\u00e7amentos variados. Entre eles, destaca-se <strong>\u2018Terra \u00e0 Deriva 2: Destino\u2019<\/strong>, uma continua\u00e7\u00e3o de sucesso que chega aos cinemas brasileiros ap\u00f3s o \u00eaxito do primeiro filme na <strong>China<\/strong>. Outra estreia aguardada \u00e9 a anima\u00e7\u00e3o <strong>\u2018Mem\u00f3rias de um Caracol\u2019<\/strong>, que encantou festivais internacionais e chega ao Brasil com uma narrativa envolvente sobre amizade e supera\u00e7\u00e3o.<\/p>\n\n\n\n<p>Al\u00e9m disso, <strong>\u2018Oh, Canad\u00e1\u2019<\/strong>, dirigido por Paul Schrader, traz uma narrativa intrigante sobre a vida de um diretor famoso, interpretado por <strong>Richard Gere<\/strong> e <strong>Jacob Elord<\/strong>i em diferentes fases da vida. Este filme promete capturar a aten\u00e7\u00e3o dos f\u00e3s de dramas biogr\u00e1ficos.<\/p>\n\n\n\n<figure class=\"wp-block-embed is-type-video is-provider-youtube wp-block-embed-youtube wp-embed-aspect-16-9 wp-has-aspect-ratio\"><div class=\"wp-block-embed__wrapper\">\n<div class=\"jeg_video_container jeg_video_content\"><iframe loading=\"lazy\" title=\"TERRA \u00c0 DERIVA 2: DESTINO Trailer Dublado (2025) Fic\u00e7\u00e3o Cient\u00edfica\" width=\"500\" height=\"281\" src=\"https:\/\/www.youtube.com\/embed\/BTjoedXihDY?feature=oembed\" frameborder=\"0\" allow=\"accelerometer; autoplay; clipboard-write; encrypted-media; gyroscope; picture-in-picture; web-share\" referrerpolicy=\"strict-origin-when-cross-origin\" allowfullscreen><\/iframe><\/div>\n<\/div><\/figure>\n\n\n\n<h2 class=\"wp-block-heading\">Quais s\u00e3o as estreias mais esperadas do meio do m\u00eas?<\/h2>\n\n\n\n<p>A partir do segundo fim de semana de junho, os cinemas se preparam para grandes lan\u00e7amentos. Um dos mais aguardados \u00e9 a vers\u00e3o live-action de <strong>\u2018Como Treinar o Seu Drag\u00e3o\u2019<\/strong>, que promete encantar tanto os f\u00e3s da anima\u00e7\u00e3o original quanto novos espectadores. Com efeitos visuais impressionantes, o filme \u00e9 uma das grandes apostas do ano.<\/p>\n\n\n\n<p>Outro destaque \u00e9 <strong>\u2018June e John\u2019<\/strong>, uma produ\u00e7\u00e3o francesa que oferece um romance alternativo e envolvente. Dirigido por<strong> Luc Besson<\/strong>, o filme narra a hist\u00f3ria de um homem cuja vida \u00e9 transformada ao conhecer uma jovem vibrante, prometendo tocar o cora\u00e7\u00e3o do p\u00fablico.<\/p>\n\n\n\n<h2 class=\"wp-block-heading\">O que esperar do final de junho?<\/h2>\n\n\n\n<p>O m\u00eas encerra com lan\u00e7amentos que prometem ser memor\u00e1veis. Entre eles, <strong>\u2018Elio\u2019<\/strong>, uma anima\u00e7\u00e3o da Disney que leva o p\u00fablico a uma aventura espacial repleta de criaturas alien\u00edgenas e mundos desconhecidos. Este filme marca o retorno da Disney \u00e0s produ\u00e7\u00f5es originais, ap\u00f3s um hiato de lan\u00e7amentos.<\/p>\n\n\n\n<p>Para os f\u00e3s de terror, <strong>\u2018Exterm\u00ednio: A Evolu\u00e7\u00e3o\u2019<\/strong> \u00e9 uma das estreias mais aguardadas. A terceira parte da franquia cult de zumbis, dirigida por <strong>Danny Boyle<\/strong>, traz um elenco de peso e promete redefinir o g\u00eanero com sua narrativa intensa e assustadora.<\/p>\n\n\n\n<h2 class=\"wp-block-heading\">Quais s\u00e3o os lan\u00e7amentos finais do m\u00eas?<\/h2>\n\n\n\n<p>O \u00faltimo fim de semana de junho n\u00e3o decepciona, trazendo <strong>\u2018F1\u2019<\/strong>, uma superprodu\u00e7\u00e3o sobre F\u00f3rmula 1 estrelada por <strong>Brad Pitt<\/strong>. Com cenas de a\u00e7\u00e3o de tirar o f\u00f4lego, o filme \u00e9 uma das grandes apostas da <strong><a href=\"https:\/\/tv.apple.com\/br\" target=\"_blank\" rel=\"noreferrer noopener\">AppleTV <\/a><\/strong>para este ano.<\/p>\n\n\n\n<p>Al\u00e9m disso, <strong>\u2018M3GAN 2.0\u2019<\/strong> chega como a sequ\u00eancia de um sucesso de terror, trazendo a rob\u00f4 homicida de volta \u00e0s telas. Com uma nova amea\u00e7a a ser enfrentada, o filme promete mais cenas ic\u00f4nicas e uma narrativa envolvente para os f\u00e3s do g\u00eanero.<\/p>\n\n\n\n<p>Com uma programa\u00e7\u00e3o t\u00e3o diversificada, junho de 2025 promete ser um m\u00eas memor\u00e1vel para os cin\u00e9filos, oferecendo op\u00e7\u00f5es para todos os gostos e garantindo entretenimento de qualidade nas telonas.<\/p>\n","protected":false},"excerpt":{"rendered":"<p>Com a chegada de junho, o cinema mundial se prepara para uma nova leva de lan\u00e7amentos. Este m\u00eas marca a transi\u00e7\u00e3o entre a primeira e a segunda metade do ano, trazendo consigo uma variedade de filmes que prometem agradar a diferentes p\u00fablicos. Entre blockbusters e produ\u00e7\u00f5es independentes, junho de 2025 reserva surpresas para os amantes [&hellip;]<\/p>\n","protected":false},"author":13,"featured_media":35659,"comment_status":"open","ping_status":"open","sticky":false,"template":"","format":"standard","meta":{"jnews-multi-image_gallery":[],"jnews_single_post":{"format":"standard"},"jnews_primary_category":[],"jnews_social_meta":[],"jnews_override_counter":[],"footnotes":""},"categories":[29,137],"tags":[637,7809,727,1117],"class_list":["post-55989","post","type-post","status-publish","format-standard","has-post-thumbnail","hentry","category-entretenimento","category-filmes","tag-cinema","tag-estreias","tag-filmes","tag-lancamentos"],"yoast_head":"<!-- This site is optimized with the Yoast SEO plugin v23.8 - https:\/\/yoast.com\/wordpress\/plugins\/seo\/ -->\n<title>Junho chegou e promete ser um m\u00eas agitado com as estreias mais aguardadas do ano - Estado de Minas - Em foco<\/title>\n<meta name=\"description\" content=\"Junho de 2025 ter\u00e1 estreias como \u2018F1\u2019 com Brad Pitt, \u2018Elio\u2019 da Disney e continua\u00e7\u00f5es aguardadas de terror e a\u00e7\u00e3o.\" \/>\n<meta name=\"robots\" content=\"index, follow, max-snippet:-1, max-image-preview:large, max-video-preview:-1\" \/>\n<link rel=\"canonical\" href=\"https:\/\/www.em.com.br\/emfoco\/2025\/06\/08\/junho-chegou-e-promete-ser-um-mes-agitado-com-as-estreias-mais-aguardadas-do-ano\/\" \/>\n<meta property=\"og:locale\" content=\"pt_BR\" \/>\n<meta property=\"og:type\" content=\"article\" \/>\n<meta property=\"og:title\" content=\"Junho chegou e promete ser um m\u00eas agitado com as estreias mais aguardadas do ano - Estado de Minas - Em foco\" \/>\n<meta property=\"og:description\" content=\"Junho de 2025 ter\u00e1 estreias como \u2018F1\u2019 com Brad Pitt, \u2018Elio\u2019 da Disney e continua\u00e7\u00f5es aguardadas de terror e a\u00e7\u00e3o.\" \/>\n<meta property=\"og:url\" content=\"https:\/\/www.em.com.br\/emfoco\/2025\/06\/08\/junho-chegou-e-promete-ser-um-mes-agitado-com-as-estreias-mais-aguardadas-do-ano\/\" \/>\n<meta property=\"og:site_name\" content=\"Estado de Minas - Em foco\" \/>\n<meta property=\"article:published_time\" content=\"2025-06-08T18:20:00+00:00\" \/>\n<meta property=\"article:modified_time\" content=\"2025-06-07T21:27:13+00:00\" \/>\n<meta property=\"og:image\" content=\"https:\/\/www.em.com.br\/emfoco\/wp-content\/uploads\/2025\/04\/Televisao_1743875782330.jpg\" \/>\n\t<meta property=\"og:image:width\" content=\"1280\" \/>\n\t<meta property=\"og:image:height\" content=\"720\" \/>\n\t<meta property=\"og:image:type\" content=\"image\/jpeg\" \/>\n<meta name=\"author\" content=\"Gabriel Martins\" \/>\n<meta name=\"twitter:card\" content=\"summary_large_image\" \/>\n<meta name=\"twitter:label1\" content=\"Escrito por\" \/>\n\t<meta name=\"twitter:data1\" content=\"Gabriel Martins\" \/>\n\t<meta name=\"twitter:label2\" content=\"Est. tempo de leitura\" \/>\n\t<meta name=\"twitter:data2\" content=\"4 minutos\" \/>\n<!-- \/ Yoast SEO plugin. -->","yoast_head_json":{"title":"Junho chegou e promete ser um m\u00eas agitado com as estreias mais aguardadas do ano - Estado de Minas - Em foco","description":"Junho de 2025 ter\u00e1 estreias como \u2018F1\u2019 com Brad Pitt, \u2018Elio\u2019 da Disney e continua\u00e7\u00f5es aguardadas de terror e a\u00e7\u00e3o.","robots":{"index":"index","follow":"follow","max-snippet":"max-snippet:-1","max-image-preview":"max-image-preview:large","max-video-preview":"max-video-preview:-1"},"canonical":"https:\/\/www.em.com.br\/emfoco\/2025\/06\/08\/junho-chegou-e-promete-ser-um-mes-agitado-com-as-estreias-mais-aguardadas-do-ano\/","og_locale":"pt_BR","og_type":"article","og_title":"Junho chegou e promete ser um m\u00eas agitado com as estreias mais aguardadas do ano - Estado de Minas - Em foco","og_description":"Junho de 2025 ter\u00e1 estreias como \u2018F1\u2019 com Brad Pitt, \u2018Elio\u2019 da Disney e continua\u00e7\u00f5es aguardadas de terror e a\u00e7\u00e3o.","og_url":"https:\/\/www.em.com.br\/emfoco\/2025\/06\/08\/junho-chegou-e-promete-ser-um-mes-agitado-com-as-estreias-mais-aguardadas-do-ano\/","og_site_name":"Estado de Minas - Em foco","article_published_time":"2025-06-08T18:20:00+00:00","article_modified_time":"2025-06-07T21:27:13+00:00","og_image":[{"width":1280,"height":720,"url":"https:\/\/www.em.com.br\/emfoco\/wp-content\/uploads\/2025\/04\/Televisao_1743875782330.jpg","type":"image\/jpeg"}],"author":"Gabriel Martins","twitter_card":"summary_large_image","twitter_misc":{"Escrito por":"Gabriel Martins","Est. tempo de leitura":"4 minutos"},"schema":{"@context":"https:\/\/schema.org","@graph":[{"@type":"WebPage","@id":"https:\/\/www.em.com.br\/emfoco\/2025\/06\/08\/junho-chegou-e-promete-ser-um-mes-agitado-com-as-estreias-mais-aguardadas-do-ano\/","url":"https:\/\/www.em.com.br\/emfoco\/2025\/06\/08\/junho-chegou-e-promete-ser-um-mes-agitado-com-as-estreias-mais-aguardadas-do-ano\/","name":"Junho chegou e promete ser um m\u00eas agitado com as estreias mais aguardadas do ano - Estado de Minas - Em foco","isPartOf":{"@id":"https:\/\/www.em.com.br\/emfoco\/#website"},"primaryImageOfPage":{"@id":"https:\/\/www.em.com.br\/emfoco\/2025\/06\/08\/junho-chegou-e-promete-ser-um-mes-agitado-com-as-estreias-mais-aguardadas-do-ano\/#primaryimage"},"image":{"@id":"https:\/\/www.em.com.br\/emfoco\/2025\/06\/08\/junho-chegou-e-promete-ser-um-mes-agitado-com-as-estreias-mais-aguardadas-do-ano\/#primaryimage"},"thumbnailUrl":"https:\/\/www.em.com.br\/emfoco\/wp-content\/uploads\/2025\/04\/Televisao_1743875782330.jpg","datePublished":"2025-06-08T18:20:00+00:00","dateModified":"2025-06-07T21:27:13+00:00","author":{"@id":"https:\/\/www.em.com.br\/emfoco\/#\/schema\/person\/1c9ddeab18b98abeffef834667bcf08a"},"description":"Junho de 2025 ter\u00e1 estreias como \u2018F1\u2019 com Brad Pitt, \u2018Elio\u2019 da Disney e continua\u00e7\u00f5es aguardadas de terror e a\u00e7\u00e3o.","breadcrumb":{"@id":"https:\/\/www.em.com.br\/emfoco\/2025\/06\/08\/junho-chegou-e-promete-ser-um-mes-agitado-com-as-estreias-mais-aguardadas-do-ano\/#breadcrumb"},"inLanguage":"pt-BR","potentialAction":[{"@type":"ReadAction","target":["https:\/\/www.em.com.br\/emfoco\/2025\/06\/08\/junho-chegou-e-promete-ser-um-mes-agitado-com-as-estreias-mais-aguardadas-do-ano\/"]}]},{"@type":"ImageObject","inLanguage":"pt-BR","@id":"https:\/\/www.em.com.br\/emfoco\/2025\/06\/08\/junho-chegou-e-promete-ser-um-mes-agitado-com-as-estreias-mais-aguardadas-do-ano\/#primaryimage","url":"https:\/\/www.em.com.br\/emfoco\/wp-content\/uploads\/2025\/04\/Televisao_1743875782330.jpg","contentUrl":"https:\/\/www.em.com.br\/emfoco\/wp-content\/uploads\/2025\/04\/Televisao_1743875782330.jpg","width":1280,"height":720,"caption":"Foto ilustrativa de televis\u00e3o - Cr\u00e9ditos: depositphotos.com \/ spectorx"},{"@type":"BreadcrumbList","@id":"https:\/\/www.em.com.br\/emfoco\/2025\/06\/08\/junho-chegou-e-promete-ser-um-mes-agitado-com-as-estreias-mais-aguardadas-do-ano\/#breadcrumb","itemListElement":[{"@type":"ListItem","position":1,"name":"In\u00edcio","item":"https:\/\/www.em.com.br\/emfoco\/"},{"@type":"ListItem","position":2,"name":"Junho chegou e promete ser um m\u00eas agitado com as estreias mais aguardadas do ano"}]},{"@type":"WebSite","@id":"https:\/\/www.em.com.br\/emfoco\/#website","url":"https:\/\/www.em.com.br\/emfoco\/","name":"Estado de Minas - Em foco","description":"Acompanhe as \u00faltimas not\u00edcias e fique bem informado sobre tudo o que acontece em Minas Gerais, Brasil e no mundo.","potentialAction":[{"@type":"SearchAction","target":{"@type":"EntryPoint","urlTemplate":"https:\/\/www.em.com.br\/emfoco\/?s={search_term_string}"},"query-input":{"@type":"PropertyValueSpecification","valueRequired":true,"valueName":"search_term_string"}}],"inLanguage":"pt-BR"},{"@type":"Person","@id":"https:\/\/www.em.com.br\/emfoco\/#\/schema\/person\/1c9ddeab18b98abeffef834667bcf08a","name":"Gabriel Martins","image":{"@type":"ImageObject","inLanguage":"pt-BR","@id":"https:\/\/www.em.com.br\/emfoco\/#\/schema\/person\/image\/","url":"https:\/\/secure.gravatar.com\/avatar\/f0f1e2efdfd88f1ad2cb08c5c2731e50?s=96&d=mm&r=g","contentUrl":"https:\/\/secure.gravatar.com\/avatar\/f0f1e2efdfd88f1ad2cb08c5c2731e50?s=96&d=mm&r=g","caption":"Gabriel Martins"},"sameAs":["https:\/\/www.em.com.br\/emfoco\/"],"url":"https:\/\/www.em.com.br\/emfoco\/author\/gabrielmartinsmyth\/"}]}},"_links":{"self":[{"href":"https:\/\/www.em.com.br\/emfoco\/wp-json\/wp\/v2\/posts\/55989","targetHints":{"allow":["GET"]}}],"collection":[{"href":"https:\/\/www.em.com.br\/emfoco\/wp-json\/wp\/v2\/posts"}],"about":[{"href":"https:\/\/www.em.com.br\/emfoco\/wp-json\/wp\/v2\/types\/post"}],"author":[{"embeddable":true,"href":"https:\/\/www.em.com.br\/emfoco\/wp-json\/wp\/v2\/users\/13"}],"replies":[{"embeddable":true,"href":"https:\/\/www.em.com.br\/emfoco\/wp-json\/wp\/v2\/comments?post=55989"}],"version-history":[{"count":2,"href":"https:\/\/www.em.com.br\/emfoco\/wp-json\/wp\/v2\/posts\/55989\/revisions"}],"predecessor-version":[{"id":56042,"href":"https:\/\/www.em.com.br\/emfoco\/wp-json\/wp\/v2\/posts\/55989\/revisions\/56042"}],"wp:featuredmedia":[{"embeddable":true,"href":"https:\/\/www.em.com.br\/emfoco\/wp-json\/wp\/v2\/media\/35659"}],"wp:attachment":[{"href":"https:\/\/www.em.com.br\/emfoco\/wp-json\/wp\/v2\/media?parent=55989"}],"wp:term":[{"taxonomy":"category","embeddable":true,"href":"https:\/\/www.em.com.br\/emfoco\/wp-json\/wp\/v2\/categories?post=55989"},{"taxonomy":"post_tag","embeddable":true,"href":"https:\/\/www.em.com.br\/emfoco\/wp-json\/wp\/v2\/tags?post=55989"}],"curies":[{"name":"wp","href":"https:\/\/api.w.org\/{rel}","templated":true}]}}