{"id":55939,"date":"2025-06-08T13:20:00","date_gmt":"2025-06-08T16:20:00","guid":{"rendered":"https:\/\/www.em.com.br\/emfoco\/?p=55939"},"modified":"2025-06-07T19:12:37","modified_gmt":"2025-06-07T22:12:37","slug":"jeep-renegade-2026-chega-ao-mercado-brasileiro-ainda-mais-barato-e-com-muito-mais-tecnologia","status":"publish","type":"post","link":"https:\/\/www.em.com.br\/emfoco\/2025\/06\/08\/jeep-renegade-2026-chega-ao-mercado-brasileiro-ainda-mais-barato-e-com-muito-mais-tecnologia\/","title":{"rendered":"Jeep Renegade 2026 chega ao mercado brasileiro ainda mais barato e com muito mais tecnologia!"},"content":{"rendered":"\n<p>O <strong>Jeep Renegade 2026<\/strong> chega ao mercado com algumas atualiza\u00e7\u00f5es que prometem manter o modelo competitivo no segmento de <a href=\"https:\/\/www.em.com.br\/emfoco\/2025\/05\/15\/conheca-os-5-suvs-mais-baratos-e-acessiveis-do-brasil-em-2025\/\" target=\"_blank\" rel=\"noreferrer noopener\"><strong>SUVs<\/strong><\/a> compactos. <strong>Embora as mudan\u00e7as n\u00e3o sejam dr\u00e1sticas, h\u00e1 novidades interessantes em termos de equipamentos e pre\u00e7os.<\/strong> A marca ajustou os valores, tornando o ve\u00edculo at\u00e9 R$ 15 mil mais acess\u00edvel em compara\u00e7\u00e3o com a linha 2025.<\/p>\n\n\n\n<p>Entre as altera\u00e7\u00f5es, destacam-se as novas rodas na vers\u00e3o <strong>Sport<\/strong>, a inclus\u00e3o de chave presencial e partida remota a partir da vers\u00e3o Longitude, al\u00e9m do sensor de estacionamento dianteiro na vers\u00e3o <strong>Sahara<\/strong>. O modelo continua oferecendo uma garantia de cinco anos, o que pode ser um atrativo para muitos consumidores.<\/p>\n\n\n\n<h2 class=\"wp-block-heading\">Quais s\u00e3o as vers\u00f5es e equipamentos do Renegade 2026?<\/h2>\n\n\n\n<p><strong>A linha 2026 do Jeep Renegade apresenta uma estrutura de vers\u00f5es que inclui a Sport, Longitude, Sahara e Willys.<\/strong> Todas as vers\u00f5es s\u00e3o equipadas com o motor T270 1.3 turbo flex, que entrega at\u00e9 176 cv de pot\u00eancia e 27,5 kgfm de torque. As op\u00e7\u00f5es com tra\u00e7\u00e3o 4&#215;2 possuem c\u00e2mbio autom\u00e1tico de seis marchas, enquanto as vers\u00f5es 4&#215;4 contam com c\u00e2mbio autom\u00e1tico de nove velocidades.<\/p>\n\n\n\n<p>A vers\u00e3o de entrada, Sport, oferece itens como controles de estabilidade e tra\u00e7\u00e3o, seis airbags, far\u00f3is full LED e lanternas LED. H\u00e1 tamb\u00e9m a possibilidade de adicionar o pacote &#8220;<strong>Pack Tech<\/strong>&#8220;, que inclui rodas de 17 polegadas, frenagem aut\u00f4noma de emerg\u00eancia, detector de fadiga, monitoramento de mudan\u00e7a de faixa, c\u00e2mera de r\u00e9 e central multim\u00eddia de 7 polegadas com conectividade sem fio para Android Auto e Apple CarPlay.<\/p>\n\n\n\n<figure class=\"wp-block-image size-large\"><img loading=\"lazy\" decoding=\"async\" width=\"1024\" height=\"576\" src=\"https:\/\/www.em.com.br\/emfoco\/wp-content\/uploads\/2025\/06\/ad-2-7-1024x576.jpg\" alt=\"Jeep Renegade 2026 chega ao mercado brasileiro ainda mais barato e com muito mais tecnologia!\" class=\"wp-image-55947\" srcset=\"https:\/\/www.em.com.br\/emfoco\/wp-content\/uploads\/2025\/06\/ad-2-7-1024x576.jpg 1024w, https:\/\/www.em.com.br\/emfoco\/wp-content\/uploads\/2025\/06\/ad-2-7-300x169.jpg 300w, https:\/\/www.em.com.br\/emfoco\/wp-content\/uploads\/2025\/06\/ad-2-7-768x432.jpg 768w, https:\/\/www.em.com.br\/emfoco\/wp-content\/uploads\/2025\/06\/ad-2-7-750x422.jpg 750w, https:\/\/www.em.com.br\/emfoco\/wp-content\/uploads\/2025\/06\/ad-2-7-1140x641.jpg 1140w, https:\/\/www.em.com.br\/emfoco\/wp-content\/uploads\/2025\/06\/ad-2-7.jpg 1280w\" sizes=\"auto, (max-width: 1024px) 100vw, 1024px\" \/><figcaption class=\"wp-element-caption\">Jeep Renegade 2026 &#8211; Cr\u00e9ditos: Jeep\/Divulga\u00e7\u00e3o<\/figcaption><\/figure>\n\n\n\n<h2 class=\"wp-block-heading\">Quais s\u00e3o as novidades na vers\u00e3o altitude?<\/h2>\n\n\n\n<p><strong>A vers\u00e3o Altitude, lan\u00e7ada no ano anterior, agora inclui a cor Azul Jazz como nova op\u00e7\u00e3o.<\/strong> As rodas de 17 polegadas s\u00e3o pintadas de preto, e o interior oferece uma central multim\u00eddia de 8,4 polegadas com espelhamento sem fio para <strong>Apple CarPlay<\/strong> e <strong>Android Auto<\/strong>, al\u00e9m de um quadro de instrumentos digital de 7 polegadas.<\/p>\n\n\n\n<p>O modelo Longitude adiciona recursos como Keyless Entry and Go e partida remota, diferenciando-se por suas rodas de 18 polegadas, carregador de telefone por indu\u00e7\u00e3o ventilado e bancos e volante revestidos em couro. Na vers\u00e3o Sahara, o destaque \u00e9 o sensor de estacionamento dianteiro, al\u00e9m de itens exclusivos como a cor Slash Gold e teto-solar panor\u00e2mico.<\/p>\n\n\n\n<figure class=\"wp-block-image size-large\"><img loading=\"lazy\" decoding=\"async\" width=\"1024\" height=\"576\" src=\"https:\/\/www.em.com.br\/emfoco\/wp-content\/uploads\/2025\/06\/ad-3-2-1024x576.jpg\" alt=\"Jeep Renegade 2026 chega ao mercado brasileiro ainda mais barato e com muito mais tecnologia!\" class=\"wp-image-55946\" srcset=\"https:\/\/www.em.com.br\/emfoco\/wp-content\/uploads\/2025\/06\/ad-3-2-1024x576.jpg 1024w, https:\/\/www.em.com.br\/emfoco\/wp-content\/uploads\/2025\/06\/ad-3-2-300x169.jpg 300w, https:\/\/www.em.com.br\/emfoco\/wp-content\/uploads\/2025\/06\/ad-3-2-768x432.jpg 768w, https:\/\/www.em.com.br\/emfoco\/wp-content\/uploads\/2025\/06\/ad-3-2-750x422.jpg 750w, https:\/\/www.em.com.br\/emfoco\/wp-content\/uploads\/2025\/06\/ad-3-2-1140x641.jpg 1140w, https:\/\/www.em.com.br\/emfoco\/wp-content\/uploads\/2025\/06\/ad-3-2.jpg 1280w\" sizes=\"auto, (max-width: 1024px) 100vw, 1024px\" \/><figcaption class=\"wp-element-caption\">Jeep Renegade 2026 &#8211; Cr\u00e9ditos: Jeep\/Divulga\u00e7\u00e3o<\/figcaption><\/figure>\n\n\n\n<h2 class=\"wp-block-heading\">O que mudou na vers\u00e3o Willys?<\/h2>\n\n\n\n<p><strong>A vers\u00e3o Willys agora \u00e9 a \u00fanica op\u00e7\u00e3o para quem busca tra\u00e7\u00e3o 4&#215;4, ap\u00f3s a retirada da vers\u00e3o Trailhawk.<\/strong> Ela vem equipada com pneus de uso misto, teto-solar de s\u00e9rie, central multim\u00eddia de 8,4 polegadas com espelhamento sem fio, quadro de instrumentos digital de 7 polegadas colorido e configur\u00e1vel, e ar-condicionado autom\u00e1tico de duas zonas.<\/p>\n\n\n\n<p>A S\u00e9rie Especial Comemorativa de 10 anos, baseada na vers\u00e3o Willys, oferece um design exclusivo com 1.010 unidades numeradas. Inclui novas rodas de 17 polegadas, adesivos no cap\u00f4 e na coluna C, al\u00e9m de bordados e soleiras exclusivas. O pre\u00e7o desta s\u00e9rie especial \u00e9 o mesmo da vers\u00e3o Willys padr\u00e3o.<\/p>\n\n\n\n<h2 class=\"wp-block-heading\">Como o Jeep Renegade 2026 se destaca no mercado?<\/h2>\n\n\n\n<p><strong>O <a href=\"https:\/\/www.jeep.com.br\/\" target=\"_blank\" rel=\"noreferrer noopener\">Jeep <\/a>Renegade 2026 continua a ser uma op\u00e7\u00e3o atraente no mercado de SUVs compactos, gra\u00e7as \u00e0 combina\u00e7\u00e3o de design robusto, versatilidade e uma lista de equipamentos que atende a diferentes perfis de consumidores.<\/strong> As atualiza\u00e7\u00f5es nos itens de s\u00e9rie e a reposi\u00e7\u00e3o de pre\u00e7os tornam o modelo ainda mais competitivo, especialmente para aqueles que buscam um ve\u00edculo com bom custo-benef\u00edcio e garantia estendida.<\/p>\n\n\n\n<p>Com a variedade de vers\u00f5es e a possibilidade de personaliza\u00e7\u00e3o atrav\u00e9s de pacotes opcionais, o Renegade 2026 oferece uma experi\u00eancia de condu\u00e7\u00e3o adapt\u00e1vel tanto para o uso urbano quanto para aventuras off-road, mantendo-se fiel \u00e0 tradi\u00e7\u00e3o da marca Jeep de oferecer ve\u00edculos robustos e confi\u00e1veis.<\/p>\n","protected":false},"excerpt":{"rendered":"<p>O Jeep Renegade 2026 chega ao mercado com algumas atualiza\u00e7\u00f5es que prometem manter o modelo competitivo no segmento de SUVs compactos. Embora as mudan\u00e7as n\u00e3o sejam dr\u00e1sticas, h\u00e1 novidades interessantes em termos de equipamentos e pre\u00e7os. A marca ajustou os valores, tornando o ve\u00edculo at\u00e9 R$ 15 mil mais acess\u00edvel em compara\u00e7\u00e3o com a linha [&hellip;]<\/p>\n","protected":false},"author":13,"featured_media":55948,"comment_status":"open","ping_status":"open","sticky":false,"template":"","format":"standard","meta":{"jnews-multi-image_gallery":[],"jnews_single_post":{"format":"standard"},"jnews_primary_category":[],"jnews_social_meta":[],"jnews_override_counter":[],"footnotes":""},"categories":[27],"tags":[818,9906,1118,1291],"class_list":["post-55939","post","type-post","status-publish","format-standard","has-post-thumbnail","hentry","category-carros","tag-carro","tag-jeep-renegade","tag-suv","tag-veiculo"],"yoast_head":"<!-- This site is optimized with the Yoast SEO plugin v23.8 - https:\/\/yoast.com\/wordpress\/plugins\/seo\/ -->\n<title>Jeep Renegade 2026 chega ao mercado brasileiro ainda mais barato e com muito mais tecnologia! - Estado de Minas - Em foco<\/title>\n<meta name=\"description\" content=\"Jeep Renegade 2026 traz novos equipamentos, mais tecnologia e pre\u00e7os at\u00e9 R$15 mil menores que a linha anterior.\" \/>\n<meta name=\"robots\" content=\"index, follow, max-snippet:-1, max-image-preview:large, max-video-preview:-1\" \/>\n<link rel=\"canonical\" href=\"https:\/\/www.em.com.br\/emfoco\/2025\/06\/08\/jeep-renegade-2026-chega-ao-mercado-brasileiro-ainda-mais-barato-e-com-muito-mais-tecnologia\/\" \/>\n<meta property=\"og:locale\" content=\"pt_BR\" \/>\n<meta property=\"og:type\" content=\"article\" \/>\n<meta property=\"og:title\" content=\"Jeep Renegade 2026 chega ao mercado brasileiro ainda mais barato e com muito mais tecnologia! - Estado de Minas - Em foco\" \/>\n<meta property=\"og:description\" content=\"Jeep Renegade 2026 traz novos equipamentos, mais tecnologia e pre\u00e7os at\u00e9 R$15 mil menores que a linha anterior.\" \/>\n<meta property=\"og:url\" content=\"https:\/\/www.em.com.br\/emfoco\/2025\/06\/08\/jeep-renegade-2026-chega-ao-mercado-brasileiro-ainda-mais-barato-e-com-muito-mais-tecnologia\/\" \/>\n<meta property=\"og:site_name\" content=\"Estado de Minas - Em foco\" \/>\n<meta property=\"article:published_time\" content=\"2025-06-08T16:20:00+00:00\" \/>\n<meta property=\"article:modified_time\" content=\"2025-06-07T22:12:37+00:00\" \/>\n<meta property=\"og:image\" content=\"https:\/\/www.em.com.br\/emfoco\/wp-content\/uploads\/2025\/06\/ad-4-1.jpg\" \/>\n\t<meta property=\"og:image:width\" content=\"1280\" \/>\n\t<meta property=\"og:image:height\" content=\"720\" \/>\n\t<meta property=\"og:image:type\" content=\"image\/jpeg\" \/>\n<meta name=\"author\" content=\"Gabriel Martins\" \/>\n<meta name=\"twitter:card\" content=\"summary_large_image\" \/>\n<meta name=\"twitter:label1\" content=\"Escrito por\" \/>\n\t<meta name=\"twitter:data1\" content=\"Gabriel Martins\" \/>\n\t<meta name=\"twitter:label2\" content=\"Est. tempo de leitura\" \/>\n\t<meta name=\"twitter:data2\" content=\"4 minutos\" \/>\n<!-- \/ Yoast SEO plugin. -->","yoast_head_json":{"title":"Jeep Renegade 2026 chega ao mercado brasileiro ainda mais barato e com muito mais tecnologia! - Estado de Minas - Em foco","description":"Jeep Renegade 2026 traz novos equipamentos, mais tecnologia e pre\u00e7os at\u00e9 R$15 mil menores que a linha anterior.","robots":{"index":"index","follow":"follow","max-snippet":"max-snippet:-1","max-image-preview":"max-image-preview:large","max-video-preview":"max-video-preview:-1"},"canonical":"https:\/\/www.em.com.br\/emfoco\/2025\/06\/08\/jeep-renegade-2026-chega-ao-mercado-brasileiro-ainda-mais-barato-e-com-muito-mais-tecnologia\/","og_locale":"pt_BR","og_type":"article","og_title":"Jeep Renegade 2026 chega ao mercado brasileiro ainda mais barato e com muito mais tecnologia! - Estado de Minas - Em foco","og_description":"Jeep Renegade 2026 traz novos equipamentos, mais tecnologia e pre\u00e7os at\u00e9 R$15 mil menores que a linha anterior.","og_url":"https:\/\/www.em.com.br\/emfoco\/2025\/06\/08\/jeep-renegade-2026-chega-ao-mercado-brasileiro-ainda-mais-barato-e-com-muito-mais-tecnologia\/","og_site_name":"Estado de Minas - Em foco","article_published_time":"2025-06-08T16:20:00+00:00","article_modified_time":"2025-06-07T22:12:37+00:00","og_image":[{"width":1280,"height":720,"url":"https:\/\/www.em.com.br\/emfoco\/wp-content\/uploads\/2025\/06\/ad-4-1.jpg","type":"image\/jpeg"}],"author":"Gabriel Martins","twitter_card":"summary_large_image","twitter_misc":{"Escrito por":"Gabriel Martins","Est. tempo de leitura":"4 minutos"},"schema":{"@context":"https:\/\/schema.org","@graph":[{"@type":"WebPage","@id":"https:\/\/www.em.com.br\/emfoco\/2025\/06\/08\/jeep-renegade-2026-chega-ao-mercado-brasileiro-ainda-mais-barato-e-com-muito-mais-tecnologia\/","url":"https:\/\/www.em.com.br\/emfoco\/2025\/06\/08\/jeep-renegade-2026-chega-ao-mercado-brasileiro-ainda-mais-barato-e-com-muito-mais-tecnologia\/","name":"Jeep Renegade 2026 chega ao mercado brasileiro ainda mais barato e com muito mais tecnologia! - Estado de Minas - Em foco","isPartOf":{"@id":"https:\/\/www.em.com.br\/emfoco\/#website"},"primaryImageOfPage":{"@id":"https:\/\/www.em.com.br\/emfoco\/2025\/06\/08\/jeep-renegade-2026-chega-ao-mercado-brasileiro-ainda-mais-barato-e-com-muito-mais-tecnologia\/#primaryimage"},"image":{"@id":"https:\/\/www.em.com.br\/emfoco\/2025\/06\/08\/jeep-renegade-2026-chega-ao-mercado-brasileiro-ainda-mais-barato-e-com-muito-mais-tecnologia\/#primaryimage"},"thumbnailUrl":"https:\/\/www.em.com.br\/emfoco\/wp-content\/uploads\/2025\/06\/ad-4-1.jpg","datePublished":"2025-06-08T16:20:00+00:00","dateModified":"2025-06-07T22:12:37+00:00","author":{"@id":"https:\/\/www.em.com.br\/emfoco\/#\/schema\/person\/1c9ddeab18b98abeffef834667bcf08a"},"description":"Jeep Renegade 2026 traz novos equipamentos, mais tecnologia e pre\u00e7os at\u00e9 R$15 mil menores que a linha anterior.","breadcrumb":{"@id":"https:\/\/www.em.com.br\/emfoco\/2025\/06\/08\/jeep-renegade-2026-chega-ao-mercado-brasileiro-ainda-mais-barato-e-com-muito-mais-tecnologia\/#breadcrumb"},"inLanguage":"pt-BR","potentialAction":[{"@type":"ReadAction","target":["https:\/\/www.em.com.br\/emfoco\/2025\/06\/08\/jeep-renegade-2026-chega-ao-mercado-brasileiro-ainda-mais-barato-e-com-muito-mais-tecnologia\/"]}]},{"@type":"ImageObject","inLanguage":"pt-BR","@id":"https:\/\/www.em.com.br\/emfoco\/2025\/06\/08\/jeep-renegade-2026-chega-ao-mercado-brasileiro-ainda-mais-barato-e-com-muito-mais-tecnologia\/#primaryimage","url":"https:\/\/www.em.com.br\/emfoco\/wp-content\/uploads\/2025\/06\/ad-4-1.jpg","contentUrl":"https:\/\/www.em.com.br\/emfoco\/wp-content\/uploads\/2025\/06\/ad-4-1.jpg","width":1280,"height":720,"caption":"Jeep Renegade 2026 - Cr\u00e9ditos: Jeep\/Divulga\u00e7\u00e3o"},{"@type":"BreadcrumbList","@id":"https:\/\/www.em.com.br\/emfoco\/2025\/06\/08\/jeep-renegade-2026-chega-ao-mercado-brasileiro-ainda-mais-barato-e-com-muito-mais-tecnologia\/#breadcrumb","itemListElement":[{"@type":"ListItem","position":1,"name":"In\u00edcio","item":"https:\/\/www.em.com.br\/emfoco\/"},{"@type":"ListItem","position":2,"name":"Jeep Renegade 2026 chega ao mercado brasileiro ainda mais barato e com muito mais tecnologia!"}]},{"@type":"WebSite","@id":"https:\/\/www.em.com.br\/emfoco\/#website","url":"https:\/\/www.em.com.br\/emfoco\/","name":"Estado de Minas - Em foco","description":"Acompanhe as \u00faltimas not\u00edcias e fique bem informado sobre tudo o que acontece em Minas Gerais, Brasil e no mundo.","potentialAction":[{"@type":"SearchAction","target":{"@type":"EntryPoint","urlTemplate":"https:\/\/www.em.com.br\/emfoco\/?s={search_term_string}"},"query-input":{"@type":"PropertyValueSpecification","valueRequired":true,"valueName":"search_term_string"}}],"inLanguage":"pt-BR"},{"@type":"Person","@id":"https:\/\/www.em.com.br\/emfoco\/#\/schema\/person\/1c9ddeab18b98abeffef834667bcf08a","name":"Gabriel Martins","image":{"@type":"ImageObject","inLanguage":"pt-BR","@id":"https:\/\/www.em.com.br\/emfoco\/#\/schema\/person\/image\/","url":"https:\/\/secure.gravatar.com\/avatar\/f0f1e2efdfd88f1ad2cb08c5c2731e50?s=96&d=mm&r=g","contentUrl":"https:\/\/secure.gravatar.com\/avatar\/f0f1e2efdfd88f1ad2cb08c5c2731e50?s=96&d=mm&r=g","caption":"Gabriel Martins"},"sameAs":["https:\/\/www.em.com.br\/emfoco\/"],"url":"https:\/\/www.em.com.br\/emfoco\/author\/gabrielmartinsmyth\/"}]}},"_links":{"self":[{"href":"https:\/\/www.em.com.br\/emfoco\/wp-json\/wp\/v2\/posts\/55939","targetHints":{"allow":["GET"]}}],"collection":[{"href":"https:\/\/www.em.com.br\/emfoco\/wp-json\/wp\/v2\/posts"}],"about":[{"href":"https:\/\/www.em.com.br\/emfoco\/wp-json\/wp\/v2\/types\/post"}],"author":[{"embeddable":true,"href":"https:\/\/www.em.com.br\/emfoco\/wp-json\/wp\/v2\/users\/13"}],"replies":[{"embeddable":true,"href":"https:\/\/www.em.com.br\/emfoco\/wp-json\/wp\/v2\/comments?post=55939"}],"version-history":[{"count":2,"href":"https:\/\/www.em.com.br\/emfoco\/wp-json\/wp\/v2\/posts\/55939\/revisions"}],"predecessor-version":[{"id":55949,"href":"https:\/\/www.em.com.br\/emfoco\/wp-json\/wp\/v2\/posts\/55939\/revisions\/55949"}],"wp:featuredmedia":[{"embeddable":true,"href":"https:\/\/www.em.com.br\/emfoco\/wp-json\/wp\/v2\/media\/55948"}],"wp:attachment":[{"href":"https:\/\/www.em.com.br\/emfoco\/wp-json\/wp\/v2\/media?parent=55939"}],"wp:term":[{"taxonomy":"category","embeddable":true,"href":"https:\/\/www.em.com.br\/emfoco\/wp-json\/wp\/v2\/categories?post=55939"},{"taxonomy":"post_tag","embeddable":true,"href":"https:\/\/www.em.com.br\/emfoco\/wp-json\/wp\/v2\/tags?post=55939"}],"curies":[{"name":"wp","href":"https:\/\/api.w.org\/{rel}","templated":true}]}}