{"id":55679,"date":"2025-06-07T10:20:00","date_gmt":"2025-06-07T13:20:00","guid":{"rendered":"https:\/\/www.em.com.br\/emfoco\/?p=55679"},"modified":"2025-06-07T07:43:45","modified_gmt":"2025-06-07T10:43:45","slug":"roma-e-a-fruta-mais-poderosa-contra-inflamacoes-e-uma-grande-aliada-na-prevencao-de-doencas-cardiacas","status":"publish","type":"post","link":"https:\/\/www.em.com.br\/emfoco\/2025\/06\/07\/roma-e-a-fruta-mais-poderosa-contra-inflamacoes-e-uma-grande-aliada-na-prevencao-de-doencas-cardiacas\/","title":{"rendered":"Rom\u00e3 \u00e9 a fruta mais poderosa contra inflama\u00e7\u00f5es e uma grande aliada na preven\u00e7\u00e3o de doen\u00e7as card\u00edacas"},"content":{"rendered":"\n<p><strong>A rom\u00e3 \u00e9 uma fruta rica em nutrientes e <a href=\"https:\/\/www.tuasaude.com\/antioxidante\/\" target=\"_blank\" rel=\"noreferrer noopener\">antioxidantes<\/a>, conhecida por seus m\u00faltiplos benef\u00edcios \u00e0 sa\u00fade.<\/strong> Ela cont\u00e9m uma alta concentra\u00e7\u00e3o de vitamina C, vitamina K, pot\u00e1ssio e fibras, o que contribui para o fortalecimento do sistema imunol\u00f3gico e a sa\u00fade cardiovascular. Al\u00e9m disso, a rom\u00e3 \u00e9 uma excelente fonte de polifen\u00f3is, compostos que ajudam a combater os radicais livres no corpo, reduzindo o risco de doen\u00e7as cr\u00f4nicas.<\/p>\n\n\n\n<p><strong>Estudos indicam que o consumo regular de rom\u00e3 pode melhorar a sa\u00fade do cora\u00e7\u00e3o, reduzindo a press\u00e3o arterial e os n\u00edveis de colesterol.<\/strong> Os antioxidantes presentes na fruta ajudam a prevenir a oxida\u00e7\u00e3o do colesterol<strong> <\/strong>LDL, um fator de risco para <strong>doen\u00e7as card\u00edacas<\/strong>. A rom\u00e3 tamb\u00e9m possui propriedades anti-inflamat\u00f3rias, que podem aliviar sintomas de artrite e outras condi\u00e7\u00f5es inflamat\u00f3rias.<\/p>\n\n\n\n<h2 class=\"wp-block-heading\">Como a rom\u00e3 pode ajudar na preven\u00e7\u00e3o de doen\u00e7as?<\/h2>\n\n\n\n<p><strong>A rom\u00e3 tem sido associada \u00e0 preven\u00e7\u00e3o de v\u00e1rias doen\u00e7as, gra\u00e7as \u00e0s suas propriedades antioxidantes e anti-inflamat\u00f3rias.<\/strong> O consumo regular de suco de rom\u00e3 pode ajudar a retardar o crescimento de c\u00e9lulas cancer\u00edgenas, especialmente no c\u00e2ncer de pr\u00f3stata e mama. Os polifen\u00f3is presentes na fruta t\u00eam a capacidade de inibir a prolifera\u00e7\u00e3o celular e induzir a apoptose, ou morte celular programada, em c\u00e9lulas cancer\u00edgenas.<\/p>\n\n\n\n<p><strong>Al\u00e9m disso, a rom\u00e3 pode desempenhar um papel na prote\u00e7\u00e3o da mem\u00f3ria e na preven\u00e7\u00e3o de doen\u00e7as neurodegenerativas, como o Alzheimer.<\/strong> Os antioxidantes ajudam a reduzir o estresse oxidativo no c\u00e9rebro, melhorando a fun\u00e7\u00e3o cognitiva e a mem\u00f3ria. Estudos tamb\u00e9m sugerem que a rom\u00e3 pode melhorar a sa\u00fade digestiva, promovendo o crescimento de bact\u00e9rias ben\u00e9ficas no intestino.<\/p>\n\n\n\n<figure class=\"wp-block-image size-large\"><img loading=\"lazy\" decoding=\"async\" width=\"1024\" height=\"576\" src=\"https:\/\/www.em.com.br\/emfoco\/wp-content\/uploads\/2025\/06\/pomegranate_1749063269620-1024x576.jpg\" alt=\"Rom\u00e3 \u00e9 a fruta mais poderosa contra inflama\u00e7\u00f5es e uma grande aliada na preven\u00e7\u00e3o de doen\u00e7as card\u00edacas\" class=\"wp-image-55729\" srcset=\"https:\/\/www.em.com.br\/emfoco\/wp-content\/uploads\/2025\/06\/pomegranate_1749063269620-1024x576.jpg 1024w, https:\/\/www.em.com.br\/emfoco\/wp-content\/uploads\/2025\/06\/pomegranate_1749063269620-300x169.jpg 300w, https:\/\/www.em.com.br\/emfoco\/wp-content\/uploads\/2025\/06\/pomegranate_1749063269620-768x432.jpg 768w, https:\/\/www.em.com.br\/emfoco\/wp-content\/uploads\/2025\/06\/pomegranate_1749063269620-750x422.jpg 750w, https:\/\/www.em.com.br\/emfoco\/wp-content\/uploads\/2025\/06\/pomegranate_1749063269620-1140x641.jpg 1140w, https:\/\/www.em.com.br\/emfoco\/wp-content\/uploads\/2025\/06\/pomegranate_1749063269620.jpg 1280w\" sizes=\"auto, (max-width: 1024px) 100vw, 1024px\" \/><figcaption class=\"wp-element-caption\">Rom\u00e3 &#8211; Cr\u00e9ditos: depositphotos.com \/ VadimVasenin<\/figcaption><\/figure>\n\n\n\n<h2 class=\"wp-block-heading\">Como preparar uma receita saud\u00e1vel com rom\u00e3?<\/h2>\n\n\n\n<p><strong>Uma maneira deliciosa e saud\u00e1vel de incorporar a rom\u00e3 na dieta \u00e9 preparando uma salada de quinoa com rom\u00e3.<\/strong> Esta receita \u00e9 rica em prote\u00ednas, fibras e antioxidantes, tornando-se uma op\u00e7\u00e3o nutritiva para qualquer refei\u00e7\u00e3o.<\/p>\n\n\n\n<ol class=\"wp-block-list\">\n<li><strong>Ingredientes:<\/strong>\n<ul class=\"wp-block-list\">\n<li>1 x\u00edcara de quinoa<\/li>\n\n\n\n<li>2 x\u00edcaras de \u00e1gua<\/li>\n\n\n\n<li>1 rom\u00e3, sementes removidas<\/li>\n\n\n\n<li>1 pepino, picado<\/li>\n\n\n\n<li>1\/4 de x\u00edcara de hortel\u00e3 fresca, picada<\/li>\n\n\n\n<li>1\/4 de x\u00edcara de salsinha fresca, picada<\/li>\n\n\n\n<li>1\/4 de x\u00edcara de nozes, picadas<\/li>\n\n\n\n<li>Suco de 1 lim\u00e3o<\/li>\n\n\n\n<li>2 colheres de sopa de azeite de oliva<\/li>\n\n\n\n<li>Sal e pimenta a gosto<\/li>\n<\/ul>\n<\/li>\n\n\n\n<li><strong>Modo de preparo:<\/strong>\n<ol class=\"wp-block-list\">\n<li>Enx\u00e1gue a quinoa em \u00e1gua corrente e coloque-a em uma panela com as 2 x\u00edcaras de \u00e1gua. Leve ao fogo m\u00e9dio at\u00e9 ferver.<\/li>\n\n\n\n<li>Reduza o fogo, tampe a panela e cozinhe por cerca de 15 minutos, ou at\u00e9 que a \u00e1gua seja absorvida e a quinoa esteja macia.<\/li>\n\n\n\n<li>Deixe a quinoa esfriar e, em seguida, transfira para uma tigela grande.<\/li>\n\n\n\n<li>Adicione as sementes de rom\u00e3, pepino, hortel\u00e3, salsinha e nozes \u00e0 quinoa.<\/li>\n\n\n\n<li>Em uma tigela pequena, misture o suco de lim\u00e3o, azeite, sal e pimenta. Despeje sobre a salada e misture bem.<\/li>\n\n\n\n<li>Sirva a salada fresca ou refrigerada.<\/li>\n<\/ol>\n<\/li>\n<\/ol>\n\n\n\n<h2 class=\"wp-block-heading\">Por que incluir a rom\u00e3 na dieta di\u00e1ria?<\/h2>\n\n\n\n<p><strong>Incluir a rom\u00e3 na <a href=\"https:\/\/www.em.com.br\/emfoco\/2025\/04\/22\/adicione-alface-na-sua-dieta-diaria-e-veja-seu-corpo-se-transformar\/\" target=\"_blank\" rel=\"noreferrer noopener\">dieta di\u00e1ria<\/a> pode trazer in\u00fameros benef\u00edcios \u00e0 sa\u00fade, devido ao seu perfil nutricional rico e variado.<\/strong> A fruta \u00e9 uma excelente adi\u00e7\u00e3o a uma alimenta\u00e7\u00e3o equilibrada, contribuindo para a ingest\u00e3o de vitaminas e minerais essenciais. Al\u00e9m disso, a rom\u00e3 \u00e9 vers\u00e1til e pode ser consumida de v\u00e1rias formas, como sucos, saladas, sobremesas e at\u00e9 mesmo em pratos principais.<\/p>\n\n\n\n<p><strong>O consumo regular de rom\u00e3 pode melhorar a sa\u00fade geral, promovendo a longevidade e a qualidade de vida.<\/strong> Ao incorporar essa fruta em refei\u00e7\u00f5es di\u00e1rias, \u00e9 poss\u00edvel aproveitar seus benef\u00edcios antioxidantes e anti-inflamat\u00f3rios, al\u00e9m de desfrutar de seu sabor \u00fanico e refrescante.<\/p>\n","protected":false},"excerpt":{"rendered":"<p>A rom\u00e3 \u00e9 uma fruta rica em nutrientes e antioxidantes, conhecida por seus m\u00faltiplos benef\u00edcios \u00e0 sa\u00fade. Ela cont\u00e9m uma alta concentra\u00e7\u00e3o de vitamina C, vitamina K, pot\u00e1ssio e fibras, o que contribui para o fortalecimento do sistema imunol\u00f3gico e a sa\u00fade cardiovascular. Al\u00e9m disso, a rom\u00e3 \u00e9 uma excelente fonte de polifen\u00f3is, compostos que [&hellip;]<\/p>\n","protected":false},"author":13,"featured_media":55727,"comment_status":"open","ping_status":"open","sticky":false,"template":"","format":"standard","meta":{"jnews-multi-image_gallery":[],"jnews_single_post":{"format":"standard"},"jnews_primary_category":[],"jnews_social_meta":[],"jnews_override_counter":[],"footnotes":""},"categories":[8691],"tags":[5107,5103,5134,415],"class_list":["post-55679","post","type-post","status-publish","format-standard","has-post-thumbnail","hentry","category-bem-estar","tag-alimentos-funcionais","tag-antioxidantes","tag-roma","tag-saude"],"yoast_head":"<!-- This site is optimized with the Yoast SEO plugin v23.8 - https:\/\/yoast.com\/wordpress\/plugins\/seo\/ -->\n<title>Rom\u00e3 \u00e9 a fruta mais poderosa contra inflama\u00e7\u00f5es e uma grande aliada na preven\u00e7\u00e3o de doen\u00e7as card\u00edacas - Estado de Minas - Em foco<\/title>\n<meta name=\"description\" content=\"Rom\u00e3 \u00e9 fonte de antioxidantes e ajuda a prevenir inflama\u00e7\u00f5es, c\u00e2ncer e problemas card\u00edacos. Conhe\u00e7a todos os benef\u00edcios.\" \/>\n<meta name=\"robots\" content=\"index, follow, max-snippet:-1, max-image-preview:large, max-video-preview:-1\" \/>\n<link rel=\"canonical\" href=\"https:\/\/www.em.com.br\/emfoco\/2025\/06\/07\/roma-e-a-fruta-mais-poderosa-contra-inflamacoes-e-uma-grande-aliada-na-prevencao-de-doencas-cardiacas\/\" \/>\n<meta property=\"og:locale\" content=\"pt_BR\" \/>\n<meta property=\"og:type\" content=\"article\" \/>\n<meta property=\"og:title\" content=\"Rom\u00e3 \u00e9 a fruta mais poderosa contra inflama\u00e7\u00f5es e uma grande aliada na preven\u00e7\u00e3o de doen\u00e7as card\u00edacas - Estado de Minas - Em foco\" \/>\n<meta property=\"og:description\" content=\"Rom\u00e3 \u00e9 fonte de antioxidantes e ajuda a prevenir inflama\u00e7\u00f5es, c\u00e2ncer e problemas card\u00edacos. Conhe\u00e7a todos os benef\u00edcios.\" \/>\n<meta property=\"og:url\" content=\"https:\/\/www.em.com.br\/emfoco\/2025\/06\/07\/roma-e-a-fruta-mais-poderosa-contra-inflamacoes-e-uma-grande-aliada-na-prevencao-de-doencas-cardiacas\/\" \/>\n<meta property=\"og:site_name\" content=\"Estado de Minas - Em foco\" \/>\n<meta property=\"article:published_time\" content=\"2025-06-07T13:20:00+00:00\" \/>\n<meta property=\"article:modified_time\" content=\"2025-06-07T10:43:45+00:00\" \/>\n<meta property=\"og:image\" content=\"https:\/\/www.em.com.br\/emfoco\/wp-content\/uploads\/2025\/06\/pomegranate_1749063101382.jpg\" \/>\n\t<meta property=\"og:image:width\" content=\"1280\" \/>\n\t<meta property=\"og:image:height\" content=\"720\" \/>\n\t<meta property=\"og:image:type\" content=\"image\/jpeg\" \/>\n<meta name=\"author\" content=\"Gabriel Martins\" \/>\n<meta name=\"twitter:card\" content=\"summary_large_image\" \/>\n<meta name=\"twitter:label1\" content=\"Escrito por\" \/>\n\t<meta name=\"twitter:data1\" content=\"Gabriel Martins\" \/>\n\t<meta name=\"twitter:label2\" content=\"Est. tempo de leitura\" \/>\n\t<meta name=\"twitter:data2\" content=\"4 minutos\" \/>\n<!-- \/ Yoast SEO plugin. -->","yoast_head_json":{"title":"Rom\u00e3 \u00e9 a fruta mais poderosa contra inflama\u00e7\u00f5es e uma grande aliada na preven\u00e7\u00e3o de doen\u00e7as card\u00edacas - Estado de Minas - Em foco","description":"Rom\u00e3 \u00e9 fonte de antioxidantes e ajuda a prevenir inflama\u00e7\u00f5es, c\u00e2ncer e problemas card\u00edacos. Conhe\u00e7a todos os benef\u00edcios.","robots":{"index":"index","follow":"follow","max-snippet":"max-snippet:-1","max-image-preview":"max-image-preview:large","max-video-preview":"max-video-preview:-1"},"canonical":"https:\/\/www.em.com.br\/emfoco\/2025\/06\/07\/roma-e-a-fruta-mais-poderosa-contra-inflamacoes-e-uma-grande-aliada-na-prevencao-de-doencas-cardiacas\/","og_locale":"pt_BR","og_type":"article","og_title":"Rom\u00e3 \u00e9 a fruta mais poderosa contra inflama\u00e7\u00f5es e uma grande aliada na preven\u00e7\u00e3o de doen\u00e7as card\u00edacas - Estado de Minas - Em foco","og_description":"Rom\u00e3 \u00e9 fonte de antioxidantes e ajuda a prevenir inflama\u00e7\u00f5es, c\u00e2ncer e problemas card\u00edacos. Conhe\u00e7a todos os benef\u00edcios.","og_url":"https:\/\/www.em.com.br\/emfoco\/2025\/06\/07\/roma-e-a-fruta-mais-poderosa-contra-inflamacoes-e-uma-grande-aliada-na-prevencao-de-doencas-cardiacas\/","og_site_name":"Estado de Minas - Em foco","article_published_time":"2025-06-07T13:20:00+00:00","article_modified_time":"2025-06-07T10:43:45+00:00","og_image":[{"width":1280,"height":720,"url":"https:\/\/www.em.com.br\/emfoco\/wp-content\/uploads\/2025\/06\/pomegranate_1749063101382.jpg","type":"image\/jpeg"}],"author":"Gabriel Martins","twitter_card":"summary_large_image","twitter_misc":{"Escrito por":"Gabriel Martins","Est. tempo de leitura":"4 minutos"},"schema":{"@context":"https:\/\/schema.org","@graph":[{"@type":"WebPage","@id":"https:\/\/www.em.com.br\/emfoco\/2025\/06\/07\/roma-e-a-fruta-mais-poderosa-contra-inflamacoes-e-uma-grande-aliada-na-prevencao-de-doencas-cardiacas\/","url":"https:\/\/www.em.com.br\/emfoco\/2025\/06\/07\/roma-e-a-fruta-mais-poderosa-contra-inflamacoes-e-uma-grande-aliada-na-prevencao-de-doencas-cardiacas\/","name":"Rom\u00e3 \u00e9 a fruta mais poderosa contra inflama\u00e7\u00f5es e uma grande aliada na preven\u00e7\u00e3o de doen\u00e7as card\u00edacas - Estado de Minas - Em foco","isPartOf":{"@id":"https:\/\/www.em.com.br\/emfoco\/#website"},"primaryImageOfPage":{"@id":"https:\/\/www.em.com.br\/emfoco\/2025\/06\/07\/roma-e-a-fruta-mais-poderosa-contra-inflamacoes-e-uma-grande-aliada-na-prevencao-de-doencas-cardiacas\/#primaryimage"},"image":{"@id":"https:\/\/www.em.com.br\/emfoco\/2025\/06\/07\/roma-e-a-fruta-mais-poderosa-contra-inflamacoes-e-uma-grande-aliada-na-prevencao-de-doencas-cardiacas\/#primaryimage"},"thumbnailUrl":"https:\/\/www.em.com.br\/emfoco\/wp-content\/uploads\/2025\/06\/pomegranate_1749063101382.jpg","datePublished":"2025-06-07T13:20:00+00:00","dateModified":"2025-06-07T10:43:45+00:00","author":{"@id":"https:\/\/www.em.com.br\/emfoco\/#\/schema\/person\/1c9ddeab18b98abeffef834667bcf08a"},"description":"Rom\u00e3 \u00e9 fonte de antioxidantes e ajuda a prevenir inflama\u00e7\u00f5es, c\u00e2ncer e problemas card\u00edacos. Conhe\u00e7a todos os benef\u00edcios.","breadcrumb":{"@id":"https:\/\/www.em.com.br\/emfoco\/2025\/06\/07\/roma-e-a-fruta-mais-poderosa-contra-inflamacoes-e-uma-grande-aliada-na-prevencao-de-doencas-cardiacas\/#breadcrumb"},"inLanguage":"pt-BR","potentialAction":[{"@type":"ReadAction","target":["https:\/\/www.em.com.br\/emfoco\/2025\/06\/07\/roma-e-a-fruta-mais-poderosa-contra-inflamacoes-e-uma-grande-aliada-na-prevencao-de-doencas-cardiacas\/"]}]},{"@type":"ImageObject","inLanguage":"pt-BR","@id":"https:\/\/www.em.com.br\/emfoco\/2025\/06\/07\/roma-e-a-fruta-mais-poderosa-contra-inflamacoes-e-uma-grande-aliada-na-prevencao-de-doencas-cardiacas\/#primaryimage","url":"https:\/\/www.em.com.br\/emfoco\/wp-content\/uploads\/2025\/06\/pomegranate_1749063101382.jpg","contentUrl":"https:\/\/www.em.com.br\/emfoco\/wp-content\/uploads\/2025\/06\/pomegranate_1749063101382.jpg","width":1280,"height":720,"caption":"Rom\u00e3 - Cr\u00e9ditos: depositphotos.com \/ Valentyn_Volkov"},{"@type":"BreadcrumbList","@id":"https:\/\/www.em.com.br\/emfoco\/2025\/06\/07\/roma-e-a-fruta-mais-poderosa-contra-inflamacoes-e-uma-grande-aliada-na-prevencao-de-doencas-cardiacas\/#breadcrumb","itemListElement":[{"@type":"ListItem","position":1,"name":"In\u00edcio","item":"https:\/\/www.em.com.br\/emfoco\/"},{"@type":"ListItem","position":2,"name":"Rom\u00e3 \u00e9 a fruta mais poderosa contra inflama\u00e7\u00f5es e uma grande aliada na preven\u00e7\u00e3o de doen\u00e7as card\u00edacas"}]},{"@type":"WebSite","@id":"https:\/\/www.em.com.br\/emfoco\/#website","url":"https:\/\/www.em.com.br\/emfoco\/","name":"Estado de Minas - Em foco","description":"Acompanhe as \u00faltimas not\u00edcias e fique bem informado sobre tudo o que acontece em Minas Gerais, Brasil e no mundo.","potentialAction":[{"@type":"SearchAction","target":{"@type":"EntryPoint","urlTemplate":"https:\/\/www.em.com.br\/emfoco\/?s={search_term_string}"},"query-input":{"@type":"PropertyValueSpecification","valueRequired":true,"valueName":"search_term_string"}}],"inLanguage":"pt-BR"},{"@type":"Person","@id":"https:\/\/www.em.com.br\/emfoco\/#\/schema\/person\/1c9ddeab18b98abeffef834667bcf08a","name":"Gabriel Martins","image":{"@type":"ImageObject","inLanguage":"pt-BR","@id":"https:\/\/www.em.com.br\/emfoco\/#\/schema\/person\/image\/","url":"https:\/\/secure.gravatar.com\/avatar\/f0f1e2efdfd88f1ad2cb08c5c2731e50?s=96&d=mm&r=g","contentUrl":"https:\/\/secure.gravatar.com\/avatar\/f0f1e2efdfd88f1ad2cb08c5c2731e50?s=96&d=mm&r=g","caption":"Gabriel Martins"},"sameAs":["https:\/\/www.em.com.br\/emfoco\/"],"url":"https:\/\/www.em.com.br\/emfoco\/author\/gabrielmartinsmyth\/"}]}},"_links":{"self":[{"href":"https:\/\/www.em.com.br\/emfoco\/wp-json\/wp\/v2\/posts\/55679","targetHints":{"allow":["GET"]}}],"collection":[{"href":"https:\/\/www.em.com.br\/emfoco\/wp-json\/wp\/v2\/posts"}],"about":[{"href":"https:\/\/www.em.com.br\/emfoco\/wp-json\/wp\/v2\/types\/post"}],"author":[{"embeddable":true,"href":"https:\/\/www.em.com.br\/emfoco\/wp-json\/wp\/v2\/users\/13"}],"replies":[{"embeddable":true,"href":"https:\/\/www.em.com.br\/emfoco\/wp-json\/wp\/v2\/comments?post=55679"}],"version-history":[{"count":3,"href":"https:\/\/www.em.com.br\/emfoco\/wp-json\/wp\/v2\/posts\/55679\/revisions"}],"predecessor-version":[{"id":57142,"href":"https:\/\/www.em.com.br\/emfoco\/wp-json\/wp\/v2\/posts\/55679\/revisions\/57142"}],"wp:featuredmedia":[{"embeddable":true,"href":"https:\/\/www.em.com.br\/emfoco\/wp-json\/wp\/v2\/media\/55727"}],"wp:attachment":[{"href":"https:\/\/www.em.com.br\/emfoco\/wp-json\/wp\/v2\/media?parent=55679"}],"wp:term":[{"taxonomy":"category","embeddable":true,"href":"https:\/\/www.em.com.br\/emfoco\/wp-json\/wp\/v2\/categories?post=55679"},{"taxonomy":"post_tag","embeddable":true,"href":"https:\/\/www.em.com.br\/emfoco\/wp-json\/wp\/v2\/tags?post=55679"}],"curies":[{"name":"wp","href":"https:\/\/api.w.org\/{rel}","templated":true}]}}